{"id":5197,"date":"2022-08-26T08:13:50","date_gmt":"2022-08-26T08:13:50","guid":{"rendered":"https:\/\/perpignan.alfmed.com\/?p=5197"},"modified":"2024-10-28T09:51:14","modified_gmt":"2024-10-28T08:51:14","slug":"alfmed-se-dote-dune-charte-de-deontologie-2","status":"publish","type":"post","link":"https:\/\/perpignan.alfmed.com\/it\/demarche-qualite\/alfmed-se-dote-dune-charte-de-deontologie-2\/","title":{"rendered":"ALFMED se dote d&#8217;une charte de d\u00e9ontologie"},"content":{"rendered":"<p style=\"text-align: center;\"><span style=\"font-size: 24pt; font-family: helvetica, arial, sans-serif;\"><strong>Le secteur de la formation se dote d&#8217;une charte de d\u00e9ontologie<\/strong><\/span><\/p>\n<p>&nbsp;<\/p>\n<div class=\"page\" title=\"Page 1\">\n<div class=\"page\" title=\"Page 1\">\n<div class=\"page\" title=\"Page 1\">\n<div title=\"Page 1\">\n<div class=\"page\" title=\"Page 1\">\n<div class=\"layoutArea\">\n<div class=\"column\">\n<p><span style=\"font-size: 14pt; font-family: helvetica, arial, sans-serif;\">En tant que membre du <a href=\"https:\/\/lesacteursdelacompetence.fr\/cpf-le-secteur-de-la-formation-se-dote-dune-charte-de-deontologie\/\">syndicat Professionnel Acteurs de la Comp\u00e9tence<\/a>, ALFMED s&#8217;engage \u00e0 respecter une charte de d\u00e9ontologie. Cette charte s\u2019applique essentiellement <em><strong>aux formations e\u0301ligibles au Compte Personnel de Formation (CPF)<\/strong><\/em>. Elle e\u0301claire les consommateurs qui souhaitent mobiliser leur CPF. Elle promeut le de\u0301veloppement d\u2019une<strong> offre de qualite\u0301<\/strong> sur MonCompteFormation.gouv.fr, et garantit une <strong>relation de confiance<\/strong> base\u0301e sur le consentement libre et e\u0301claire\u0301 du consommateur. <\/span><span style=\"font-family: helvetica, arial, sans-serif; font-size: 14pt;\">Elle s\u2019appuie sur les re\u0300gles de droit s\u2019appliquant a\u0300 la profession et les conditions ge\u0301ne\u0301rales d\u2019utilisation (CGU) de MonCompteFormation.<\/span><\/p>\n<div class=\"page\" title=\"Page 1\">\n<div class=\"layoutArea\">\n<div class=\"column\">\n<p><span style=\"font-family: helvetica, arial, sans-serif; font-size: 14pt;\">L\u2019obtention de la Certification <strong>QUALIOPI<\/strong> s\u2019inscrit dans la <strong>d\u00e9marche Qualit\u00e9 d&#8217;ALFMED<\/strong> en tant que Centre qui propose des formations financ\u00e9es dans le cadre de la formation Continue et du <a href=\"https:\/\/perpignan.alfmed.com\/cpf-compte-personnel-de-formation\/\" target=\"_blank\" rel=\"noopener\">CPF<\/a> pour : les demandeurs d\u2019emploi \u2013 les salari\u00e9s \u2013 les dirigeants \u2013 les auto-entrepreneurs \u2013 les ind\u00e9pendants &amp; professions lib\u00e9rales.<\/span><\/p>\n<blockquote><p><span style=\"font-family: helvetica, arial, sans-serif; font-size: 14pt;\">Notre objectif demeure le m\u00eame depuis la cr\u00e9ation du centre\u00a0: assurer un cadre Qualit\u00e9 de plus en plus rigoureux et exigeant, tout en garantissant aux personnes form\u00e9es un parcours de formation adapt\u00e9 \u00e0 leurs besoins et \u00e0 leur projet professionnel.<\/span><\/p>\n<p><span style=\"font-family: helvetica, arial, sans-serif; font-size: 14pt;\">Nombre de centres ont par effet d&#8217;aubaine d\u00e9velopp\u00e9 une offre de formation sans aucune rigueur et en trompant les apprenants : cela porte atteinte \u00e0 notre profession et \u00e0 nos emplois locaux!\u00a0<\/span><\/p><\/blockquote>\n<p><a href=\"https:\/\/lesacteursdelacompetence.fr\/cpf-le-secteur-de-la-formation-se-dote-dune-charte-de-deontologie\/\"><span style=\"font-size: 14pt; font-family: helvetica, arial, sans-serif;\"><em>ALFMED appliquant la pre\u0301sente charte s\u2019engage a\u0300 <strong>respecter les 10 engagements de\u0301finis<\/strong><\/em><\/span><\/a><\/p>\n<div class=\"page\" title=\"Page 2\">\n<div class=\"layoutArea\">\n<div class=\"column\">\n<div class=\"page\" title=\"Page 2\">\n<div class=\"layoutArea\">\n<div class=\"column\">\n<ul>\n<li><span style=\"font-family: helvetica, arial, sans-serif;\"><strong><span style=\"font-size: 24pt;\">1 <\/span>: <span style=\"font-size: 14pt;\">Je suis titulaire de la certification Qualiopi<\/span><\/strong><span style=\"font-size: 14pt;\"> comme condition pre\u0301alable au 01\/01\/2022 a\u0300 la promotion et la vente de prestations e\u0301ligibles au CPF : ALFMED d\u00e9tient cette certification depuis 2020, renouvel\u00e9e en 2024 jusqu&#8217;en 2027.<\/span><\/span><\/li>\n<\/ul>\n<\/div>\n<\/div>\n<div class=\"layoutArea\">\n<div class=\"column\">\n<ul>\n<li><span style=\"font-family: helvetica, arial, sans-serif;\"><span style=\"font-size: 24pt;\"><strong>2<\/strong><\/span> : <span style=\"font-size: 14pt;\">Dans le cadre de toutes nos formations, je garantis que :<\/span><\/span><\/li>\n<\/ul>\n<p><span style=\"font-size: 14pt; font-family: helvetica, arial, sans-serif;\"><span style=\"font-family: helvetica, arial, sans-serif;\"><span style=\"font-size: 14pt;\">\u25b6 <\/span><\/span><b style=\"font-family: helvetica, arial, sans-serif; font-size: 14pt;\">ALFMED est centre d&#8217;examen de <\/b><span style=\"font-family: helvetica, arial, sans-serif;\"><span style=\"font-size: 18.6667px;\"><b>Certifications<\/b><\/span><\/span><b style=\"font-family: helvetica, arial, sans-serif; font-size: 14pt;\"> linguistiques pour toutes les 8 langues enseign\u00e9es : TCF BRIGHT TOEIC CAMBRIDGE\u00a0<\/b><\/span><\/p>\n<p><span style=\"font-size: 14pt; font-family: helvetica, arial, sans-serif;\">\u25b6 Je mets tout en oeuvre pour que l\u2019apprenant puisse au terme de sa formation, passer son certificat de langues dans de bonnes conditions en \u00e9tant bien pr\u00e9par\u00e9 : examens blancs, exercices de pr\u00e9paration sur la plateforme e-learning, brieffing par nos formateurs.\u00a0<\/span><\/p>\n<ul>\n<li><span style=\"font-family: helvetica, arial, sans-serif;\"><strong><span style=\"font-size: 24pt;\">3<\/span><\/strong> : <span style=\"font-size: 14pt;\"><strong>Je pre\u0301sente mon offre avec loyaute\u0301, quel que soit le support de communication<\/strong> (site web, mailing, de\u0301marchage te\u0301le\u0301phonique, affichage, etc.), en m\u2019interdisant d\u2019attirer ou d\u2019induire en erreur le consommateur par :<\/span><\/span><\/li>\n<\/ul>\n<p><span style=\"font-size: 14pt; font-family: helvetica, arial, sans-serif;\">\u25b6 La mise en e\u0301vidence d\u2019une pre\u0301tendue gratuite\u0301 de tout ou partie de la prestation<\/span><\/p>\n<p><span style=\"font-size: 14pt; font-family: helvetica, arial, sans-serif;\">\u25b6 La mise en e\u0301vidence de cadeaux a\u0300 la cliente\u0300le (ex : ordinateur, tablette, etc.)<\/span><\/p>\n<p><span style=\"font-size: 14pt; font-family: helvetica, arial, sans-serif;\">\u25b6 Le non-respect des re\u0300gles d\u2019utilisation de la marque, de la charte ou du logo MonCompteFormation, en particulier par une exploitation sans rapport avec une offre clairement identifie\u0301e et effectivement e\u0301ligible au CPF<\/span><\/p>\n<p><span style=\"font-size: 14pt; font-family: helvetica, arial, sans-serif;\">\u25b6 L\u2019usurpation de toute repre\u0301sentation des pouvoirs publics (Marianne, logo ministe\u0301riel, etc.) ou tout autre signe ou symbole institutionnel dans le seul but de faire nai\u0302tre une ambigui\u0308te\u0301 sur mon identite\u0301 re\u0301elle<\/span><\/p>\n<ul>\n<li><span style=\"font-family: helvetica, arial, sans-serif;\"><span style=\"font-size: 24pt;\"><strong>4<\/strong><\/span> :<span style=\"font-size: 14pt;\"> <strong>Je maitrise le recours a\u0300 la sous-traitance dont je suis le garant<\/strong> quel qu\u2019en soit son objet et en particulier :<\/span><\/span><\/li>\n<\/ul>\n<p><span style=\"font-size: 14pt; font-family: helvetica, arial, sans-serif;\">\u25b6 Je m\u2019interdis, et interdis a\u0300 tous mes partenaires, toute pratique agressive ou trompeuse de de\u0301marchage commercial<\/span><\/p>\n<p><span style=\"font-size: 14pt; font-family: helvetica, arial, sans-serif;\">\u25b6 J\u2019interdis a\u0300 mon sous-traitant d\u2019avoir lui-me\u0302me recours a\u0300 la sous-traitance<\/span><\/p>\n<ul>\n<li><span style=\"font-family: helvetica, arial, sans-serif;\"><span style=\"font-size: 24pt;\"><strong>5<\/strong><\/span> : <span style=\"font-size: 14pt;\"><strong>Je fournis au consommateur toutes les garanties contre l\u2019usurpation de son nume\u0301ro de Se\u0301curite\u0301 sociale ou de son Compte personnel de formation<\/strong> et je m\u2019interdis, en particulier, d\u2019usurper les identifiants d\u2019un tiers pour utiliser son compte<\/span><\/span><\/li>\n<\/ul>\n<\/div>\n<div class=\"column\">\n<ul>\n<li><span style=\"font-family: helvetica, arial, sans-serif;\"><strong><span style=\"font-size: 24pt;\">6<\/span><\/strong> :\u00a0 <span style=\"font-size: 14pt;\"><strong>J\u2019informe au pre\u0301alable des frais pris en charge par le Compte personnel de formatio<\/strong>n et des e\u0301ventuels frais additionnels (ALFMED n&#8217;a pas de frais additionnels)<\/span><\/span><\/li>\n<\/ul>\n<div class=\"page\" title=\"Page 2\">\n<div class=\"layoutArea\">\n<div class=\"column\">\n<ul>\n<li><span style=\"font-family: helvetica, arial, sans-serif;\"><strong><span style=\"font-size: 24pt;\">7<\/span><\/strong>: <span style=\"font-size: 14pt;\"><strong>Je facilite la recherche sur MonCompteFormation en ne dupliquant pas les actions similaires de mon catalogue<\/strong> dans le seul but d\u2019optimiser mon positionnement dans le moteur de recherche dont la Caisse des de\u0301po\u0302ts et consignations assure la neutralite\u0301<\/span><\/span><\/li>\n<li><span style=\"font-family: helvetica, arial, sans-serif;\"><strong><span style=\"font-size: 24pt;\">8<\/span><\/strong> :<span style=\"font-size: 14pt;\"><strong>Je pre\u0301vois des modalite\u0301s d\u2019e\u0301valuation en amont de la formation<\/strong> pour adapter le cas e\u0301che\u0301ant la prestation aux besoins de la personne : tous nos programmes sont essentiellement en cours particuliers et int\u00e8grent d\u00e8s la mise en oeuvre un Test de niveau.<\/span><\/span><\/li>\n<li><span style=\"font-family: helvetica, arial, sans-serif;\"><span style=\"font-size: 24pt;\"><strong>9<\/strong><\/span> : <span style=\"font-size: 14pt;\">Dans le cadre d\u2019une action de formation en tout ou partie a\u0300 distance, je garantis :<\/span><\/span><\/li>\n<\/ul>\n<p><span style=\"font-size: 14pt; font-family: helvetica, arial, sans-serif;\">\u25b6 Une assistance technique et pe\u0301dagogique approprie\u0301e pour accompagner le be\u0301ne\u0301ficiaire dans le de\u0301roulement de son parcours<\/span><\/p>\n<p><span style=\"font-size: 14pt; font-family: helvetica, arial, sans-serif;\">\u25b6 Une information du be\u0301ne\u0301ficiaire sur les activite\u0301s pe\u0301dagogiques a\u0300 effectuer a\u0300 distance et leur dure\u0301e moyenne<\/span><\/p>\n<p><span style=\"font-size: 14pt; font-family: helvetica, arial, sans-serif;\">\u25b6 Des e\u0301valuations qui jalonnent ou concluent l&#8217;action de formation<\/span><\/p>\n<ul>\n<li><span style=\"font-family: helvetica, arial, sans-serif;\"><strong><span style=\"font-size: 24pt;\">10<\/span><\/strong> : <span style=\"font-size: 14pt;\"><strong>Je propose a\u0300 tout client consommateur le recours amiable et gratuit au service de la me\u0301diation<\/strong> de la consommation, en cas de litige<\/span><\/span><\/li>\n<\/ul>\n<p>&nbsp;<\/p>\n<p style=\"text-align: center;\"><span style=\"font-family: helvetica, arial, sans-serif;\"><a href=\"https:\/\/perpignan.alfmed.com\/nos-engagements-qualite\/\"><span style=\"font-size: 18pt;\">Notre d\u00e9marche qualit\u00e9 depuis 2005<\/span><\/a><\/span><\/p>\n<\/div>\n<p><a href=\"https:\/\/perpignan.alfmed.com\/wp-content\/uploads\/2022\/01\/ACT_logotype_cartouche_rvb.jpg-1024x447-1.png\"><img loading=\"lazy\" decoding=\"async\" class=\"aligncenter wp-image-20203 size-medium\" src=\"https:\/\/perpignan.alfmed.com\/wp-content\/uploads\/2022\/01\/ACT_logotype_cartouche_rvb.jpg-1024x447-1-300x131.png\" alt=\"\" width=\"300\" height=\"131\" \/> <\/a><\/p>\n<\/div>\n<\/div>\n<\/div>\n<\/div>\n<\/div>\n<\/div>\n<\/div>\n<\/div>\n<\/div>\n<\/div>\n<\/div>\n<\/div>\n<\/div>\n<\/div>\n<\/div>\n<\/div>\n<\/div>\n<\/div>\n","protected":false},"excerpt":{"rendered":"<p>Le secteur de la formation se dote d&#8217;une charte de d\u00e9ontologie &nbsp; En tant que membre du syndicat Professionnel Acteurs de la Comp\u00e9tence, ALFMED s&#8217;engage \u00e0 respecter une charte de d\u00e9ontologie. Cette charte s\u2019applique essentiellement aux formations e\u0301ligibles au Compte Personnel de Formation (CPF). Elle e\u0301claire les consommateurs qui souhaitent mobiliser leur CPF. Elle promeut [&hellip;]<\/p>\n","protected":false},"author":3,"featured_media":3307,"comment_status":"closed","ping_status":"closed","sticky":false,"template":"","format":"standard","meta":{"_acf_changed":false,"_et_pb_use_builder":"","_et_pb_old_content":"","_et_gb_content_width":"","footnotes":""},"categories":[37],"tags":[58,59,60,57],"class_list":["post-5197","post","type-post","status-publish","format-standard","has-post-thumbnail","hentry","category-demarche-qualite","tag-charte","tag-deontologie","tag-langues","tag-qualite"],"acf":[],"yoast_head":"<!-- This site is optimized with the Yoast SEO plugin v27.5 - https:\/\/yoast.com\/product\/yoast-seo-wordpress\/ -->\n<title>ALFMED se dote d&#039;une charte de d\u00e9ontologie - Alfmed<\/title>\n<meta name=\"robots\" content=\"index, follow, max-snippet:-1, max-image-preview:large, max-video-preview:-1\" \/>\n<link rel=\"canonical\" href=\"https:\/\/perpignan.alfmed.com\/it\/demarche-qualite\/alfmed-se-dote-dune-charte-de-deontologie-2\/\" \/>\n<meta property=\"og:locale\" content=\"it_IT\" \/>\n<meta property=\"og:type\" content=\"article\" \/>\n<meta property=\"og:title\" content=\"ALFMED se dote d&#039;une charte de d\u00e9ontologie - Alfmed\" \/>\n<meta property=\"og:description\" content=\"Le secteur de la formation se dote d&#8217;une charte de d\u00e9ontologie &nbsp; En tant que membre du syndicat Professionnel Acteurs de la Comp\u00e9tence, ALFMED s&#8217;engage \u00e0 respecter une charte de d\u00e9ontologie. Cette charte s\u2019applique essentiellement aux formations e\u0301ligibles au Compte Personnel de Formation (CPF). Elle e\u0301claire les consommateurs qui souhaitent mobiliser leur CPF. Elle promeut [&hellip;]\" \/>\n<meta property=\"og:url\" content=\"https:\/\/perpignan.alfmed.com\/it\/demarche-qualite\/alfmed-se-dote-dune-charte-de-deontologie-2\/\" \/>\n<meta property=\"og:site_name\" content=\"Alfmed\" \/>\n<meta property=\"article:published_time\" content=\"2022-08-26T08:13:50+00:00\" \/>\n<meta property=\"article:modified_time\" content=\"2024-10-28T08:51:14+00:00\" \/>\n<meta property=\"og:image\" content=\"https:\/\/perpignan.alfmed.com\/wp-content\/uploads\/2022\/02\/logo_chartedeontologieCPF-768x649-1.jpeg\" \/>\n\t<meta property=\"og:image:width\" content=\"768\" \/>\n\t<meta property=\"og:image:height\" content=\"649\" \/>\n\t<meta property=\"og:image:type\" content=\"image\/jpeg\" \/>\n<meta name=\"author\" content=\"Alfmed\" \/>\n<meta name=\"twitter:card\" content=\"summary_large_image\" \/>\n<script type=\"application\/ld+json\" class=\"yoast-schema-graph\">{\"@context\":\"https:\\\/\\\/schema.org\",\"@graph\":[{\"@type\":\"Article\",\"@id\":\"https:\\\/\\\/perpignan.alfmed.com\\\/it\\\/demarche-qualite\\\/alfmed-se-dote-dune-charte-de-deontologie-2\\\/#article\",\"isPartOf\":{\"@id\":\"https:\\\/\\\/perpignan.alfmed.com\\\/it\\\/demarche-qualite\\\/alfmed-se-dote-dune-charte-de-deontologie-2\\\/\"},\"author\":{\"name\":\"Alfmed\",\"@id\":\"https:\\\/\\\/perpignan.alfmed.com\\\/it\\\/#\\\/schema\\\/person\\\/6718591f6785449d8fc528d9ad3cf52d\"},\"headline\":\"ALFMED se dote d&#8217;une charte de d\u00e9ontologie\",\"datePublished\":\"2022-08-26T08:13:50+00:00\",\"dateModified\":\"2024-10-28T08:51:14+00:00\",\"mainEntityOfPage\":{\"@id\":\"https:\\\/\\\/perpignan.alfmed.com\\\/it\\\/demarche-qualite\\\/alfmed-se-dote-dune-charte-de-deontologie-2\\\/\"},\"wordCount\":825,\"image\":{\"@id\":\"https:\\\/\\\/perpignan.alfmed.com\\\/it\\\/demarche-qualite\\\/alfmed-se-dote-dune-charte-de-deontologie-2\\\/#primaryimage\"},\"thumbnailUrl\":\"https:\\\/\\\/perpignan.alfmed.com\\\/wp-content\\\/uploads\\\/2022\\\/02\\\/logo_chartedeontologieCPF-768x649-1.jpeg\",\"keywords\":[\"charte\",\"d\u00e9ontologie\",\"langues\",\"qualit\u00e9\"],\"articleSection\":[\"D\u00e9marche Qualit\u00e9\"],\"inLanguage\":\"it-IT\"},{\"@type\":\"WebPage\",\"@id\":\"https:\\\/\\\/perpignan.alfmed.com\\\/it\\\/demarche-qualite\\\/alfmed-se-dote-dune-charte-de-deontologie-2\\\/\",\"url\":\"https:\\\/\\\/perpignan.alfmed.com\\\/it\\\/demarche-qualite\\\/alfmed-se-dote-dune-charte-de-deontologie-2\\\/\",\"name\":\"ALFMED se dote d'une charte de d\u00e9ontologie - Alfmed\",\"isPartOf\":{\"@id\":\"https:\\\/\\\/perpignan.alfmed.com\\\/it\\\/#website\"},\"primaryImageOfPage\":{\"@id\":\"https:\\\/\\\/perpignan.alfmed.com\\\/it\\\/demarche-qualite\\\/alfmed-se-dote-dune-charte-de-deontologie-2\\\/#primaryimage\"},\"image\":{\"@id\":\"https:\\\/\\\/perpignan.alfmed.com\\\/it\\\/demarche-qualite\\\/alfmed-se-dote-dune-charte-de-deontologie-2\\\/#primaryimage\"},\"thumbnailUrl\":\"https:\\\/\\\/perpignan.alfmed.com\\\/wp-content\\\/uploads\\\/2022\\\/02\\\/logo_chartedeontologieCPF-768x649-1.jpeg\",\"datePublished\":\"2022-08-26T08:13:50+00:00\",\"dateModified\":\"2024-10-28T08:51:14+00:00\",\"author\":{\"@id\":\"https:\\\/\\\/perpignan.alfmed.com\\\/it\\\/#\\\/schema\\\/person\\\/6718591f6785449d8fc528d9ad3cf52d\"},\"breadcrumb\":{\"@id\":\"https:\\\/\\\/perpignan.alfmed.com\\\/it\\\/demarche-qualite\\\/alfmed-se-dote-dune-charte-de-deontologie-2\\\/#breadcrumb\"},\"inLanguage\":\"it-IT\",\"potentialAction\":[{\"@type\":\"ReadAction\",\"target\":[\"https:\\\/\\\/perpignan.alfmed.com\\\/it\\\/demarche-qualite\\\/alfmed-se-dote-dune-charte-de-deontologie-2\\\/\"]}]},{\"@type\":\"ImageObject\",\"inLanguage\":\"it-IT\",\"@id\":\"https:\\\/\\\/perpignan.alfmed.com\\\/it\\\/demarche-qualite\\\/alfmed-se-dote-dune-charte-de-deontologie-2\\\/#primaryimage\",\"url\":\"https:\\\/\\\/perpignan.alfmed.com\\\/wp-content\\\/uploads\\\/2022\\\/02\\\/logo_chartedeontologieCPF-768x649-1.jpeg\",\"contentUrl\":\"https:\\\/\\\/perpignan.alfmed.com\\\/wp-content\\\/uploads\\\/2022\\\/02\\\/logo_chartedeontologieCPF-768x649-1.jpeg\",\"width\":768,\"height\":649},{\"@type\":\"BreadcrumbList\",\"@id\":\"https:\\\/\\\/perpignan.alfmed.com\\\/it\\\/demarche-qualite\\\/alfmed-se-dote-dune-charte-de-deontologie-2\\\/#breadcrumb\",\"itemListElement\":[{\"@type\":\"ListItem\",\"position\":1,\"name\":\"Home\",\"item\":\"https:\\\/\\\/perpignan.alfmed.com\\\/it\\\/\"},{\"@type\":\"ListItem\",\"position\":2,\"name\":\"ALFMED se dote d&#8217;une charte de d\u00e9ontologie\"}]},{\"@type\":\"WebSite\",\"@id\":\"https:\\\/\\\/perpignan.alfmed.com\\\/it\\\/#website\",\"url\":\"https:\\\/\\\/perpignan.alfmed.com\\\/it\\\/\",\"name\":\"Alfmed\",\"description\":\"EXPERTS EN LANGUES &amp; PROJETS EUROP\u00c9ENS\",\"potentialAction\":[{\"@type\":\"SearchAction\",\"target\":{\"@type\":\"EntryPoint\",\"urlTemplate\":\"https:\\\/\\\/perpignan.alfmed.com\\\/it\\\/?s={search_term_string}\"},\"query-input\":{\"@type\":\"PropertyValueSpecification\",\"valueRequired\":true,\"valueName\":\"search_term_string\"}}],\"inLanguage\":\"it-IT\"},{\"@type\":\"Person\",\"@id\":\"https:\\\/\\\/perpignan.alfmed.com\\\/it\\\/#\\\/schema\\\/person\\\/6718591f6785449d8fc528d9ad3cf52d\",\"name\":\"Alfmed\",\"url\":\"https:\\\/\\\/perpignan.alfmed.com\\\/it\\\/author\\\/admalfmed\\\/\"}]}<\/script>\n<!-- \/ Yoast SEO plugin. -->","yoast_head_json":{"title":"ALFMED se dote d'une charte de d\u00e9ontologie - Alfmed","robots":{"index":"index","follow":"follow","max-snippet":"max-snippet:-1","max-image-preview":"max-image-preview:large","max-video-preview":"max-video-preview:-1"},"canonical":"https:\/\/perpignan.alfmed.com\/it\/demarche-qualite\/alfmed-se-dote-dune-charte-de-deontologie-2\/","og_locale":"it_IT","og_type":"article","og_title":"ALFMED se dote d'une charte de d\u00e9ontologie - Alfmed","og_description":"Le secteur de la formation se dote d&#8217;une charte de d\u00e9ontologie &nbsp; En tant que membre du syndicat Professionnel Acteurs de la Comp\u00e9tence, ALFMED s&#8217;engage \u00e0 respecter une charte de d\u00e9ontologie. Cette charte s\u2019applique essentiellement aux formations e\u0301ligibles au Compte Personnel de Formation (CPF). Elle e\u0301claire les consommateurs qui souhaitent mobiliser leur CPF. Elle promeut [&hellip;]","og_url":"https:\/\/perpignan.alfmed.com\/it\/demarche-qualite\/alfmed-se-dote-dune-charte-de-deontologie-2\/","og_site_name":"Alfmed","article_published_time":"2022-08-26T08:13:50+00:00","article_modified_time":"2024-10-28T08:51:14+00:00","og_image":[{"width":768,"height":649,"url":"https:\/\/perpignan.alfmed.com\/wp-content\/uploads\/2022\/02\/logo_chartedeontologieCPF-768x649-1.jpeg","type":"image\/jpeg"}],"author":"Alfmed","twitter_card":"summary_large_image","schema":{"@context":"https:\/\/schema.org","@graph":[{"@type":"Article","@id":"https:\/\/perpignan.alfmed.com\/it\/demarche-qualite\/alfmed-se-dote-dune-charte-de-deontologie-2\/#article","isPartOf":{"@id":"https:\/\/perpignan.alfmed.com\/it\/demarche-qualite\/alfmed-se-dote-dune-charte-de-deontologie-2\/"},"author":{"name":"Alfmed","@id":"https:\/\/perpignan.alfmed.com\/it\/#\/schema\/person\/6718591f6785449d8fc528d9ad3cf52d"},"headline":"ALFMED se dote d&#8217;une charte de d\u00e9ontologie","datePublished":"2022-08-26T08:13:50+00:00","dateModified":"2024-10-28T08:51:14+00:00","mainEntityOfPage":{"@id":"https:\/\/perpignan.alfmed.com\/it\/demarche-qualite\/alfmed-se-dote-dune-charte-de-deontologie-2\/"},"wordCount":825,"image":{"@id":"https:\/\/perpignan.alfmed.com\/it\/demarche-qualite\/alfmed-se-dote-dune-charte-de-deontologie-2\/#primaryimage"},"thumbnailUrl":"https:\/\/perpignan.alfmed.com\/wp-content\/uploads\/2022\/02\/logo_chartedeontologieCPF-768x649-1.jpeg","keywords":["charte","d\u00e9ontologie","langues","qualit\u00e9"],"articleSection":["D\u00e9marche Qualit\u00e9"],"inLanguage":"it-IT"},{"@type":"WebPage","@id":"https:\/\/perpignan.alfmed.com\/it\/demarche-qualite\/alfmed-se-dote-dune-charte-de-deontologie-2\/","url":"https:\/\/perpignan.alfmed.com\/it\/demarche-qualite\/alfmed-se-dote-dune-charte-de-deontologie-2\/","name":"ALFMED se dote d'une charte de d\u00e9ontologie - Alfmed","isPartOf":{"@id":"https:\/\/perpignan.alfmed.com\/it\/#website"},"primaryImageOfPage":{"@id":"https:\/\/perpignan.alfmed.com\/it\/demarche-qualite\/alfmed-se-dote-dune-charte-de-deontologie-2\/#primaryimage"},"image":{"@id":"https:\/\/perpignan.alfmed.com\/it\/demarche-qualite\/alfmed-se-dote-dune-charte-de-deontologie-2\/#primaryimage"},"thumbnailUrl":"https:\/\/perpignan.alfmed.com\/wp-content\/uploads\/2022\/02\/logo_chartedeontologieCPF-768x649-1.jpeg","datePublished":"2022-08-26T08:13:50+00:00","dateModified":"2024-10-28T08:51:14+00:00","author":{"@id":"https:\/\/perpignan.alfmed.com\/it\/#\/schema\/person\/6718591f6785449d8fc528d9ad3cf52d"},"breadcrumb":{"@id":"https:\/\/perpignan.alfmed.com\/it\/demarche-qualite\/alfmed-se-dote-dune-charte-de-deontologie-2\/#breadcrumb"},"inLanguage":"it-IT","potentialAction":[{"@type":"ReadAction","target":["https:\/\/perpignan.alfmed.com\/it\/demarche-qualite\/alfmed-se-dote-dune-charte-de-deontologie-2\/"]}]},{"@type":"ImageObject","inLanguage":"it-IT","@id":"https:\/\/perpignan.alfmed.com\/it\/demarche-qualite\/alfmed-se-dote-dune-charte-de-deontologie-2\/#primaryimage","url":"https:\/\/perpignan.alfmed.com\/wp-content\/uploads\/2022\/02\/logo_chartedeontologieCPF-768x649-1.jpeg","contentUrl":"https:\/\/perpignan.alfmed.com\/wp-content\/uploads\/2022\/02\/logo_chartedeontologieCPF-768x649-1.jpeg","width":768,"height":649},{"@type":"BreadcrumbList","@id":"https:\/\/perpignan.alfmed.com\/it\/demarche-qualite\/alfmed-se-dote-dune-charte-de-deontologie-2\/#breadcrumb","itemListElement":[{"@type":"ListItem","position":1,"name":"Home","item":"https:\/\/perpignan.alfmed.com\/it\/"},{"@type":"ListItem","position":2,"name":"ALFMED se dote d&#8217;une charte de d\u00e9ontologie"}]},{"@type":"WebSite","@id":"https:\/\/perpignan.alfmed.com\/it\/#website","url":"https:\/\/perpignan.alfmed.com\/it\/","name":"Alfmed","description":"EXPERTS EN LANGUES &amp; PROJETS EUROP\u00c9ENS","potentialAction":[{"@type":"SearchAction","target":{"@type":"EntryPoint","urlTemplate":"https:\/\/perpignan.alfmed.com\/it\/?s={search_term_string}"},"query-input":{"@type":"PropertyValueSpecification","valueRequired":true,"valueName":"search_term_string"}}],"inLanguage":"it-IT"},{"@type":"Person","@id":"https:\/\/perpignan.alfmed.com\/it\/#\/schema\/person\/6718591f6785449d8fc528d9ad3cf52d","name":"Alfmed","url":"https:\/\/perpignan.alfmed.com\/it\/author\/admalfmed\/"}]}},"_links":{"self":[{"href":"https:\/\/perpignan.alfmed.com\/it\/wp-json\/wp\/v2\/posts\/5197","targetHints":{"allow":["GET"]}}],"collection":[{"href":"https:\/\/perpignan.alfmed.com\/it\/wp-json\/wp\/v2\/posts"}],"about":[{"href":"https:\/\/perpignan.alfmed.com\/it\/wp-json\/wp\/v2\/types\/post"}],"author":[{"embeddable":true,"href":"https:\/\/perpignan.alfmed.com\/it\/wp-json\/wp\/v2\/users\/3"}],"replies":[{"embeddable":true,"href":"https:\/\/perpignan.alfmed.com\/it\/wp-json\/wp\/v2\/comments?post=5197"}],"version-history":[{"count":3,"href":"https:\/\/perpignan.alfmed.com\/it\/wp-json\/wp\/v2\/posts\/5197\/revisions"}],"predecessor-version":[{"id":19847,"href":"https:\/\/perpignan.alfmed.com\/it\/wp-json\/wp\/v2\/posts\/5197\/revisions\/19847"}],"wp:featuredmedia":[{"embeddable":true,"href":"https:\/\/perpignan.alfmed.com\/it\/wp-json\/wp\/v2\/media\/3307"}],"wp:attachment":[{"href":"https:\/\/perpignan.alfmed.com\/it\/wp-json\/wp\/v2\/media?parent=5197"}],"wp:term":[{"taxonomy":"category","embeddable":true,"href":"https:\/\/perpignan.alfmed.com\/it\/wp-json\/wp\/v2\/categories?post=5197"},{"taxonomy":"post_tag","embeddable":true,"href":"https:\/\/perpignan.alfmed.com\/it\/wp-json\/wp\/v2\/tags?post=5197"}],"curies":[{"name":"wp","href":"https:\/\/api.w.org\/{rel}","templated":true}]}}