{"id":3407,"date":"2022-02-24T11:34:29","date_gmt":"2022-02-24T11:34:29","guid":{"rendered":"https:\/\/perpignan.alfmed.com\/?p=3407"},"modified":"2022-02-24T11:34:29","modified_gmt":"2022-02-24T11:34:29","slug":"notre-semestre-de-francais-commence","status":"publish","type":"post","link":"https:\/\/perpignan.alfmed.com\/it\/francais-pour-les-etrangers\/notre-semestre-de-francais-commence\/","title":{"rendered":"Notre semestre de Fran\u00e7ais commence"},"content":{"rendered":"<p>Le Semestre de Fran\u00e7ais de Janvier\u00a0vient de commencer avec des \u00e9l\u00e8ves de plusieurs pays :\u00a0<strong>Irlande \u2013 USA \u2013 Japon \u2013 Br\u00e9sil \u2013 Taiwan \u2013 Chine,\u00a0<\/strong>qui seront en cours avec Fr\u00e9d\u00e9ric notre professeur de Fran\u00e7ais.<\/p>\n<p><strong>Le petit plus d\u2019ALFMED<\/strong>\u00a0:<\/p>\n<ul>\n<li>les cours peuvent avoir lieu en pr\u00e9sentiel dans notre salle M\u00e9dia ou \u00e0 distance<\/li>\n<li>4 visites culturelles organis\u00e9es en groupe<\/li>\n<li>petits groupes de 12 personnes maximum<\/li>\n<li>p\u00e9dagogie actionnelle<br \/>\n<strong>pour un seul objectif : parler !\u00a0\u00a0<\/strong><\/li>\n<\/ul>\n<p>Du 10 janvier au 27 mai 2022, ce semestre se compose de :<\/p>\n<ul>\n<li><strong>Module Intensif\u00a0<\/strong>de 4 semaines (60 heures) du 10 janvier au 4 f\u00e9vrier 2022, du lundi au vendredi de 9h \u00e0 12h<\/li>\n<li><strong>Module Extensif<\/strong>\u00a0de 11 semaines (40 heures) du 8 f\u00e9vrier au 12 mai 2022, le mardi et jeudi de 13h \u00e0 15h<\/li>\n<\/ul>\n<p><strong>&gt;&gt; les \u00e9l\u00e8ves ont acc\u00e8s \u00e0 une Plateforme E-learning<\/strong>, pour s\u2019exercer depuis leur ordinateur ou leur smartphone \u00e0 tout moment<\/p>\n<p><strong>\u00c9valuation linguistique finale<\/strong><\/p>\n<ul>\n<li>Pr\u00e9paration et passation du TCF (4h de pr\u00e9paration pendant le module extensif)<\/li>\n<li>Passation d\u2019un Examen blanc et du Dipl\u00f4me\u00a0fran\u00e7ais\u00a0TCF TP\u00a0(Test\u00a0de\u00a0Connaissance\u00a0du\u00a0Fran\u00e7ais Tout Public)\u00a0\u00e0\u00a0ALFMED en mai 2022<\/li>\n<\/ul>\n<p>Ce programme est financ\u00e9 \u00e0 titre priv\u00e9 par les \u00e9tudiants pour un budget de 1 150 euros.<\/p>\n<p><img loading=\"lazy\" decoding=\"async\" class=\"aligncenter wp-image-3409 size-large\" src=\"https:\/\/perpignan.alfmed.com\/wp-content\/uploads\/2022\/02\/WhatsApp-Image-2022-01-11-at-18.12.05-1024x768.jpeg\" alt=\"\" width=\"1024\" height=\"768\" srcset=\"https:\/\/perpignan.alfmed.com\/wp-content\/uploads\/2022\/02\/WhatsApp-Image-2022-01-11-at-18.12.05-980x735.jpeg 980w, https:\/\/perpignan.alfmed.com\/wp-content\/uploads\/2022\/02\/WhatsApp-Image-2022-01-11-at-18.12.05-480x360.jpeg 480w\" sizes=\"(min-width: 0px) and (max-width: 480px) 480px, (min-width: 481px) and (max-width: 980px) 980px, (min-width: 981px) 1024px, 100vw\" \/><\/p>\n","protected":false},"excerpt":{"rendered":"<p>Le Semestre de Fran\u00e7ais de Janvier\u00a0vient de commencer avec des \u00e9l\u00e8ves de plusieurs pays :\u00a0Irlande \u2013 USA \u2013 Japon \u2013 Br\u00e9sil \u2013 Taiwan \u2013 Chine,\u00a0qui seront en cours avec Fr\u00e9d\u00e9ric notre professeur de Fran\u00e7ais. Le petit plus d\u2019ALFMED\u00a0: les cours peuvent avoir lieu en pr\u00e9sentiel dans notre salle M\u00e9dia ou \u00e0 distance 4 visites culturelles [&hellip;]<\/p>\n","protected":false},"author":3,"featured_media":3408,"comment_status":"closed","ping_status":"closed","sticky":false,"template":"","format":"standard","meta":{"_acf_changed":false,"_et_pb_use_builder":"","_et_pb_old_content":"","_et_gb_content_width":"","footnotes":""},"categories":[36],"tags":[],"class_list":["post-3407","post","type-post","status-publish","format-standard","has-post-thumbnail","hentry","category-francais-pour-les-etrangers"],"acf":[],"yoast_head":"<!-- This site is optimized with the Yoast SEO plugin v27.5 - https:\/\/yoast.com\/product\/yoast-seo-wordpress\/ -->\n<title>Notre semestre de Fran\u00e7ais commence - Alfmed<\/title>\n<meta name=\"robots\" content=\"index, follow, max-snippet:-1, max-image-preview:large, max-video-preview:-1\" \/>\n<link rel=\"canonical\" href=\"https:\/\/perpignan.alfmed.com\/it\/francais-pour-les-etrangers\/notre-semestre-de-francais-commence\/\" \/>\n<meta property=\"og:locale\" content=\"it_IT\" \/>\n<meta property=\"og:type\" content=\"article\" \/>\n<meta property=\"og:title\" content=\"Notre semestre de Fran\u00e7ais commence - Alfmed\" \/>\n<meta property=\"og:description\" content=\"Le Semestre de Fran\u00e7ais de Janvier\u00a0vient de commencer avec des \u00e9l\u00e8ves de plusieurs pays :\u00a0Irlande \u2013 USA \u2013 Japon \u2013 Br\u00e9sil \u2013 Taiwan \u2013 Chine,\u00a0qui seront en cours avec Fr\u00e9d\u00e9ric notre professeur de Fran\u00e7ais. Le petit plus d\u2019ALFMED\u00a0: les cours peuvent avoir lieu en pr\u00e9sentiel dans notre salle M\u00e9dia ou \u00e0 distance 4 visites culturelles [&hellip;]\" \/>\n<meta property=\"og:url\" content=\"https:\/\/perpignan.alfmed.com\/it\/francais-pour-les-etrangers\/notre-semestre-de-francais-commence\/\" \/>\n<meta property=\"og:site_name\" content=\"Alfmed\" \/>\n<meta property=\"article:published_time\" content=\"2022-02-24T11:34:29+00:00\" \/>\n<meta property=\"og:image\" content=\"https:\/\/perpignan.alfmed.com\/wp-content\/uploads\/2022\/02\/WhatsApp-Image-2022-01-11-at-11.46.53-2-1030x579-1.jpeg\" \/>\n\t<meta property=\"og:image:width\" content=\"1030\" \/>\n\t<meta property=\"og:image:height\" content=\"579\" \/>\n\t<meta property=\"og:image:type\" content=\"image\/jpeg\" \/>\n<meta name=\"author\" content=\"Alfmed\" \/>\n<meta name=\"twitter:card\" content=\"summary_large_image\" \/>\n<script type=\"application\/ld+json\" class=\"yoast-schema-graph\">{\"@context\":\"https:\\\/\\\/schema.org\",\"@graph\":[{\"@type\":\"Article\",\"@id\":\"https:\\\/\\\/perpignan.alfmed.com\\\/it\\\/francais-pour-les-etrangers\\\/notre-semestre-de-francais-commence\\\/#article\",\"isPartOf\":{\"@id\":\"https:\\\/\\\/perpignan.alfmed.com\\\/it\\\/francais-pour-les-etrangers\\\/notre-semestre-de-francais-commence\\\/\"},\"author\":{\"name\":\"Alfmed\",\"@id\":\"https:\\\/\\\/perpignan.alfmed.com\\\/it\\\/#\\\/schema\\\/person\\\/6718591f6785449d8fc528d9ad3cf52d\"},\"headline\":\"Notre semestre de Fran\u00e7ais commence\",\"datePublished\":\"2022-02-24T11:34:29+00:00\",\"mainEntityOfPage\":{\"@id\":\"https:\\\/\\\/perpignan.alfmed.com\\\/it\\\/francais-pour-les-etrangers\\\/notre-semestre-de-francais-commence\\\/\"},\"wordCount\":202,\"image\":{\"@id\":\"https:\\\/\\\/perpignan.alfmed.com\\\/it\\\/francais-pour-les-etrangers\\\/notre-semestre-de-francais-commence\\\/#primaryimage\"},\"thumbnailUrl\":\"https:\\\/\\\/perpignan.alfmed.com\\\/wp-content\\\/uploads\\\/2022\\\/02\\\/WhatsApp-Image-2022-01-11-at-11.46.53-2-1030x579-1.jpeg\",\"articleSection\":[\"Fran\u00e7ais pour les \u00e9trangers\"],\"inLanguage\":\"it-IT\"},{\"@type\":\"WebPage\",\"@id\":\"https:\\\/\\\/perpignan.alfmed.com\\\/it\\\/francais-pour-les-etrangers\\\/notre-semestre-de-francais-commence\\\/\",\"url\":\"https:\\\/\\\/perpignan.alfmed.com\\\/it\\\/francais-pour-les-etrangers\\\/notre-semestre-de-francais-commence\\\/\",\"name\":\"Notre semestre de Fran\u00e7ais commence - Alfmed\",\"isPartOf\":{\"@id\":\"https:\\\/\\\/perpignan.alfmed.com\\\/it\\\/#website\"},\"primaryImageOfPage\":{\"@id\":\"https:\\\/\\\/perpignan.alfmed.com\\\/it\\\/francais-pour-les-etrangers\\\/notre-semestre-de-francais-commence\\\/#primaryimage\"},\"image\":{\"@id\":\"https:\\\/\\\/perpignan.alfmed.com\\\/it\\\/francais-pour-les-etrangers\\\/notre-semestre-de-francais-commence\\\/#primaryimage\"},\"thumbnailUrl\":\"https:\\\/\\\/perpignan.alfmed.com\\\/wp-content\\\/uploads\\\/2022\\\/02\\\/WhatsApp-Image-2022-01-11-at-11.46.53-2-1030x579-1.jpeg\",\"datePublished\":\"2022-02-24T11:34:29+00:00\",\"author\":{\"@id\":\"https:\\\/\\\/perpignan.alfmed.com\\\/it\\\/#\\\/schema\\\/person\\\/6718591f6785449d8fc528d9ad3cf52d\"},\"breadcrumb\":{\"@id\":\"https:\\\/\\\/perpignan.alfmed.com\\\/it\\\/francais-pour-les-etrangers\\\/notre-semestre-de-francais-commence\\\/#breadcrumb\"},\"inLanguage\":\"it-IT\",\"potentialAction\":[{\"@type\":\"ReadAction\",\"target\":[\"https:\\\/\\\/perpignan.alfmed.com\\\/it\\\/francais-pour-les-etrangers\\\/notre-semestre-de-francais-commence\\\/\"]}]},{\"@type\":\"ImageObject\",\"inLanguage\":\"it-IT\",\"@id\":\"https:\\\/\\\/perpignan.alfmed.com\\\/it\\\/francais-pour-les-etrangers\\\/notre-semestre-de-francais-commence\\\/#primaryimage\",\"url\":\"https:\\\/\\\/perpignan.alfmed.com\\\/wp-content\\\/uploads\\\/2022\\\/02\\\/WhatsApp-Image-2022-01-11-at-11.46.53-2-1030x579-1.jpeg\",\"contentUrl\":\"https:\\\/\\\/perpignan.alfmed.com\\\/wp-content\\\/uploads\\\/2022\\\/02\\\/WhatsApp-Image-2022-01-11-at-11.46.53-2-1030x579-1.jpeg\",\"width\":1030,\"height\":579},{\"@type\":\"BreadcrumbList\",\"@id\":\"https:\\\/\\\/perpignan.alfmed.com\\\/it\\\/francais-pour-les-etrangers\\\/notre-semestre-de-francais-commence\\\/#breadcrumb\",\"itemListElement\":[{\"@type\":\"ListItem\",\"position\":1,\"name\":\"Home\",\"item\":\"https:\\\/\\\/perpignan.alfmed.com\\\/it\\\/\"},{\"@type\":\"ListItem\",\"position\":2,\"name\":\"Notre semestre de Fran\u00e7ais commence\"}]},{\"@type\":\"WebSite\",\"@id\":\"https:\\\/\\\/perpignan.alfmed.com\\\/it\\\/#website\",\"url\":\"https:\\\/\\\/perpignan.alfmed.com\\\/it\\\/\",\"name\":\"Alfmed\",\"description\":\"EXPERTS EN LANGUES &amp; PROJETS EUROP\u00c9ENS\",\"potentialAction\":[{\"@type\":\"SearchAction\",\"target\":{\"@type\":\"EntryPoint\",\"urlTemplate\":\"https:\\\/\\\/perpignan.alfmed.com\\\/it\\\/?s={search_term_string}\"},\"query-input\":{\"@type\":\"PropertyValueSpecification\",\"valueRequired\":true,\"valueName\":\"search_term_string\"}}],\"inLanguage\":\"it-IT\"},{\"@type\":\"Person\",\"@id\":\"https:\\\/\\\/perpignan.alfmed.com\\\/it\\\/#\\\/schema\\\/person\\\/6718591f6785449d8fc528d9ad3cf52d\",\"name\":\"Alfmed\",\"url\":\"https:\\\/\\\/perpignan.alfmed.com\\\/it\\\/author\\\/admalfmed\\\/\"}]}<\/script>\n<!-- \/ Yoast SEO plugin. -->","yoast_head_json":{"title":"Notre semestre de Fran\u00e7ais commence - Alfmed","robots":{"index":"index","follow":"follow","max-snippet":"max-snippet:-1","max-image-preview":"max-image-preview:large","max-video-preview":"max-video-preview:-1"},"canonical":"https:\/\/perpignan.alfmed.com\/it\/francais-pour-les-etrangers\/notre-semestre-de-francais-commence\/","og_locale":"it_IT","og_type":"article","og_title":"Notre semestre de Fran\u00e7ais commence - Alfmed","og_description":"Le Semestre de Fran\u00e7ais de Janvier\u00a0vient de commencer avec des \u00e9l\u00e8ves de plusieurs pays :\u00a0Irlande \u2013 USA \u2013 Japon \u2013 Br\u00e9sil \u2013 Taiwan \u2013 Chine,\u00a0qui seront en cours avec Fr\u00e9d\u00e9ric notre professeur de Fran\u00e7ais. Le petit plus d\u2019ALFMED\u00a0: les cours peuvent avoir lieu en pr\u00e9sentiel dans notre salle M\u00e9dia ou \u00e0 distance 4 visites culturelles [&hellip;]","og_url":"https:\/\/perpignan.alfmed.com\/it\/francais-pour-les-etrangers\/notre-semestre-de-francais-commence\/","og_site_name":"Alfmed","article_published_time":"2022-02-24T11:34:29+00:00","og_image":[{"width":1030,"height":579,"url":"https:\/\/perpignan.alfmed.com\/wp-content\/uploads\/2022\/02\/WhatsApp-Image-2022-01-11-at-11.46.53-2-1030x579-1.jpeg","type":"image\/jpeg"}],"author":"Alfmed","twitter_card":"summary_large_image","schema":{"@context":"https:\/\/schema.org","@graph":[{"@type":"Article","@id":"https:\/\/perpignan.alfmed.com\/it\/francais-pour-les-etrangers\/notre-semestre-de-francais-commence\/#article","isPartOf":{"@id":"https:\/\/perpignan.alfmed.com\/it\/francais-pour-les-etrangers\/notre-semestre-de-francais-commence\/"},"author":{"name":"Alfmed","@id":"https:\/\/perpignan.alfmed.com\/it\/#\/schema\/person\/6718591f6785449d8fc528d9ad3cf52d"},"headline":"Notre semestre de Fran\u00e7ais commence","datePublished":"2022-02-24T11:34:29+00:00","mainEntityOfPage":{"@id":"https:\/\/perpignan.alfmed.com\/it\/francais-pour-les-etrangers\/notre-semestre-de-francais-commence\/"},"wordCount":202,"image":{"@id":"https:\/\/perpignan.alfmed.com\/it\/francais-pour-les-etrangers\/notre-semestre-de-francais-commence\/#primaryimage"},"thumbnailUrl":"https:\/\/perpignan.alfmed.com\/wp-content\/uploads\/2022\/02\/WhatsApp-Image-2022-01-11-at-11.46.53-2-1030x579-1.jpeg","articleSection":["Fran\u00e7ais pour les \u00e9trangers"],"inLanguage":"it-IT"},{"@type":"WebPage","@id":"https:\/\/perpignan.alfmed.com\/it\/francais-pour-les-etrangers\/notre-semestre-de-francais-commence\/","url":"https:\/\/perpignan.alfmed.com\/it\/francais-pour-les-etrangers\/notre-semestre-de-francais-commence\/","name":"Notre semestre de Fran\u00e7ais commence - Alfmed","isPartOf":{"@id":"https:\/\/perpignan.alfmed.com\/it\/#website"},"primaryImageOfPage":{"@id":"https:\/\/perpignan.alfmed.com\/it\/francais-pour-les-etrangers\/notre-semestre-de-francais-commence\/#primaryimage"},"image":{"@id":"https:\/\/perpignan.alfmed.com\/it\/francais-pour-les-etrangers\/notre-semestre-de-francais-commence\/#primaryimage"},"thumbnailUrl":"https:\/\/perpignan.alfmed.com\/wp-content\/uploads\/2022\/02\/WhatsApp-Image-2022-01-11-at-11.46.53-2-1030x579-1.jpeg","datePublished":"2022-02-24T11:34:29+00:00","author":{"@id":"https:\/\/perpignan.alfmed.com\/it\/#\/schema\/person\/6718591f6785449d8fc528d9ad3cf52d"},"breadcrumb":{"@id":"https:\/\/perpignan.alfmed.com\/it\/francais-pour-les-etrangers\/notre-semestre-de-francais-commence\/#breadcrumb"},"inLanguage":"it-IT","potentialAction":[{"@type":"ReadAction","target":["https:\/\/perpignan.alfmed.com\/it\/francais-pour-les-etrangers\/notre-semestre-de-francais-commence\/"]}]},{"@type":"ImageObject","inLanguage":"it-IT","@id":"https:\/\/perpignan.alfmed.com\/it\/francais-pour-les-etrangers\/notre-semestre-de-francais-commence\/#primaryimage","url":"https:\/\/perpignan.alfmed.com\/wp-content\/uploads\/2022\/02\/WhatsApp-Image-2022-01-11-at-11.46.53-2-1030x579-1.jpeg","contentUrl":"https:\/\/perpignan.alfmed.com\/wp-content\/uploads\/2022\/02\/WhatsApp-Image-2022-01-11-at-11.46.53-2-1030x579-1.jpeg","width":1030,"height":579},{"@type":"BreadcrumbList","@id":"https:\/\/perpignan.alfmed.com\/it\/francais-pour-les-etrangers\/notre-semestre-de-francais-commence\/#breadcrumb","itemListElement":[{"@type":"ListItem","position":1,"name":"Home","item":"https:\/\/perpignan.alfmed.com\/it\/"},{"@type":"ListItem","position":2,"name":"Notre semestre de Fran\u00e7ais commence"}]},{"@type":"WebSite","@id":"https:\/\/perpignan.alfmed.com\/it\/#website","url":"https:\/\/perpignan.alfmed.com\/it\/","name":"Alfmed","description":"EXPERTS EN LANGUES &amp; PROJETS EUROP\u00c9ENS","potentialAction":[{"@type":"SearchAction","target":{"@type":"EntryPoint","urlTemplate":"https:\/\/perpignan.alfmed.com\/it\/?s={search_term_string}"},"query-input":{"@type":"PropertyValueSpecification","valueRequired":true,"valueName":"search_term_string"}}],"inLanguage":"it-IT"},{"@type":"Person","@id":"https:\/\/perpignan.alfmed.com\/it\/#\/schema\/person\/6718591f6785449d8fc528d9ad3cf52d","name":"Alfmed","url":"https:\/\/perpignan.alfmed.com\/it\/author\/admalfmed\/"}]}},"_links":{"self":[{"href":"https:\/\/perpignan.alfmed.com\/it\/wp-json\/wp\/v2\/posts\/3407","targetHints":{"allow":["GET"]}}],"collection":[{"href":"https:\/\/perpignan.alfmed.com\/it\/wp-json\/wp\/v2\/posts"}],"about":[{"href":"https:\/\/perpignan.alfmed.com\/it\/wp-json\/wp\/v2\/types\/post"}],"author":[{"embeddable":true,"href":"https:\/\/perpignan.alfmed.com\/it\/wp-json\/wp\/v2\/users\/3"}],"replies":[{"embeddable":true,"href":"https:\/\/perpignan.alfmed.com\/it\/wp-json\/wp\/v2\/comments?post=3407"}],"version-history":[{"count":1,"href":"https:\/\/perpignan.alfmed.com\/it\/wp-json\/wp\/v2\/posts\/3407\/revisions"}],"predecessor-version":[{"id":3410,"href":"https:\/\/perpignan.alfmed.com\/it\/wp-json\/wp\/v2\/posts\/3407\/revisions\/3410"}],"wp:featuredmedia":[{"embeddable":true,"href":"https:\/\/perpignan.alfmed.com\/it\/wp-json\/wp\/v2\/media\/3408"}],"wp:attachment":[{"href":"https:\/\/perpignan.alfmed.com\/it\/wp-json\/wp\/v2\/media?parent=3407"}],"wp:term":[{"taxonomy":"category","embeddable":true,"href":"https:\/\/perpignan.alfmed.com\/it\/wp-json\/wp\/v2\/categories?post=3407"},{"taxonomy":"post_tag","embeddable":true,"href":"https:\/\/perpignan.alfmed.com\/it\/wp-json\/wp\/v2\/tags?post=3407"}],"curies":[{"name":"wp","href":"https:\/\/api.w.org\/{rel}","templated":true}]}}