{"id":3401,"date":"2022-02-24T11:31:46","date_gmt":"2022-02-24T11:31:46","guid":{"rendered":"https:\/\/perpignan.alfmed.com\/?p=3401"},"modified":"2022-02-24T11:31:46","modified_gmt":"2022-02-24T11:31:46","slug":"smart-learning-3-pourquoi-doit-on-apprendre-a-parler-une-langue","status":"publish","type":"post","link":"https:\/\/perpignan.alfmed.com\/it\/demarche-qualite\/smart-learning-3-pourquoi-doit-on-apprendre-a-parler-une-langue\/","title":{"rendered":"SMART LEARNING #3 \u2013 Pourquoi doit-on \u201capprendre\u201d \u00e0 parler une langue?"},"content":{"rendered":"<p><strong>Pourquoi doit \u201capprendre\u201d \u00e0 parler une langue \u00e9trang\u00e8re?<\/strong><\/p>\n<section class=\"av_textblock_section \">\n<div class=\"avia_textblock  \">\n<p>Chaque langue se singularise par son rythme, sa musicalit\u00e9 et ses\u00a0<strong>fr\u00e9quences<\/strong>\u00a0dominantes.\u00a0<strong>La capacit\u00e9 d\u2019\u00e9coute et donc de compr\u00e9hension de l\u2019\u00eatre humain varie selon sa langue maternelle<\/strong>. Les fr\u00e9quences non ou mal per\u00e7ues entravent la compr\u00e9hension mais aussi l\u2019expression orale de l\u2019apprenant. Ainsi certains phon\u00e8mes ne sont pas per\u00e7us ou le sont mal. Les asiatiques ne font pas la diff\u00e9rence entre \u201cgue\u201d et \u201cke\u201d. La difficult\u00e9 d\u2019un Fran\u00e7ais \u00e0 prononcer le \u201cthe\u201d anglais et la \u201crota\u201d espagnole tient \u00e9galement d\u2019une mauvaise perception de ces sons.<\/p>\n<p><strong>Chaque \u00eatre humain a la capacit\u00e9 de d\u00e9crypter, d\u2019entendre toutes les fr\u00e9quences des langues jusqu\u2019\u00e0 l\u2019\u00e2ge de 10 ans. Pass\u00e9 cet \u00e2ge, l\u2019oreille \u2018se durcit\u2019 et l\u2019\u00eatre humain ne \u2018capte correctement\u2019 que les fr\u00e9quences des langues qu\u2019il parle et entend fr\u00e9quemment.<\/strong><\/p>\n<p><strong>Souvenez vous : le cerveau humain ne peut reproduire (parler!) que ce qu\u2019il peut d\u00e9crypter ! Donc il faut r\u00e9\u00e9duquer votre oreille avec de la pratique et un interlocuteur natif !\u00a0<\/strong><\/p>\n<p>De 11 \u00e0 50 ans, notre capacit\u00e9 \u00e0 rendre notre oreille plus flexible \u00e0 nouveau s\u2019affaiblit.<\/p>\n<section class=\"av_textblock_section \">\n<div class=\"avia_textblock  \">\n<h6>En comparant les fr\u00e9quences vocales des diff\u00e9rents langues on peut ais\u00e9ment comprendre que selon notre langue maternelle certaines langues nous seront plus faciles \u2026 ou pas :<\/h6>\n<ul>\n<li><strong>fran\u00e7ais<\/strong>\u00a0vs\u00a0<strong>espagnol<\/strong>, on peut constater que ces deux langues poss\u00e8dent des fr\u00e9quences dominantes en commun DONC davantage de facilit\u00e9 de d\u00e9crypter. Par exemple vous \u00eates \u00e0 m\u00eame de reproduire des mots<\/li>\n<li><strong>fran\u00e7ais<\/strong>\u00a0vs\u00a0<strong>anglais<\/strong>, on peut constater que ces deux langues ne poss\u00e8dent\u00a0<em>aucune fr\u00e9quence<\/em>\u00a0dominante en commun. Ce qui explique en grande partie les difficult\u00e9s d\u2019apprentissage.<\/li>\n<li><strong>langues que l\u2019on c\u00f4toie oralement<\/strong>\u00a0: m\u00eame si les fr\u00e9quences sont diff\u00e9rentes du fran\u00e7ais vous serez \u00e0 m\u00eame de mieux les d\u00e9crypter<\/li>\n<\/ul>\n<h4><b>Pourquoi et comment se former en Langues pass\u00e9 cet \u00e2ge\u00a0de 10 ans ?<\/b><\/h4>\n<h5>Tenant compte de ces disparit\u00e9s dans la perception des fr\u00e9quences, il faut activer tout ce qui est possible pour redonner \u00e0 l\u2019oreille la possibilit\u00e9 d\u2019entendre correctement les fr\u00e9quences de la langue apprise. Une formation linguistique passe donc par la r\u00e9\u00e9ducation de l\u2019oreille\u00a0 :\u00a0<strong>gr\u00e2ce \u00e0 l\u2019immersion linguistique avec des formateurs natifs : en intensif ou a minima en continu<\/strong><\/h5>\n<\/div>\n<\/section>\n<h2><strong>Le Smart Learning: technologie &amp; m\u00e9thodologie<\/strong><\/h2>\n<p>Nos programmes de formation linguistique s\u2019inscrivent dans une d\u00e9marche\u00a0<strong style=\"color: #666666; font-size: 14px;\">Smart Learning<\/strong><span style=\"color: #666666; font-size: 14px;\">\u00a0qui utilise :<\/span><\/p>\n<p><em>\u2013 d\u2019une part,<\/em>\u00a0les nouvelles\u00a0<strong>technologies<\/strong>\u00a0d\u2019apprentissage \u00e0 distance, de connexion \u00e0\u00a0des plateformes d\u2019IA\u00a0(Intelligence Artificielle)\u2026<br \/>\n<em>\u2013 d\u2019autre part,<\/em>\u00a0des\u00a0<strong>m\u00e9thodologies<\/strong>\u00a0fortement inspir\u00e9es du concept\u00a0<strong>Blended Learning<\/strong><\/p>\n<p>La m\u00e9thodologie que nous appliquons \u00e0 ALFMED : utiliser une p\u00e9dagogie progressive et adapt\u00e9e qui facilite:<\/p>\n<ul>\n<li>l\u2019apprentissage<\/li>\n<li>favorise l\u2019engagement<\/li>\n<li>maintient la motivation<\/li>\n<li>\u00e9limine la frustration<\/li>\n<li>accompagne l\u2019apprenant vers le plaisir de parler une langue\/de connaitre une culture\/de communiquer, pour faciliter son business ou am\u00e9liorer sa vie personnelle.<\/li>\n<\/ul>\n<p><em>L\u2019interaction et les activit\u00e9s ludiques constituent des \u00e9l\u00e9ments fondamentaux pour rendre un cours attractif aux apprenants. Leur proposer de surcro\u00eet de d\u00e9couvrir d\u2019autres nationalit\u00e9s, d\u2019autres cultures et les projeter dans un monde international ne fait qu\u2019accro\u00eetre leur motivation et leur envie de \u2018parler\u2019.<\/em><\/p>\n<p><strong>A ALFMED nous r\u00e9fl\u00e9chissons sans arr\u00eat \u00e0 proposer des programmes innovants et attractifs. Mais surtout qui permettent \u00e0 nos apprenants de nourrir leur curiosit\u00e9, de progresser et de comprendre que la pratique d\u2019une langue \u00e9trang\u00e8re peut leur permettre de communiquer et de voir plus loin !<\/strong><\/p>\n<p><strong>C\u2019est la raison pour laquelle nos programmes mettent toujours \u00e0 l\u2019honneur des concepts qui favorisent l\u2019ouverture et l\u2019immersion.<\/strong><\/p>\n<h2><strong>Nos objectifs<\/strong>\u00a0: mettre en oeuvre une formation<\/h2>\n<ul>\n<li>\n<ul>\n<li>qui soit adapt\u00e9e aux besoins de l\u2019apprenant : nous analysons le besoin du b\u00e9n\u00e9ficiaire en lien avec l\u2019entreprise et\/ou le financeur concerne\u0301(s), par un test QCM et un diagnostic des besoins afin de conna\u00eetre le niveau linguistique et les besoins<\/li>\n<li>l\u2019apprenant connait toutes les informations importantes : pre\u0301-requis, objectifs, dure\u0301e, modalite\u0301s et de\u0301lais d\u2019acce\u0300s, tarifs, contacts, me\u0301thodes mobilise\u0301es et modalite\u0301s d\u2019e\u0301valuation, accessibilite\u0301 aux personnes handicape\u0301es<\/li>\n<li>les r\u00e9sultats et les taux d\u2019obtention des certifications pre\u0301pare\u0301es sont diffus\u00e9s<\/li>\n<li>nous mettons \u00e0 disposition des moyens humains et techniques adapte\u0301s et un environnement approprie\u0301 (conditions, locaux, e\u0301quipements\u2026)<\/li>\n<li>nous nous mobilisons pour coordonner les diffe\u0301rents intervenants internes et\/ou externes (pe\u0301dagogiques, administratifs, logistiques, commerciaux\u2026)<\/li>\n<\/ul>\n<\/li>\n<\/ul>\n<\/div>\n<\/section>\n","protected":false},"excerpt":{"rendered":"<p>Pourquoi doit \u201capprendre\u201d \u00e0 parler une langue \u00e9trang\u00e8re? Chaque langue se singularise par son rythme, sa musicalit\u00e9 et ses\u00a0fr\u00e9quences\u00a0dominantes.\u00a0La capacit\u00e9 d\u2019\u00e9coute et donc de compr\u00e9hension de l\u2019\u00eatre humain varie selon sa langue maternelle. Les fr\u00e9quences non ou mal per\u00e7ues entravent la compr\u00e9hension mais aussi l\u2019expression orale de l\u2019apprenant. Ainsi certains phon\u00e8mes ne sont pas per\u00e7us [&hellip;]<\/p>\n","protected":false},"author":3,"featured_media":3402,"comment_status":"closed","ping_status":"closed","sticky":false,"template":"","format":"standard","meta":{"_acf_changed":false,"_et_pb_use_builder":"","_et_pb_old_content":"","_et_gb_content_width":"","footnotes":""},"categories":[37],"tags":[],"class_list":["post-3401","post","type-post","status-publish","format-standard","has-post-thumbnail","hentry","category-demarche-qualite"],"acf":[],"yoast_head":"<!-- This site is optimized with the Yoast SEO plugin v27.5 - https:\/\/yoast.com\/product\/yoast-seo-wordpress\/ -->\n<title>SMART LEARNING #3 \u2013 Pourquoi doit-on \u201capprendre\u201d \u00e0 parler une langue? - Alfmed<\/title>\n<meta name=\"robots\" content=\"index, follow, max-snippet:-1, max-image-preview:large, max-video-preview:-1\" \/>\n<link rel=\"canonical\" href=\"https:\/\/perpignan.alfmed.com\/it\/demarche-qualite\/smart-learning-3-pourquoi-doit-on-apprendre-a-parler-une-langue\/\" \/>\n<meta property=\"og:locale\" content=\"it_IT\" \/>\n<meta property=\"og:type\" content=\"article\" \/>\n<meta property=\"og:title\" content=\"SMART LEARNING #3 \u2013 Pourquoi doit-on \u201capprendre\u201d \u00e0 parler une langue? - Alfmed\" \/>\n<meta property=\"og:description\" content=\"Pourquoi doit \u201capprendre\u201d \u00e0 parler une langue \u00e9trang\u00e8re? Chaque langue se singularise par son rythme, sa musicalit\u00e9 et ses\u00a0fr\u00e9quences\u00a0dominantes.\u00a0La capacit\u00e9 d\u2019\u00e9coute et donc de compr\u00e9hension de l\u2019\u00eatre humain varie selon sa langue maternelle. Les fr\u00e9quences non ou mal per\u00e7ues entravent la compr\u00e9hension mais aussi l\u2019expression orale de l\u2019apprenant. Ainsi certains phon\u00e8mes ne sont pas per\u00e7us [&hellip;]\" \/>\n<meta property=\"og:url\" content=\"https:\/\/perpignan.alfmed.com\/it\/demarche-qualite\/smart-learning-3-pourquoi-doit-on-apprendre-a-parler-une-langue\/\" \/>\n<meta property=\"og:site_name\" content=\"Alfmed\" \/>\n<meta property=\"article:published_time\" content=\"2022-02-24T11:31:46+00:00\" \/>\n<meta property=\"og:image\" content=\"https:\/\/perpignan.alfmed.com\/wp-content\/uploads\/2022\/02\/FREQUENCY_CHART_White_FullColor_FR.png\" \/>\n\t<meta property=\"og:image:width\" content=\"640\" \/>\n\t<meta property=\"og:image:height\" content=\"221\" \/>\n\t<meta property=\"og:image:type\" content=\"image\/png\" \/>\n<meta name=\"author\" content=\"Alfmed\" \/>\n<meta name=\"twitter:card\" content=\"summary_large_image\" \/>\n<script type=\"application\/ld+json\" class=\"yoast-schema-graph\">{\"@context\":\"https:\\\/\\\/schema.org\",\"@graph\":[{\"@type\":\"Article\",\"@id\":\"https:\\\/\\\/perpignan.alfmed.com\\\/it\\\/demarche-qualite\\\/smart-learning-3-pourquoi-doit-on-apprendre-a-parler-une-langue\\\/#article\",\"isPartOf\":{\"@id\":\"https:\\\/\\\/perpignan.alfmed.com\\\/it\\\/demarche-qualite\\\/smart-learning-3-pourquoi-doit-on-apprendre-a-parler-une-langue\\\/\"},\"author\":{\"name\":\"Alfmed\",\"@id\":\"https:\\\/\\\/perpignan.alfmed.com\\\/it\\\/#\\\/schema\\\/person\\\/6718591f6785449d8fc528d9ad3cf52d\"},\"headline\":\"SMART LEARNING #3 \u2013 Pourquoi doit-on \u201capprendre\u201d \u00e0 parler une langue?\",\"datePublished\":\"2022-02-24T11:31:46+00:00\",\"mainEntityOfPage\":{\"@id\":\"https:\\\/\\\/perpignan.alfmed.com\\\/it\\\/demarche-qualite\\\/smart-learning-3-pourquoi-doit-on-apprendre-a-parler-une-langue\\\/\"},\"wordCount\":778,\"image\":{\"@id\":\"https:\\\/\\\/perpignan.alfmed.com\\\/it\\\/demarche-qualite\\\/smart-learning-3-pourquoi-doit-on-apprendre-a-parler-une-langue\\\/#primaryimage\"},\"thumbnailUrl\":\"https:\\\/\\\/perpignan.alfmed.com\\\/wp-content\\\/uploads\\\/2022\\\/02\\\/FREQUENCY_CHART_White_FullColor_FR.png\",\"articleSection\":[\"D\u00e9marche Qualit\u00e9\"],\"inLanguage\":\"it-IT\"},{\"@type\":\"WebPage\",\"@id\":\"https:\\\/\\\/perpignan.alfmed.com\\\/it\\\/demarche-qualite\\\/smart-learning-3-pourquoi-doit-on-apprendre-a-parler-une-langue\\\/\",\"url\":\"https:\\\/\\\/perpignan.alfmed.com\\\/it\\\/demarche-qualite\\\/smart-learning-3-pourquoi-doit-on-apprendre-a-parler-une-langue\\\/\",\"name\":\"SMART LEARNING #3 \u2013 Pourquoi doit-on \u201capprendre\u201d \u00e0 parler une langue? - Alfmed\",\"isPartOf\":{\"@id\":\"https:\\\/\\\/perpignan.alfmed.com\\\/it\\\/#website\"},\"primaryImageOfPage\":{\"@id\":\"https:\\\/\\\/perpignan.alfmed.com\\\/it\\\/demarche-qualite\\\/smart-learning-3-pourquoi-doit-on-apprendre-a-parler-une-langue\\\/#primaryimage\"},\"image\":{\"@id\":\"https:\\\/\\\/perpignan.alfmed.com\\\/it\\\/demarche-qualite\\\/smart-learning-3-pourquoi-doit-on-apprendre-a-parler-une-langue\\\/#primaryimage\"},\"thumbnailUrl\":\"https:\\\/\\\/perpignan.alfmed.com\\\/wp-content\\\/uploads\\\/2022\\\/02\\\/FREQUENCY_CHART_White_FullColor_FR.png\",\"datePublished\":\"2022-02-24T11:31:46+00:00\",\"author\":{\"@id\":\"https:\\\/\\\/perpignan.alfmed.com\\\/it\\\/#\\\/schema\\\/person\\\/6718591f6785449d8fc528d9ad3cf52d\"},\"breadcrumb\":{\"@id\":\"https:\\\/\\\/perpignan.alfmed.com\\\/it\\\/demarche-qualite\\\/smart-learning-3-pourquoi-doit-on-apprendre-a-parler-une-langue\\\/#breadcrumb\"},\"inLanguage\":\"it-IT\",\"potentialAction\":[{\"@type\":\"ReadAction\",\"target\":[\"https:\\\/\\\/perpignan.alfmed.com\\\/it\\\/demarche-qualite\\\/smart-learning-3-pourquoi-doit-on-apprendre-a-parler-une-langue\\\/\"]}]},{\"@type\":\"ImageObject\",\"inLanguage\":\"it-IT\",\"@id\":\"https:\\\/\\\/perpignan.alfmed.com\\\/it\\\/demarche-qualite\\\/smart-learning-3-pourquoi-doit-on-apprendre-a-parler-une-langue\\\/#primaryimage\",\"url\":\"https:\\\/\\\/perpignan.alfmed.com\\\/wp-content\\\/uploads\\\/2022\\\/02\\\/FREQUENCY_CHART_White_FullColor_FR.png\",\"contentUrl\":\"https:\\\/\\\/perpignan.alfmed.com\\\/wp-content\\\/uploads\\\/2022\\\/02\\\/FREQUENCY_CHART_White_FullColor_FR.png\",\"width\":640,\"height\":221},{\"@type\":\"BreadcrumbList\",\"@id\":\"https:\\\/\\\/perpignan.alfmed.com\\\/it\\\/demarche-qualite\\\/smart-learning-3-pourquoi-doit-on-apprendre-a-parler-une-langue\\\/#breadcrumb\",\"itemListElement\":[{\"@type\":\"ListItem\",\"position\":1,\"name\":\"Home\",\"item\":\"https:\\\/\\\/perpignan.alfmed.com\\\/it\\\/\"},{\"@type\":\"ListItem\",\"position\":2,\"name\":\"SMART LEARNING #3 \u2013 Pourquoi doit-on \u201capprendre\u201d \u00e0 parler une langue?\"}]},{\"@type\":\"WebSite\",\"@id\":\"https:\\\/\\\/perpignan.alfmed.com\\\/it\\\/#website\",\"url\":\"https:\\\/\\\/perpignan.alfmed.com\\\/it\\\/\",\"name\":\"Alfmed\",\"description\":\"EXPERTS EN LANGUES &amp; PROJETS EUROP\u00c9ENS\",\"potentialAction\":[{\"@type\":\"SearchAction\",\"target\":{\"@type\":\"EntryPoint\",\"urlTemplate\":\"https:\\\/\\\/perpignan.alfmed.com\\\/it\\\/?s={search_term_string}\"},\"query-input\":{\"@type\":\"PropertyValueSpecification\",\"valueRequired\":true,\"valueName\":\"search_term_string\"}}],\"inLanguage\":\"it-IT\"},{\"@type\":\"Person\",\"@id\":\"https:\\\/\\\/perpignan.alfmed.com\\\/it\\\/#\\\/schema\\\/person\\\/6718591f6785449d8fc528d9ad3cf52d\",\"name\":\"Alfmed\",\"url\":\"https:\\\/\\\/perpignan.alfmed.com\\\/it\\\/author\\\/admalfmed\\\/\"}]}<\/script>\n<!-- \/ Yoast SEO plugin. -->","yoast_head_json":{"title":"SMART LEARNING #3 \u2013 Pourquoi doit-on \u201capprendre\u201d \u00e0 parler une langue? - Alfmed","robots":{"index":"index","follow":"follow","max-snippet":"max-snippet:-1","max-image-preview":"max-image-preview:large","max-video-preview":"max-video-preview:-1"},"canonical":"https:\/\/perpignan.alfmed.com\/it\/demarche-qualite\/smart-learning-3-pourquoi-doit-on-apprendre-a-parler-une-langue\/","og_locale":"it_IT","og_type":"article","og_title":"SMART LEARNING #3 \u2013 Pourquoi doit-on \u201capprendre\u201d \u00e0 parler une langue? - Alfmed","og_description":"Pourquoi doit \u201capprendre\u201d \u00e0 parler une langue \u00e9trang\u00e8re? Chaque langue se singularise par son rythme, sa musicalit\u00e9 et ses\u00a0fr\u00e9quences\u00a0dominantes.\u00a0La capacit\u00e9 d\u2019\u00e9coute et donc de compr\u00e9hension de l\u2019\u00eatre humain varie selon sa langue maternelle. Les fr\u00e9quences non ou mal per\u00e7ues entravent la compr\u00e9hension mais aussi l\u2019expression orale de l\u2019apprenant. Ainsi certains phon\u00e8mes ne sont pas per\u00e7us [&hellip;]","og_url":"https:\/\/perpignan.alfmed.com\/it\/demarche-qualite\/smart-learning-3-pourquoi-doit-on-apprendre-a-parler-une-langue\/","og_site_name":"Alfmed","article_published_time":"2022-02-24T11:31:46+00:00","og_image":[{"width":640,"height":221,"url":"https:\/\/perpignan.alfmed.com\/wp-content\/uploads\/2022\/02\/FREQUENCY_CHART_White_FullColor_FR.png","type":"image\/png"}],"author":"Alfmed","twitter_card":"summary_large_image","schema":{"@context":"https:\/\/schema.org","@graph":[{"@type":"Article","@id":"https:\/\/perpignan.alfmed.com\/it\/demarche-qualite\/smart-learning-3-pourquoi-doit-on-apprendre-a-parler-une-langue\/#article","isPartOf":{"@id":"https:\/\/perpignan.alfmed.com\/it\/demarche-qualite\/smart-learning-3-pourquoi-doit-on-apprendre-a-parler-une-langue\/"},"author":{"name":"Alfmed","@id":"https:\/\/perpignan.alfmed.com\/it\/#\/schema\/person\/6718591f6785449d8fc528d9ad3cf52d"},"headline":"SMART LEARNING #3 \u2013 Pourquoi doit-on \u201capprendre\u201d \u00e0 parler une langue?","datePublished":"2022-02-24T11:31:46+00:00","mainEntityOfPage":{"@id":"https:\/\/perpignan.alfmed.com\/it\/demarche-qualite\/smart-learning-3-pourquoi-doit-on-apprendre-a-parler-une-langue\/"},"wordCount":778,"image":{"@id":"https:\/\/perpignan.alfmed.com\/it\/demarche-qualite\/smart-learning-3-pourquoi-doit-on-apprendre-a-parler-une-langue\/#primaryimage"},"thumbnailUrl":"https:\/\/perpignan.alfmed.com\/wp-content\/uploads\/2022\/02\/FREQUENCY_CHART_White_FullColor_FR.png","articleSection":["D\u00e9marche Qualit\u00e9"],"inLanguage":"it-IT"},{"@type":"WebPage","@id":"https:\/\/perpignan.alfmed.com\/it\/demarche-qualite\/smart-learning-3-pourquoi-doit-on-apprendre-a-parler-une-langue\/","url":"https:\/\/perpignan.alfmed.com\/it\/demarche-qualite\/smart-learning-3-pourquoi-doit-on-apprendre-a-parler-une-langue\/","name":"SMART LEARNING #3 \u2013 Pourquoi doit-on \u201capprendre\u201d \u00e0 parler une langue? - Alfmed","isPartOf":{"@id":"https:\/\/perpignan.alfmed.com\/it\/#website"},"primaryImageOfPage":{"@id":"https:\/\/perpignan.alfmed.com\/it\/demarche-qualite\/smart-learning-3-pourquoi-doit-on-apprendre-a-parler-une-langue\/#primaryimage"},"image":{"@id":"https:\/\/perpignan.alfmed.com\/it\/demarche-qualite\/smart-learning-3-pourquoi-doit-on-apprendre-a-parler-une-langue\/#primaryimage"},"thumbnailUrl":"https:\/\/perpignan.alfmed.com\/wp-content\/uploads\/2022\/02\/FREQUENCY_CHART_White_FullColor_FR.png","datePublished":"2022-02-24T11:31:46+00:00","author":{"@id":"https:\/\/perpignan.alfmed.com\/it\/#\/schema\/person\/6718591f6785449d8fc528d9ad3cf52d"},"breadcrumb":{"@id":"https:\/\/perpignan.alfmed.com\/it\/demarche-qualite\/smart-learning-3-pourquoi-doit-on-apprendre-a-parler-une-langue\/#breadcrumb"},"inLanguage":"it-IT","potentialAction":[{"@type":"ReadAction","target":["https:\/\/perpignan.alfmed.com\/it\/demarche-qualite\/smart-learning-3-pourquoi-doit-on-apprendre-a-parler-une-langue\/"]}]},{"@type":"ImageObject","inLanguage":"it-IT","@id":"https:\/\/perpignan.alfmed.com\/it\/demarche-qualite\/smart-learning-3-pourquoi-doit-on-apprendre-a-parler-une-langue\/#primaryimage","url":"https:\/\/perpignan.alfmed.com\/wp-content\/uploads\/2022\/02\/FREQUENCY_CHART_White_FullColor_FR.png","contentUrl":"https:\/\/perpignan.alfmed.com\/wp-content\/uploads\/2022\/02\/FREQUENCY_CHART_White_FullColor_FR.png","width":640,"height":221},{"@type":"BreadcrumbList","@id":"https:\/\/perpignan.alfmed.com\/it\/demarche-qualite\/smart-learning-3-pourquoi-doit-on-apprendre-a-parler-une-langue\/#breadcrumb","itemListElement":[{"@type":"ListItem","position":1,"name":"Home","item":"https:\/\/perpignan.alfmed.com\/it\/"},{"@type":"ListItem","position":2,"name":"SMART LEARNING #3 \u2013 Pourquoi doit-on \u201capprendre\u201d \u00e0 parler une langue?"}]},{"@type":"WebSite","@id":"https:\/\/perpignan.alfmed.com\/it\/#website","url":"https:\/\/perpignan.alfmed.com\/it\/","name":"Alfmed","description":"EXPERTS EN LANGUES &amp; PROJETS EUROP\u00c9ENS","potentialAction":[{"@type":"SearchAction","target":{"@type":"EntryPoint","urlTemplate":"https:\/\/perpignan.alfmed.com\/it\/?s={search_term_string}"},"query-input":{"@type":"PropertyValueSpecification","valueRequired":true,"valueName":"search_term_string"}}],"inLanguage":"it-IT"},{"@type":"Person","@id":"https:\/\/perpignan.alfmed.com\/it\/#\/schema\/person\/6718591f6785449d8fc528d9ad3cf52d","name":"Alfmed","url":"https:\/\/perpignan.alfmed.com\/it\/author\/admalfmed\/"}]}},"_links":{"self":[{"href":"https:\/\/perpignan.alfmed.com\/it\/wp-json\/wp\/v2\/posts\/3401","targetHints":{"allow":["GET"]}}],"collection":[{"href":"https:\/\/perpignan.alfmed.com\/it\/wp-json\/wp\/v2\/posts"}],"about":[{"href":"https:\/\/perpignan.alfmed.com\/it\/wp-json\/wp\/v2\/types\/post"}],"author":[{"embeddable":true,"href":"https:\/\/perpignan.alfmed.com\/it\/wp-json\/wp\/v2\/users\/3"}],"replies":[{"embeddable":true,"href":"https:\/\/perpignan.alfmed.com\/it\/wp-json\/wp\/v2\/comments?post=3401"}],"version-history":[{"count":1,"href":"https:\/\/perpignan.alfmed.com\/it\/wp-json\/wp\/v2\/posts\/3401\/revisions"}],"predecessor-version":[{"id":3403,"href":"https:\/\/perpignan.alfmed.com\/it\/wp-json\/wp\/v2\/posts\/3401\/revisions\/3403"}],"wp:featuredmedia":[{"embeddable":true,"href":"https:\/\/perpignan.alfmed.com\/it\/wp-json\/wp\/v2\/media\/3402"}],"wp:attachment":[{"href":"https:\/\/perpignan.alfmed.com\/it\/wp-json\/wp\/v2\/media?parent=3401"}],"wp:term":[{"taxonomy":"category","embeddable":true,"href":"https:\/\/perpignan.alfmed.com\/it\/wp-json\/wp\/v2\/categories?post=3401"},{"taxonomy":"post_tag","embeddable":true,"href":"https:\/\/perpignan.alfmed.com\/it\/wp-json\/wp\/v2\/tags?post=3401"}],"curies":[{"name":"wp","href":"https:\/\/api.w.org\/{rel}","templated":true}]}}