{"id":3372,"date":"2022-02-24T11:14:47","date_gmt":"2022-02-24T11:14:47","guid":{"rendered":"https:\/\/perpignan.alfmed.com\/?p=3372"},"modified":"2022-02-24T11:15:03","modified_gmt":"2022-02-24T11:15:03","slug":"journee-internationale-des-droits-de-la-femme-et-de-legalite","status":"publish","type":"post","link":"https:\/\/perpignan.alfmed.com\/it\/demarche-qualite\/journee-internationale-des-droits-de-la-femme-et-de-legalite\/","title":{"rendered":"Journ\u00e9e internationale des droits de la femme et de l&#8217;\u00e9galit\u00e9"},"content":{"rendered":"<p><strong>A ALFMED, nous sommes 14 femmes salari\u00e9es\u2026<\/strong><\/p>\n<p><strong>80% de nos clients sont des femmes<\/strong><\/p>\n<p><strong>mais \u2026 les comp\u00e9tences n\u2019ont pas de genre !\u00a0<\/strong><\/p>\n<p>Une pens\u00e9e pour\u00a0<strong>Robert<\/strong>\u00a0notre fo<span class=\"JsGRdQ\">rmateur dipl\u00f4m\u00e9 originaire d\u2019Irlande qui est le seul homme de notre \u00e9quipe !<\/span><\/p>\n<p><img loading=\"lazy\" decoding=\"async\" class=\"wp-image-17304 size-thumbnail aligncenter\" src=\"https:\/\/perpignan.alfmed.com\/wp-content\/uploads\/2021\/03\/robert-1-80x80.jpg\" sizes=\"(max-width: 80px) 100vw, 80px\" srcset=\"https:\/\/perpignan.alfmed.com\/wp-content\/uploads\/2021\/03\/robert-1-80x80.jpg 80w, https:\/\/perpignan.alfmed.com\/wp-content\/uploads\/2021\/03\/robert-1-36x36.jpg 36w, https:\/\/perpignan.alfmed.com\/wp-content\/uploads\/2021\/03\/robert-1-180x180.jpg 180w, https:\/\/perpignan.alfmed.com\/wp-content\/uploads\/2021\/03\/robert-1-100x100.jpg 100w, https:\/\/perpignan.alfmed.com\/wp-content\/uploads\/2021\/03\/robert-1-200x200.jpg 200w\" alt=\"\" width=\"80\" height=\"80\" \/><\/p>\n<p class=\"_04xlpA direction-ltr align-center para-style-body\"><span class=\"JsGRdQ\">Il a d\u00e9but\u00e9 sa carri\u00e8re \u00e0 Paris dans de nombreux centres de formation en langues, puis a rejoint ALFMED en 2016. Il dispense des cours aupr\u00e8s des \u00e9l\u00e8ves de l\u2019\u00e9cole Jeanne d\u2019Arc (Perpignan) afin de les pr\u00e9parer aux dipl\u00f4mes Cambridge. Robert est tr\u00e8s populaire aupr\u00e8s de nos jeunes \u00e9l\u00e8ves : il est en charge de tous les programmes pour les 11-18 ans \u00e0 ALFMED, mais aussi les pr\u00e9parations TOEIC et TOEFL pour les \u00e9tudiants.<\/span><\/p>\n<p>&nbsp;<\/p>\n","protected":false},"excerpt":{"rendered":"<p>A ALFMED, nous sommes 14 femmes salari\u00e9es\u2026 80% de nos clients sont des femmes mais \u2026 les comp\u00e9tences n\u2019ont pas de genre !\u00a0 Une pens\u00e9e pour\u00a0Robert\u00a0notre formateur dipl\u00f4m\u00e9 originaire d\u2019Irlande qui est le seul homme de notre \u00e9quipe ! Il a d\u00e9but\u00e9 sa carri\u00e8re \u00e0 Paris dans de nombreux centres de formation en langues, puis [&hellip;]<\/p>\n","protected":false},"author":3,"featured_media":3373,"comment_status":"closed","ping_status":"closed","sticky":false,"template":"","format":"standard","meta":{"_acf_changed":false,"_et_pb_use_builder":"","_et_pb_old_content":"","_et_gb_content_width":"","footnotes":""},"categories":[37],"tags":[],"class_list":["post-3372","post","type-post","status-publish","format-standard","has-post-thumbnail","hentry","category-demarche-qualite"],"acf":[],"yoast_head":"<!-- This site is optimized with the Yoast SEO plugin v27.5 - https:\/\/yoast.com\/product\/yoast-seo-wordpress\/ -->\n<title>Journ\u00e9e internationale des droits de la femme et de l&#039;\u00e9galit\u00e9 - Alfmed<\/title>\n<meta name=\"robots\" content=\"index, follow, max-snippet:-1, max-image-preview:large, max-video-preview:-1\" \/>\n<link rel=\"canonical\" href=\"https:\/\/perpignan.alfmed.com\/it\/demarche-qualite\/journee-internationale-des-droits-de-la-femme-et-de-legalite\/\" \/>\n<meta property=\"og:locale\" content=\"it_IT\" \/>\n<meta property=\"og:type\" content=\"article\" \/>\n<meta property=\"og:title\" content=\"Journ\u00e9e internationale des droits de la femme et de l&#039;\u00e9galit\u00e9 - Alfmed\" \/>\n<meta property=\"og:description\" content=\"A ALFMED, nous sommes 14 femmes salari\u00e9es\u2026 80% de nos clients sont des femmes mais \u2026 les comp\u00e9tences n\u2019ont pas de genre !\u00a0 Une pens\u00e9e pour\u00a0Robert\u00a0notre formateur dipl\u00f4m\u00e9 originaire d\u2019Irlande qui est le seul homme de notre \u00e9quipe ! Il a d\u00e9but\u00e9 sa carri\u00e8re \u00e0 Paris dans de nombreux centres de formation en langues, puis [&hellip;]\" \/>\n<meta property=\"og:url\" content=\"https:\/\/perpignan.alfmed.com\/it\/demarche-qualite\/journee-internationale-des-droits-de-la-femme-et-de-legalite\/\" \/>\n<meta property=\"og:site_name\" content=\"Alfmed\" \/>\n<meta property=\"article:published_time\" content=\"2022-02-24T11:14:47+00:00\" \/>\n<meta property=\"article:modified_time\" content=\"2022-02-24T11:15:03+00:00\" \/>\n<meta property=\"og:image\" content=\"https:\/\/perpignan.alfmed.com\/wp-content\/uploads\/2022\/02\/the-future-is-female.jpg\" \/>\n\t<meta property=\"og:image:width\" content=\"750\" \/>\n\t<meta property=\"og:image:height\" content=\"854\" \/>\n\t<meta property=\"og:image:type\" content=\"image\/jpeg\" \/>\n<meta name=\"author\" content=\"Alfmed\" \/>\n<meta name=\"twitter:card\" content=\"summary_large_image\" \/>\n<script type=\"application\/ld+json\" class=\"yoast-schema-graph\">{\"@context\":\"https:\\\/\\\/schema.org\",\"@graph\":[{\"@type\":\"Article\",\"@id\":\"https:\\\/\\\/perpignan.alfmed.com\\\/it\\\/demarche-qualite\\\/journee-internationale-des-droits-de-la-femme-et-de-legalite\\\/#article\",\"isPartOf\":{\"@id\":\"https:\\\/\\\/perpignan.alfmed.com\\\/it\\\/demarche-qualite\\\/journee-internationale-des-droits-de-la-femme-et-de-legalite\\\/\"},\"author\":{\"name\":\"Alfmed\",\"@id\":\"https:\\\/\\\/perpignan.alfmed.com\\\/it\\\/#\\\/schema\\\/person\\\/6718591f6785449d8fc528d9ad3cf52d\"},\"headline\":\"Journ\u00e9e internationale des droits de la femme et de l&#8217;\u00e9galit\u00e9\",\"datePublished\":\"2022-02-24T11:14:47+00:00\",\"dateModified\":\"2022-02-24T11:15:03+00:00\",\"mainEntityOfPage\":{\"@id\":\"https:\\\/\\\/perpignan.alfmed.com\\\/it\\\/demarche-qualite\\\/journee-internationale-des-droits-de-la-femme-et-de-legalite\\\/\"},\"wordCount\":137,\"image\":{\"@id\":\"https:\\\/\\\/perpignan.alfmed.com\\\/it\\\/demarche-qualite\\\/journee-internationale-des-droits-de-la-femme-et-de-legalite\\\/#primaryimage\"},\"thumbnailUrl\":\"https:\\\/\\\/perpignan.alfmed.com\\\/wp-content\\\/uploads\\\/2022\\\/02\\\/the-future-is-female.jpg\",\"articleSection\":[\"D\u00e9marche Qualit\u00e9\"],\"inLanguage\":\"it-IT\"},{\"@type\":\"WebPage\",\"@id\":\"https:\\\/\\\/perpignan.alfmed.com\\\/it\\\/demarche-qualite\\\/journee-internationale-des-droits-de-la-femme-et-de-legalite\\\/\",\"url\":\"https:\\\/\\\/perpignan.alfmed.com\\\/it\\\/demarche-qualite\\\/journee-internationale-des-droits-de-la-femme-et-de-legalite\\\/\",\"name\":\"Journ\u00e9e internationale des droits de la femme et de l'\u00e9galit\u00e9 - Alfmed\",\"isPartOf\":{\"@id\":\"https:\\\/\\\/perpignan.alfmed.com\\\/it\\\/#website\"},\"primaryImageOfPage\":{\"@id\":\"https:\\\/\\\/perpignan.alfmed.com\\\/it\\\/demarche-qualite\\\/journee-internationale-des-droits-de-la-femme-et-de-legalite\\\/#primaryimage\"},\"image\":{\"@id\":\"https:\\\/\\\/perpignan.alfmed.com\\\/it\\\/demarche-qualite\\\/journee-internationale-des-droits-de-la-femme-et-de-legalite\\\/#primaryimage\"},\"thumbnailUrl\":\"https:\\\/\\\/perpignan.alfmed.com\\\/wp-content\\\/uploads\\\/2022\\\/02\\\/the-future-is-female.jpg\",\"datePublished\":\"2022-02-24T11:14:47+00:00\",\"dateModified\":\"2022-02-24T11:15:03+00:00\",\"author\":{\"@id\":\"https:\\\/\\\/perpignan.alfmed.com\\\/it\\\/#\\\/schema\\\/person\\\/6718591f6785449d8fc528d9ad3cf52d\"},\"breadcrumb\":{\"@id\":\"https:\\\/\\\/perpignan.alfmed.com\\\/it\\\/demarche-qualite\\\/journee-internationale-des-droits-de-la-femme-et-de-legalite\\\/#breadcrumb\"},\"inLanguage\":\"it-IT\",\"potentialAction\":[{\"@type\":\"ReadAction\",\"target\":[\"https:\\\/\\\/perpignan.alfmed.com\\\/it\\\/demarche-qualite\\\/journee-internationale-des-droits-de-la-femme-et-de-legalite\\\/\"]}]},{\"@type\":\"ImageObject\",\"inLanguage\":\"it-IT\",\"@id\":\"https:\\\/\\\/perpignan.alfmed.com\\\/it\\\/demarche-qualite\\\/journee-internationale-des-droits-de-la-femme-et-de-legalite\\\/#primaryimage\",\"url\":\"https:\\\/\\\/perpignan.alfmed.com\\\/wp-content\\\/uploads\\\/2022\\\/02\\\/the-future-is-female.jpg\",\"contentUrl\":\"https:\\\/\\\/perpignan.alfmed.com\\\/wp-content\\\/uploads\\\/2022\\\/02\\\/the-future-is-female.jpg\",\"width\":750,\"height\":854},{\"@type\":\"BreadcrumbList\",\"@id\":\"https:\\\/\\\/perpignan.alfmed.com\\\/it\\\/demarche-qualite\\\/journee-internationale-des-droits-de-la-femme-et-de-legalite\\\/#breadcrumb\",\"itemListElement\":[{\"@type\":\"ListItem\",\"position\":1,\"name\":\"Home\",\"item\":\"https:\\\/\\\/perpignan.alfmed.com\\\/it\\\/\"},{\"@type\":\"ListItem\",\"position\":2,\"name\":\"Journ\u00e9e internationale des droits de la femme et de l&rsquo;\u00e9galit\u00e9\"}]},{\"@type\":\"WebSite\",\"@id\":\"https:\\\/\\\/perpignan.alfmed.com\\\/it\\\/#website\",\"url\":\"https:\\\/\\\/perpignan.alfmed.com\\\/it\\\/\",\"name\":\"Alfmed\",\"description\":\"EXPERTS EN LANGUES &amp; PROJETS EUROP\u00c9ENS\",\"potentialAction\":[{\"@type\":\"SearchAction\",\"target\":{\"@type\":\"EntryPoint\",\"urlTemplate\":\"https:\\\/\\\/perpignan.alfmed.com\\\/it\\\/?s={search_term_string}\"},\"query-input\":{\"@type\":\"PropertyValueSpecification\",\"valueRequired\":true,\"valueName\":\"search_term_string\"}}],\"inLanguage\":\"it-IT\"},{\"@type\":\"Person\",\"@id\":\"https:\\\/\\\/perpignan.alfmed.com\\\/it\\\/#\\\/schema\\\/person\\\/6718591f6785449d8fc528d9ad3cf52d\",\"name\":\"Alfmed\",\"url\":\"https:\\\/\\\/perpignan.alfmed.com\\\/it\\\/author\\\/admalfmed\\\/\"}]}<\/script>\n<!-- \/ Yoast SEO plugin. -->","yoast_head_json":{"title":"Journ\u00e9e internationale des droits de la femme et de l'\u00e9galit\u00e9 - Alfmed","robots":{"index":"index","follow":"follow","max-snippet":"max-snippet:-1","max-image-preview":"max-image-preview:large","max-video-preview":"max-video-preview:-1"},"canonical":"https:\/\/perpignan.alfmed.com\/it\/demarche-qualite\/journee-internationale-des-droits-de-la-femme-et-de-legalite\/","og_locale":"it_IT","og_type":"article","og_title":"Journ\u00e9e internationale des droits de la femme et de l'\u00e9galit\u00e9 - Alfmed","og_description":"A ALFMED, nous sommes 14 femmes salari\u00e9es\u2026 80% de nos clients sont des femmes mais \u2026 les comp\u00e9tences n\u2019ont pas de genre !\u00a0 Une pens\u00e9e pour\u00a0Robert\u00a0notre formateur dipl\u00f4m\u00e9 originaire d\u2019Irlande qui est le seul homme de notre \u00e9quipe ! Il a d\u00e9but\u00e9 sa carri\u00e8re \u00e0 Paris dans de nombreux centres de formation en langues, puis [&hellip;]","og_url":"https:\/\/perpignan.alfmed.com\/it\/demarche-qualite\/journee-internationale-des-droits-de-la-femme-et-de-legalite\/","og_site_name":"Alfmed","article_published_time":"2022-02-24T11:14:47+00:00","article_modified_time":"2022-02-24T11:15:03+00:00","og_image":[{"width":750,"height":854,"url":"https:\/\/perpignan.alfmed.com\/wp-content\/uploads\/2022\/02\/the-future-is-female.jpg","type":"image\/jpeg"}],"author":"Alfmed","twitter_card":"summary_large_image","schema":{"@context":"https:\/\/schema.org","@graph":[{"@type":"Article","@id":"https:\/\/perpignan.alfmed.com\/it\/demarche-qualite\/journee-internationale-des-droits-de-la-femme-et-de-legalite\/#article","isPartOf":{"@id":"https:\/\/perpignan.alfmed.com\/it\/demarche-qualite\/journee-internationale-des-droits-de-la-femme-et-de-legalite\/"},"author":{"name":"Alfmed","@id":"https:\/\/perpignan.alfmed.com\/it\/#\/schema\/person\/6718591f6785449d8fc528d9ad3cf52d"},"headline":"Journ\u00e9e internationale des droits de la femme et de l&#8217;\u00e9galit\u00e9","datePublished":"2022-02-24T11:14:47+00:00","dateModified":"2022-02-24T11:15:03+00:00","mainEntityOfPage":{"@id":"https:\/\/perpignan.alfmed.com\/it\/demarche-qualite\/journee-internationale-des-droits-de-la-femme-et-de-legalite\/"},"wordCount":137,"image":{"@id":"https:\/\/perpignan.alfmed.com\/it\/demarche-qualite\/journee-internationale-des-droits-de-la-femme-et-de-legalite\/#primaryimage"},"thumbnailUrl":"https:\/\/perpignan.alfmed.com\/wp-content\/uploads\/2022\/02\/the-future-is-female.jpg","articleSection":["D\u00e9marche Qualit\u00e9"],"inLanguage":"it-IT"},{"@type":"WebPage","@id":"https:\/\/perpignan.alfmed.com\/it\/demarche-qualite\/journee-internationale-des-droits-de-la-femme-et-de-legalite\/","url":"https:\/\/perpignan.alfmed.com\/it\/demarche-qualite\/journee-internationale-des-droits-de-la-femme-et-de-legalite\/","name":"Journ\u00e9e internationale des droits de la femme et de l'\u00e9galit\u00e9 - Alfmed","isPartOf":{"@id":"https:\/\/perpignan.alfmed.com\/it\/#website"},"primaryImageOfPage":{"@id":"https:\/\/perpignan.alfmed.com\/it\/demarche-qualite\/journee-internationale-des-droits-de-la-femme-et-de-legalite\/#primaryimage"},"image":{"@id":"https:\/\/perpignan.alfmed.com\/it\/demarche-qualite\/journee-internationale-des-droits-de-la-femme-et-de-legalite\/#primaryimage"},"thumbnailUrl":"https:\/\/perpignan.alfmed.com\/wp-content\/uploads\/2022\/02\/the-future-is-female.jpg","datePublished":"2022-02-24T11:14:47+00:00","dateModified":"2022-02-24T11:15:03+00:00","author":{"@id":"https:\/\/perpignan.alfmed.com\/it\/#\/schema\/person\/6718591f6785449d8fc528d9ad3cf52d"},"breadcrumb":{"@id":"https:\/\/perpignan.alfmed.com\/it\/demarche-qualite\/journee-internationale-des-droits-de-la-femme-et-de-legalite\/#breadcrumb"},"inLanguage":"it-IT","potentialAction":[{"@type":"ReadAction","target":["https:\/\/perpignan.alfmed.com\/it\/demarche-qualite\/journee-internationale-des-droits-de-la-femme-et-de-legalite\/"]}]},{"@type":"ImageObject","inLanguage":"it-IT","@id":"https:\/\/perpignan.alfmed.com\/it\/demarche-qualite\/journee-internationale-des-droits-de-la-femme-et-de-legalite\/#primaryimage","url":"https:\/\/perpignan.alfmed.com\/wp-content\/uploads\/2022\/02\/the-future-is-female.jpg","contentUrl":"https:\/\/perpignan.alfmed.com\/wp-content\/uploads\/2022\/02\/the-future-is-female.jpg","width":750,"height":854},{"@type":"BreadcrumbList","@id":"https:\/\/perpignan.alfmed.com\/it\/demarche-qualite\/journee-internationale-des-droits-de-la-femme-et-de-legalite\/#breadcrumb","itemListElement":[{"@type":"ListItem","position":1,"name":"Home","item":"https:\/\/perpignan.alfmed.com\/it\/"},{"@type":"ListItem","position":2,"name":"Journ\u00e9e internationale des droits de la femme et de l&rsquo;\u00e9galit\u00e9"}]},{"@type":"WebSite","@id":"https:\/\/perpignan.alfmed.com\/it\/#website","url":"https:\/\/perpignan.alfmed.com\/it\/","name":"Alfmed","description":"EXPERTS EN LANGUES &amp; PROJETS EUROP\u00c9ENS","potentialAction":[{"@type":"SearchAction","target":{"@type":"EntryPoint","urlTemplate":"https:\/\/perpignan.alfmed.com\/it\/?s={search_term_string}"},"query-input":{"@type":"PropertyValueSpecification","valueRequired":true,"valueName":"search_term_string"}}],"inLanguage":"it-IT"},{"@type":"Person","@id":"https:\/\/perpignan.alfmed.com\/it\/#\/schema\/person\/6718591f6785449d8fc528d9ad3cf52d","name":"Alfmed","url":"https:\/\/perpignan.alfmed.com\/it\/author\/admalfmed\/"}]}},"_links":{"self":[{"href":"https:\/\/perpignan.alfmed.com\/it\/wp-json\/wp\/v2\/posts\/3372","targetHints":{"allow":["GET"]}}],"collection":[{"href":"https:\/\/perpignan.alfmed.com\/it\/wp-json\/wp\/v2\/posts"}],"about":[{"href":"https:\/\/perpignan.alfmed.com\/it\/wp-json\/wp\/v2\/types\/post"}],"author":[{"embeddable":true,"href":"https:\/\/perpignan.alfmed.com\/it\/wp-json\/wp\/v2\/users\/3"}],"replies":[{"embeddable":true,"href":"https:\/\/perpignan.alfmed.com\/it\/wp-json\/wp\/v2\/comments?post=3372"}],"version-history":[{"count":2,"href":"https:\/\/perpignan.alfmed.com\/it\/wp-json\/wp\/v2\/posts\/3372\/revisions"}],"predecessor-version":[{"id":3375,"href":"https:\/\/perpignan.alfmed.com\/it\/wp-json\/wp\/v2\/posts\/3372\/revisions\/3375"}],"wp:featuredmedia":[{"embeddable":true,"href":"https:\/\/perpignan.alfmed.com\/it\/wp-json\/wp\/v2\/media\/3373"}],"wp:attachment":[{"href":"https:\/\/perpignan.alfmed.com\/it\/wp-json\/wp\/v2\/media?parent=3372"}],"wp:term":[{"taxonomy":"category","embeddable":true,"href":"https:\/\/perpignan.alfmed.com\/it\/wp-json\/wp\/v2\/categories?post=3372"},{"taxonomy":"post_tag","embeddable":true,"href":"https:\/\/perpignan.alfmed.com\/it\/wp-json\/wp\/v2\/tags?post=3372"}],"curies":[{"name":"wp","href":"https:\/\/api.w.org\/{rel}","templated":true}]}}