{"id":3331,"date":"2022-02-24T10:55:08","date_gmt":"2022-02-24T10:55:08","guid":{"rendered":"https:\/\/perpignan.alfmed.com\/?p=3331"},"modified":"2022-02-24T10:55:08","modified_gmt":"2022-02-24T10:55:08","slug":"mobiliteach-summer-school","status":"publish","type":"post","link":"https:\/\/perpignan.alfmed.com\/it\/erasmus\/mobiliteach-summer-school\/","title":{"rendered":"Mobiliteach Summer School"},"content":{"rendered":"<p>Du 02 au 04 D\u00e9cembre 2020 dans le cadre du projet ERASMUS+ \u201cMobiliteach : Improving work based learning in MOBILIty by increasing TEACHers\u2019 planning competences \u201c, la coordinatrice des mobilit\u00e9s ERASMUS+ d\u2019ALFMED, Nataliya Malakhova, et la conseill\u00e8re principale d\u2019\u00e9ducation du lyc\u00e9e professionnel Rosa Luxemburg, Marie-Jos\u00e9e Castello, ont particip\u00e9 \u00e0 l\u2019\u00e9v\u00e9nement en ligne Mobiliteach Teacher Trainings. Le travail produit par les participants fera partie des outils importants pour les enseignants qui travaillent avec des mobilit\u00e9s ERASMUS+. Le format virtuel de l\u2019\u00e9v\u00e9nement a eu beaucoup de succ\u00e8s et a \u00e9t\u00e9 tr\u00e8s productif, int\u00e9ressant et convivial !<\/p>\n<p>From the 02 to 04 December 2020 within the framework of the ERASMUS + project \u201cMobiliteach: Improving work based learning in MOBILIty by increasing TEACHers\u2019 planning competences\u201d, the ALFMED\u2019s ERASMUS + mobility coordinator, Nataliya Malakhova, and the senior educational advisor of the vocational high school Rosa Luxemburg, Marie-Jos\u00e9e Castello, participated in the online event Mobiliteach Teacher Trainings. The work produced by the participants will be one of the important tools for teachers working with ERASMUS + mobility. The virtual format of the event was very successful, productive, interesting and user-friendly!<\/p>\n<p><img loading=\"lazy\" decoding=\"async\" class=\"aligncenter wp-image-3333 size-large\" src=\"https:\/\/perpignan.alfmed.com\/wp-content\/uploads\/2022\/02\/Teacherstraining1-1024x551.jpg\" alt=\"\" width=\"1024\" height=\"551\" srcset=\"https:\/\/perpignan.alfmed.com\/wp-content\/uploads\/2022\/02\/Teacherstraining1-980x527.jpg 980w, https:\/\/perpignan.alfmed.com\/wp-content\/uploads\/2022\/02\/Teacherstraining1-480x258.jpg 480w\" sizes=\"(min-width: 0px) and (max-width: 480px) 480px, (min-width: 481px) and (max-width: 980px) 980px, (min-width: 981px) 1024px, 100vw\" \/><\/p>\n","protected":false},"excerpt":{"rendered":"<p>Du 02 au 04 D\u00e9cembre 2020 dans le cadre du projet ERASMUS+ \u201cMobiliteach : Improving work based learning in MOBILIty by increasing TEACHers\u2019 planning competences \u201c, la coordinatrice des mobilit\u00e9s ERASMUS+ d\u2019ALFMED, Nataliya Malakhova, et la conseill\u00e8re principale d\u2019\u00e9ducation du lyc\u00e9e professionnel Rosa Luxemburg, Marie-Jos\u00e9e Castello, ont particip\u00e9 \u00e0 l\u2019\u00e9v\u00e9nement en ligne Mobiliteach Teacher Trainings. [&hellip;]<\/p>\n","protected":false},"author":3,"featured_media":3332,"comment_status":"closed","ping_status":"closed","sticky":false,"template":"","format":"standard","meta":{"_acf_changed":false,"_et_pb_use_builder":"","_et_pb_old_content":"","_et_gb_content_width":"","footnotes":""},"categories":[33],"tags":[],"class_list":["post-3331","post","type-post","status-publish","format-standard","has-post-thumbnail","hentry","category-erasmus"],"acf":[],"yoast_head":"<!-- This site is optimized with the Yoast SEO plugin v27.5 - https:\/\/yoast.com\/product\/yoast-seo-wordpress\/ -->\n<title>Mobiliteach Summer School - Alfmed<\/title>\n<meta name=\"robots\" content=\"index, follow, max-snippet:-1, max-image-preview:large, max-video-preview:-1\" \/>\n<link rel=\"canonical\" href=\"https:\/\/perpignan.alfmed.com\/it\/erasmus\/mobiliteach-summer-school\/\" \/>\n<meta property=\"og:locale\" content=\"it_IT\" \/>\n<meta property=\"og:type\" content=\"article\" \/>\n<meta property=\"og:title\" content=\"Mobiliteach Summer School - Alfmed\" \/>\n<meta property=\"og:description\" content=\"Du 02 au 04 D\u00e9cembre 2020 dans le cadre du projet ERASMUS+ \u201cMobiliteach : Improving work based learning in MOBILIty by increasing TEACHers\u2019 planning competences \u201c, la coordinatrice des mobilit\u00e9s ERASMUS+ d\u2019ALFMED, Nataliya Malakhova, et la conseill\u00e8re principale d\u2019\u00e9ducation du lyc\u00e9e professionnel Rosa Luxemburg, Marie-Jos\u00e9e Castello, ont particip\u00e9 \u00e0 l\u2019\u00e9v\u00e9nement en ligne Mobiliteach Teacher Trainings. [&hellip;]\" \/>\n<meta property=\"og:url\" content=\"https:\/\/perpignan.alfmed.com\/it\/erasmus\/mobiliteach-summer-school\/\" \/>\n<meta property=\"og:site_name\" content=\"Alfmed\" \/>\n<meta property=\"article:published_time\" content=\"2022-02-24T10:55:08+00:00\" \/>\n<meta property=\"og:image\" content=\"https:\/\/perpignan.alfmed.com\/wp-content\/uploads\/2022\/02\/kdnkedn.jpg\" \/>\n\t<meta property=\"og:image:width\" content=\"500\" \/>\n\t<meta property=\"og:image:height\" content=\"215\" \/>\n\t<meta property=\"og:image:type\" content=\"image\/jpeg\" \/>\n<meta name=\"author\" content=\"Alfmed\" \/>\n<meta name=\"twitter:card\" content=\"summary_large_image\" \/>\n<script type=\"application\/ld+json\" class=\"yoast-schema-graph\">{\"@context\":\"https:\\\/\\\/schema.org\",\"@graph\":[{\"@type\":\"Article\",\"@id\":\"https:\\\/\\\/perpignan.alfmed.com\\\/it\\\/erasmus\\\/mobiliteach-summer-school\\\/#article\",\"isPartOf\":{\"@id\":\"https:\\\/\\\/perpignan.alfmed.com\\\/it\\\/erasmus\\\/mobiliteach-summer-school\\\/\"},\"author\":{\"name\":\"Alfmed\",\"@id\":\"https:\\\/\\\/perpignan.alfmed.com\\\/it\\\/#\\\/schema\\\/person\\\/6718591f6785449d8fc528d9ad3cf52d\"},\"headline\":\"Mobiliteach Summer School\",\"datePublished\":\"2022-02-24T10:55:08+00:00\",\"mainEntityOfPage\":{\"@id\":\"https:\\\/\\\/perpignan.alfmed.com\\\/it\\\/erasmus\\\/mobiliteach-summer-school\\\/\"},\"wordCount\":191,\"image\":{\"@id\":\"https:\\\/\\\/perpignan.alfmed.com\\\/it\\\/erasmus\\\/mobiliteach-summer-school\\\/#primaryimage\"},\"thumbnailUrl\":\"https:\\\/\\\/perpignan.alfmed.com\\\/wp-content\\\/uploads\\\/2022\\\/02\\\/kdnkedn.jpg\",\"articleSection\":[\"Erasmus\"],\"inLanguage\":\"it-IT\"},{\"@type\":\"WebPage\",\"@id\":\"https:\\\/\\\/perpignan.alfmed.com\\\/it\\\/erasmus\\\/mobiliteach-summer-school\\\/\",\"url\":\"https:\\\/\\\/perpignan.alfmed.com\\\/it\\\/erasmus\\\/mobiliteach-summer-school\\\/\",\"name\":\"Mobiliteach Summer School - Alfmed\",\"isPartOf\":{\"@id\":\"https:\\\/\\\/perpignan.alfmed.com\\\/it\\\/#website\"},\"primaryImageOfPage\":{\"@id\":\"https:\\\/\\\/perpignan.alfmed.com\\\/it\\\/erasmus\\\/mobiliteach-summer-school\\\/#primaryimage\"},\"image\":{\"@id\":\"https:\\\/\\\/perpignan.alfmed.com\\\/it\\\/erasmus\\\/mobiliteach-summer-school\\\/#primaryimage\"},\"thumbnailUrl\":\"https:\\\/\\\/perpignan.alfmed.com\\\/wp-content\\\/uploads\\\/2022\\\/02\\\/kdnkedn.jpg\",\"datePublished\":\"2022-02-24T10:55:08+00:00\",\"author\":{\"@id\":\"https:\\\/\\\/perpignan.alfmed.com\\\/it\\\/#\\\/schema\\\/person\\\/6718591f6785449d8fc528d9ad3cf52d\"},\"breadcrumb\":{\"@id\":\"https:\\\/\\\/perpignan.alfmed.com\\\/it\\\/erasmus\\\/mobiliteach-summer-school\\\/#breadcrumb\"},\"inLanguage\":\"it-IT\",\"potentialAction\":[{\"@type\":\"ReadAction\",\"target\":[\"https:\\\/\\\/perpignan.alfmed.com\\\/it\\\/erasmus\\\/mobiliteach-summer-school\\\/\"]}]},{\"@type\":\"ImageObject\",\"inLanguage\":\"it-IT\",\"@id\":\"https:\\\/\\\/perpignan.alfmed.com\\\/it\\\/erasmus\\\/mobiliteach-summer-school\\\/#primaryimage\",\"url\":\"https:\\\/\\\/perpignan.alfmed.com\\\/wp-content\\\/uploads\\\/2022\\\/02\\\/kdnkedn.jpg\",\"contentUrl\":\"https:\\\/\\\/perpignan.alfmed.com\\\/wp-content\\\/uploads\\\/2022\\\/02\\\/kdnkedn.jpg\",\"width\":500,\"height\":215},{\"@type\":\"BreadcrumbList\",\"@id\":\"https:\\\/\\\/perpignan.alfmed.com\\\/it\\\/erasmus\\\/mobiliteach-summer-school\\\/#breadcrumb\",\"itemListElement\":[{\"@type\":\"ListItem\",\"position\":1,\"name\":\"Home\",\"item\":\"https:\\\/\\\/perpignan.alfmed.com\\\/it\\\/\"},{\"@type\":\"ListItem\",\"position\":2,\"name\":\"Mobiliteach Summer School\"}]},{\"@type\":\"WebSite\",\"@id\":\"https:\\\/\\\/perpignan.alfmed.com\\\/it\\\/#website\",\"url\":\"https:\\\/\\\/perpignan.alfmed.com\\\/it\\\/\",\"name\":\"Alfmed\",\"description\":\"EXPERTS EN LANGUES &amp; PROJETS EUROP\u00c9ENS\",\"potentialAction\":[{\"@type\":\"SearchAction\",\"target\":{\"@type\":\"EntryPoint\",\"urlTemplate\":\"https:\\\/\\\/perpignan.alfmed.com\\\/it\\\/?s={search_term_string}\"},\"query-input\":{\"@type\":\"PropertyValueSpecification\",\"valueRequired\":true,\"valueName\":\"search_term_string\"}}],\"inLanguage\":\"it-IT\"},{\"@type\":\"Person\",\"@id\":\"https:\\\/\\\/perpignan.alfmed.com\\\/it\\\/#\\\/schema\\\/person\\\/6718591f6785449d8fc528d9ad3cf52d\",\"name\":\"Alfmed\",\"url\":\"https:\\\/\\\/perpignan.alfmed.com\\\/it\\\/author\\\/admalfmed\\\/\"}]}<\/script>\n<!-- \/ Yoast SEO plugin. -->","yoast_head_json":{"title":"Mobiliteach Summer School - Alfmed","robots":{"index":"index","follow":"follow","max-snippet":"max-snippet:-1","max-image-preview":"max-image-preview:large","max-video-preview":"max-video-preview:-1"},"canonical":"https:\/\/perpignan.alfmed.com\/it\/erasmus\/mobiliteach-summer-school\/","og_locale":"it_IT","og_type":"article","og_title":"Mobiliteach Summer School - Alfmed","og_description":"Du 02 au 04 D\u00e9cembre 2020 dans le cadre du projet ERASMUS+ \u201cMobiliteach : Improving work based learning in MOBILIty by increasing TEACHers\u2019 planning competences \u201c, la coordinatrice des mobilit\u00e9s ERASMUS+ d\u2019ALFMED, Nataliya Malakhova, et la conseill\u00e8re principale d\u2019\u00e9ducation du lyc\u00e9e professionnel Rosa Luxemburg, Marie-Jos\u00e9e Castello, ont particip\u00e9 \u00e0 l\u2019\u00e9v\u00e9nement en ligne Mobiliteach Teacher Trainings. [&hellip;]","og_url":"https:\/\/perpignan.alfmed.com\/it\/erasmus\/mobiliteach-summer-school\/","og_site_name":"Alfmed","article_published_time":"2022-02-24T10:55:08+00:00","og_image":[{"width":500,"height":215,"url":"https:\/\/perpignan.alfmed.com\/wp-content\/uploads\/2022\/02\/kdnkedn.jpg","type":"image\/jpeg"}],"author":"Alfmed","twitter_card":"summary_large_image","schema":{"@context":"https:\/\/schema.org","@graph":[{"@type":"Article","@id":"https:\/\/perpignan.alfmed.com\/it\/erasmus\/mobiliteach-summer-school\/#article","isPartOf":{"@id":"https:\/\/perpignan.alfmed.com\/it\/erasmus\/mobiliteach-summer-school\/"},"author":{"name":"Alfmed","@id":"https:\/\/perpignan.alfmed.com\/it\/#\/schema\/person\/6718591f6785449d8fc528d9ad3cf52d"},"headline":"Mobiliteach Summer School","datePublished":"2022-02-24T10:55:08+00:00","mainEntityOfPage":{"@id":"https:\/\/perpignan.alfmed.com\/it\/erasmus\/mobiliteach-summer-school\/"},"wordCount":191,"image":{"@id":"https:\/\/perpignan.alfmed.com\/it\/erasmus\/mobiliteach-summer-school\/#primaryimage"},"thumbnailUrl":"https:\/\/perpignan.alfmed.com\/wp-content\/uploads\/2022\/02\/kdnkedn.jpg","articleSection":["Erasmus"],"inLanguage":"it-IT"},{"@type":"WebPage","@id":"https:\/\/perpignan.alfmed.com\/it\/erasmus\/mobiliteach-summer-school\/","url":"https:\/\/perpignan.alfmed.com\/it\/erasmus\/mobiliteach-summer-school\/","name":"Mobiliteach Summer School - Alfmed","isPartOf":{"@id":"https:\/\/perpignan.alfmed.com\/it\/#website"},"primaryImageOfPage":{"@id":"https:\/\/perpignan.alfmed.com\/it\/erasmus\/mobiliteach-summer-school\/#primaryimage"},"image":{"@id":"https:\/\/perpignan.alfmed.com\/it\/erasmus\/mobiliteach-summer-school\/#primaryimage"},"thumbnailUrl":"https:\/\/perpignan.alfmed.com\/wp-content\/uploads\/2022\/02\/kdnkedn.jpg","datePublished":"2022-02-24T10:55:08+00:00","author":{"@id":"https:\/\/perpignan.alfmed.com\/it\/#\/schema\/person\/6718591f6785449d8fc528d9ad3cf52d"},"breadcrumb":{"@id":"https:\/\/perpignan.alfmed.com\/it\/erasmus\/mobiliteach-summer-school\/#breadcrumb"},"inLanguage":"it-IT","potentialAction":[{"@type":"ReadAction","target":["https:\/\/perpignan.alfmed.com\/it\/erasmus\/mobiliteach-summer-school\/"]}]},{"@type":"ImageObject","inLanguage":"it-IT","@id":"https:\/\/perpignan.alfmed.com\/it\/erasmus\/mobiliteach-summer-school\/#primaryimage","url":"https:\/\/perpignan.alfmed.com\/wp-content\/uploads\/2022\/02\/kdnkedn.jpg","contentUrl":"https:\/\/perpignan.alfmed.com\/wp-content\/uploads\/2022\/02\/kdnkedn.jpg","width":500,"height":215},{"@type":"BreadcrumbList","@id":"https:\/\/perpignan.alfmed.com\/it\/erasmus\/mobiliteach-summer-school\/#breadcrumb","itemListElement":[{"@type":"ListItem","position":1,"name":"Home","item":"https:\/\/perpignan.alfmed.com\/it\/"},{"@type":"ListItem","position":2,"name":"Mobiliteach Summer School"}]},{"@type":"WebSite","@id":"https:\/\/perpignan.alfmed.com\/it\/#website","url":"https:\/\/perpignan.alfmed.com\/it\/","name":"Alfmed","description":"EXPERTS EN LANGUES &amp; PROJETS EUROP\u00c9ENS","potentialAction":[{"@type":"SearchAction","target":{"@type":"EntryPoint","urlTemplate":"https:\/\/perpignan.alfmed.com\/it\/?s={search_term_string}"},"query-input":{"@type":"PropertyValueSpecification","valueRequired":true,"valueName":"search_term_string"}}],"inLanguage":"it-IT"},{"@type":"Person","@id":"https:\/\/perpignan.alfmed.com\/it\/#\/schema\/person\/6718591f6785449d8fc528d9ad3cf52d","name":"Alfmed","url":"https:\/\/perpignan.alfmed.com\/it\/author\/admalfmed\/"}]}},"_links":{"self":[{"href":"https:\/\/perpignan.alfmed.com\/it\/wp-json\/wp\/v2\/posts\/3331","targetHints":{"allow":["GET"]}}],"collection":[{"href":"https:\/\/perpignan.alfmed.com\/it\/wp-json\/wp\/v2\/posts"}],"about":[{"href":"https:\/\/perpignan.alfmed.com\/it\/wp-json\/wp\/v2\/types\/post"}],"author":[{"embeddable":true,"href":"https:\/\/perpignan.alfmed.com\/it\/wp-json\/wp\/v2\/users\/3"}],"replies":[{"embeddable":true,"href":"https:\/\/perpignan.alfmed.com\/it\/wp-json\/wp\/v2\/comments?post=3331"}],"version-history":[{"count":1,"href":"https:\/\/perpignan.alfmed.com\/it\/wp-json\/wp\/v2\/posts\/3331\/revisions"}],"predecessor-version":[{"id":3334,"href":"https:\/\/perpignan.alfmed.com\/it\/wp-json\/wp\/v2\/posts\/3331\/revisions\/3334"}],"wp:featuredmedia":[{"embeddable":true,"href":"https:\/\/perpignan.alfmed.com\/it\/wp-json\/wp\/v2\/media\/3332"}],"wp:attachment":[{"href":"https:\/\/perpignan.alfmed.com\/it\/wp-json\/wp\/v2\/media?parent=3331"}],"wp:term":[{"taxonomy":"category","embeddable":true,"href":"https:\/\/perpignan.alfmed.com\/it\/wp-json\/wp\/v2\/categories?post=3331"},{"taxonomy":"post_tag","embeddable":true,"href":"https:\/\/perpignan.alfmed.com\/it\/wp-json\/wp\/v2\/tags?post=3331"}],"curies":[{"name":"wp","href":"https:\/\/api.w.org\/{rel}","templated":true}]}}