{"id":3299,"date":"2022-02-24T10:40:41","date_gmt":"2022-02-24T10:40:41","guid":{"rendered":"https:\/\/perpignan.alfmed.com\/?p=3299"},"modified":"2022-02-24T10:40:41","modified_gmt":"2022-02-24T10:40:41","slug":"etudiants-du-conservatoire-de-perpignan","status":"publish","type":"post","link":"https:\/\/perpignan.alfmed.com\/it\/francais-pour-les-etrangers\/etudiants-du-conservatoire-de-perpignan\/","title":{"rendered":"Etudiants du Conservatoire de Perpignan"},"content":{"rendered":"<p>ALFMED a sign\u00e9 une\u00a0<strong>convention de partenariat en 2016 avec le Conservatoire \u00e0 Rayonnement R\u00e9gional de Perpignan<\/strong>\u00a0pour assurer la formation en Fran\u00e7ais Langue \u00c9trang\u00e8re des artistes Chinois qui ont pass\u00e9 les \u00e9tapes de s\u00e9lection du Conservatoire \u00e0 Rayonnement R\u00e9gional de Perpignan.<\/p>\n<p>Ce mois de novembre, ALFMED accueille 12 \u00e9l\u00e8ves !<\/p>\n<p>Ces \u00e9tudiants, qu\u2019ils soient chanteurs lyriques ou musiciens, ont \u00e0 leur arriv\u00e9e un niveau A2 et devront, gr\u00e2ce aux professeurs d\u2019ALFMED, obtenir un niveau B2.<\/p>\n<p><strong>La m\u00e9thode d\u2019ALFMED ?<\/strong><\/p>\n<p>Utiliser la\u00a0<strong>p\u00e9dagogie actionnelle<\/strong>\u00a0pour donner les cl\u00e9s de la communication orale. Apr\u00e8s, un premier module de 60h de Fran\u00e7ais, les \u00e9tudiants abordent avec notre professeur, le vocabulaire du Fran\u00e7ais musical pour leur permettre d\u2019int\u00e9ragir en cours.<\/p>\n<p>Depuis 2016, ce sont d\u00e9j\u00e0\u00a0<strong>pr\u00e8s d\u2019une centaine d\u2019\u00e9l\u00e8ves<\/strong>\u00a0qui ont \u00e9t\u00e9 form\u00e9s et qui ont pu valider, gr\u00e2ce \u00e0 leur niveau B1\/B2, leur cursus de formation au Conservatoire musique, danse et th\u00e9\u00e2tre<br \/>\nMontserrat Caball\u00e9.<\/p>\n","protected":false},"excerpt":{"rendered":"<p>ALFMED a sign\u00e9 une\u00a0convention de partenariat en 2016 avec le Conservatoire \u00e0 Rayonnement R\u00e9gional de Perpignan\u00a0pour assurer la formation en Fran\u00e7ais Langue \u00c9trang\u00e8re des artistes Chinois qui ont pass\u00e9 les \u00e9tapes de s\u00e9lection du Conservatoire \u00e0 Rayonnement R\u00e9gional de Perpignan. Ce mois de novembre, ALFMED accueille 12 \u00e9l\u00e8ves ! Ces \u00e9tudiants, qu\u2019ils soient chanteurs lyriques [&hellip;]<\/p>\n","protected":false},"author":3,"featured_media":3300,"comment_status":"closed","ping_status":"closed","sticky":false,"template":"","format":"standard","meta":{"_acf_changed":false,"_et_pb_use_builder":"","_et_pb_old_content":"","_et_gb_content_width":"","footnotes":""},"categories":[36],"tags":[],"class_list":["post-3299","post","type-post","status-publish","format-standard","has-post-thumbnail","hentry","category-francais-pour-les-etrangers"],"acf":[],"yoast_head":"<!-- This site is optimized with the Yoast SEO plugin v27.5 - https:\/\/yoast.com\/product\/yoast-seo-wordpress\/ -->\n<title>Etudiants du Conservatoire de Perpignan - Alfmed<\/title>\n<meta name=\"robots\" content=\"index, follow, max-snippet:-1, max-image-preview:large, max-video-preview:-1\" \/>\n<link rel=\"canonical\" href=\"https:\/\/perpignan.alfmed.com\/it\/francais-pour-les-etrangers\/etudiants-du-conservatoire-de-perpignan\/\" \/>\n<meta property=\"og:locale\" content=\"it_IT\" \/>\n<meta property=\"og:type\" content=\"article\" \/>\n<meta property=\"og:title\" content=\"Etudiants du Conservatoire de Perpignan - Alfmed\" \/>\n<meta property=\"og:description\" content=\"ALFMED a sign\u00e9 une\u00a0convention de partenariat en 2016 avec le Conservatoire \u00e0 Rayonnement R\u00e9gional de Perpignan\u00a0pour assurer la formation en Fran\u00e7ais Langue \u00c9trang\u00e8re des artistes Chinois qui ont pass\u00e9 les \u00e9tapes de s\u00e9lection du Conservatoire \u00e0 Rayonnement R\u00e9gional de Perpignan. Ce mois de novembre, ALFMED accueille 12 \u00e9l\u00e8ves ! Ces \u00e9tudiants, qu\u2019ils soient chanteurs lyriques [&hellip;]\" \/>\n<meta property=\"og:url\" content=\"https:\/\/perpignan.alfmed.com\/it\/francais-pour-les-etrangers\/etudiants-du-conservatoire-de-perpignan\/\" \/>\n<meta property=\"og:site_name\" content=\"Alfmed\" \/>\n<meta property=\"article:published_time\" content=\"2022-02-24T10:40:41+00:00\" \/>\n<meta property=\"og:image\" content=\"https:\/\/perpignan.alfmed.com\/wp-content\/uploads\/2022\/02\/WhatsApp-Image-2022-01-11-at-11.46.53-2.jpeg\" \/>\n\t<meta property=\"og:image:width\" content=\"1600\" \/>\n\t<meta property=\"og:image:height\" content=\"900\" \/>\n\t<meta property=\"og:image:type\" content=\"image\/jpeg\" \/>\n<meta name=\"author\" content=\"Alfmed\" \/>\n<meta name=\"twitter:card\" content=\"summary_large_image\" \/>\n<script type=\"application\/ld+json\" class=\"yoast-schema-graph\">{\"@context\":\"https:\\\/\\\/schema.org\",\"@graph\":[{\"@type\":\"Article\",\"@id\":\"https:\\\/\\\/perpignan.alfmed.com\\\/it\\\/francais-pour-les-etrangers\\\/etudiants-du-conservatoire-de-perpignan\\\/#article\",\"isPartOf\":{\"@id\":\"https:\\\/\\\/perpignan.alfmed.com\\\/it\\\/francais-pour-les-etrangers\\\/etudiants-du-conservatoire-de-perpignan\\\/\"},\"author\":{\"name\":\"Alfmed\",\"@id\":\"https:\\\/\\\/perpignan.alfmed.com\\\/it\\\/#\\\/schema\\\/person\\\/6718591f6785449d8fc528d9ad3cf52d\"},\"headline\":\"Etudiants du Conservatoire de Perpignan\",\"datePublished\":\"2022-02-24T10:40:41+00:00\",\"mainEntityOfPage\":{\"@id\":\"https:\\\/\\\/perpignan.alfmed.com\\\/it\\\/francais-pour-les-etrangers\\\/etudiants-du-conservatoire-de-perpignan\\\/\"},\"wordCount\":176,\"image\":{\"@id\":\"https:\\\/\\\/perpignan.alfmed.com\\\/it\\\/francais-pour-les-etrangers\\\/etudiants-du-conservatoire-de-perpignan\\\/#primaryimage\"},\"thumbnailUrl\":\"https:\\\/\\\/perpignan.alfmed.com\\\/wp-content\\\/uploads\\\/2022\\\/02\\\/WhatsApp-Image-2022-01-11-at-11.46.53-2.jpeg\",\"articleSection\":[\"Fran\u00e7ais pour les \u00e9trangers\"],\"inLanguage\":\"it-IT\"},{\"@type\":\"WebPage\",\"@id\":\"https:\\\/\\\/perpignan.alfmed.com\\\/it\\\/francais-pour-les-etrangers\\\/etudiants-du-conservatoire-de-perpignan\\\/\",\"url\":\"https:\\\/\\\/perpignan.alfmed.com\\\/it\\\/francais-pour-les-etrangers\\\/etudiants-du-conservatoire-de-perpignan\\\/\",\"name\":\"Etudiants du Conservatoire de Perpignan - Alfmed\",\"isPartOf\":{\"@id\":\"https:\\\/\\\/perpignan.alfmed.com\\\/it\\\/#website\"},\"primaryImageOfPage\":{\"@id\":\"https:\\\/\\\/perpignan.alfmed.com\\\/it\\\/francais-pour-les-etrangers\\\/etudiants-du-conservatoire-de-perpignan\\\/#primaryimage\"},\"image\":{\"@id\":\"https:\\\/\\\/perpignan.alfmed.com\\\/it\\\/francais-pour-les-etrangers\\\/etudiants-du-conservatoire-de-perpignan\\\/#primaryimage\"},\"thumbnailUrl\":\"https:\\\/\\\/perpignan.alfmed.com\\\/wp-content\\\/uploads\\\/2022\\\/02\\\/WhatsApp-Image-2022-01-11-at-11.46.53-2.jpeg\",\"datePublished\":\"2022-02-24T10:40:41+00:00\",\"author\":{\"@id\":\"https:\\\/\\\/perpignan.alfmed.com\\\/it\\\/#\\\/schema\\\/person\\\/6718591f6785449d8fc528d9ad3cf52d\"},\"breadcrumb\":{\"@id\":\"https:\\\/\\\/perpignan.alfmed.com\\\/it\\\/francais-pour-les-etrangers\\\/etudiants-du-conservatoire-de-perpignan\\\/#breadcrumb\"},\"inLanguage\":\"it-IT\",\"potentialAction\":[{\"@type\":\"ReadAction\",\"target\":[\"https:\\\/\\\/perpignan.alfmed.com\\\/it\\\/francais-pour-les-etrangers\\\/etudiants-du-conservatoire-de-perpignan\\\/\"]}]},{\"@type\":\"ImageObject\",\"inLanguage\":\"it-IT\",\"@id\":\"https:\\\/\\\/perpignan.alfmed.com\\\/it\\\/francais-pour-les-etrangers\\\/etudiants-du-conservatoire-de-perpignan\\\/#primaryimage\",\"url\":\"https:\\\/\\\/perpignan.alfmed.com\\\/wp-content\\\/uploads\\\/2022\\\/02\\\/WhatsApp-Image-2022-01-11-at-11.46.53-2.jpeg\",\"contentUrl\":\"https:\\\/\\\/perpignan.alfmed.com\\\/wp-content\\\/uploads\\\/2022\\\/02\\\/WhatsApp-Image-2022-01-11-at-11.46.53-2.jpeg\",\"width\":1600,\"height\":900},{\"@type\":\"BreadcrumbList\",\"@id\":\"https:\\\/\\\/perpignan.alfmed.com\\\/it\\\/francais-pour-les-etrangers\\\/etudiants-du-conservatoire-de-perpignan\\\/#breadcrumb\",\"itemListElement\":[{\"@type\":\"ListItem\",\"position\":1,\"name\":\"Home\",\"item\":\"https:\\\/\\\/perpignan.alfmed.com\\\/it\\\/\"},{\"@type\":\"ListItem\",\"position\":2,\"name\":\"Etudiants du Conservatoire de Perpignan\"}]},{\"@type\":\"WebSite\",\"@id\":\"https:\\\/\\\/perpignan.alfmed.com\\\/it\\\/#website\",\"url\":\"https:\\\/\\\/perpignan.alfmed.com\\\/it\\\/\",\"name\":\"Alfmed\",\"description\":\"EXPERTS EN LANGUES &amp; PROJETS EUROP\u00c9ENS\",\"potentialAction\":[{\"@type\":\"SearchAction\",\"target\":{\"@type\":\"EntryPoint\",\"urlTemplate\":\"https:\\\/\\\/perpignan.alfmed.com\\\/it\\\/?s={search_term_string}\"},\"query-input\":{\"@type\":\"PropertyValueSpecification\",\"valueRequired\":true,\"valueName\":\"search_term_string\"}}],\"inLanguage\":\"it-IT\"},{\"@type\":\"Person\",\"@id\":\"https:\\\/\\\/perpignan.alfmed.com\\\/it\\\/#\\\/schema\\\/person\\\/6718591f6785449d8fc528d9ad3cf52d\",\"name\":\"Alfmed\",\"url\":\"https:\\\/\\\/perpignan.alfmed.com\\\/it\\\/author\\\/admalfmed\\\/\"}]}<\/script>\n<!-- \/ Yoast SEO plugin. -->","yoast_head_json":{"title":"Etudiants du Conservatoire de Perpignan - Alfmed","robots":{"index":"index","follow":"follow","max-snippet":"max-snippet:-1","max-image-preview":"max-image-preview:large","max-video-preview":"max-video-preview:-1"},"canonical":"https:\/\/perpignan.alfmed.com\/it\/francais-pour-les-etrangers\/etudiants-du-conservatoire-de-perpignan\/","og_locale":"it_IT","og_type":"article","og_title":"Etudiants du Conservatoire de Perpignan - Alfmed","og_description":"ALFMED a sign\u00e9 une\u00a0convention de partenariat en 2016 avec le Conservatoire \u00e0 Rayonnement R\u00e9gional de Perpignan\u00a0pour assurer la formation en Fran\u00e7ais Langue \u00c9trang\u00e8re des artistes Chinois qui ont pass\u00e9 les \u00e9tapes de s\u00e9lection du Conservatoire \u00e0 Rayonnement R\u00e9gional de Perpignan. Ce mois de novembre, ALFMED accueille 12 \u00e9l\u00e8ves ! Ces \u00e9tudiants, qu\u2019ils soient chanteurs lyriques [&hellip;]","og_url":"https:\/\/perpignan.alfmed.com\/it\/francais-pour-les-etrangers\/etudiants-du-conservatoire-de-perpignan\/","og_site_name":"Alfmed","article_published_time":"2022-02-24T10:40:41+00:00","og_image":[{"width":1600,"height":900,"url":"https:\/\/perpignan.alfmed.com\/wp-content\/uploads\/2022\/02\/WhatsApp-Image-2022-01-11-at-11.46.53-2.jpeg","type":"image\/jpeg"}],"author":"Alfmed","twitter_card":"summary_large_image","schema":{"@context":"https:\/\/schema.org","@graph":[{"@type":"Article","@id":"https:\/\/perpignan.alfmed.com\/it\/francais-pour-les-etrangers\/etudiants-du-conservatoire-de-perpignan\/#article","isPartOf":{"@id":"https:\/\/perpignan.alfmed.com\/it\/francais-pour-les-etrangers\/etudiants-du-conservatoire-de-perpignan\/"},"author":{"name":"Alfmed","@id":"https:\/\/perpignan.alfmed.com\/it\/#\/schema\/person\/6718591f6785449d8fc528d9ad3cf52d"},"headline":"Etudiants du Conservatoire de Perpignan","datePublished":"2022-02-24T10:40:41+00:00","mainEntityOfPage":{"@id":"https:\/\/perpignan.alfmed.com\/it\/francais-pour-les-etrangers\/etudiants-du-conservatoire-de-perpignan\/"},"wordCount":176,"image":{"@id":"https:\/\/perpignan.alfmed.com\/it\/francais-pour-les-etrangers\/etudiants-du-conservatoire-de-perpignan\/#primaryimage"},"thumbnailUrl":"https:\/\/perpignan.alfmed.com\/wp-content\/uploads\/2022\/02\/WhatsApp-Image-2022-01-11-at-11.46.53-2.jpeg","articleSection":["Fran\u00e7ais pour les \u00e9trangers"],"inLanguage":"it-IT"},{"@type":"WebPage","@id":"https:\/\/perpignan.alfmed.com\/it\/francais-pour-les-etrangers\/etudiants-du-conservatoire-de-perpignan\/","url":"https:\/\/perpignan.alfmed.com\/it\/francais-pour-les-etrangers\/etudiants-du-conservatoire-de-perpignan\/","name":"Etudiants du Conservatoire de Perpignan - Alfmed","isPartOf":{"@id":"https:\/\/perpignan.alfmed.com\/it\/#website"},"primaryImageOfPage":{"@id":"https:\/\/perpignan.alfmed.com\/it\/francais-pour-les-etrangers\/etudiants-du-conservatoire-de-perpignan\/#primaryimage"},"image":{"@id":"https:\/\/perpignan.alfmed.com\/it\/francais-pour-les-etrangers\/etudiants-du-conservatoire-de-perpignan\/#primaryimage"},"thumbnailUrl":"https:\/\/perpignan.alfmed.com\/wp-content\/uploads\/2022\/02\/WhatsApp-Image-2022-01-11-at-11.46.53-2.jpeg","datePublished":"2022-02-24T10:40:41+00:00","author":{"@id":"https:\/\/perpignan.alfmed.com\/it\/#\/schema\/person\/6718591f6785449d8fc528d9ad3cf52d"},"breadcrumb":{"@id":"https:\/\/perpignan.alfmed.com\/it\/francais-pour-les-etrangers\/etudiants-du-conservatoire-de-perpignan\/#breadcrumb"},"inLanguage":"it-IT","potentialAction":[{"@type":"ReadAction","target":["https:\/\/perpignan.alfmed.com\/it\/francais-pour-les-etrangers\/etudiants-du-conservatoire-de-perpignan\/"]}]},{"@type":"ImageObject","inLanguage":"it-IT","@id":"https:\/\/perpignan.alfmed.com\/it\/francais-pour-les-etrangers\/etudiants-du-conservatoire-de-perpignan\/#primaryimage","url":"https:\/\/perpignan.alfmed.com\/wp-content\/uploads\/2022\/02\/WhatsApp-Image-2022-01-11-at-11.46.53-2.jpeg","contentUrl":"https:\/\/perpignan.alfmed.com\/wp-content\/uploads\/2022\/02\/WhatsApp-Image-2022-01-11-at-11.46.53-2.jpeg","width":1600,"height":900},{"@type":"BreadcrumbList","@id":"https:\/\/perpignan.alfmed.com\/it\/francais-pour-les-etrangers\/etudiants-du-conservatoire-de-perpignan\/#breadcrumb","itemListElement":[{"@type":"ListItem","position":1,"name":"Home","item":"https:\/\/perpignan.alfmed.com\/it\/"},{"@type":"ListItem","position":2,"name":"Etudiants du Conservatoire de Perpignan"}]},{"@type":"WebSite","@id":"https:\/\/perpignan.alfmed.com\/it\/#website","url":"https:\/\/perpignan.alfmed.com\/it\/","name":"Alfmed","description":"EXPERTS EN LANGUES &amp; PROJETS EUROP\u00c9ENS","potentialAction":[{"@type":"SearchAction","target":{"@type":"EntryPoint","urlTemplate":"https:\/\/perpignan.alfmed.com\/it\/?s={search_term_string}"},"query-input":{"@type":"PropertyValueSpecification","valueRequired":true,"valueName":"search_term_string"}}],"inLanguage":"it-IT"},{"@type":"Person","@id":"https:\/\/perpignan.alfmed.com\/it\/#\/schema\/person\/6718591f6785449d8fc528d9ad3cf52d","name":"Alfmed","url":"https:\/\/perpignan.alfmed.com\/it\/author\/admalfmed\/"}]}},"_links":{"self":[{"href":"https:\/\/perpignan.alfmed.com\/it\/wp-json\/wp\/v2\/posts\/3299","targetHints":{"allow":["GET"]}}],"collection":[{"href":"https:\/\/perpignan.alfmed.com\/it\/wp-json\/wp\/v2\/posts"}],"about":[{"href":"https:\/\/perpignan.alfmed.com\/it\/wp-json\/wp\/v2\/types\/post"}],"author":[{"embeddable":true,"href":"https:\/\/perpignan.alfmed.com\/it\/wp-json\/wp\/v2\/users\/3"}],"replies":[{"embeddable":true,"href":"https:\/\/perpignan.alfmed.com\/it\/wp-json\/wp\/v2\/comments?post=3299"}],"version-history":[{"count":1,"href":"https:\/\/perpignan.alfmed.com\/it\/wp-json\/wp\/v2\/posts\/3299\/revisions"}],"predecessor-version":[{"id":3301,"href":"https:\/\/perpignan.alfmed.com\/it\/wp-json\/wp\/v2\/posts\/3299\/revisions\/3301"}],"wp:featuredmedia":[{"embeddable":true,"href":"https:\/\/perpignan.alfmed.com\/it\/wp-json\/wp\/v2\/media\/3300"}],"wp:attachment":[{"href":"https:\/\/perpignan.alfmed.com\/it\/wp-json\/wp\/v2\/media?parent=3299"}],"wp:term":[{"taxonomy":"category","embeddable":true,"href":"https:\/\/perpignan.alfmed.com\/it\/wp-json\/wp\/v2\/categories?post=3299"},{"taxonomy":"post_tag","embeddable":true,"href":"https:\/\/perpignan.alfmed.com\/it\/wp-json\/wp\/v2\/tags?post=3299"}],"curies":[{"name":"wp","href":"https:\/\/api.w.org\/{rel}","templated":true}]}}