{"id":17786,"date":"2024-04-15T11:30:30","date_gmt":"2024-04-15T11:30:30","guid":{"rendered":"https:\/\/perpignan.alfmed.com\/?p=17786"},"modified":"2024-07-11T08:57:31","modified_gmt":"2024-07-11T08:57:31","slug":"ce-quil-sest-passe-en-avril-a-alfmed","status":"publish","type":"post","link":"https:\/\/perpignan.alfmed.com\/it\/actualites\/ce-quil-sest-passe-en-avril-a-alfmed\/","title":{"rendered":"Ce qu&#8217;il s&#8217;est pass\u00e9 en JUIN \u00e0 ALFMED"},"content":{"rendered":"<div dir=\"auto\">\n<p><strong>\ud83e\udd29<\/strong> Voici un r\u00e9cap\u2019 de ce qu\u2019il s\u2019est pass\u00e9 \u00e0 ALFMED<strong> au mois de Juin<\/strong><\/p>\n<p><strong>&gt;&gt; Accueil de 70 \u00e9tudiants Erasmus de l\u2019Europe enti\u00e8re ! <\/strong><\/p>\n<blockquote>\n<p style=\"text-align: left;\">Tout au long du mois, ALFMED a accueilli des \u00e9tudiants Erasmus venus du Portugal, d\u2019Italie, d\u2019Espagne, de Belgique, d\u2019Allemagne et du Danemark !<\/p>\n<\/blockquote>\n<p><strong>&gt;&gt; Examen de niveau B2 First Cambridge<\/strong><\/p>\n<\/div>\n<div dir=\"auto\">\n<blockquote><p>15 juin 2024 : Cinq candidates, \u00e2g\u00e9es de 12 \u00e0 17 ans, ont pass\u00e9 l&#8217;examen B2 First Cambridge \u00e0 ALFMED. Elles viennent des \u00e9tablissements St Jean Lasalle, St Louis de Gonzague, Jean Olibo et Maintenon.<\/p><\/blockquote>\n<p>Pendant cette matin\u00e9e, elles ont travaill\u00e9 sur les \u00e9preuves de :<\/p>\n<ul>\n<li>Reading, Use of English, Writing<\/li>\n<li>Listening<\/li>\n<li>Speaking<\/li>\n<\/ul>\n<\/div>\n<div dir=\"auto\">\n<p><strong>&gt;&gt; ALFMED a fait passer le CAMBRIDGE \u00e0 234 \u00e9l\u00e8ves de Jeanne d\u2019Arc<\/strong><\/p>\n<blockquote>\n<p style=\"text-align: left;\">17, 18 et 19 juin : des examens Cambridge sur trois jours pour tous nos \u00e9l\u00e8ves courageux !<\/p>\n<\/blockquote>\n<\/div>\n<div dir=\"auto\">\n<p><strong>&gt;&gt; Intensif stage de pr\u00e9paration DELE-Cambridge<\/strong><\/p>\n<\/div>\n<div dir=\"auto\">\n<blockquote><p>26 au 29 juin : 4 jours de pr\u00e9paration aux examens Espagnol et Anglais pour nos 10 \u00e9l\u00e8ves polyglottes<\/p><\/blockquote>\n<ul>\n<li>30 heures de cours collectifs<\/li>\n<li>Niveau requis : A2+ \/ B1<\/li>\n<li>Pour les jeunes de 13 \u00e0 16 ans<\/li>\n<\/ul>\n<p>Ces \u00e9v\u00e9nements soulignent notre engagement dans la formation linguistique, l&#8217;accueil des \u00e9tudiants Erasmus, et la coordination des examens, renfor\u00e7ant ainsi notre r\u00f4le dans l&#8217;\u00e9ducation linguistique.<\/p>\n<p>&nbsp;<\/p>\n<\/div>\n<div dir=\"auto\">\n<p><a href=\"https:\/\/www.facebook.com\/hashtag\/alfmed?__eep__=6&amp;__cft__%5b0%5d=AZU2VrYZHUvYWvAggUnzE9vBUtkIGDVzWT5lyYCfJQD_EolyJKWZpHZVXa6CIQYwFy6X9x3L0sntgozSAFRhImpb6xEKgLcOlKkdzMDAEwCxehhlIc-CNSppz8OPDwr97IQ&amp;__tn__=*NK-R\"><strong>#alfmed<\/strong><\/a><a href=\"https:\/\/www.facebook.com\/hashtag\/perpignan?__eep__=6&amp;__cft__%5b0%5d=AZU2VrYZHUvYWvAggUnzE9vBUtkIGDVzWT5lyYCfJQD_EolyJKWZpHZVXa6CIQYwFy6X9x3L0sntgozSAFRhImpb6xEKgLcOlKkdzMDAEwCxehhlIc-CNSppz8OPDwr97IQ&amp;__tn__=*NK-R\"><strong>#perpignan<\/strong><\/a><a href=\"https:\/\/www.facebook.com\/hashtag\/stages?__eep__=6&amp;__cft__%5b0%5d=AZU2VrYZHUvYWvAggUnzE9vBUtkIGDVzWT5lyYCfJQD_EolyJKWZpHZVXa6CIQYwFy6X9x3L0sntgozSAFRhImpb6xEKgLcOlKkdzMDAEwCxehhlIc-CNSppz8OPDwr97IQ&amp;__tn__=*NK-R\"><strong>#stages<\/strong><\/a><a href=\"https:\/\/www.facebook.com\/hashtag\/languages?__eep__=6&amp;__cft__%5b0%5d=AZU2VrYZHUvYWvAggUnzE9vBUtkIGDVzWT5lyYCfJQD_EolyJKWZpHZVXa6CIQYwFy6X9x3L0sntgozSAFRhImpb6xEKgLcOlKkdzMDAEwCxehhlIc-CNSppz8OPDwr97IQ&amp;__tn__=*NK-R\"><strong>#languages<\/strong><\/a><a href=\"https:\/\/www.facebook.com\/hashtag\/langues?__eep__=6&amp;__cft__%5b0%5d=AZU2VrYZHUvYWvAggUnzE9vBUtkIGDVzWT5lyYCfJQD_EolyJKWZpHZVXa6CIQYwFy6X9x3L0sntgozSAFRhImpb6xEKgLcOlKkdzMDAEwCxehhlIc-CNSppz8OPDwr97IQ&amp;__tn__=*NK-R\"><strong>#langues<\/strong><\/a><a href=\"https:\/\/www.facebook.com\/hashtag\/erasmus?__eep__=6&amp;__cft__%5b0%5d=AZU2VrYZHUvYWvAggUnzE9vBUtkIGDVzWT5lyYCfJQD_EolyJKWZpHZVXa6CIQYwFy6X9x3L0sntgozSAFRhImpb6xEKgLcOlKkdzMDAEwCxehhlIc-CNSppz8OPDwr97IQ&amp;__tn__=*NK-R\"><strong>#erasmus<\/strong><\/a><a href=\"https:\/\/www.facebook.com\/hashtag\/europe?__eep__=6&amp;__cft__%5b0%5d=AZU2VrYZHUvYWvAggUnzE9vBUtkIGDVzWT5lyYCfJQD_EolyJKWZpHZVXa6CIQYwFy6X9x3L0sntgozSAFRhImpb6xEKgLcOlKkdzMDAEwCxehhlIc-CNSppz8OPDwr97IQ&amp;__tn__=*NK-R\"><strong>#europe<\/strong><\/a> <a href=\"https:\/\/www.facebook.com\/hashtag\/pr%C3%A9paration?__eep__=6&amp;__cft__%5b0%5d=AZU2VrYZHUvYWvAggUnzE9vBUtkIGDVzWT5lyYCfJQD_EolyJKWZpHZVXa6CIQYwFy6X9x3L0sntgozSAFRhImpb6xEKgLcOlKkdzMDAEwCxehhlIc-CNSppz8OPDwr97IQ&amp;__tn__=*NK-R\"><strong>#pr\u00e9paration<\/strong><\/a><a href=\"https:\/\/www.facebook.com\/hashtag\/anglais?__eep__=6&amp;__cft__%5b0%5d=AZU2VrYZHUvYWvAggUnzE9vBUtkIGDVzWT5lyYCfJQD_EolyJKWZpHZVXa6CIQYwFy6X9x3L0sntgozSAFRhImpb6xEKgLcOlKkdzMDAEwCxehhlIc-CNSppz8OPDwr97IQ&amp;__tn__=*NK-R\"><strong>#anglais<\/strong><\/a><a href=\"https:\/\/www.facebook.com\/hashtag\/english?__eep__=6&amp;__cft__%5b0%5d=AZU2VrYZHUvYWvAggUnzE9vBUtkIGDVzWT5lyYCfJQD_EolyJKWZpHZVXa6CIQYwFy6X9x3L0sntgozSAFRhImpb6xEKgLcOlKkdzMDAEwCxehhlIc-CNSppz8OPDwr97IQ&amp;__tn__=*NK-R\"><strong>#english<\/strong><\/a> <a href=\"https:\/\/www.facebook.com\/hashtag\/italie?__eep__=6&amp;__cft__%5b0%5d=AZU2VrYZHUvYWvAggUnzE9vBUtkIGDVzWT5lyYCfJQD_EolyJKWZpHZVXa6CIQYwFy6X9x3L0sntgozSAFRhImpb6xEKgLcOlKkdzMDAEwCxehhlIc-CNSppz8OPDwr97IQ&amp;__tn__=*NK-R\"><strong>#angleterre<\/strong><\/a><strong> #tcf<\/strong><strong> #cambridge#DELE #espagnol #spanish #espagne<\/strong><\/p>\n<\/div>\n","protected":false},"excerpt":{"rendered":"<p>\ud83e\udd29 Voici un r\u00e9cap\u2019 de ce qu\u2019il s\u2019est pass\u00e9 \u00e0 ALFMED au mois de Juin &gt;&gt; Accueil de 70 \u00e9tudiants Erasmus de l\u2019Europe enti\u00e8re ! Tout au long du mois, ALFMED a accueilli des \u00e9tudiants Erasmus venus du Portugal, d\u2019Italie, d\u2019Espagne, de Belgique, d\u2019Allemagne et du Danemark ! &gt;&gt; Examen de niveau B2 First Cambridge [&hellip;]<\/p>\n","protected":false},"author":3,"featured_media":18785,"comment_status":"closed","ping_status":"closed","sticky":false,"template":"","format":"standard","meta":{"_acf_changed":false,"_et_pb_use_builder":"","_et_pb_old_content":"","_et_gb_content_width":"","footnotes":""},"categories":[130],"tags":[],"class_list":["post-17786","post","type-post","status-publish","format-standard","has-post-thumbnail","hentry","category-actualites"],"acf":[],"yoast_head":"<!-- This site is optimized with the Yoast SEO plugin v27.5 - https:\/\/yoast.com\/product\/yoast-seo-wordpress\/ -->\n<title>Ce qu&#039;il s&#039;est pass\u00e9 en JUIN \u00e0 ALFMED - Alfmed<\/title>\n<meta name=\"robots\" content=\"index, follow, max-snippet:-1, max-image-preview:large, max-video-preview:-1\" \/>\n<link rel=\"canonical\" href=\"https:\/\/perpignan.alfmed.com\/it\/actualites\/ce-quil-sest-passe-en-avril-a-alfmed\/\" \/>\n<meta property=\"og:locale\" content=\"it_IT\" \/>\n<meta property=\"og:type\" content=\"article\" \/>\n<meta property=\"og:title\" content=\"Ce qu&#039;il s&#039;est pass\u00e9 en JUIN \u00e0 ALFMED - Alfmed\" \/>\n<meta property=\"og:description\" content=\"\ud83e\udd29 Voici un r\u00e9cap\u2019 de ce qu\u2019il s\u2019est pass\u00e9 \u00e0 ALFMED au mois de Juin &gt;&gt; Accueil de 70 \u00e9tudiants Erasmus de l\u2019Europe enti\u00e8re ! Tout au long du mois, ALFMED a accueilli des \u00e9tudiants Erasmus venus du Portugal, d\u2019Italie, d\u2019Espagne, de Belgique, d\u2019Allemagne et du Danemark ! &gt;&gt; Examen de niveau B2 First Cambridge [&hellip;]\" \/>\n<meta property=\"og:url\" content=\"https:\/\/perpignan.alfmed.com\/it\/actualites\/ce-quil-sest-passe-en-avril-a-alfmed\/\" \/>\n<meta property=\"og:site_name\" content=\"Alfmed\" \/>\n<meta property=\"article:published_time\" content=\"2024-04-15T11:30:30+00:00\" \/>\n<meta property=\"article:modified_time\" content=\"2024-07-11T08:57:31+00:00\" \/>\n<meta property=\"og:image\" content=\"https:\/\/perpignan.alfmed.com\/wp-content\/uploads\/2024\/04\/ce-qui-sest-passe-en-4.png\" \/>\n\t<meta property=\"og:image:width\" content=\"1200\" \/>\n\t<meta property=\"og:image:height\" content=\"1500\" \/>\n\t<meta property=\"og:image:type\" content=\"image\/png\" \/>\n<meta name=\"author\" content=\"Alfmed\" \/>\n<meta name=\"twitter:card\" content=\"summary_large_image\" \/>\n<script type=\"application\/ld+json\" class=\"yoast-schema-graph\">{\"@context\":\"https:\\\/\\\/schema.org\",\"@graph\":[{\"@type\":\"Article\",\"@id\":\"https:\\\/\\\/perpignan.alfmed.com\\\/it\\\/actualites\\\/ce-quil-sest-passe-en-avril-a-alfmed\\\/#article\",\"isPartOf\":{\"@id\":\"https:\\\/\\\/perpignan.alfmed.com\\\/it\\\/actualites\\\/ce-quil-sest-passe-en-avril-a-alfmed\\\/\"},\"author\":{\"name\":\"Alfmed\",\"@id\":\"https:\\\/\\\/perpignan.alfmed.com\\\/it\\\/#\\\/schema\\\/person\\\/6718591f6785449d8fc528d9ad3cf52d\"},\"headline\":\"Ce qu&#8217;il s&#8217;est pass\u00e9 en JUIN \u00e0 ALFMED\",\"datePublished\":\"2024-04-15T11:30:30+00:00\",\"dateModified\":\"2024-07-11T08:57:31+00:00\",\"mainEntityOfPage\":{\"@id\":\"https:\\\/\\\/perpignan.alfmed.com\\\/it\\\/actualites\\\/ce-quil-sest-passe-en-avril-a-alfmed\\\/\"},\"wordCount\":231,\"image\":{\"@id\":\"https:\\\/\\\/perpignan.alfmed.com\\\/it\\\/actualites\\\/ce-quil-sest-passe-en-avril-a-alfmed\\\/#primaryimage\"},\"thumbnailUrl\":\"https:\\\/\\\/perpignan.alfmed.com\\\/wp-content\\\/uploads\\\/2024\\\/04\\\/ce-qui-sest-passe-en-4.png\",\"articleSection\":[\"Actualit\u00e9s\"],\"inLanguage\":\"it-IT\"},{\"@type\":\"WebPage\",\"@id\":\"https:\\\/\\\/perpignan.alfmed.com\\\/it\\\/actualites\\\/ce-quil-sest-passe-en-avril-a-alfmed\\\/\",\"url\":\"https:\\\/\\\/perpignan.alfmed.com\\\/it\\\/actualites\\\/ce-quil-sest-passe-en-avril-a-alfmed\\\/\",\"name\":\"Ce qu'il s'est pass\u00e9 en JUIN \u00e0 ALFMED - Alfmed\",\"isPartOf\":{\"@id\":\"https:\\\/\\\/perpignan.alfmed.com\\\/it\\\/#website\"},\"primaryImageOfPage\":{\"@id\":\"https:\\\/\\\/perpignan.alfmed.com\\\/it\\\/actualites\\\/ce-quil-sest-passe-en-avril-a-alfmed\\\/#primaryimage\"},\"image\":{\"@id\":\"https:\\\/\\\/perpignan.alfmed.com\\\/it\\\/actualites\\\/ce-quil-sest-passe-en-avril-a-alfmed\\\/#primaryimage\"},\"thumbnailUrl\":\"https:\\\/\\\/perpignan.alfmed.com\\\/wp-content\\\/uploads\\\/2024\\\/04\\\/ce-qui-sest-passe-en-4.png\",\"datePublished\":\"2024-04-15T11:30:30+00:00\",\"dateModified\":\"2024-07-11T08:57:31+00:00\",\"author\":{\"@id\":\"https:\\\/\\\/perpignan.alfmed.com\\\/it\\\/#\\\/schema\\\/person\\\/6718591f6785449d8fc528d9ad3cf52d\"},\"breadcrumb\":{\"@id\":\"https:\\\/\\\/perpignan.alfmed.com\\\/it\\\/actualites\\\/ce-quil-sest-passe-en-avril-a-alfmed\\\/#breadcrumb\"},\"inLanguage\":\"it-IT\",\"potentialAction\":[{\"@type\":\"ReadAction\",\"target\":[\"https:\\\/\\\/perpignan.alfmed.com\\\/it\\\/actualites\\\/ce-quil-sest-passe-en-avril-a-alfmed\\\/\"]}]},{\"@type\":\"ImageObject\",\"inLanguage\":\"it-IT\",\"@id\":\"https:\\\/\\\/perpignan.alfmed.com\\\/it\\\/actualites\\\/ce-quil-sest-passe-en-avril-a-alfmed\\\/#primaryimage\",\"url\":\"https:\\\/\\\/perpignan.alfmed.com\\\/wp-content\\\/uploads\\\/2024\\\/04\\\/ce-qui-sest-passe-en-4.png\",\"contentUrl\":\"https:\\\/\\\/perpignan.alfmed.com\\\/wp-content\\\/uploads\\\/2024\\\/04\\\/ce-qui-sest-passe-en-4.png\",\"width\":1200,\"height\":1500},{\"@type\":\"BreadcrumbList\",\"@id\":\"https:\\\/\\\/perpignan.alfmed.com\\\/it\\\/actualites\\\/ce-quil-sest-passe-en-avril-a-alfmed\\\/#breadcrumb\",\"itemListElement\":[{\"@type\":\"ListItem\",\"position\":1,\"name\":\"Home\",\"item\":\"https:\\\/\\\/perpignan.alfmed.com\\\/it\\\/\"},{\"@type\":\"ListItem\",\"position\":2,\"name\":\"Ce qu&#8217;il s&#8217;est pass\u00e9 en JUIN \u00e0 ALFMED\"}]},{\"@type\":\"WebSite\",\"@id\":\"https:\\\/\\\/perpignan.alfmed.com\\\/it\\\/#website\",\"url\":\"https:\\\/\\\/perpignan.alfmed.com\\\/it\\\/\",\"name\":\"Alfmed\",\"description\":\"EXPERTS EN LANGUES &amp; PROJETS EUROP\u00c9ENS\",\"potentialAction\":[{\"@type\":\"SearchAction\",\"target\":{\"@type\":\"EntryPoint\",\"urlTemplate\":\"https:\\\/\\\/perpignan.alfmed.com\\\/it\\\/?s={search_term_string}\"},\"query-input\":{\"@type\":\"PropertyValueSpecification\",\"valueRequired\":true,\"valueName\":\"search_term_string\"}}],\"inLanguage\":\"it-IT\"},{\"@type\":\"Person\",\"@id\":\"https:\\\/\\\/perpignan.alfmed.com\\\/it\\\/#\\\/schema\\\/person\\\/6718591f6785449d8fc528d9ad3cf52d\",\"name\":\"Alfmed\",\"url\":\"https:\\\/\\\/perpignan.alfmed.com\\\/it\\\/author\\\/admalfmed\\\/\"}]}<\/script>\n<!-- \/ Yoast SEO plugin. -->","yoast_head_json":{"title":"Ce qu'il s'est pass\u00e9 en JUIN \u00e0 ALFMED - Alfmed","robots":{"index":"index","follow":"follow","max-snippet":"max-snippet:-1","max-image-preview":"max-image-preview:large","max-video-preview":"max-video-preview:-1"},"canonical":"https:\/\/perpignan.alfmed.com\/it\/actualites\/ce-quil-sest-passe-en-avril-a-alfmed\/","og_locale":"it_IT","og_type":"article","og_title":"Ce qu'il s'est pass\u00e9 en JUIN \u00e0 ALFMED - Alfmed","og_description":"\ud83e\udd29 Voici un r\u00e9cap\u2019 de ce qu\u2019il s\u2019est pass\u00e9 \u00e0 ALFMED au mois de Juin &gt;&gt; Accueil de 70 \u00e9tudiants Erasmus de l\u2019Europe enti\u00e8re ! Tout au long du mois, ALFMED a accueilli des \u00e9tudiants Erasmus venus du Portugal, d\u2019Italie, d\u2019Espagne, de Belgique, d\u2019Allemagne et du Danemark ! &gt;&gt; Examen de niveau B2 First Cambridge [&hellip;]","og_url":"https:\/\/perpignan.alfmed.com\/it\/actualites\/ce-quil-sest-passe-en-avril-a-alfmed\/","og_site_name":"Alfmed","article_published_time":"2024-04-15T11:30:30+00:00","article_modified_time":"2024-07-11T08:57:31+00:00","og_image":[{"width":1200,"height":1500,"url":"https:\/\/perpignan.alfmed.com\/wp-content\/uploads\/2024\/04\/ce-qui-sest-passe-en-4.png","type":"image\/png"}],"author":"Alfmed","twitter_card":"summary_large_image","schema":{"@context":"https:\/\/schema.org","@graph":[{"@type":"Article","@id":"https:\/\/perpignan.alfmed.com\/it\/actualites\/ce-quil-sest-passe-en-avril-a-alfmed\/#article","isPartOf":{"@id":"https:\/\/perpignan.alfmed.com\/it\/actualites\/ce-quil-sest-passe-en-avril-a-alfmed\/"},"author":{"name":"Alfmed","@id":"https:\/\/perpignan.alfmed.com\/it\/#\/schema\/person\/6718591f6785449d8fc528d9ad3cf52d"},"headline":"Ce qu&#8217;il s&#8217;est pass\u00e9 en JUIN \u00e0 ALFMED","datePublished":"2024-04-15T11:30:30+00:00","dateModified":"2024-07-11T08:57:31+00:00","mainEntityOfPage":{"@id":"https:\/\/perpignan.alfmed.com\/it\/actualites\/ce-quil-sest-passe-en-avril-a-alfmed\/"},"wordCount":231,"image":{"@id":"https:\/\/perpignan.alfmed.com\/it\/actualites\/ce-quil-sest-passe-en-avril-a-alfmed\/#primaryimage"},"thumbnailUrl":"https:\/\/perpignan.alfmed.com\/wp-content\/uploads\/2024\/04\/ce-qui-sest-passe-en-4.png","articleSection":["Actualit\u00e9s"],"inLanguage":"it-IT"},{"@type":"WebPage","@id":"https:\/\/perpignan.alfmed.com\/it\/actualites\/ce-quil-sest-passe-en-avril-a-alfmed\/","url":"https:\/\/perpignan.alfmed.com\/it\/actualites\/ce-quil-sest-passe-en-avril-a-alfmed\/","name":"Ce qu'il s'est pass\u00e9 en JUIN \u00e0 ALFMED - Alfmed","isPartOf":{"@id":"https:\/\/perpignan.alfmed.com\/it\/#website"},"primaryImageOfPage":{"@id":"https:\/\/perpignan.alfmed.com\/it\/actualites\/ce-quil-sest-passe-en-avril-a-alfmed\/#primaryimage"},"image":{"@id":"https:\/\/perpignan.alfmed.com\/it\/actualites\/ce-quil-sest-passe-en-avril-a-alfmed\/#primaryimage"},"thumbnailUrl":"https:\/\/perpignan.alfmed.com\/wp-content\/uploads\/2024\/04\/ce-qui-sest-passe-en-4.png","datePublished":"2024-04-15T11:30:30+00:00","dateModified":"2024-07-11T08:57:31+00:00","author":{"@id":"https:\/\/perpignan.alfmed.com\/it\/#\/schema\/person\/6718591f6785449d8fc528d9ad3cf52d"},"breadcrumb":{"@id":"https:\/\/perpignan.alfmed.com\/it\/actualites\/ce-quil-sest-passe-en-avril-a-alfmed\/#breadcrumb"},"inLanguage":"it-IT","potentialAction":[{"@type":"ReadAction","target":["https:\/\/perpignan.alfmed.com\/it\/actualites\/ce-quil-sest-passe-en-avril-a-alfmed\/"]}]},{"@type":"ImageObject","inLanguage":"it-IT","@id":"https:\/\/perpignan.alfmed.com\/it\/actualites\/ce-quil-sest-passe-en-avril-a-alfmed\/#primaryimage","url":"https:\/\/perpignan.alfmed.com\/wp-content\/uploads\/2024\/04\/ce-qui-sest-passe-en-4.png","contentUrl":"https:\/\/perpignan.alfmed.com\/wp-content\/uploads\/2024\/04\/ce-qui-sest-passe-en-4.png","width":1200,"height":1500},{"@type":"BreadcrumbList","@id":"https:\/\/perpignan.alfmed.com\/it\/actualites\/ce-quil-sest-passe-en-avril-a-alfmed\/#breadcrumb","itemListElement":[{"@type":"ListItem","position":1,"name":"Home","item":"https:\/\/perpignan.alfmed.com\/it\/"},{"@type":"ListItem","position":2,"name":"Ce qu&#8217;il s&#8217;est pass\u00e9 en JUIN \u00e0 ALFMED"}]},{"@type":"WebSite","@id":"https:\/\/perpignan.alfmed.com\/it\/#website","url":"https:\/\/perpignan.alfmed.com\/it\/","name":"Alfmed","description":"EXPERTS EN LANGUES &amp; PROJETS EUROP\u00c9ENS","potentialAction":[{"@type":"SearchAction","target":{"@type":"EntryPoint","urlTemplate":"https:\/\/perpignan.alfmed.com\/it\/?s={search_term_string}"},"query-input":{"@type":"PropertyValueSpecification","valueRequired":true,"valueName":"search_term_string"}}],"inLanguage":"it-IT"},{"@type":"Person","@id":"https:\/\/perpignan.alfmed.com\/it\/#\/schema\/person\/6718591f6785449d8fc528d9ad3cf52d","name":"Alfmed","url":"https:\/\/perpignan.alfmed.com\/it\/author\/admalfmed\/"}]}},"_links":{"self":[{"href":"https:\/\/perpignan.alfmed.com\/it\/wp-json\/wp\/v2\/posts\/17786","targetHints":{"allow":["GET"]}}],"collection":[{"href":"https:\/\/perpignan.alfmed.com\/it\/wp-json\/wp\/v2\/posts"}],"about":[{"href":"https:\/\/perpignan.alfmed.com\/it\/wp-json\/wp\/v2\/types\/post"}],"author":[{"embeddable":true,"href":"https:\/\/perpignan.alfmed.com\/it\/wp-json\/wp\/v2\/users\/3"}],"replies":[{"embeddable":true,"href":"https:\/\/perpignan.alfmed.com\/it\/wp-json\/wp\/v2\/comments?post=17786"}],"version-history":[{"count":3,"href":"https:\/\/perpignan.alfmed.com\/it\/wp-json\/wp\/v2\/posts\/17786\/revisions"}],"predecessor-version":[{"id":18817,"href":"https:\/\/perpignan.alfmed.com\/it\/wp-json\/wp\/v2\/posts\/17786\/revisions\/18817"}],"wp:featuredmedia":[{"embeddable":true,"href":"https:\/\/perpignan.alfmed.com\/it\/wp-json\/wp\/v2\/media\/18785"}],"wp:attachment":[{"href":"https:\/\/perpignan.alfmed.com\/it\/wp-json\/wp\/v2\/media?parent=17786"}],"wp:term":[{"taxonomy":"category","embeddable":true,"href":"https:\/\/perpignan.alfmed.com\/it\/wp-json\/wp\/v2\/categories?post=17786"},{"taxonomy":"post_tag","embeddable":true,"href":"https:\/\/perpignan.alfmed.com\/it\/wp-json\/wp\/v2\/tags?post=17786"}],"curies":[{"name":"wp","href":"https:\/\/api.w.org\/{rel}","templated":true}]}}