{"id":15140,"date":"2023-08-23T13:17:18","date_gmt":"2023-08-23T13:17:18","guid":{"rendered":"https:\/\/perpignan.alfmed.com\/?p=15140"},"modified":"2023-08-23T13:17:18","modified_gmt":"2023-08-23T13:17:18","slug":"interview-stagiaires-erasmus-allemandes","status":"publish","type":"post","link":"https:\/\/perpignan.alfmed.com\/it\/actualites\/interview-stagiaires-erasmus-allemandes\/","title":{"rendered":"Interview stagiaires Erasmus allemandes"},"content":{"rendered":"<div class=\"\" data-block=\"true\" data-editor=\"128lo\" data-offset-key=\"h384-0-0\">\n<div class=\"_1mf _1mj\" data-offset-key=\"h384-0-0\"><span data-offset-key=\"h384-0-0\">\u2728\u2728 Voici une interview de plusieurs stagiaires Allemandes qui \u00e9taient en Erasmus \u00e0 Perpignan cet \u00e9t\u00e9.<\/span><\/div>\n<div class=\"_1mf _1mj\" data-offset-key=\"h384-0-0\"><span data-offset-key=\"h384-0-0\">Merci \u00e0 <\/span><span class=\"_247o\" data-offset-key=\"h384-1-0\"><span data-offset-key=\"h384-1-0\">WHERE STORE<\/span><\/span><span data-offset-key=\"h384-2-0\">, Laboratoire Roig-Centella <\/span><span data-offset-key=\"h384-4-0\">&amp; Atelier Dryades de les avoir accueillies \ud83e\udd70<\/span><\/div>\n<\/div>\n<div class=\"\" data-block=\"true\" data-editor=\"128lo\" data-offset-key=\"9k9gm-0-0\">\n<div class=\"_1mf _1mj\" data-offset-key=\"9k9gm-0-0\"><span data-offset-key=\"9k9gm-0-0\">\u00a0<\/span><\/div>\n<\/div>\n<div class=\"\" data-block=\"true\" data-editor=\"128lo\" data-offset-key=\"aku7g-0-0\">\n<div data-offset-key=\"aku7g-0-0\">\n<p><iframe loading=\"lazy\" title=\"Interview Erasmus- stage - ALFMED Perpignan\" width=\"1080\" height=\"810\" src=\"https:\/\/www.youtube.com\/embed\/yMyl0wSu4GY?feature=oembed\"  allow=\"accelerometer; autoplay; clipboard-write; encrypted-media; gyroscope; picture-in-picture; web-share\" allowfullscreen><\/iframe><\/p>\n<\/div>\n<\/div>\n","protected":false},"excerpt":{"rendered":"<p>\u2728\u2728 Voici une interview de plusieurs stagiaires Allemandes qui \u00e9taient en Erasmus \u00e0 Perpignan cet \u00e9t\u00e9. Merci \u00e0 WHERE STORE, Laboratoire Roig-Centella &amp; Atelier Dryades de les avoir accueillies \ud83e\udd70 \u00a0<\/p>\n","protected":false},"author":3,"featured_media":15141,"comment_status":"closed","ping_status":"closed","sticky":false,"template":"","format":"standard","meta":{"_acf_changed":false,"_et_pb_use_builder":"","_et_pb_old_content":"","_et_gb_content_width":"","footnotes":""},"categories":[130,33],"tags":[],"class_list":["post-15140","post","type-post","status-publish","format-standard","has-post-thumbnail","hentry","category-actualites","category-erasmus"],"acf":[],"yoast_head":"<!-- This site is optimized with the Yoast SEO plugin v27.5 - https:\/\/yoast.com\/product\/yoast-seo-wordpress\/ -->\n<title>Interview stagiaires Erasmus allemandes - Alfmed<\/title>\n<meta name=\"description\" content=\"Voici une interview de stagiaires Allemandes en Erasmus \u00e0 Perpignan cet \u00e9t\u00e9. Merci \u00e0 WHERE STORE, Laboratoire Roig-Centella &amp; Atelier Dryades\" \/>\n<meta name=\"robots\" content=\"index, follow, max-snippet:-1, max-image-preview:large, max-video-preview:-1\" \/>\n<link rel=\"canonical\" href=\"https:\/\/perpignan.alfmed.com\/it\/actualites\/interview-stagiaires-erasmus-allemandes\/\" \/>\n<meta property=\"og:locale\" content=\"it_IT\" \/>\n<meta property=\"og:type\" content=\"article\" \/>\n<meta property=\"og:title\" content=\"Interview stagiaires Erasmus allemandes - Alfmed\" \/>\n<meta property=\"og:description\" content=\"Voici une interview de stagiaires Allemandes en Erasmus \u00e0 Perpignan cet \u00e9t\u00e9. Merci \u00e0 WHERE STORE, Laboratoire Roig-Centella &amp; Atelier Dryades\" \/>\n<meta property=\"og:url\" content=\"https:\/\/perpignan.alfmed.com\/it\/actualites\/interview-stagiaires-erasmus-allemandes\/\" \/>\n<meta property=\"og:site_name\" content=\"Alfmed\" \/>\n<meta property=\"article:published_time\" content=\"2023-08-23T13:17:18+00:00\" \/>\n<meta property=\"og:image\" content=\"https:\/\/perpignan.alfmed.com\/wp-content\/uploads\/2023\/08\/WhatsApp-Image-2023-05-d24-a-14.55.31.jpg\" \/>\n\t<meta property=\"og:image:width\" content=\"1024\" \/>\n\t<meta property=\"og:image:height\" content=\"768\" \/>\n\t<meta property=\"og:image:type\" content=\"image\/jpeg\" \/>\n<meta name=\"author\" content=\"Alfmed\" \/>\n<meta name=\"twitter:card\" content=\"summary_large_image\" \/>\n<script type=\"application\/ld+json\" class=\"yoast-schema-graph\">{\"@context\":\"https:\\\/\\\/schema.org\",\"@graph\":[{\"@type\":\"Article\",\"@id\":\"https:\\\/\\\/perpignan.alfmed.com\\\/it\\\/actualites\\\/interview-stagiaires-erasmus-allemandes\\\/#article\",\"isPartOf\":{\"@id\":\"https:\\\/\\\/perpignan.alfmed.com\\\/it\\\/actualites\\\/interview-stagiaires-erasmus-allemandes\\\/\"},\"author\":{\"name\":\"Alfmed\",\"@id\":\"https:\\\/\\\/perpignan.alfmed.com\\\/it\\\/#\\\/schema\\\/person\\\/6718591f6785449d8fc528d9ad3cf52d\"},\"headline\":\"Interview stagiaires Erasmus allemandes\",\"datePublished\":\"2023-08-23T13:17:18+00:00\",\"mainEntityOfPage\":{\"@id\":\"https:\\\/\\\/perpignan.alfmed.com\\\/it\\\/actualites\\\/interview-stagiaires-erasmus-allemandes\\\/\"},\"wordCount\":38,\"image\":{\"@id\":\"https:\\\/\\\/perpignan.alfmed.com\\\/it\\\/actualites\\\/interview-stagiaires-erasmus-allemandes\\\/#primaryimage\"},\"thumbnailUrl\":\"https:\\\/\\\/perpignan.alfmed.com\\\/wp-content\\\/uploads\\\/2023\\\/08\\\/WhatsApp-Image-2023-05-d24-a-14.55.31.jpg\",\"articleSection\":[\"Actualit\u00e9s\",\"Erasmus\"],\"inLanguage\":\"it-IT\"},{\"@type\":\"WebPage\",\"@id\":\"https:\\\/\\\/perpignan.alfmed.com\\\/it\\\/actualites\\\/interview-stagiaires-erasmus-allemandes\\\/\",\"url\":\"https:\\\/\\\/perpignan.alfmed.com\\\/it\\\/actualites\\\/interview-stagiaires-erasmus-allemandes\\\/\",\"name\":\"Interview stagiaires Erasmus allemandes - Alfmed\",\"isPartOf\":{\"@id\":\"https:\\\/\\\/perpignan.alfmed.com\\\/it\\\/#website\"},\"primaryImageOfPage\":{\"@id\":\"https:\\\/\\\/perpignan.alfmed.com\\\/it\\\/actualites\\\/interview-stagiaires-erasmus-allemandes\\\/#primaryimage\"},\"image\":{\"@id\":\"https:\\\/\\\/perpignan.alfmed.com\\\/it\\\/actualites\\\/interview-stagiaires-erasmus-allemandes\\\/#primaryimage\"},\"thumbnailUrl\":\"https:\\\/\\\/perpignan.alfmed.com\\\/wp-content\\\/uploads\\\/2023\\\/08\\\/WhatsApp-Image-2023-05-d24-a-14.55.31.jpg\",\"datePublished\":\"2023-08-23T13:17:18+00:00\",\"author\":{\"@id\":\"https:\\\/\\\/perpignan.alfmed.com\\\/it\\\/#\\\/schema\\\/person\\\/6718591f6785449d8fc528d9ad3cf52d\"},\"description\":\"Voici une interview de stagiaires Allemandes en Erasmus \u00e0 Perpignan cet \u00e9t\u00e9. Merci \u00e0 WHERE STORE, Laboratoire Roig-Centella & Atelier Dryades\",\"breadcrumb\":{\"@id\":\"https:\\\/\\\/perpignan.alfmed.com\\\/it\\\/actualites\\\/interview-stagiaires-erasmus-allemandes\\\/#breadcrumb\"},\"inLanguage\":\"it-IT\",\"potentialAction\":[{\"@type\":\"ReadAction\",\"target\":[\"https:\\\/\\\/perpignan.alfmed.com\\\/it\\\/actualites\\\/interview-stagiaires-erasmus-allemandes\\\/\"]}]},{\"@type\":\"ImageObject\",\"inLanguage\":\"it-IT\",\"@id\":\"https:\\\/\\\/perpignan.alfmed.com\\\/it\\\/actualites\\\/interview-stagiaires-erasmus-allemandes\\\/#primaryimage\",\"url\":\"https:\\\/\\\/perpignan.alfmed.com\\\/wp-content\\\/uploads\\\/2023\\\/08\\\/WhatsApp-Image-2023-05-d24-a-14.55.31.jpg\",\"contentUrl\":\"https:\\\/\\\/perpignan.alfmed.com\\\/wp-content\\\/uploads\\\/2023\\\/08\\\/WhatsApp-Image-2023-05-d24-a-14.55.31.jpg\",\"width\":1024,\"height\":768},{\"@type\":\"BreadcrumbList\",\"@id\":\"https:\\\/\\\/perpignan.alfmed.com\\\/it\\\/actualites\\\/interview-stagiaires-erasmus-allemandes\\\/#breadcrumb\",\"itemListElement\":[{\"@type\":\"ListItem\",\"position\":1,\"name\":\"Home\",\"item\":\"https:\\\/\\\/perpignan.alfmed.com\\\/it\\\/\"},{\"@type\":\"ListItem\",\"position\":2,\"name\":\"Interview stagiaires Erasmus allemandes\"}]},{\"@type\":\"WebSite\",\"@id\":\"https:\\\/\\\/perpignan.alfmed.com\\\/it\\\/#website\",\"url\":\"https:\\\/\\\/perpignan.alfmed.com\\\/it\\\/\",\"name\":\"Alfmed\",\"description\":\"EXPERTS EN LANGUES &amp; PROJETS EUROP\u00c9ENS\",\"potentialAction\":[{\"@type\":\"SearchAction\",\"target\":{\"@type\":\"EntryPoint\",\"urlTemplate\":\"https:\\\/\\\/perpignan.alfmed.com\\\/it\\\/?s={search_term_string}\"},\"query-input\":{\"@type\":\"PropertyValueSpecification\",\"valueRequired\":true,\"valueName\":\"search_term_string\"}}],\"inLanguage\":\"it-IT\"},{\"@type\":\"Person\",\"@id\":\"https:\\\/\\\/perpignan.alfmed.com\\\/it\\\/#\\\/schema\\\/person\\\/6718591f6785449d8fc528d9ad3cf52d\",\"name\":\"Alfmed\",\"url\":\"https:\\\/\\\/perpignan.alfmed.com\\\/it\\\/author\\\/admalfmed\\\/\"}]}<\/script>\n<!-- \/ Yoast SEO plugin. -->","yoast_head_json":{"title":"Interview stagiaires Erasmus allemandes - Alfmed","description":"Voici une interview de stagiaires Allemandes en Erasmus \u00e0 Perpignan cet \u00e9t\u00e9. Merci \u00e0 WHERE STORE, Laboratoire Roig-Centella & Atelier Dryades","robots":{"index":"index","follow":"follow","max-snippet":"max-snippet:-1","max-image-preview":"max-image-preview:large","max-video-preview":"max-video-preview:-1"},"canonical":"https:\/\/perpignan.alfmed.com\/it\/actualites\/interview-stagiaires-erasmus-allemandes\/","og_locale":"it_IT","og_type":"article","og_title":"Interview stagiaires Erasmus allemandes - Alfmed","og_description":"Voici une interview de stagiaires Allemandes en Erasmus \u00e0 Perpignan cet \u00e9t\u00e9. Merci \u00e0 WHERE STORE, Laboratoire Roig-Centella & Atelier Dryades","og_url":"https:\/\/perpignan.alfmed.com\/it\/actualites\/interview-stagiaires-erasmus-allemandes\/","og_site_name":"Alfmed","article_published_time":"2023-08-23T13:17:18+00:00","og_image":[{"width":1024,"height":768,"url":"https:\/\/perpignan.alfmed.com\/wp-content\/uploads\/2023\/08\/WhatsApp-Image-2023-05-d24-a-14.55.31.jpg","type":"image\/jpeg"}],"author":"Alfmed","twitter_card":"summary_large_image","schema":{"@context":"https:\/\/schema.org","@graph":[{"@type":"Article","@id":"https:\/\/perpignan.alfmed.com\/it\/actualites\/interview-stagiaires-erasmus-allemandes\/#article","isPartOf":{"@id":"https:\/\/perpignan.alfmed.com\/it\/actualites\/interview-stagiaires-erasmus-allemandes\/"},"author":{"name":"Alfmed","@id":"https:\/\/perpignan.alfmed.com\/it\/#\/schema\/person\/6718591f6785449d8fc528d9ad3cf52d"},"headline":"Interview stagiaires Erasmus allemandes","datePublished":"2023-08-23T13:17:18+00:00","mainEntityOfPage":{"@id":"https:\/\/perpignan.alfmed.com\/it\/actualites\/interview-stagiaires-erasmus-allemandes\/"},"wordCount":38,"image":{"@id":"https:\/\/perpignan.alfmed.com\/it\/actualites\/interview-stagiaires-erasmus-allemandes\/#primaryimage"},"thumbnailUrl":"https:\/\/perpignan.alfmed.com\/wp-content\/uploads\/2023\/08\/WhatsApp-Image-2023-05-d24-a-14.55.31.jpg","articleSection":["Actualit\u00e9s","Erasmus"],"inLanguage":"it-IT"},{"@type":"WebPage","@id":"https:\/\/perpignan.alfmed.com\/it\/actualites\/interview-stagiaires-erasmus-allemandes\/","url":"https:\/\/perpignan.alfmed.com\/it\/actualites\/interview-stagiaires-erasmus-allemandes\/","name":"Interview stagiaires Erasmus allemandes - Alfmed","isPartOf":{"@id":"https:\/\/perpignan.alfmed.com\/it\/#website"},"primaryImageOfPage":{"@id":"https:\/\/perpignan.alfmed.com\/it\/actualites\/interview-stagiaires-erasmus-allemandes\/#primaryimage"},"image":{"@id":"https:\/\/perpignan.alfmed.com\/it\/actualites\/interview-stagiaires-erasmus-allemandes\/#primaryimage"},"thumbnailUrl":"https:\/\/perpignan.alfmed.com\/wp-content\/uploads\/2023\/08\/WhatsApp-Image-2023-05-d24-a-14.55.31.jpg","datePublished":"2023-08-23T13:17:18+00:00","author":{"@id":"https:\/\/perpignan.alfmed.com\/it\/#\/schema\/person\/6718591f6785449d8fc528d9ad3cf52d"},"description":"Voici une interview de stagiaires Allemandes en Erasmus \u00e0 Perpignan cet \u00e9t\u00e9. Merci \u00e0 WHERE STORE, Laboratoire Roig-Centella & Atelier Dryades","breadcrumb":{"@id":"https:\/\/perpignan.alfmed.com\/it\/actualites\/interview-stagiaires-erasmus-allemandes\/#breadcrumb"},"inLanguage":"it-IT","potentialAction":[{"@type":"ReadAction","target":["https:\/\/perpignan.alfmed.com\/it\/actualites\/interview-stagiaires-erasmus-allemandes\/"]}]},{"@type":"ImageObject","inLanguage":"it-IT","@id":"https:\/\/perpignan.alfmed.com\/it\/actualites\/interview-stagiaires-erasmus-allemandes\/#primaryimage","url":"https:\/\/perpignan.alfmed.com\/wp-content\/uploads\/2023\/08\/WhatsApp-Image-2023-05-d24-a-14.55.31.jpg","contentUrl":"https:\/\/perpignan.alfmed.com\/wp-content\/uploads\/2023\/08\/WhatsApp-Image-2023-05-d24-a-14.55.31.jpg","width":1024,"height":768},{"@type":"BreadcrumbList","@id":"https:\/\/perpignan.alfmed.com\/it\/actualites\/interview-stagiaires-erasmus-allemandes\/#breadcrumb","itemListElement":[{"@type":"ListItem","position":1,"name":"Home","item":"https:\/\/perpignan.alfmed.com\/it\/"},{"@type":"ListItem","position":2,"name":"Interview stagiaires Erasmus allemandes"}]},{"@type":"WebSite","@id":"https:\/\/perpignan.alfmed.com\/it\/#website","url":"https:\/\/perpignan.alfmed.com\/it\/","name":"Alfmed","description":"EXPERTS EN LANGUES &amp; PROJETS EUROP\u00c9ENS","potentialAction":[{"@type":"SearchAction","target":{"@type":"EntryPoint","urlTemplate":"https:\/\/perpignan.alfmed.com\/it\/?s={search_term_string}"},"query-input":{"@type":"PropertyValueSpecification","valueRequired":true,"valueName":"search_term_string"}}],"inLanguage":"it-IT"},{"@type":"Person","@id":"https:\/\/perpignan.alfmed.com\/it\/#\/schema\/person\/6718591f6785449d8fc528d9ad3cf52d","name":"Alfmed","url":"https:\/\/perpignan.alfmed.com\/it\/author\/admalfmed\/"}]}},"_links":{"self":[{"href":"https:\/\/perpignan.alfmed.com\/it\/wp-json\/wp\/v2\/posts\/15140","targetHints":{"allow":["GET"]}}],"collection":[{"href":"https:\/\/perpignan.alfmed.com\/it\/wp-json\/wp\/v2\/posts"}],"about":[{"href":"https:\/\/perpignan.alfmed.com\/it\/wp-json\/wp\/v2\/types\/post"}],"author":[{"embeddable":true,"href":"https:\/\/perpignan.alfmed.com\/it\/wp-json\/wp\/v2\/users\/3"}],"replies":[{"embeddable":true,"href":"https:\/\/perpignan.alfmed.com\/it\/wp-json\/wp\/v2\/comments?post=15140"}],"version-history":[{"count":1,"href":"https:\/\/perpignan.alfmed.com\/it\/wp-json\/wp\/v2\/posts\/15140\/revisions"}],"predecessor-version":[{"id":15145,"href":"https:\/\/perpignan.alfmed.com\/it\/wp-json\/wp\/v2\/posts\/15140\/revisions\/15145"}],"wp:featuredmedia":[{"embeddable":true,"href":"https:\/\/perpignan.alfmed.com\/it\/wp-json\/wp\/v2\/media\/15141"}],"wp:attachment":[{"href":"https:\/\/perpignan.alfmed.com\/it\/wp-json\/wp\/v2\/media?parent=15140"}],"wp:term":[{"taxonomy":"category","embeddable":true,"href":"https:\/\/perpignan.alfmed.com\/it\/wp-json\/wp\/v2\/categories?post=15140"},{"taxonomy":"post_tag","embeddable":true,"href":"https:\/\/perpignan.alfmed.com\/it\/wp-json\/wp\/v2\/tags?post=15140"}],"curies":[{"name":"wp","href":"https:\/\/api.w.org\/{rel}","templated":true}]}}