{"id":14207,"date":"2023-03-24T14:17:35","date_gmt":"2023-03-24T14:17:35","guid":{"rendered":"https:\/\/perpignan.alfmed.com\/?p=14207"},"modified":"2023-07-24T14:18:04","modified_gmt":"2023-07-24T14:18:04","slug":"florence-delseny-sobra-une-femme-de-convictions","status":"publish","type":"post","link":"https:\/\/perpignan.alfmed.com\/it\/presse-et-media\/florence-delseny-sobra-une-femme-de-convictions\/","title":{"rendered":"Florence Delseny Sobra : une femme de convictions"},"content":{"rendered":"<p>Dans le monde du business, son nom r\u00e9sonne comme celui d&#8217;une femme d\u00e9termin\u00e9e, engag\u00e9e et toujours pleine d&#8217;initiatives. Avec \u00e9l\u00e9gance et professionnalisme, Florence Delseny-Sobra fait bouger les lignes du monde de l&#8217;entreprenariat. Nous l&#8217;avons rencontr\u00e9e dans les locaux d&#8217;Alfmed, la soci\u00e9t\u00e9 qu&#8217;elle a mont\u00e9e et qu&#8217;elle g\u00e8re avec une \u00e9nergie\u00a0sans\u00a0faille.<\/p>\n<p><a href=\"https:\/\/www.calameo.com\/read\/0073067529b9f53578489\">Lire l&#8217;article complet ici\u00a0<\/a><\/p>\n","protected":false},"excerpt":{"rendered":"<p>Dans le monde du business, son nom r\u00e9sonne comme celui d&#8217;une femme d\u00e9termin\u00e9e, engag\u00e9e et toujours pleine d&#8217;initiatives. Avec \u00e9l\u00e9gance et professionnalisme, Florence Delseny-Sobra fait bouger les lignes du monde de l&#8217;entreprenariat. Nous l&#8217;avons rencontr\u00e9e dans les locaux d&#8217;Alfmed, la soci\u00e9t\u00e9 qu&#8217;elle a mont\u00e9e et qu&#8217;elle g\u00e8re avec une \u00e9nergie\u00a0sans\u00a0faille. Lire l&#8217;article complet ici\u00a0<\/p>\n","protected":false},"author":3,"featured_media":14218,"comment_status":"closed","ping_status":"closed","sticky":false,"template":"","format":"standard","meta":{"_acf_changed":false,"_et_pb_use_builder":"","_et_pb_old_content":"","_et_gb_content_width":"","footnotes":""},"categories":[130,34],"tags":[],"class_list":["post-14207","post","type-post","status-publish","format-standard","has-post-thumbnail","hentry","category-actualites","category-presse-et-media"],"acf":[],"yoast_head":"<!-- This site is optimized with the Yoast SEO plugin v27.5 - https:\/\/yoast.com\/product\/yoast-seo-wordpress\/ -->\n<title>Florence Delseny Sobra : une femme de convictions - Alfmed<\/title>\n<meta name=\"robots\" content=\"index, follow, max-snippet:-1, max-image-preview:large, max-video-preview:-1\" \/>\n<link rel=\"canonical\" href=\"https:\/\/perpignan.alfmed.com\/it\/presse-et-media\/florence-delseny-sobra-une-femme-de-convictions\/\" \/>\n<meta property=\"og:locale\" content=\"it_IT\" \/>\n<meta property=\"og:type\" content=\"article\" \/>\n<meta property=\"og:title\" content=\"Florence Delseny Sobra : une femme de convictions - Alfmed\" \/>\n<meta property=\"og:description\" content=\"Dans le monde du business, son nom r\u00e9sonne comme celui d&#8217;une femme d\u00e9termin\u00e9e, engag\u00e9e et toujours pleine d&#8217;initiatives. Avec \u00e9l\u00e9gance et professionnalisme, Florence Delseny-Sobra fait bouger les lignes du monde de l&#8217;entreprenariat. Nous l&#8217;avons rencontr\u00e9e dans les locaux d&#8217;Alfmed, la soci\u00e9t\u00e9 qu&#8217;elle a mont\u00e9e et qu&#8217;elle g\u00e8re avec une \u00e9nergie\u00a0sans\u00a0faille. Lire l&#8217;article complet ici\u00a0\" \/>\n<meta property=\"og:url\" content=\"https:\/\/perpignan.alfmed.com\/it\/presse-et-media\/florence-delseny-sobra-une-femme-de-convictions\/\" \/>\n<meta property=\"og:site_name\" content=\"Alfmed\" \/>\n<meta property=\"article:published_time\" content=\"2023-03-24T14:17:35+00:00\" \/>\n<meta property=\"article:modified_time\" content=\"2023-07-24T14:18:04+00:00\" \/>\n<meta property=\"og:image\" content=\"https:\/\/perpignan.alfmed.com\/wp-content\/uploads\/2023\/07\/L1020542-1-scaled.jpg\" \/>\n\t<meta property=\"og:image:width\" content=\"1920\" \/>\n\t<meta property=\"og:image:height\" content=\"2880\" \/>\n\t<meta property=\"og:image:type\" content=\"image\/jpeg\" \/>\n<meta name=\"author\" content=\"Alfmed\" \/>\n<meta name=\"twitter:card\" content=\"summary_large_image\" \/>\n<script type=\"application\/ld+json\" class=\"yoast-schema-graph\">{\"@context\":\"https:\\\/\\\/schema.org\",\"@graph\":[{\"@type\":\"Article\",\"@id\":\"https:\\\/\\\/perpignan.alfmed.com\\\/it\\\/presse-et-media\\\/florence-delseny-sobra-une-femme-de-convictions\\\/#article\",\"isPartOf\":{\"@id\":\"https:\\\/\\\/perpignan.alfmed.com\\\/it\\\/presse-et-media\\\/florence-delseny-sobra-une-femme-de-convictions\\\/\"},\"author\":{\"name\":\"Alfmed\",\"@id\":\"https:\\\/\\\/perpignan.alfmed.com\\\/it\\\/#\\\/schema\\\/person\\\/6718591f6785449d8fc528d9ad3cf52d\"},\"headline\":\"Florence Delseny Sobra : une femme de convictions\",\"datePublished\":\"2023-03-24T14:17:35+00:00\",\"dateModified\":\"2023-07-24T14:18:04+00:00\",\"mainEntityOfPage\":{\"@id\":\"https:\\\/\\\/perpignan.alfmed.com\\\/it\\\/presse-et-media\\\/florence-delseny-sobra-une-femme-de-convictions\\\/\"},\"wordCount\":80,\"image\":{\"@id\":\"https:\\\/\\\/perpignan.alfmed.com\\\/it\\\/presse-et-media\\\/florence-delseny-sobra-une-femme-de-convictions\\\/#primaryimage\"},\"thumbnailUrl\":\"https:\\\/\\\/perpignan.alfmed.com\\\/wp-content\\\/uploads\\\/2023\\\/07\\\/L1020542-1-scaled.jpg\",\"articleSection\":[\"Actualit\u00e9s\",\"Presse et M\u00e9dia\"],\"inLanguage\":\"it-IT\"},{\"@type\":\"WebPage\",\"@id\":\"https:\\\/\\\/perpignan.alfmed.com\\\/it\\\/presse-et-media\\\/florence-delseny-sobra-une-femme-de-convictions\\\/\",\"url\":\"https:\\\/\\\/perpignan.alfmed.com\\\/it\\\/presse-et-media\\\/florence-delseny-sobra-une-femme-de-convictions\\\/\",\"name\":\"Florence Delseny Sobra : une femme de convictions - Alfmed\",\"isPartOf\":{\"@id\":\"https:\\\/\\\/perpignan.alfmed.com\\\/it\\\/#website\"},\"primaryImageOfPage\":{\"@id\":\"https:\\\/\\\/perpignan.alfmed.com\\\/it\\\/presse-et-media\\\/florence-delseny-sobra-une-femme-de-convictions\\\/#primaryimage\"},\"image\":{\"@id\":\"https:\\\/\\\/perpignan.alfmed.com\\\/it\\\/presse-et-media\\\/florence-delseny-sobra-une-femme-de-convictions\\\/#primaryimage\"},\"thumbnailUrl\":\"https:\\\/\\\/perpignan.alfmed.com\\\/wp-content\\\/uploads\\\/2023\\\/07\\\/L1020542-1-scaled.jpg\",\"datePublished\":\"2023-03-24T14:17:35+00:00\",\"dateModified\":\"2023-07-24T14:18:04+00:00\",\"author\":{\"@id\":\"https:\\\/\\\/perpignan.alfmed.com\\\/it\\\/#\\\/schema\\\/person\\\/6718591f6785449d8fc528d9ad3cf52d\"},\"breadcrumb\":{\"@id\":\"https:\\\/\\\/perpignan.alfmed.com\\\/it\\\/presse-et-media\\\/florence-delseny-sobra-une-femme-de-convictions\\\/#breadcrumb\"},\"inLanguage\":\"it-IT\",\"potentialAction\":[{\"@type\":\"ReadAction\",\"target\":[\"https:\\\/\\\/perpignan.alfmed.com\\\/it\\\/presse-et-media\\\/florence-delseny-sobra-une-femme-de-convictions\\\/\"]}]},{\"@type\":\"ImageObject\",\"inLanguage\":\"it-IT\",\"@id\":\"https:\\\/\\\/perpignan.alfmed.com\\\/it\\\/presse-et-media\\\/florence-delseny-sobra-une-femme-de-convictions\\\/#primaryimage\",\"url\":\"https:\\\/\\\/perpignan.alfmed.com\\\/wp-content\\\/uploads\\\/2023\\\/07\\\/L1020542-1-scaled.jpg\",\"contentUrl\":\"https:\\\/\\\/perpignan.alfmed.com\\\/wp-content\\\/uploads\\\/2023\\\/07\\\/L1020542-1-scaled.jpg\",\"width\":1920,\"height\":2880},{\"@type\":\"BreadcrumbList\",\"@id\":\"https:\\\/\\\/perpignan.alfmed.com\\\/it\\\/presse-et-media\\\/florence-delseny-sobra-une-femme-de-convictions\\\/#breadcrumb\",\"itemListElement\":[{\"@type\":\"ListItem\",\"position\":1,\"name\":\"Home\",\"item\":\"https:\\\/\\\/perpignan.alfmed.com\\\/it\\\/\"},{\"@type\":\"ListItem\",\"position\":2,\"name\":\"Florence Delseny Sobra : une femme de convictions\"}]},{\"@type\":\"WebSite\",\"@id\":\"https:\\\/\\\/perpignan.alfmed.com\\\/it\\\/#website\",\"url\":\"https:\\\/\\\/perpignan.alfmed.com\\\/it\\\/\",\"name\":\"Alfmed\",\"description\":\"EXPERTS EN LANGUES &amp; PROJETS EUROP\u00c9ENS\",\"potentialAction\":[{\"@type\":\"SearchAction\",\"target\":{\"@type\":\"EntryPoint\",\"urlTemplate\":\"https:\\\/\\\/perpignan.alfmed.com\\\/it\\\/?s={search_term_string}\"},\"query-input\":{\"@type\":\"PropertyValueSpecification\",\"valueRequired\":true,\"valueName\":\"search_term_string\"}}],\"inLanguage\":\"it-IT\"},{\"@type\":\"Person\",\"@id\":\"https:\\\/\\\/perpignan.alfmed.com\\\/it\\\/#\\\/schema\\\/person\\\/6718591f6785449d8fc528d9ad3cf52d\",\"name\":\"Alfmed\",\"url\":\"https:\\\/\\\/perpignan.alfmed.com\\\/it\\\/author\\\/admalfmed\\\/\"}]}<\/script>\n<!-- \/ Yoast SEO plugin. -->","yoast_head_json":{"title":"Florence Delseny Sobra : une femme de convictions - Alfmed","robots":{"index":"index","follow":"follow","max-snippet":"max-snippet:-1","max-image-preview":"max-image-preview:large","max-video-preview":"max-video-preview:-1"},"canonical":"https:\/\/perpignan.alfmed.com\/it\/presse-et-media\/florence-delseny-sobra-une-femme-de-convictions\/","og_locale":"it_IT","og_type":"article","og_title":"Florence Delseny Sobra : une femme de convictions - Alfmed","og_description":"Dans le monde du business, son nom r\u00e9sonne comme celui d&#8217;une femme d\u00e9termin\u00e9e, engag\u00e9e et toujours pleine d&#8217;initiatives. Avec \u00e9l\u00e9gance et professionnalisme, Florence Delseny-Sobra fait bouger les lignes du monde de l&#8217;entreprenariat. Nous l&#8217;avons rencontr\u00e9e dans les locaux d&#8217;Alfmed, la soci\u00e9t\u00e9 qu&#8217;elle a mont\u00e9e et qu&#8217;elle g\u00e8re avec une \u00e9nergie\u00a0sans\u00a0faille. Lire l&#8217;article complet ici\u00a0","og_url":"https:\/\/perpignan.alfmed.com\/it\/presse-et-media\/florence-delseny-sobra-une-femme-de-convictions\/","og_site_name":"Alfmed","article_published_time":"2023-03-24T14:17:35+00:00","article_modified_time":"2023-07-24T14:18:04+00:00","og_image":[{"width":1920,"height":2880,"url":"https:\/\/perpignan.alfmed.com\/wp-content\/uploads\/2023\/07\/L1020542-1-scaled.jpg","type":"image\/jpeg"}],"author":"Alfmed","twitter_card":"summary_large_image","schema":{"@context":"https:\/\/schema.org","@graph":[{"@type":"Article","@id":"https:\/\/perpignan.alfmed.com\/it\/presse-et-media\/florence-delseny-sobra-une-femme-de-convictions\/#article","isPartOf":{"@id":"https:\/\/perpignan.alfmed.com\/it\/presse-et-media\/florence-delseny-sobra-une-femme-de-convictions\/"},"author":{"name":"Alfmed","@id":"https:\/\/perpignan.alfmed.com\/it\/#\/schema\/person\/6718591f6785449d8fc528d9ad3cf52d"},"headline":"Florence Delseny Sobra : une femme de convictions","datePublished":"2023-03-24T14:17:35+00:00","dateModified":"2023-07-24T14:18:04+00:00","mainEntityOfPage":{"@id":"https:\/\/perpignan.alfmed.com\/it\/presse-et-media\/florence-delseny-sobra-une-femme-de-convictions\/"},"wordCount":80,"image":{"@id":"https:\/\/perpignan.alfmed.com\/it\/presse-et-media\/florence-delseny-sobra-une-femme-de-convictions\/#primaryimage"},"thumbnailUrl":"https:\/\/perpignan.alfmed.com\/wp-content\/uploads\/2023\/07\/L1020542-1-scaled.jpg","articleSection":["Actualit\u00e9s","Presse et M\u00e9dia"],"inLanguage":"it-IT"},{"@type":"WebPage","@id":"https:\/\/perpignan.alfmed.com\/it\/presse-et-media\/florence-delseny-sobra-une-femme-de-convictions\/","url":"https:\/\/perpignan.alfmed.com\/it\/presse-et-media\/florence-delseny-sobra-une-femme-de-convictions\/","name":"Florence Delseny Sobra : une femme de convictions - Alfmed","isPartOf":{"@id":"https:\/\/perpignan.alfmed.com\/it\/#website"},"primaryImageOfPage":{"@id":"https:\/\/perpignan.alfmed.com\/it\/presse-et-media\/florence-delseny-sobra-une-femme-de-convictions\/#primaryimage"},"image":{"@id":"https:\/\/perpignan.alfmed.com\/it\/presse-et-media\/florence-delseny-sobra-une-femme-de-convictions\/#primaryimage"},"thumbnailUrl":"https:\/\/perpignan.alfmed.com\/wp-content\/uploads\/2023\/07\/L1020542-1-scaled.jpg","datePublished":"2023-03-24T14:17:35+00:00","dateModified":"2023-07-24T14:18:04+00:00","author":{"@id":"https:\/\/perpignan.alfmed.com\/it\/#\/schema\/person\/6718591f6785449d8fc528d9ad3cf52d"},"breadcrumb":{"@id":"https:\/\/perpignan.alfmed.com\/it\/presse-et-media\/florence-delseny-sobra-une-femme-de-convictions\/#breadcrumb"},"inLanguage":"it-IT","potentialAction":[{"@type":"ReadAction","target":["https:\/\/perpignan.alfmed.com\/it\/presse-et-media\/florence-delseny-sobra-une-femme-de-convictions\/"]}]},{"@type":"ImageObject","inLanguage":"it-IT","@id":"https:\/\/perpignan.alfmed.com\/it\/presse-et-media\/florence-delseny-sobra-une-femme-de-convictions\/#primaryimage","url":"https:\/\/perpignan.alfmed.com\/wp-content\/uploads\/2023\/07\/L1020542-1-scaled.jpg","contentUrl":"https:\/\/perpignan.alfmed.com\/wp-content\/uploads\/2023\/07\/L1020542-1-scaled.jpg","width":1920,"height":2880},{"@type":"BreadcrumbList","@id":"https:\/\/perpignan.alfmed.com\/it\/presse-et-media\/florence-delseny-sobra-une-femme-de-convictions\/#breadcrumb","itemListElement":[{"@type":"ListItem","position":1,"name":"Home","item":"https:\/\/perpignan.alfmed.com\/it\/"},{"@type":"ListItem","position":2,"name":"Florence Delseny Sobra : une femme de convictions"}]},{"@type":"WebSite","@id":"https:\/\/perpignan.alfmed.com\/it\/#website","url":"https:\/\/perpignan.alfmed.com\/it\/","name":"Alfmed","description":"EXPERTS EN LANGUES &amp; PROJETS EUROP\u00c9ENS","potentialAction":[{"@type":"SearchAction","target":{"@type":"EntryPoint","urlTemplate":"https:\/\/perpignan.alfmed.com\/it\/?s={search_term_string}"},"query-input":{"@type":"PropertyValueSpecification","valueRequired":true,"valueName":"search_term_string"}}],"inLanguage":"it-IT"},{"@type":"Person","@id":"https:\/\/perpignan.alfmed.com\/it\/#\/schema\/person\/6718591f6785449d8fc528d9ad3cf52d","name":"Alfmed","url":"https:\/\/perpignan.alfmed.com\/it\/author\/admalfmed\/"}]}},"_links":{"self":[{"href":"https:\/\/perpignan.alfmed.com\/it\/wp-json\/wp\/v2\/posts\/14207","targetHints":{"allow":["GET"]}}],"collection":[{"href":"https:\/\/perpignan.alfmed.com\/it\/wp-json\/wp\/v2\/posts"}],"about":[{"href":"https:\/\/perpignan.alfmed.com\/it\/wp-json\/wp\/v2\/types\/post"}],"author":[{"embeddable":true,"href":"https:\/\/perpignan.alfmed.com\/it\/wp-json\/wp\/v2\/users\/3"}],"replies":[{"embeddable":true,"href":"https:\/\/perpignan.alfmed.com\/it\/wp-json\/wp\/v2\/comments?post=14207"}],"version-history":[{"count":2,"href":"https:\/\/perpignan.alfmed.com\/it\/wp-json\/wp\/v2\/posts\/14207\/revisions"}],"predecessor-version":[{"id":14222,"href":"https:\/\/perpignan.alfmed.com\/it\/wp-json\/wp\/v2\/posts\/14207\/revisions\/14222"}],"wp:featuredmedia":[{"embeddable":true,"href":"https:\/\/perpignan.alfmed.com\/it\/wp-json\/wp\/v2\/media\/14218"}],"wp:attachment":[{"href":"https:\/\/perpignan.alfmed.com\/it\/wp-json\/wp\/v2\/media?parent=14207"}],"wp:term":[{"taxonomy":"category","embeddable":true,"href":"https:\/\/perpignan.alfmed.com\/it\/wp-json\/wp\/v2\/categories?post=14207"},{"taxonomy":"post_tag","embeddable":true,"href":"https:\/\/perpignan.alfmed.com\/it\/wp-json\/wp\/v2\/tags?post=14207"}],"curies":[{"name":"wp","href":"https:\/\/api.w.org\/{rel}","templated":true}]}}