{"id":14060,"date":"2023-07-18T14:13:29","date_gmt":"2023-07-18T14:13:29","guid":{"rendered":"https:\/\/perpignan.alfmed.com\/?p=14060"},"modified":"2023-07-18T14:13:29","modified_gmt":"2023-07-18T14:13:29","slug":"alfmed-et-lidem-une-alliance-artistique-et-linguistique-unique","status":"publish","type":"post","link":"https:\/\/perpignan.alfmed.com\/it\/actualites\/alfmed-et-lidem-une-alliance-artistique-et-linguistique-unique\/","title":{"rendered":"ALFMED et l&#8217;IDEM : une alliance artistique et linguistique unique"},"content":{"rendered":"<p>ALFMED s&#8217;est associ\u00e9 \u00e0 l<a href=\"https:\/\/lidem.eu\/\"><strong>&#8216;IDEM<\/strong><\/a> pour offrir un programme d&#8217;\u00e9t\u00e9 qui allie la cr\u00e9ativit\u00e9 artistique \u00e0 la ma\u00eetrise de la langue anglaise. Cette collaboration permet aux \u00e9tudiants de s&#8217;immerger dans le monde des arts visuels tout en perfectionnant leurs comp\u00e9tences en anglais, offrant ainsi une exp\u00e9rience \u00e9ducative compl\u00e8te et enrichissante.<\/p>\n<p><strong>Des matins artistiques captivants<\/strong><\/p>\n<p>Le programme propose des s\u00e9ances de formation matinales d\u00e9di\u00e9es aux arts graphiques. Ces sessions sont con\u00e7ues pour plonger les \u00e9tudiants dans un univers artistique stimulant, les aidant \u00e0 explorer diff\u00e9rentes facettes de la cr\u00e9ation visuelle. Au c\u0153ur de ces matins artistiques, un \u00e9ventail de disciplines engageantes : character design, animation 3D, design graphique, clip vid\u00e9o, d\u00e9veloppement web, m\u00e9tiers du son&#8230;<\/p>\n<p><img loading=\"lazy\" decoding=\"async\" class=\"aligncenter wp-image-14068 size-medium\" src=\"https:\/\/perpignan.alfmed.com\/wp-content\/uploads\/2023\/07\/WhatsApp-Image-2023-07-13-da-16.12.21-225x300.jpg\" alt=\"\" width=\"225\" height=\"300\" \/><\/p>\n<p><strong>Des apr\u00e8s-midi linguistiques<\/strong><\/p>\n<p>L&#8217;apr\u00e8s-midi, une fois les s\u00e9ances artistiques termin\u00e9es, les \u00e9tudiants plongent dans l&#8217;apprentissage de l&#8217;anglais, une comp\u00e9tence essentielle dans un monde de plus en plus connect\u00e9. Mais ici, l&#8217;apprentissage de l&#8217;anglais prend une tournure passionnante.<\/p>\n<p>Au lieu de simples cours de langue traditionnels, les \u00e9tudiants sont encourag\u00e9s \u00e0 appliquer leurs nouvelles comp\u00e9tences linguistiques dans la r\u00e9alisation d&#8217;un projet concret : la cr\u00e9ation d&#8217;un \u00e9v\u00e9nement ou d&#8217;un festival. Cette approche innovante favorise une meilleure acquisition de la langue, car les participants sont amen\u00e9s \u00e0 communiquer, collaborer et n\u00e9gocier en anglais dans un contexte r\u00e9el.<\/p>\n<p><img loading=\"lazy\" decoding=\"async\" class=\"aligncenter wp-image-14072 size-medium\" src=\"https:\/\/perpignan.alfmed.com\/wp-content\/uploads\/2023\/07\/WhatsApp-Image-2023-07-18-a-11d.56.36-300x225.jpg\" alt=\"\" width=\"300\" height=\"225\" \/><\/p>\n<p><strong>Une exp\u00e9rience compl\u00e8te et inoubliable<\/strong><\/p>\n<p>Le programme est bien plus qu&#8217;un simple stage. C&#8217;est une opportunit\u00e9 unique de fusionner les mondes cr\u00e9atifs de l&#8217;art graphique avec la communication internationale que permet l&#8217;anglais. Les \u00e9tudiants acqui\u00e8rent des comp\u00e9tences pratiques dans le domaine des arts visuels tout en d\u00e9veloppant leur confiance en anglais, essentielle pour \u00e9voluer dans une soci\u00e9t\u00e9 de plus en plus mondialis\u00e9e.<\/p>\n<p><img loading=\"lazy\" decoding=\"async\" class=\"aligncenter wp-image-14076 size-medium\" src=\"https:\/\/perpignan.alfmed.com\/wp-content\/uploads\/2023\/07\/WhatsApp-Image-2023-07-13-a-1d6.31.15-300x225.jpg\" alt=\"\" width=\"300\" height=\"225\" \/><\/p>\n<p><a href=\"https:\/\/perpignan.alfmed.com\/scolaire\/stages-vacances-scolaires\/stage-anglais-arts-graphiques\/\"><strong>RDV l&#8217;\u00e9t\u00e9 prochain pour le prochain stage !\u00a0<\/strong><\/a><\/p>\n","protected":false},"excerpt":{"rendered":"<p>ALFMED s&#8217;est associ\u00e9 \u00e0 l&#8216;IDEM pour offrir un programme d&#8217;\u00e9t\u00e9 qui allie la cr\u00e9ativit\u00e9 artistique \u00e0 la ma\u00eetrise de la langue anglaise. Cette collaboration permet aux \u00e9tudiants de s&#8217;immerger dans le monde des arts visuels tout en perfectionnant leurs comp\u00e9tences en anglais, offrant ainsi une exp\u00e9rience \u00e9ducative compl\u00e8te et enrichissante. Des matins artistiques captivants Le [&hellip;]<\/p>\n","protected":false},"author":3,"featured_media":14062,"comment_status":"closed","ping_status":"closed","sticky":false,"template":"","format":"standard","meta":{"_acf_changed":false,"_et_pb_use_builder":"","_et_pb_old_content":"","_et_gb_content_width":"","footnotes":""},"categories":[130,30],"tags":[],"class_list":["post-14060","post","type-post","status-publish","format-standard","has-post-thumbnail","hentry","category-actualites","category-scolaires"],"acf":[],"yoast_head":"<!-- This site is optimized with the Yoast SEO plugin v27.5 - https:\/\/yoast.com\/product\/yoast-seo-wordpress\/ -->\n<title>ALFMED et l&#039;IDEM : une alliance artistique et linguistique unique<\/title>\n<meta name=\"description\" content=\"ALFMED s&#039;est associ\u00e9 \u00e0 l&#039;IDEM pour offrir un programme d&#039;\u00e9t\u00e9 qui allie la cr\u00e9ativit\u00e9 artistique \u00e0 la ma\u00eetrise de la langue anglaise\" \/>\n<meta name=\"robots\" content=\"index, follow, max-snippet:-1, max-image-preview:large, max-video-preview:-1\" \/>\n<link rel=\"canonical\" href=\"https:\/\/perpignan.alfmed.com\/it\/actualites\/alfmed-et-lidem-une-alliance-artistique-et-linguistique-unique\/\" \/>\n<meta property=\"og:locale\" content=\"it_IT\" \/>\n<meta property=\"og:type\" content=\"article\" \/>\n<meta property=\"og:title\" content=\"ALFMED et l&#039;IDEM : une alliance artistique et linguistique unique\" \/>\n<meta property=\"og:description\" content=\"ALFMED s&#039;est associ\u00e9 \u00e0 l&#039;IDEM pour offrir un programme d&#039;\u00e9t\u00e9 qui allie la cr\u00e9ativit\u00e9 artistique \u00e0 la ma\u00eetrise de la langue anglaise\" \/>\n<meta property=\"og:url\" content=\"https:\/\/perpignan.alfmed.com\/it\/actualites\/alfmed-et-lidem-une-alliance-artistique-et-linguistique-unique\/\" \/>\n<meta property=\"og:site_name\" content=\"Alfmed\" \/>\n<meta property=\"article:published_time\" content=\"2023-07-18T14:13:29+00:00\" \/>\n<meta property=\"og:image\" content=\"https:\/\/perpignan.alfmed.com\/wp-content\/uploads\/2023\/07\/WhatsApp-Image-2023-0d7-13-a-16.31.15.jpg\" \/>\n\t<meta property=\"og:image:width\" content=\"768\" \/>\n\t<meta property=\"og:image:height\" content=\"1024\" \/>\n\t<meta property=\"og:image:type\" content=\"image\/jpeg\" \/>\n<meta name=\"author\" content=\"Alfmed\" \/>\n<meta name=\"twitter:card\" content=\"summary_large_image\" \/>\n<script type=\"application\/ld+json\" class=\"yoast-schema-graph\">{\"@context\":\"https:\\\/\\\/schema.org\",\"@graph\":[{\"@type\":\"Article\",\"@id\":\"https:\\\/\\\/perpignan.alfmed.com\\\/it\\\/actualites\\\/alfmed-et-lidem-une-alliance-artistique-et-linguistique-unique\\\/#article\",\"isPartOf\":{\"@id\":\"https:\\\/\\\/perpignan.alfmed.com\\\/it\\\/actualites\\\/alfmed-et-lidem-une-alliance-artistique-et-linguistique-unique\\\/\"},\"author\":{\"name\":\"Alfmed\",\"@id\":\"https:\\\/\\\/perpignan.alfmed.com\\\/it\\\/#\\\/schema\\\/person\\\/6718591f6785449d8fc528d9ad3cf52d\"},\"headline\":\"ALFMED et l&#8217;IDEM : une alliance artistique et linguistique unique\",\"datePublished\":\"2023-07-18T14:13:29+00:00\",\"mainEntityOfPage\":{\"@id\":\"https:\\\/\\\/perpignan.alfmed.com\\\/it\\\/actualites\\\/alfmed-et-lidem-une-alliance-artistique-et-linguistique-unique\\\/\"},\"wordCount\":334,\"image\":{\"@id\":\"https:\\\/\\\/perpignan.alfmed.com\\\/it\\\/actualites\\\/alfmed-et-lidem-une-alliance-artistique-et-linguistique-unique\\\/#primaryimage\"},\"thumbnailUrl\":\"https:\\\/\\\/perpignan.alfmed.com\\\/wp-content\\\/uploads\\\/2023\\\/07\\\/WhatsApp-Image-2023-0d7-13-a-16.31.15.jpg\",\"articleSection\":[\"Actualit\u00e9s\",\"Scolaires\"],\"inLanguage\":\"it-IT\"},{\"@type\":\"WebPage\",\"@id\":\"https:\\\/\\\/perpignan.alfmed.com\\\/it\\\/actualites\\\/alfmed-et-lidem-une-alliance-artistique-et-linguistique-unique\\\/\",\"url\":\"https:\\\/\\\/perpignan.alfmed.com\\\/it\\\/actualites\\\/alfmed-et-lidem-une-alliance-artistique-et-linguistique-unique\\\/\",\"name\":\"ALFMED et l'IDEM : une alliance artistique et linguistique unique\",\"isPartOf\":{\"@id\":\"https:\\\/\\\/perpignan.alfmed.com\\\/it\\\/#website\"},\"primaryImageOfPage\":{\"@id\":\"https:\\\/\\\/perpignan.alfmed.com\\\/it\\\/actualites\\\/alfmed-et-lidem-une-alliance-artistique-et-linguistique-unique\\\/#primaryimage\"},\"image\":{\"@id\":\"https:\\\/\\\/perpignan.alfmed.com\\\/it\\\/actualites\\\/alfmed-et-lidem-une-alliance-artistique-et-linguistique-unique\\\/#primaryimage\"},\"thumbnailUrl\":\"https:\\\/\\\/perpignan.alfmed.com\\\/wp-content\\\/uploads\\\/2023\\\/07\\\/WhatsApp-Image-2023-0d7-13-a-16.31.15.jpg\",\"datePublished\":\"2023-07-18T14:13:29+00:00\",\"author\":{\"@id\":\"https:\\\/\\\/perpignan.alfmed.com\\\/it\\\/#\\\/schema\\\/person\\\/6718591f6785449d8fc528d9ad3cf52d\"},\"description\":\"ALFMED s'est associ\u00e9 \u00e0 l'IDEM pour offrir un programme d'\u00e9t\u00e9 qui allie la cr\u00e9ativit\u00e9 artistique \u00e0 la ma\u00eetrise de la langue anglaise\",\"breadcrumb\":{\"@id\":\"https:\\\/\\\/perpignan.alfmed.com\\\/it\\\/actualites\\\/alfmed-et-lidem-une-alliance-artistique-et-linguistique-unique\\\/#breadcrumb\"},\"inLanguage\":\"it-IT\",\"potentialAction\":[{\"@type\":\"ReadAction\",\"target\":[\"https:\\\/\\\/perpignan.alfmed.com\\\/it\\\/actualites\\\/alfmed-et-lidem-une-alliance-artistique-et-linguistique-unique\\\/\"]}]},{\"@type\":\"ImageObject\",\"inLanguage\":\"it-IT\",\"@id\":\"https:\\\/\\\/perpignan.alfmed.com\\\/it\\\/actualites\\\/alfmed-et-lidem-une-alliance-artistique-et-linguistique-unique\\\/#primaryimage\",\"url\":\"https:\\\/\\\/perpignan.alfmed.com\\\/wp-content\\\/uploads\\\/2023\\\/07\\\/WhatsApp-Image-2023-0d7-13-a-16.31.15.jpg\",\"contentUrl\":\"https:\\\/\\\/perpignan.alfmed.com\\\/wp-content\\\/uploads\\\/2023\\\/07\\\/WhatsApp-Image-2023-0d7-13-a-16.31.15.jpg\",\"width\":768,\"height\":1024},{\"@type\":\"BreadcrumbList\",\"@id\":\"https:\\\/\\\/perpignan.alfmed.com\\\/it\\\/actualites\\\/alfmed-et-lidem-une-alliance-artistique-et-linguistique-unique\\\/#breadcrumb\",\"itemListElement\":[{\"@type\":\"ListItem\",\"position\":1,\"name\":\"Home\",\"item\":\"https:\\\/\\\/perpignan.alfmed.com\\\/it\\\/\"},{\"@type\":\"ListItem\",\"position\":2,\"name\":\"ALFMED et l&#8217;IDEM : une alliance artistique et linguistique unique\"}]},{\"@type\":\"WebSite\",\"@id\":\"https:\\\/\\\/perpignan.alfmed.com\\\/it\\\/#website\",\"url\":\"https:\\\/\\\/perpignan.alfmed.com\\\/it\\\/\",\"name\":\"Alfmed\",\"description\":\"EXPERTS EN LANGUES &amp; PROJETS EUROP\u00c9ENS\",\"potentialAction\":[{\"@type\":\"SearchAction\",\"target\":{\"@type\":\"EntryPoint\",\"urlTemplate\":\"https:\\\/\\\/perpignan.alfmed.com\\\/it\\\/?s={search_term_string}\"},\"query-input\":{\"@type\":\"PropertyValueSpecification\",\"valueRequired\":true,\"valueName\":\"search_term_string\"}}],\"inLanguage\":\"it-IT\"},{\"@type\":\"Person\",\"@id\":\"https:\\\/\\\/perpignan.alfmed.com\\\/it\\\/#\\\/schema\\\/person\\\/6718591f6785449d8fc528d9ad3cf52d\",\"name\":\"Alfmed\",\"url\":\"https:\\\/\\\/perpignan.alfmed.com\\\/it\\\/author\\\/admalfmed\\\/\"}]}<\/script>\n<!-- \/ Yoast SEO plugin. -->","yoast_head_json":{"title":"ALFMED et l'IDEM : une alliance artistique et linguistique unique","description":"ALFMED s'est associ\u00e9 \u00e0 l'IDEM pour offrir un programme d'\u00e9t\u00e9 qui allie la cr\u00e9ativit\u00e9 artistique \u00e0 la ma\u00eetrise de la langue anglaise","robots":{"index":"index","follow":"follow","max-snippet":"max-snippet:-1","max-image-preview":"max-image-preview:large","max-video-preview":"max-video-preview:-1"},"canonical":"https:\/\/perpignan.alfmed.com\/it\/actualites\/alfmed-et-lidem-une-alliance-artistique-et-linguistique-unique\/","og_locale":"it_IT","og_type":"article","og_title":"ALFMED et l'IDEM : une alliance artistique et linguistique unique","og_description":"ALFMED s'est associ\u00e9 \u00e0 l'IDEM pour offrir un programme d'\u00e9t\u00e9 qui allie la cr\u00e9ativit\u00e9 artistique \u00e0 la ma\u00eetrise de la langue anglaise","og_url":"https:\/\/perpignan.alfmed.com\/it\/actualites\/alfmed-et-lidem-une-alliance-artistique-et-linguistique-unique\/","og_site_name":"Alfmed","article_published_time":"2023-07-18T14:13:29+00:00","og_image":[{"width":768,"height":1024,"url":"https:\/\/perpignan.alfmed.com\/wp-content\/uploads\/2023\/07\/WhatsApp-Image-2023-0d7-13-a-16.31.15.jpg","type":"image\/jpeg"}],"author":"Alfmed","twitter_card":"summary_large_image","schema":{"@context":"https:\/\/schema.org","@graph":[{"@type":"Article","@id":"https:\/\/perpignan.alfmed.com\/it\/actualites\/alfmed-et-lidem-une-alliance-artistique-et-linguistique-unique\/#article","isPartOf":{"@id":"https:\/\/perpignan.alfmed.com\/it\/actualites\/alfmed-et-lidem-une-alliance-artistique-et-linguistique-unique\/"},"author":{"name":"Alfmed","@id":"https:\/\/perpignan.alfmed.com\/it\/#\/schema\/person\/6718591f6785449d8fc528d9ad3cf52d"},"headline":"ALFMED et l&#8217;IDEM : une alliance artistique et linguistique unique","datePublished":"2023-07-18T14:13:29+00:00","mainEntityOfPage":{"@id":"https:\/\/perpignan.alfmed.com\/it\/actualites\/alfmed-et-lidem-une-alliance-artistique-et-linguistique-unique\/"},"wordCount":334,"image":{"@id":"https:\/\/perpignan.alfmed.com\/it\/actualites\/alfmed-et-lidem-une-alliance-artistique-et-linguistique-unique\/#primaryimage"},"thumbnailUrl":"https:\/\/perpignan.alfmed.com\/wp-content\/uploads\/2023\/07\/WhatsApp-Image-2023-0d7-13-a-16.31.15.jpg","articleSection":["Actualit\u00e9s","Scolaires"],"inLanguage":"it-IT"},{"@type":"WebPage","@id":"https:\/\/perpignan.alfmed.com\/it\/actualites\/alfmed-et-lidem-une-alliance-artistique-et-linguistique-unique\/","url":"https:\/\/perpignan.alfmed.com\/it\/actualites\/alfmed-et-lidem-une-alliance-artistique-et-linguistique-unique\/","name":"ALFMED et l'IDEM : une alliance artistique et linguistique unique","isPartOf":{"@id":"https:\/\/perpignan.alfmed.com\/it\/#website"},"primaryImageOfPage":{"@id":"https:\/\/perpignan.alfmed.com\/it\/actualites\/alfmed-et-lidem-une-alliance-artistique-et-linguistique-unique\/#primaryimage"},"image":{"@id":"https:\/\/perpignan.alfmed.com\/it\/actualites\/alfmed-et-lidem-une-alliance-artistique-et-linguistique-unique\/#primaryimage"},"thumbnailUrl":"https:\/\/perpignan.alfmed.com\/wp-content\/uploads\/2023\/07\/WhatsApp-Image-2023-0d7-13-a-16.31.15.jpg","datePublished":"2023-07-18T14:13:29+00:00","author":{"@id":"https:\/\/perpignan.alfmed.com\/it\/#\/schema\/person\/6718591f6785449d8fc528d9ad3cf52d"},"description":"ALFMED s'est associ\u00e9 \u00e0 l'IDEM pour offrir un programme d'\u00e9t\u00e9 qui allie la cr\u00e9ativit\u00e9 artistique \u00e0 la ma\u00eetrise de la langue anglaise","breadcrumb":{"@id":"https:\/\/perpignan.alfmed.com\/it\/actualites\/alfmed-et-lidem-une-alliance-artistique-et-linguistique-unique\/#breadcrumb"},"inLanguage":"it-IT","potentialAction":[{"@type":"ReadAction","target":["https:\/\/perpignan.alfmed.com\/it\/actualites\/alfmed-et-lidem-une-alliance-artistique-et-linguistique-unique\/"]}]},{"@type":"ImageObject","inLanguage":"it-IT","@id":"https:\/\/perpignan.alfmed.com\/it\/actualites\/alfmed-et-lidem-une-alliance-artistique-et-linguistique-unique\/#primaryimage","url":"https:\/\/perpignan.alfmed.com\/wp-content\/uploads\/2023\/07\/WhatsApp-Image-2023-0d7-13-a-16.31.15.jpg","contentUrl":"https:\/\/perpignan.alfmed.com\/wp-content\/uploads\/2023\/07\/WhatsApp-Image-2023-0d7-13-a-16.31.15.jpg","width":768,"height":1024},{"@type":"BreadcrumbList","@id":"https:\/\/perpignan.alfmed.com\/it\/actualites\/alfmed-et-lidem-une-alliance-artistique-et-linguistique-unique\/#breadcrumb","itemListElement":[{"@type":"ListItem","position":1,"name":"Home","item":"https:\/\/perpignan.alfmed.com\/it\/"},{"@type":"ListItem","position":2,"name":"ALFMED et l&#8217;IDEM : une alliance artistique et linguistique unique"}]},{"@type":"WebSite","@id":"https:\/\/perpignan.alfmed.com\/it\/#website","url":"https:\/\/perpignan.alfmed.com\/it\/","name":"Alfmed","description":"EXPERTS EN LANGUES &amp; PROJETS EUROP\u00c9ENS","potentialAction":[{"@type":"SearchAction","target":{"@type":"EntryPoint","urlTemplate":"https:\/\/perpignan.alfmed.com\/it\/?s={search_term_string}"},"query-input":{"@type":"PropertyValueSpecification","valueRequired":true,"valueName":"search_term_string"}}],"inLanguage":"it-IT"},{"@type":"Person","@id":"https:\/\/perpignan.alfmed.com\/it\/#\/schema\/person\/6718591f6785449d8fc528d9ad3cf52d","name":"Alfmed","url":"https:\/\/perpignan.alfmed.com\/it\/author\/admalfmed\/"}]}},"_links":{"self":[{"href":"https:\/\/perpignan.alfmed.com\/it\/wp-json\/wp\/v2\/posts\/14060","targetHints":{"allow":["GET"]}}],"collection":[{"href":"https:\/\/perpignan.alfmed.com\/it\/wp-json\/wp\/v2\/posts"}],"about":[{"href":"https:\/\/perpignan.alfmed.com\/it\/wp-json\/wp\/v2\/types\/post"}],"author":[{"embeddable":true,"href":"https:\/\/perpignan.alfmed.com\/it\/wp-json\/wp\/v2\/users\/3"}],"replies":[{"embeddable":true,"href":"https:\/\/perpignan.alfmed.com\/it\/wp-json\/wp\/v2\/comments?post=14060"}],"version-history":[{"count":3,"href":"https:\/\/perpignan.alfmed.com\/it\/wp-json\/wp\/v2\/posts\/14060\/revisions"}],"predecessor-version":[{"id":14080,"href":"https:\/\/perpignan.alfmed.com\/it\/wp-json\/wp\/v2\/posts\/14060\/revisions\/14080"}],"wp:featuredmedia":[{"embeddable":true,"href":"https:\/\/perpignan.alfmed.com\/it\/wp-json\/wp\/v2\/media\/14062"}],"wp:attachment":[{"href":"https:\/\/perpignan.alfmed.com\/it\/wp-json\/wp\/v2\/media?parent=14060"}],"wp:term":[{"taxonomy":"category","embeddable":true,"href":"https:\/\/perpignan.alfmed.com\/it\/wp-json\/wp\/v2\/categories?post=14060"},{"taxonomy":"post_tag","embeddable":true,"href":"https:\/\/perpignan.alfmed.com\/it\/wp-json\/wp\/v2\/tags?post=14060"}],"curies":[{"name":"wp","href":"https:\/\/api.w.org\/{rel}","templated":true}]}}