{"id":13544,"date":"2023-06-15T14:35:06","date_gmt":"2023-06-15T14:35:06","guid":{"rendered":"https:\/\/perpignan.alfmed.com\/?p=13544"},"modified":"2023-06-15T14:41:51","modified_gmt":"2023-06-15T14:41:51","slug":"alfmed-goes-green","status":"publish","type":"post","link":"https:\/\/perpignan.alfmed.com\/it\/actualites\/alfmed-goes-green\/","title":{"rendered":"ALFMED goes green"},"content":{"rendered":"<p>Dans une \u00e9poque o\u00f9 les enjeux environnementaux occupent une place centrale, il devient imp\u00e9ratif pour les entreprises de repenser leurs pratiques et de s&#8217;engager activement dans la transition \u00e9cologique. ALFMED, consciente de sa responsabilit\u00e9 envers la plan\u00e8te, a pris la d\u00e9cision audacieuse de devenir une <strong>entreprise &#8220;green&#8221;<\/strong>. Cette \u00e9volution majeure marque une \u00e9tape cruciale dans notre engagement envers la durabilit\u00e9 et t\u00e9moigne de notre volont\u00e9 de contribuer positivement \u00e0 la pr\u00e9servation de l&#8217;environnement. Cela marque le d\u00e9but de notre d\u00e9marche RSE.<\/p>\n<p>Voici une liste non exhaustive de ce que nous avons mis en place<strong> \u00e0 ALFMED<\/strong> :<\/p>\n<ul>\n<li>tri des d\u00e9chets (papier, carton, fournitures\u2026)<\/li>\n<li>le mat\u00e9riel informatique d\u00e9fectueux ou obsol\u00e8te est d\u00e9pos\u00e9 chez l\u2019Association ARC de recyclage de mat\u00e9riel informatique<\/li>\n<li>toute l\u2019\u00e9quipe tend \u00e0 \u00e9liminer les photocopies papier en utilisant un Drive p\u00e9dagogique<\/li>\n<li>toute l\u2019\u00e9quipe recycle le mat\u00e9riel qui peut \u00eatre r\u00e9utilis\u00e9\u00a0: papiers brouillons, enveloppes, dossier cartons\u2026<\/li>\n<li>nous assurons des <a href=\"https:\/\/perpignan.alfmed.com\/demarche-qualite\/lets-get-phygital\/\">formations en PHYGITAL mixte ou altern\u00e9 quand c\u2019est p\u00e9dagogiquement acceptable (via ZOOM)<\/a><\/li>\n<li>\u00e9quipement d&#8217;\u00e9cran dans toutes les salles de cours pour optimiser les supports de cours digitaux vs papier<\/li>\n<li>achat d\u2019\u00e9quipements informatiques \u00ab\u00a0reconditionn\u00e9s\u00a0\u00bb<\/li>\n<li>utilisation d&#8217;ampoules LED dans tous nos bureaux<\/li>\n<li>promotion des transports en commun et mobilit\u00e9 douce pour nos apprenants ALFMED via: trains (gare de Perpignan) &#8211; bus (arr\u00eat Cabrit et Catalogne) \u2013 trottinettes &amp; v\u00e9los<\/li>\n<li>digitalisation maximum de nos documents administratifs n\u00e9cessaires pour la gestion des formations financ\u00e9es : Formation continue et Bourses ERASMUS+ : <a href=\"https:\/\/perpignan.alfmed.com\/erasmus\/accueil-erasmus-stage\/regles-programme-vet-erasmus\/\">R\u00e8gles pour les programmes Erasmus VET<\/a><\/li>\n<\/ul>\n<p>Et de ce que nous avons fait pour <strong>nos r\u00e9sidences<\/strong> :<\/p>\n<ul>\n<li>pour les \u00e9tudiants log\u00e9s dans nos r\u00e9sidences nous avons install\u00e9 un lavomatique \u00e9coresponsable qui minime la consommation d\u2019eau et d\u2019\u00e9nergie et qui utilise lessive \u00e9colabel<\/li>\n<li>nous favorisons la mobilit\u00e9 douce\u00a0: avec la proposition de location de v\u00e9lo \u00e0 nos \u00e9tudiants<\/li>\n<li>nous utilisons des ampoules LED dans tous nos logements \u00e9tudiants<\/li>\n<li>les chauffages \u00e9lectriques des r\u00e9sidences sont \u00e9nergie A<\/li>\n<li>des \u00e9conomiseurs d\u2019eau ont \u00e9t\u00e9 install\u00e9s<\/li>\n<\/ul>\n<p>Nous avons \u00e9galement organis\u00e9 l&#8217;<strong>Op\u00e9ration ERASMUS GREEN<\/strong> : 15h de FLE (Fran\u00e7ais Langue \u00c9trang\u00e8re) sont offerts aux \u00e9tudiants ERASMUS qui voyagent \u2018green\u2019 pour venir jusqu\u2019\u00e0 Perpignan<\/p>\n","protected":false},"excerpt":{"rendered":"<p>Dans une \u00e9poque o\u00f9 les enjeux environnementaux occupent une place centrale, il devient imp\u00e9ratif pour les entreprises de repenser leurs pratiques et de s&#8217;engager activement dans la transition \u00e9cologique. ALFMED, consciente de sa responsabilit\u00e9 envers la plan\u00e8te, a pris la d\u00e9cision audacieuse de devenir une entreprise &#8220;green&#8221;. Cette \u00e9volution majeure marque une \u00e9tape cruciale dans [&hellip;]<\/p>\n","protected":false},"author":3,"featured_media":13539,"comment_status":"closed","ping_status":"closed","sticky":false,"template":"","format":"standard","meta":{"_acf_changed":false,"_et_pb_use_builder":"","_et_pb_old_content":"","_et_gb_content_width":"","footnotes":""},"categories":[130,37],"tags":[],"class_list":["post-13544","post","type-post","status-publish","format-standard","has-post-thumbnail","hentry","category-actualites","category-demarche-qualite"],"acf":[],"yoast_head":"<!-- This site is optimized with the Yoast SEO plugin v27.5 - https:\/\/yoast.com\/product\/yoast-seo-wordpress\/ -->\n<title>ALFMED goes green - Alfmed<\/title>\n<meta name=\"description\" content=\"Dans une \u00e9poque o\u00f9 les enjeux environnementaux occupent une place centrale, il devient imp\u00e9ratif pour les entreprises de repenser leurs pratiques et de s&#039;engager activement dans la transition \u00e9cologique\" \/>\n<meta name=\"robots\" content=\"index, follow, max-snippet:-1, max-image-preview:large, max-video-preview:-1\" \/>\n<link rel=\"canonical\" href=\"https:\/\/perpignan.alfmed.com\/it\/actualites\/alfmed-goes-green\/\" \/>\n<meta property=\"og:locale\" content=\"it_IT\" \/>\n<meta property=\"og:type\" content=\"article\" \/>\n<meta property=\"og:title\" content=\"ALFMED goes green - Alfmed\" \/>\n<meta property=\"og:description\" content=\"Dans une \u00e9poque o\u00f9 les enjeux environnementaux occupent une place centrale, il devient imp\u00e9ratif pour les entreprises de repenser leurs pratiques et de s&#039;engager activement dans la transition \u00e9cologique\" \/>\n<meta property=\"og:url\" content=\"https:\/\/perpignan.alfmed.com\/it\/actualites\/alfmed-goes-green\/\" \/>\n<meta property=\"og:site_name\" content=\"Alfmed\" \/>\n<meta property=\"article:published_time\" content=\"2023-06-15T14:35:06+00:00\" \/>\n<meta property=\"article:modified_time\" content=\"2023-06-15T14:41:51+00:00\" \/>\n<meta property=\"og:image\" content=\"https:\/\/perpignan.alfmed.com\/wp-content\/uploads\/2023\/06\/logo-alfmed-green.png\" \/>\n\t<meta property=\"og:image:width\" content=\"1779\" \/>\n\t<meta property=\"og:image:height\" content=\"1121\" \/>\n\t<meta property=\"og:image:type\" content=\"image\/png\" \/>\n<meta name=\"author\" content=\"Alfmed\" \/>\n<meta name=\"twitter:card\" content=\"summary_large_image\" \/>\n<script type=\"application\/ld+json\" class=\"yoast-schema-graph\">{\"@context\":\"https:\\\/\\\/schema.org\",\"@graph\":[{\"@type\":\"Article\",\"@id\":\"https:\\\/\\\/perpignan.alfmed.com\\\/it\\\/actualites\\\/alfmed-goes-green\\\/#article\",\"isPartOf\":{\"@id\":\"https:\\\/\\\/perpignan.alfmed.com\\\/it\\\/actualites\\\/alfmed-goes-green\\\/\"},\"author\":{\"name\":\"Alfmed\",\"@id\":\"https:\\\/\\\/perpignan.alfmed.com\\\/it\\\/#\\\/schema\\\/person\\\/6718591f6785449d8fc528d9ad3cf52d\"},\"headline\":\"ALFMED goes green\",\"datePublished\":\"2023-06-15T14:35:06+00:00\",\"dateModified\":\"2023-06-15T14:41:51+00:00\",\"mainEntityOfPage\":{\"@id\":\"https:\\\/\\\/perpignan.alfmed.com\\\/it\\\/actualites\\\/alfmed-goes-green\\\/\"},\"wordCount\":381,\"image\":{\"@id\":\"https:\\\/\\\/perpignan.alfmed.com\\\/it\\\/actualites\\\/alfmed-goes-green\\\/#primaryimage\"},\"thumbnailUrl\":\"https:\\\/\\\/perpignan.alfmed.com\\\/wp-content\\\/uploads\\\/2023\\\/06\\\/logo-alfmed-green.png\",\"articleSection\":[\"Actualit\u00e9s\",\"D\u00e9marche Qualit\u00e9\"],\"inLanguage\":\"it-IT\"},{\"@type\":\"WebPage\",\"@id\":\"https:\\\/\\\/perpignan.alfmed.com\\\/it\\\/actualites\\\/alfmed-goes-green\\\/\",\"url\":\"https:\\\/\\\/perpignan.alfmed.com\\\/it\\\/actualites\\\/alfmed-goes-green\\\/\",\"name\":\"ALFMED goes green - Alfmed\",\"isPartOf\":{\"@id\":\"https:\\\/\\\/perpignan.alfmed.com\\\/it\\\/#website\"},\"primaryImageOfPage\":{\"@id\":\"https:\\\/\\\/perpignan.alfmed.com\\\/it\\\/actualites\\\/alfmed-goes-green\\\/#primaryimage\"},\"image\":{\"@id\":\"https:\\\/\\\/perpignan.alfmed.com\\\/it\\\/actualites\\\/alfmed-goes-green\\\/#primaryimage\"},\"thumbnailUrl\":\"https:\\\/\\\/perpignan.alfmed.com\\\/wp-content\\\/uploads\\\/2023\\\/06\\\/logo-alfmed-green.png\",\"datePublished\":\"2023-06-15T14:35:06+00:00\",\"dateModified\":\"2023-06-15T14:41:51+00:00\",\"author\":{\"@id\":\"https:\\\/\\\/perpignan.alfmed.com\\\/it\\\/#\\\/schema\\\/person\\\/6718591f6785449d8fc528d9ad3cf52d\"},\"description\":\"Dans une \u00e9poque o\u00f9 les enjeux environnementaux occupent une place centrale, il devient imp\u00e9ratif pour les entreprises de repenser leurs pratiques et de s'engager activement dans la transition \u00e9cologique\",\"breadcrumb\":{\"@id\":\"https:\\\/\\\/perpignan.alfmed.com\\\/it\\\/actualites\\\/alfmed-goes-green\\\/#breadcrumb\"},\"inLanguage\":\"it-IT\",\"potentialAction\":[{\"@type\":\"ReadAction\",\"target\":[\"https:\\\/\\\/perpignan.alfmed.com\\\/it\\\/actualites\\\/alfmed-goes-green\\\/\"]}]},{\"@type\":\"ImageObject\",\"inLanguage\":\"it-IT\",\"@id\":\"https:\\\/\\\/perpignan.alfmed.com\\\/it\\\/actualites\\\/alfmed-goes-green\\\/#primaryimage\",\"url\":\"https:\\\/\\\/perpignan.alfmed.com\\\/wp-content\\\/uploads\\\/2023\\\/06\\\/logo-alfmed-green.png\",\"contentUrl\":\"https:\\\/\\\/perpignan.alfmed.com\\\/wp-content\\\/uploads\\\/2023\\\/06\\\/logo-alfmed-green.png\",\"width\":1779,\"height\":1121},{\"@type\":\"BreadcrumbList\",\"@id\":\"https:\\\/\\\/perpignan.alfmed.com\\\/it\\\/actualites\\\/alfmed-goes-green\\\/#breadcrumb\",\"itemListElement\":[{\"@type\":\"ListItem\",\"position\":1,\"name\":\"Home\",\"item\":\"https:\\\/\\\/perpignan.alfmed.com\\\/it\\\/\"},{\"@type\":\"ListItem\",\"position\":2,\"name\":\"ALFMED goes green\"}]},{\"@type\":\"WebSite\",\"@id\":\"https:\\\/\\\/perpignan.alfmed.com\\\/it\\\/#website\",\"url\":\"https:\\\/\\\/perpignan.alfmed.com\\\/it\\\/\",\"name\":\"Alfmed\",\"description\":\"EXPERTS EN LANGUES &amp; PROJETS EUROP\u00c9ENS\",\"potentialAction\":[{\"@type\":\"SearchAction\",\"target\":{\"@type\":\"EntryPoint\",\"urlTemplate\":\"https:\\\/\\\/perpignan.alfmed.com\\\/it\\\/?s={search_term_string}\"},\"query-input\":{\"@type\":\"PropertyValueSpecification\",\"valueRequired\":true,\"valueName\":\"search_term_string\"}}],\"inLanguage\":\"it-IT\"},{\"@type\":\"Person\",\"@id\":\"https:\\\/\\\/perpignan.alfmed.com\\\/it\\\/#\\\/schema\\\/person\\\/6718591f6785449d8fc528d9ad3cf52d\",\"name\":\"Alfmed\",\"url\":\"https:\\\/\\\/perpignan.alfmed.com\\\/it\\\/author\\\/admalfmed\\\/\"}]}<\/script>\n<!-- \/ Yoast SEO plugin. -->","yoast_head_json":{"title":"ALFMED goes green - Alfmed","description":"Dans une \u00e9poque o\u00f9 les enjeux environnementaux occupent une place centrale, il devient imp\u00e9ratif pour les entreprises de repenser leurs pratiques et de s'engager activement dans la transition \u00e9cologique","robots":{"index":"index","follow":"follow","max-snippet":"max-snippet:-1","max-image-preview":"max-image-preview:large","max-video-preview":"max-video-preview:-1"},"canonical":"https:\/\/perpignan.alfmed.com\/it\/actualites\/alfmed-goes-green\/","og_locale":"it_IT","og_type":"article","og_title":"ALFMED goes green - Alfmed","og_description":"Dans une \u00e9poque o\u00f9 les enjeux environnementaux occupent une place centrale, il devient imp\u00e9ratif pour les entreprises de repenser leurs pratiques et de s'engager activement dans la transition \u00e9cologique","og_url":"https:\/\/perpignan.alfmed.com\/it\/actualites\/alfmed-goes-green\/","og_site_name":"Alfmed","article_published_time":"2023-06-15T14:35:06+00:00","article_modified_time":"2023-06-15T14:41:51+00:00","og_image":[{"width":1779,"height":1121,"url":"https:\/\/perpignan.alfmed.com\/wp-content\/uploads\/2023\/06\/logo-alfmed-green.png","type":"image\/png"}],"author":"Alfmed","twitter_card":"summary_large_image","schema":{"@context":"https:\/\/schema.org","@graph":[{"@type":"Article","@id":"https:\/\/perpignan.alfmed.com\/it\/actualites\/alfmed-goes-green\/#article","isPartOf":{"@id":"https:\/\/perpignan.alfmed.com\/it\/actualites\/alfmed-goes-green\/"},"author":{"name":"Alfmed","@id":"https:\/\/perpignan.alfmed.com\/it\/#\/schema\/person\/6718591f6785449d8fc528d9ad3cf52d"},"headline":"ALFMED goes green","datePublished":"2023-06-15T14:35:06+00:00","dateModified":"2023-06-15T14:41:51+00:00","mainEntityOfPage":{"@id":"https:\/\/perpignan.alfmed.com\/it\/actualites\/alfmed-goes-green\/"},"wordCount":381,"image":{"@id":"https:\/\/perpignan.alfmed.com\/it\/actualites\/alfmed-goes-green\/#primaryimage"},"thumbnailUrl":"https:\/\/perpignan.alfmed.com\/wp-content\/uploads\/2023\/06\/logo-alfmed-green.png","articleSection":["Actualit\u00e9s","D\u00e9marche Qualit\u00e9"],"inLanguage":"it-IT"},{"@type":"WebPage","@id":"https:\/\/perpignan.alfmed.com\/it\/actualites\/alfmed-goes-green\/","url":"https:\/\/perpignan.alfmed.com\/it\/actualites\/alfmed-goes-green\/","name":"ALFMED goes green - Alfmed","isPartOf":{"@id":"https:\/\/perpignan.alfmed.com\/it\/#website"},"primaryImageOfPage":{"@id":"https:\/\/perpignan.alfmed.com\/it\/actualites\/alfmed-goes-green\/#primaryimage"},"image":{"@id":"https:\/\/perpignan.alfmed.com\/it\/actualites\/alfmed-goes-green\/#primaryimage"},"thumbnailUrl":"https:\/\/perpignan.alfmed.com\/wp-content\/uploads\/2023\/06\/logo-alfmed-green.png","datePublished":"2023-06-15T14:35:06+00:00","dateModified":"2023-06-15T14:41:51+00:00","author":{"@id":"https:\/\/perpignan.alfmed.com\/it\/#\/schema\/person\/6718591f6785449d8fc528d9ad3cf52d"},"description":"Dans une \u00e9poque o\u00f9 les enjeux environnementaux occupent une place centrale, il devient imp\u00e9ratif pour les entreprises de repenser leurs pratiques et de s'engager activement dans la transition \u00e9cologique","breadcrumb":{"@id":"https:\/\/perpignan.alfmed.com\/it\/actualites\/alfmed-goes-green\/#breadcrumb"},"inLanguage":"it-IT","potentialAction":[{"@type":"ReadAction","target":["https:\/\/perpignan.alfmed.com\/it\/actualites\/alfmed-goes-green\/"]}]},{"@type":"ImageObject","inLanguage":"it-IT","@id":"https:\/\/perpignan.alfmed.com\/it\/actualites\/alfmed-goes-green\/#primaryimage","url":"https:\/\/perpignan.alfmed.com\/wp-content\/uploads\/2023\/06\/logo-alfmed-green.png","contentUrl":"https:\/\/perpignan.alfmed.com\/wp-content\/uploads\/2023\/06\/logo-alfmed-green.png","width":1779,"height":1121},{"@type":"BreadcrumbList","@id":"https:\/\/perpignan.alfmed.com\/it\/actualites\/alfmed-goes-green\/#breadcrumb","itemListElement":[{"@type":"ListItem","position":1,"name":"Home","item":"https:\/\/perpignan.alfmed.com\/it\/"},{"@type":"ListItem","position":2,"name":"ALFMED goes green"}]},{"@type":"WebSite","@id":"https:\/\/perpignan.alfmed.com\/it\/#website","url":"https:\/\/perpignan.alfmed.com\/it\/","name":"Alfmed","description":"EXPERTS EN LANGUES &amp; PROJETS EUROP\u00c9ENS","potentialAction":[{"@type":"SearchAction","target":{"@type":"EntryPoint","urlTemplate":"https:\/\/perpignan.alfmed.com\/it\/?s={search_term_string}"},"query-input":{"@type":"PropertyValueSpecification","valueRequired":true,"valueName":"search_term_string"}}],"inLanguage":"it-IT"},{"@type":"Person","@id":"https:\/\/perpignan.alfmed.com\/it\/#\/schema\/person\/6718591f6785449d8fc528d9ad3cf52d","name":"Alfmed","url":"https:\/\/perpignan.alfmed.com\/it\/author\/admalfmed\/"}]}},"_links":{"self":[{"href":"https:\/\/perpignan.alfmed.com\/it\/wp-json\/wp\/v2\/posts\/13544","targetHints":{"allow":["GET"]}}],"collection":[{"href":"https:\/\/perpignan.alfmed.com\/it\/wp-json\/wp\/v2\/posts"}],"about":[{"href":"https:\/\/perpignan.alfmed.com\/it\/wp-json\/wp\/v2\/types\/post"}],"author":[{"embeddable":true,"href":"https:\/\/perpignan.alfmed.com\/it\/wp-json\/wp\/v2\/users\/3"}],"replies":[{"embeddable":true,"href":"https:\/\/perpignan.alfmed.com\/it\/wp-json\/wp\/v2\/comments?post=13544"}],"version-history":[{"count":3,"href":"https:\/\/perpignan.alfmed.com\/it\/wp-json\/wp\/v2\/posts\/13544\/revisions"}],"predecessor-version":[{"id":13547,"href":"https:\/\/perpignan.alfmed.com\/it\/wp-json\/wp\/v2\/posts\/13544\/revisions\/13547"}],"wp:featuredmedia":[{"embeddable":true,"href":"https:\/\/perpignan.alfmed.com\/it\/wp-json\/wp\/v2\/media\/13539"}],"wp:attachment":[{"href":"https:\/\/perpignan.alfmed.com\/it\/wp-json\/wp\/v2\/media?parent=13544"}],"wp:term":[{"taxonomy":"category","embeddable":true,"href":"https:\/\/perpignan.alfmed.com\/it\/wp-json\/wp\/v2\/categories?post=13544"},{"taxonomy":"post_tag","embeddable":true,"href":"https:\/\/perpignan.alfmed.com\/it\/wp-json\/wp\/v2\/tags?post=13544"}],"curies":[{"name":"wp","href":"https:\/\/api.w.org\/{rel}","templated":true}]}}