{"id":12387,"date":"2023-02-08T10:12:45","date_gmt":"2023-02-08T10:12:45","guid":{"rendered":"https:\/\/perpignan.alfmed.com\/?p=12387"},"modified":"2023-02-16T15:00:19","modified_gmt":"2023-02-16T15:00:19","slug":"remise-des-diplomes-tcf","status":"publish","type":"post","link":"https:\/\/perpignan.alfmed.com\/it\/francais-pour-les-etrangers\/remise-des-diplomes-tcf\/","title":{"rendered":"Remise des dipl\u00f4mes TCF"},"content":{"rendered":"<p>Mardi 7 f\u00e9vrier a eu lieu la remise des <strong>Dipl\u00f4mes TCF<\/strong> de nos \u00e9l\u00e8ves de <a href=\"https:\/\/perpignan.alfmed.com\/francais-pour-les-etrangers\/semestre-de-francais\/semestres-de-francais\/\">semestre de Fran\u00e7ais<\/a> 2022. Nous avons profit\u00e9 de cette occasion pour cr\u00e9er un<strong> moment d\u2019\u00e9change et de partage<\/strong> entre les apprenants et nos <strong>formateurs de la langue Fran\u00e7aise<\/strong> (Fr\u00e9d\u00e9ric et Caroline). Les pays repr\u00e9sent\u00e9s lors de cette c\u00e9r\u00e9monie : Angleterre, Arm\u00e9nie, Br\u00e9sil, Bolivie, Chili, Cuba, Etats-Unis, Paraguay, P\u00e9rou, Russie et bien s\u00fbr la France !<\/p>\n<p>Ce groupe de 7 \u00e9l\u00e8ves est arriv\u00e9 en septembre 2022 avec un niveau A1 en Fran\u00e7ais. \u00c0 la fin du semestre lors de la passation de leur dipl\u00f4me de Test de Connaissance de Fran\u00e7ais, ils ont obtenu <strong>en moyenne un niveau B1<\/strong>. Deux \u00e9l\u00e8ves (Ingrid et Ariel) se sont distingu\u00e9es par leur niveau B2-C1.<\/p>\n<p><strong>F\u00e9licitations \u00e0 eux !\u00a0<\/strong><\/p>\n<p><a href=\"https:\/\/perpignan.alfmed.com\/francais-pour-les-etrangers\/\">En savoir plus sur nos programmes de Fran\u00e7ais\u00a0<\/a><\/p>\n<p>&nbsp;<\/p>\n","protected":false},"excerpt":{"rendered":"<p>Mardi 7 f\u00e9vrier a eu lieu la remise des Dipl\u00f4mes TCF de nos \u00e9l\u00e8ves de semestre de Fran\u00e7ais 2022. Nous avons profit\u00e9 de cette occasion pour cr\u00e9er un moment d\u2019\u00e9change et de partage entre les apprenants et nos formateurs de la langue Fran\u00e7aise (Fr\u00e9d\u00e9ric et Caroline). Les pays repr\u00e9sent\u00e9s lors de cette c\u00e9r\u00e9monie : Angleterre, [&hellip;]<\/p>\n","protected":false},"author":3,"featured_media":12392,"comment_status":"closed","ping_status":"closed","sticky":false,"template":"","format":"standard","meta":{"_acf_changed":false,"_et_pb_use_builder":"","_et_pb_old_content":"","_et_gb_content_width":"","footnotes":""},"categories":[130,36],"tags":[],"class_list":["post-12387","post","type-post","status-publish","format-standard","has-post-thumbnail","hentry","category-actualites","category-francais-pour-les-etrangers"],"acf":[],"yoast_head":"<!-- This site is optimized with the Yoast SEO plugin v27.5 - https:\/\/yoast.com\/product\/yoast-seo-wordpress\/ -->\n<title>ALFMED Perpignan | Remise de dipl\u00f4mes de Fran\u00e7ais<\/title>\n<meta name=\"description\" content=\"Mardi 7 f\u00e9vrier a eu lieu la remise des Dipl\u00f4mes TCF de nos \u00e9l\u00e8ves de semestre de Fran\u00e7ais 2022. D\u00e9couvrez nos semestre de fran\u00e7ais tout au long de l&#039;ann\u00e9e\" \/>\n<meta name=\"robots\" content=\"index, follow, max-snippet:-1, max-image-preview:large, max-video-preview:-1\" \/>\n<link rel=\"canonical\" href=\"https:\/\/perpignan.alfmed.com\/it\/francais-pour-les-etrangers\/remise-des-diplomes-tcf\/\" \/>\n<meta property=\"og:locale\" content=\"it_IT\" \/>\n<meta property=\"og:type\" content=\"article\" \/>\n<meta property=\"og:title\" content=\"ALFMED Perpignan | Remise de dipl\u00f4mes de Fran\u00e7ais\" \/>\n<meta property=\"og:description\" content=\"Mardi 7 f\u00e9vrier a eu lieu la remise des Dipl\u00f4mes TCF de nos \u00e9l\u00e8ves de semestre de Fran\u00e7ais 2022. D\u00e9couvrez nos semestre de fran\u00e7ais tout au long de l&#039;ann\u00e9e\" \/>\n<meta property=\"og:url\" content=\"https:\/\/perpignan.alfmed.com\/it\/francais-pour-les-etrangers\/remise-des-diplomes-tcf\/\" \/>\n<meta property=\"og:site_name\" content=\"Alfmed\" \/>\n<meta property=\"article:published_time\" content=\"2023-02-08T10:12:45+00:00\" \/>\n<meta property=\"article:modified_time\" content=\"2023-02-16T15:00:19+00:00\" \/>\n<meta property=\"og:image\" content=\"https:\/\/perpignan.alfmed.com\/wp-content\/uploads\/2023\/02\/IMG_0299-scaled.jpg\" \/>\n\t<meta property=\"og:image:width\" content=\"2880\" \/>\n\t<meta property=\"og:image:height\" content=\"1920\" \/>\n\t<meta property=\"og:image:type\" content=\"image\/jpeg\" \/>\n<meta name=\"author\" content=\"Alfmed\" \/>\n<meta name=\"twitter:card\" content=\"summary_large_image\" \/>\n<script type=\"application\/ld+json\" class=\"yoast-schema-graph\">{\"@context\":\"https:\\\/\\\/schema.org\",\"@graph\":[{\"@type\":\"Article\",\"@id\":\"https:\\\/\\\/perpignan.alfmed.com\\\/it\\\/francais-pour-les-etrangers\\\/remise-des-diplomes-tcf\\\/#article\",\"isPartOf\":{\"@id\":\"https:\\\/\\\/perpignan.alfmed.com\\\/it\\\/francais-pour-les-etrangers\\\/remise-des-diplomes-tcf\\\/\"},\"author\":{\"name\":\"Alfmed\",\"@id\":\"https:\\\/\\\/perpignan.alfmed.com\\\/it\\\/#\\\/schema\\\/person\\\/6718591f6785449d8fc528d9ad3cf52d\"},\"headline\":\"Remise des dipl\u00f4mes TCF\",\"datePublished\":\"2023-02-08T10:12:45+00:00\",\"dateModified\":\"2023-02-16T15:00:19+00:00\",\"mainEntityOfPage\":{\"@id\":\"https:\\\/\\\/perpignan.alfmed.com\\\/it\\\/francais-pour-les-etrangers\\\/remise-des-diplomes-tcf\\\/\"},\"wordCount\":159,\"image\":{\"@id\":\"https:\\\/\\\/perpignan.alfmed.com\\\/it\\\/francais-pour-les-etrangers\\\/remise-des-diplomes-tcf\\\/#primaryimage\"},\"thumbnailUrl\":\"https:\\\/\\\/perpignan.alfmed.com\\\/wp-content\\\/uploads\\\/2023\\\/02\\\/IMG_0299-scaled.jpg\",\"articleSection\":[\"Actualit\u00e9s\",\"Fran\u00e7ais pour les \u00e9trangers\"],\"inLanguage\":\"it-IT\"},{\"@type\":\"WebPage\",\"@id\":\"https:\\\/\\\/perpignan.alfmed.com\\\/it\\\/francais-pour-les-etrangers\\\/remise-des-diplomes-tcf\\\/\",\"url\":\"https:\\\/\\\/perpignan.alfmed.com\\\/it\\\/francais-pour-les-etrangers\\\/remise-des-diplomes-tcf\\\/\",\"name\":\"ALFMED Perpignan | Remise de dipl\u00f4mes de Fran\u00e7ais\",\"isPartOf\":{\"@id\":\"https:\\\/\\\/perpignan.alfmed.com\\\/it\\\/#website\"},\"primaryImageOfPage\":{\"@id\":\"https:\\\/\\\/perpignan.alfmed.com\\\/it\\\/francais-pour-les-etrangers\\\/remise-des-diplomes-tcf\\\/#primaryimage\"},\"image\":{\"@id\":\"https:\\\/\\\/perpignan.alfmed.com\\\/it\\\/francais-pour-les-etrangers\\\/remise-des-diplomes-tcf\\\/#primaryimage\"},\"thumbnailUrl\":\"https:\\\/\\\/perpignan.alfmed.com\\\/wp-content\\\/uploads\\\/2023\\\/02\\\/IMG_0299-scaled.jpg\",\"datePublished\":\"2023-02-08T10:12:45+00:00\",\"dateModified\":\"2023-02-16T15:00:19+00:00\",\"author\":{\"@id\":\"https:\\\/\\\/perpignan.alfmed.com\\\/it\\\/#\\\/schema\\\/person\\\/6718591f6785449d8fc528d9ad3cf52d\"},\"description\":\"Mardi 7 f\u00e9vrier a eu lieu la remise des Dipl\u00f4mes TCF de nos \u00e9l\u00e8ves de semestre de Fran\u00e7ais 2022. D\u00e9couvrez nos semestre de fran\u00e7ais tout au long de l'ann\u00e9e\",\"breadcrumb\":{\"@id\":\"https:\\\/\\\/perpignan.alfmed.com\\\/it\\\/francais-pour-les-etrangers\\\/remise-des-diplomes-tcf\\\/#breadcrumb\"},\"inLanguage\":\"it-IT\",\"potentialAction\":[{\"@type\":\"ReadAction\",\"target\":[\"https:\\\/\\\/perpignan.alfmed.com\\\/it\\\/francais-pour-les-etrangers\\\/remise-des-diplomes-tcf\\\/\"]}]},{\"@type\":\"ImageObject\",\"inLanguage\":\"it-IT\",\"@id\":\"https:\\\/\\\/perpignan.alfmed.com\\\/it\\\/francais-pour-les-etrangers\\\/remise-des-diplomes-tcf\\\/#primaryimage\",\"url\":\"https:\\\/\\\/perpignan.alfmed.com\\\/wp-content\\\/uploads\\\/2023\\\/02\\\/IMG_0299-scaled.jpg\",\"contentUrl\":\"https:\\\/\\\/perpignan.alfmed.com\\\/wp-content\\\/uploads\\\/2023\\\/02\\\/IMG_0299-scaled.jpg\",\"width\":2880,\"height\":1920},{\"@type\":\"BreadcrumbList\",\"@id\":\"https:\\\/\\\/perpignan.alfmed.com\\\/it\\\/francais-pour-les-etrangers\\\/remise-des-diplomes-tcf\\\/#breadcrumb\",\"itemListElement\":[{\"@type\":\"ListItem\",\"position\":1,\"name\":\"Home\",\"item\":\"https:\\\/\\\/perpignan.alfmed.com\\\/it\\\/\"},{\"@type\":\"ListItem\",\"position\":2,\"name\":\"Remise des dipl\u00f4mes TCF\"}]},{\"@type\":\"WebSite\",\"@id\":\"https:\\\/\\\/perpignan.alfmed.com\\\/it\\\/#website\",\"url\":\"https:\\\/\\\/perpignan.alfmed.com\\\/it\\\/\",\"name\":\"Alfmed\",\"description\":\"EXPERTS EN LANGUES &amp; PROJETS EUROP\u00c9ENS\",\"potentialAction\":[{\"@type\":\"SearchAction\",\"target\":{\"@type\":\"EntryPoint\",\"urlTemplate\":\"https:\\\/\\\/perpignan.alfmed.com\\\/it\\\/?s={search_term_string}\"},\"query-input\":{\"@type\":\"PropertyValueSpecification\",\"valueRequired\":true,\"valueName\":\"search_term_string\"}}],\"inLanguage\":\"it-IT\"},{\"@type\":\"Person\",\"@id\":\"https:\\\/\\\/perpignan.alfmed.com\\\/it\\\/#\\\/schema\\\/person\\\/6718591f6785449d8fc528d9ad3cf52d\",\"name\":\"Alfmed\",\"url\":\"https:\\\/\\\/perpignan.alfmed.com\\\/it\\\/author\\\/admalfmed\\\/\"}]}<\/script>\n<!-- \/ Yoast SEO plugin. -->","yoast_head_json":{"title":"ALFMED Perpignan | Remise de dipl\u00f4mes de Fran\u00e7ais","description":"Mardi 7 f\u00e9vrier a eu lieu la remise des Dipl\u00f4mes TCF de nos \u00e9l\u00e8ves de semestre de Fran\u00e7ais 2022. D\u00e9couvrez nos semestre de fran\u00e7ais tout au long de l'ann\u00e9e","robots":{"index":"index","follow":"follow","max-snippet":"max-snippet:-1","max-image-preview":"max-image-preview:large","max-video-preview":"max-video-preview:-1"},"canonical":"https:\/\/perpignan.alfmed.com\/it\/francais-pour-les-etrangers\/remise-des-diplomes-tcf\/","og_locale":"it_IT","og_type":"article","og_title":"ALFMED Perpignan | Remise de dipl\u00f4mes de Fran\u00e7ais","og_description":"Mardi 7 f\u00e9vrier a eu lieu la remise des Dipl\u00f4mes TCF de nos \u00e9l\u00e8ves de semestre de Fran\u00e7ais 2022. D\u00e9couvrez nos semestre de fran\u00e7ais tout au long de l'ann\u00e9e","og_url":"https:\/\/perpignan.alfmed.com\/it\/francais-pour-les-etrangers\/remise-des-diplomes-tcf\/","og_site_name":"Alfmed","article_published_time":"2023-02-08T10:12:45+00:00","article_modified_time":"2023-02-16T15:00:19+00:00","og_image":[{"width":2880,"height":1920,"url":"https:\/\/perpignan.alfmed.com\/wp-content\/uploads\/2023\/02\/IMG_0299-scaled.jpg","type":"image\/jpeg"}],"author":"Alfmed","twitter_card":"summary_large_image","schema":{"@context":"https:\/\/schema.org","@graph":[{"@type":"Article","@id":"https:\/\/perpignan.alfmed.com\/it\/francais-pour-les-etrangers\/remise-des-diplomes-tcf\/#article","isPartOf":{"@id":"https:\/\/perpignan.alfmed.com\/it\/francais-pour-les-etrangers\/remise-des-diplomes-tcf\/"},"author":{"name":"Alfmed","@id":"https:\/\/perpignan.alfmed.com\/it\/#\/schema\/person\/6718591f6785449d8fc528d9ad3cf52d"},"headline":"Remise des dipl\u00f4mes TCF","datePublished":"2023-02-08T10:12:45+00:00","dateModified":"2023-02-16T15:00:19+00:00","mainEntityOfPage":{"@id":"https:\/\/perpignan.alfmed.com\/it\/francais-pour-les-etrangers\/remise-des-diplomes-tcf\/"},"wordCount":159,"image":{"@id":"https:\/\/perpignan.alfmed.com\/it\/francais-pour-les-etrangers\/remise-des-diplomes-tcf\/#primaryimage"},"thumbnailUrl":"https:\/\/perpignan.alfmed.com\/wp-content\/uploads\/2023\/02\/IMG_0299-scaled.jpg","articleSection":["Actualit\u00e9s","Fran\u00e7ais pour les \u00e9trangers"],"inLanguage":"it-IT"},{"@type":"WebPage","@id":"https:\/\/perpignan.alfmed.com\/it\/francais-pour-les-etrangers\/remise-des-diplomes-tcf\/","url":"https:\/\/perpignan.alfmed.com\/it\/francais-pour-les-etrangers\/remise-des-diplomes-tcf\/","name":"ALFMED Perpignan | Remise de dipl\u00f4mes de Fran\u00e7ais","isPartOf":{"@id":"https:\/\/perpignan.alfmed.com\/it\/#website"},"primaryImageOfPage":{"@id":"https:\/\/perpignan.alfmed.com\/it\/francais-pour-les-etrangers\/remise-des-diplomes-tcf\/#primaryimage"},"image":{"@id":"https:\/\/perpignan.alfmed.com\/it\/francais-pour-les-etrangers\/remise-des-diplomes-tcf\/#primaryimage"},"thumbnailUrl":"https:\/\/perpignan.alfmed.com\/wp-content\/uploads\/2023\/02\/IMG_0299-scaled.jpg","datePublished":"2023-02-08T10:12:45+00:00","dateModified":"2023-02-16T15:00:19+00:00","author":{"@id":"https:\/\/perpignan.alfmed.com\/it\/#\/schema\/person\/6718591f6785449d8fc528d9ad3cf52d"},"description":"Mardi 7 f\u00e9vrier a eu lieu la remise des Dipl\u00f4mes TCF de nos \u00e9l\u00e8ves de semestre de Fran\u00e7ais 2022. D\u00e9couvrez nos semestre de fran\u00e7ais tout au long de l'ann\u00e9e","breadcrumb":{"@id":"https:\/\/perpignan.alfmed.com\/it\/francais-pour-les-etrangers\/remise-des-diplomes-tcf\/#breadcrumb"},"inLanguage":"it-IT","potentialAction":[{"@type":"ReadAction","target":["https:\/\/perpignan.alfmed.com\/it\/francais-pour-les-etrangers\/remise-des-diplomes-tcf\/"]}]},{"@type":"ImageObject","inLanguage":"it-IT","@id":"https:\/\/perpignan.alfmed.com\/it\/francais-pour-les-etrangers\/remise-des-diplomes-tcf\/#primaryimage","url":"https:\/\/perpignan.alfmed.com\/wp-content\/uploads\/2023\/02\/IMG_0299-scaled.jpg","contentUrl":"https:\/\/perpignan.alfmed.com\/wp-content\/uploads\/2023\/02\/IMG_0299-scaled.jpg","width":2880,"height":1920},{"@type":"BreadcrumbList","@id":"https:\/\/perpignan.alfmed.com\/it\/francais-pour-les-etrangers\/remise-des-diplomes-tcf\/#breadcrumb","itemListElement":[{"@type":"ListItem","position":1,"name":"Home","item":"https:\/\/perpignan.alfmed.com\/it\/"},{"@type":"ListItem","position":2,"name":"Remise des dipl\u00f4mes TCF"}]},{"@type":"WebSite","@id":"https:\/\/perpignan.alfmed.com\/it\/#website","url":"https:\/\/perpignan.alfmed.com\/it\/","name":"Alfmed","description":"EXPERTS EN LANGUES &amp; PROJETS EUROP\u00c9ENS","potentialAction":[{"@type":"SearchAction","target":{"@type":"EntryPoint","urlTemplate":"https:\/\/perpignan.alfmed.com\/it\/?s={search_term_string}"},"query-input":{"@type":"PropertyValueSpecification","valueRequired":true,"valueName":"search_term_string"}}],"inLanguage":"it-IT"},{"@type":"Person","@id":"https:\/\/perpignan.alfmed.com\/it\/#\/schema\/person\/6718591f6785449d8fc528d9ad3cf52d","name":"Alfmed","url":"https:\/\/perpignan.alfmed.com\/it\/author\/admalfmed\/"}]}},"_links":{"self":[{"href":"https:\/\/perpignan.alfmed.com\/it\/wp-json\/wp\/v2\/posts\/12387","targetHints":{"allow":["GET"]}}],"collection":[{"href":"https:\/\/perpignan.alfmed.com\/it\/wp-json\/wp\/v2\/posts"}],"about":[{"href":"https:\/\/perpignan.alfmed.com\/it\/wp-json\/wp\/v2\/types\/post"}],"author":[{"embeddable":true,"href":"https:\/\/perpignan.alfmed.com\/it\/wp-json\/wp\/v2\/users\/3"}],"replies":[{"embeddable":true,"href":"https:\/\/perpignan.alfmed.com\/it\/wp-json\/wp\/v2\/comments?post=12387"}],"version-history":[{"count":2,"href":"https:\/\/perpignan.alfmed.com\/it\/wp-json\/wp\/v2\/posts\/12387\/revisions"}],"predecessor-version":[{"id":12445,"href":"https:\/\/perpignan.alfmed.com\/it\/wp-json\/wp\/v2\/posts\/12387\/revisions\/12445"}],"wp:featuredmedia":[{"embeddable":true,"href":"https:\/\/perpignan.alfmed.com\/it\/wp-json\/wp\/v2\/media\/12392"}],"wp:attachment":[{"href":"https:\/\/perpignan.alfmed.com\/it\/wp-json\/wp\/v2\/media?parent=12387"}],"wp:term":[{"taxonomy":"category","embeddable":true,"href":"https:\/\/perpignan.alfmed.com\/it\/wp-json\/wp\/v2\/categories?post=12387"},{"taxonomy":"post_tag","embeddable":true,"href":"https:\/\/perpignan.alfmed.com\/it\/wp-json\/wp\/v2\/tags?post=12387"}],"curies":[{"name":"wp","href":"https:\/\/api.w.org\/{rel}","templated":true}]}}