{"id":12168,"date":"2023-02-03T10:04:41","date_gmt":"2023-02-03T10:04:41","guid":{"rendered":"https:\/\/perpignan.alfmed.com\/?p=12168"},"modified":"2023-02-03T10:18:45","modified_gmt":"2023-02-03T10:18:45","slug":"volontariat-en-allemagne-connaissez-vous-des-personnes-interessees","status":"publish","type":"post","link":"https:\/\/perpignan.alfmed.com\/it\/erasmus\/volontariat-en-allemagne-connaissez-vous-des-personnes-interessees\/","title":{"rendered":"Volontariat en Allemagne : connaissez-vous des personnes int\u00e9ress\u00e9es ?"},"content":{"rendered":"<div class=\"\" data-block=\"true\" data-editor=\"erfvh\" data-offset-key=\"avfd9-0-0\">\n<div class=\"_1mf _1mj\" data-offset-key=\"avfd9-0-0\"><span data-offset-key=\"avfd9-0-0\">A partir de septembre 2023, les 18-25 ans qui r\u00e9sident en France <strong>ayant des connaissances en allemand<\/strong> (A2\/B1 minimum) pourront effectuer un <strong>Volontariat Franco-Allemand en Allemagne<\/strong>, dans le cadre du Service Civique, dans un \u00e9tablissement scolaire ou d\u2019enseignement sup\u00e9rieur.<\/span><\/div>\n<\/div>\n<div class=\"\" data-block=\"true\" data-editor=\"erfvh\" data-offset-key=\"6j04t-0-0\">\n<div class=\"_1mf _1mj\" data-offset-key=\"6j04t-0-0\"><span data-offset-key=\"6j04t-0-0\">Les missions sont vari\u00e9es, les structures d\u2019accueil aussi et c\u2019est l\u2019occasion d\u2019acqu\u00e9rir une exp\u00e9rience \u00e0 l\u2019\u00e9tranger tout en \u00e9tant accompagn\u00e9.<\/span><\/div>\n<div data-offset-key=\"6j04t-0-0\"><\/div>\n<\/div>\n<div class=\"\" data-block=\"true\" data-editor=\"erfvh\" data-offset-key=\"amdr9-0-0\">\n<div class=\"_1mf _1mj\" data-offset-key=\"amdr9-0-0\"><span data-offset-key=\"amdr9-0-0\">Les candidatures sont ouvertes jusqu\u2019au 4 avril 2023.<\/span><\/div>\n<div class=\"_1mf _1mj\" data-offset-key=\"amdr9-0-0\"><span data-offset-key=\"amdr9-0-0\">Toutes les informations se trouvent sur le suite suivant http:\/\/volontariat.ofaj.org<\/span><\/div>\n<\/div>\n<div class=\"\" data-block=\"true\" data-editor=\"erfvh\" data-offset-key=\"5lkbb-0-0\">\n<div data-offset-key=\"5lkbb-0-0\"><\/div>\n<div class=\"_1mf _1mj\" data-offset-key=\"5lkbb-0-0\"><a href=\"https:\/\/www.youtube.com\/watch?v=7_BzYts1_EQ\"><span data-offset-key=\"5lkbb-0-0\">Vid\u00e9o explicative ici<\/span><\/a><\/div>\n<div data-offset-key=\"5lkbb-0-0\"><\/div>\n<div data-offset-key=\"5lkbb-0-0\"><a href=\"https:\/\/www.europedirectpyrenees.eu\/\">Merci \u00e0 l\u2019ADRET &#8211; EUROPE DIRECT Pyr\u00e9n\u00e9es<\/a><\/div>\n<\/div>\n","protected":false},"excerpt":{"rendered":"<p>A partir de septembre 2023, les 18-25 ans qui r\u00e9sident en France ayant des connaissances en allemand (A2\/B1 minimum) pourront effectuer un Volontariat Franco-Allemand en Allemagne, dans le cadre du Service Civique, dans un \u00e9tablissement scolaire ou d\u2019enseignement sup\u00e9rieur. Les missions sont vari\u00e9es, les structures d\u2019accueil aussi et c\u2019est l\u2019occasion d\u2019acqu\u00e9rir une exp\u00e9rience \u00e0 l\u2019\u00e9tranger [&hellip;]<\/p>\n","protected":false},"author":3,"featured_media":12170,"comment_status":"closed","ping_status":"closed","sticky":false,"template":"","format":"standard","meta":{"_acf_changed":false,"_et_pb_use_builder":"","_et_pb_old_content":"","_et_gb_content_width":"","footnotes":""},"categories":[130,33],"tags":[],"class_list":["post-12168","post","type-post","status-publish","format-standard","has-post-thumbnail","hentry","category-actualites","category-erasmus"],"acf":[],"yoast_head":"<!-- This site is optimized with the Yoast SEO plugin v27.5 - https:\/\/yoast.com\/product\/yoast-seo-wordpress\/ -->\n<title>Volontariat en Allemagne - ALFMED Perpignan<\/title>\n<meta name=\"description\" content=\"A partir de septembre 2023, les 18-25 ans qui r\u00e9sident en France ayant des connaissances en allemand (A2\/B1 minimum) pourront effectuer un Volontariat Franco-Allemand en Allemagne\" \/>\n<meta name=\"robots\" content=\"index, follow, max-snippet:-1, max-image-preview:large, max-video-preview:-1\" \/>\n<link rel=\"canonical\" href=\"https:\/\/perpignan.alfmed.com\/it\/erasmus\/volontariat-en-allemagne-connaissez-vous-des-personnes-interessees\/\" \/>\n<meta property=\"og:locale\" content=\"it_IT\" \/>\n<meta property=\"og:type\" content=\"article\" \/>\n<meta property=\"og:title\" content=\"Volontariat en Allemagne - ALFMED Perpignan\" \/>\n<meta property=\"og:description\" content=\"A partir de septembre 2023, les 18-25 ans qui r\u00e9sident en France ayant des connaissances en allemand (A2\/B1 minimum) pourront effectuer un Volontariat Franco-Allemand en Allemagne\" \/>\n<meta property=\"og:url\" content=\"https:\/\/perpignan.alfmed.com\/it\/erasmus\/volontariat-en-allemagne-connaissez-vous-des-personnes-interessees\/\" \/>\n<meta property=\"og:site_name\" content=\"Alfmed\" \/>\n<meta property=\"article:published_time\" content=\"2023-02-03T10:04:41+00:00\" \/>\n<meta property=\"article:modified_time\" content=\"2023-02-03T10:18:45+00:00\" \/>\n<meta property=\"og:image\" content=\"https:\/\/perpignan.alfmed.com\/wp-content\/uploads\/2023\/02\/grand-public1.png\" \/>\n\t<meta property=\"og:image:width\" content=\"380\" \/>\n\t<meta property=\"og:image:height\" content=\"273\" \/>\n\t<meta property=\"og:image:type\" content=\"image\/png\" \/>\n<meta name=\"author\" content=\"Alfmed\" \/>\n<meta name=\"twitter:card\" content=\"summary_large_image\" \/>\n<script type=\"application\/ld+json\" class=\"yoast-schema-graph\">{\"@context\":\"https:\\\/\\\/schema.org\",\"@graph\":[{\"@type\":\"Article\",\"@id\":\"https:\\\/\\\/perpignan.alfmed.com\\\/it\\\/erasmus\\\/volontariat-en-allemagne-connaissez-vous-des-personnes-interessees\\\/#article\",\"isPartOf\":{\"@id\":\"https:\\\/\\\/perpignan.alfmed.com\\\/it\\\/erasmus\\\/volontariat-en-allemagne-connaissez-vous-des-personnes-interessees\\\/\"},\"author\":{\"name\":\"Alfmed\",\"@id\":\"https:\\\/\\\/perpignan.alfmed.com\\\/it\\\/#\\\/schema\\\/person\\\/6718591f6785449d8fc528d9ad3cf52d\"},\"headline\":\"Volontariat en Allemagne : connaissez-vous des personnes int\u00e9ress\u00e9es ?\",\"datePublished\":\"2023-02-03T10:04:41+00:00\",\"dateModified\":\"2023-02-03T10:18:45+00:00\",\"mainEntityOfPage\":{\"@id\":\"https:\\\/\\\/perpignan.alfmed.com\\\/it\\\/erasmus\\\/volontariat-en-allemagne-connaissez-vous-des-personnes-interessees\\\/\"},\"wordCount\":111,\"image\":{\"@id\":\"https:\\\/\\\/perpignan.alfmed.com\\\/it\\\/erasmus\\\/volontariat-en-allemagne-connaissez-vous-des-personnes-interessees\\\/#primaryimage\"},\"thumbnailUrl\":\"https:\\\/\\\/perpignan.alfmed.com\\\/wp-content\\\/uploads\\\/2023\\\/02\\\/grand-public1.png\",\"articleSection\":[\"Actualit\u00e9s\",\"Erasmus\"],\"inLanguage\":\"it-IT\"},{\"@type\":\"WebPage\",\"@id\":\"https:\\\/\\\/perpignan.alfmed.com\\\/it\\\/erasmus\\\/volontariat-en-allemagne-connaissez-vous-des-personnes-interessees\\\/\",\"url\":\"https:\\\/\\\/perpignan.alfmed.com\\\/it\\\/erasmus\\\/volontariat-en-allemagne-connaissez-vous-des-personnes-interessees\\\/\",\"name\":\"Volontariat en Allemagne - ALFMED Perpignan\",\"isPartOf\":{\"@id\":\"https:\\\/\\\/perpignan.alfmed.com\\\/it\\\/#website\"},\"primaryImageOfPage\":{\"@id\":\"https:\\\/\\\/perpignan.alfmed.com\\\/it\\\/erasmus\\\/volontariat-en-allemagne-connaissez-vous-des-personnes-interessees\\\/#primaryimage\"},\"image\":{\"@id\":\"https:\\\/\\\/perpignan.alfmed.com\\\/it\\\/erasmus\\\/volontariat-en-allemagne-connaissez-vous-des-personnes-interessees\\\/#primaryimage\"},\"thumbnailUrl\":\"https:\\\/\\\/perpignan.alfmed.com\\\/wp-content\\\/uploads\\\/2023\\\/02\\\/grand-public1.png\",\"datePublished\":\"2023-02-03T10:04:41+00:00\",\"dateModified\":\"2023-02-03T10:18:45+00:00\",\"author\":{\"@id\":\"https:\\\/\\\/perpignan.alfmed.com\\\/it\\\/#\\\/schema\\\/person\\\/6718591f6785449d8fc528d9ad3cf52d\"},\"description\":\"A partir de septembre 2023, les 18-25 ans qui r\u00e9sident en France ayant des connaissances en allemand (A2\\\/B1 minimum) pourront effectuer un Volontariat Franco-Allemand en Allemagne\",\"breadcrumb\":{\"@id\":\"https:\\\/\\\/perpignan.alfmed.com\\\/it\\\/erasmus\\\/volontariat-en-allemagne-connaissez-vous-des-personnes-interessees\\\/#breadcrumb\"},\"inLanguage\":\"it-IT\",\"potentialAction\":[{\"@type\":\"ReadAction\",\"target\":[\"https:\\\/\\\/perpignan.alfmed.com\\\/it\\\/erasmus\\\/volontariat-en-allemagne-connaissez-vous-des-personnes-interessees\\\/\"]}]},{\"@type\":\"ImageObject\",\"inLanguage\":\"it-IT\",\"@id\":\"https:\\\/\\\/perpignan.alfmed.com\\\/it\\\/erasmus\\\/volontariat-en-allemagne-connaissez-vous-des-personnes-interessees\\\/#primaryimage\",\"url\":\"https:\\\/\\\/perpignan.alfmed.com\\\/wp-content\\\/uploads\\\/2023\\\/02\\\/grand-public1.png\",\"contentUrl\":\"https:\\\/\\\/perpignan.alfmed.com\\\/wp-content\\\/uploads\\\/2023\\\/02\\\/grand-public1.png\",\"width\":380,\"height\":273},{\"@type\":\"BreadcrumbList\",\"@id\":\"https:\\\/\\\/perpignan.alfmed.com\\\/it\\\/erasmus\\\/volontariat-en-allemagne-connaissez-vous-des-personnes-interessees\\\/#breadcrumb\",\"itemListElement\":[{\"@type\":\"ListItem\",\"position\":1,\"name\":\"Home\",\"item\":\"https:\\\/\\\/perpignan.alfmed.com\\\/it\\\/\"},{\"@type\":\"ListItem\",\"position\":2,\"name\":\"Volontariat en Allemagne : connaissez-vous des personnes int\u00e9ress\u00e9es ?\"}]},{\"@type\":\"WebSite\",\"@id\":\"https:\\\/\\\/perpignan.alfmed.com\\\/it\\\/#website\",\"url\":\"https:\\\/\\\/perpignan.alfmed.com\\\/it\\\/\",\"name\":\"Alfmed\",\"description\":\"EXPERTS EN LANGUES &amp; PROJETS EUROP\u00c9ENS\",\"potentialAction\":[{\"@type\":\"SearchAction\",\"target\":{\"@type\":\"EntryPoint\",\"urlTemplate\":\"https:\\\/\\\/perpignan.alfmed.com\\\/it\\\/?s={search_term_string}\"},\"query-input\":{\"@type\":\"PropertyValueSpecification\",\"valueRequired\":true,\"valueName\":\"search_term_string\"}}],\"inLanguage\":\"it-IT\"},{\"@type\":\"Person\",\"@id\":\"https:\\\/\\\/perpignan.alfmed.com\\\/it\\\/#\\\/schema\\\/person\\\/6718591f6785449d8fc528d9ad3cf52d\",\"name\":\"Alfmed\",\"url\":\"https:\\\/\\\/perpignan.alfmed.com\\\/it\\\/author\\\/admalfmed\\\/\"}]}<\/script>\n<!-- \/ Yoast SEO plugin. -->","yoast_head_json":{"title":"Volontariat en Allemagne - ALFMED Perpignan","description":"A partir de septembre 2023, les 18-25 ans qui r\u00e9sident en France ayant des connaissances en allemand (A2\/B1 minimum) pourront effectuer un Volontariat Franco-Allemand en Allemagne","robots":{"index":"index","follow":"follow","max-snippet":"max-snippet:-1","max-image-preview":"max-image-preview:large","max-video-preview":"max-video-preview:-1"},"canonical":"https:\/\/perpignan.alfmed.com\/it\/erasmus\/volontariat-en-allemagne-connaissez-vous-des-personnes-interessees\/","og_locale":"it_IT","og_type":"article","og_title":"Volontariat en Allemagne - ALFMED Perpignan","og_description":"A partir de septembre 2023, les 18-25 ans qui r\u00e9sident en France ayant des connaissances en allemand (A2\/B1 minimum) pourront effectuer un Volontariat Franco-Allemand en Allemagne","og_url":"https:\/\/perpignan.alfmed.com\/it\/erasmus\/volontariat-en-allemagne-connaissez-vous-des-personnes-interessees\/","og_site_name":"Alfmed","article_published_time":"2023-02-03T10:04:41+00:00","article_modified_time":"2023-02-03T10:18:45+00:00","og_image":[{"width":380,"height":273,"url":"https:\/\/perpignan.alfmed.com\/wp-content\/uploads\/2023\/02\/grand-public1.png","type":"image\/png"}],"author":"Alfmed","twitter_card":"summary_large_image","schema":{"@context":"https:\/\/schema.org","@graph":[{"@type":"Article","@id":"https:\/\/perpignan.alfmed.com\/it\/erasmus\/volontariat-en-allemagne-connaissez-vous-des-personnes-interessees\/#article","isPartOf":{"@id":"https:\/\/perpignan.alfmed.com\/it\/erasmus\/volontariat-en-allemagne-connaissez-vous-des-personnes-interessees\/"},"author":{"name":"Alfmed","@id":"https:\/\/perpignan.alfmed.com\/it\/#\/schema\/person\/6718591f6785449d8fc528d9ad3cf52d"},"headline":"Volontariat en Allemagne : connaissez-vous des personnes int\u00e9ress\u00e9es ?","datePublished":"2023-02-03T10:04:41+00:00","dateModified":"2023-02-03T10:18:45+00:00","mainEntityOfPage":{"@id":"https:\/\/perpignan.alfmed.com\/it\/erasmus\/volontariat-en-allemagne-connaissez-vous-des-personnes-interessees\/"},"wordCount":111,"image":{"@id":"https:\/\/perpignan.alfmed.com\/it\/erasmus\/volontariat-en-allemagne-connaissez-vous-des-personnes-interessees\/#primaryimage"},"thumbnailUrl":"https:\/\/perpignan.alfmed.com\/wp-content\/uploads\/2023\/02\/grand-public1.png","articleSection":["Actualit\u00e9s","Erasmus"],"inLanguage":"it-IT"},{"@type":"WebPage","@id":"https:\/\/perpignan.alfmed.com\/it\/erasmus\/volontariat-en-allemagne-connaissez-vous-des-personnes-interessees\/","url":"https:\/\/perpignan.alfmed.com\/it\/erasmus\/volontariat-en-allemagne-connaissez-vous-des-personnes-interessees\/","name":"Volontariat en Allemagne - ALFMED Perpignan","isPartOf":{"@id":"https:\/\/perpignan.alfmed.com\/it\/#website"},"primaryImageOfPage":{"@id":"https:\/\/perpignan.alfmed.com\/it\/erasmus\/volontariat-en-allemagne-connaissez-vous-des-personnes-interessees\/#primaryimage"},"image":{"@id":"https:\/\/perpignan.alfmed.com\/it\/erasmus\/volontariat-en-allemagne-connaissez-vous-des-personnes-interessees\/#primaryimage"},"thumbnailUrl":"https:\/\/perpignan.alfmed.com\/wp-content\/uploads\/2023\/02\/grand-public1.png","datePublished":"2023-02-03T10:04:41+00:00","dateModified":"2023-02-03T10:18:45+00:00","author":{"@id":"https:\/\/perpignan.alfmed.com\/it\/#\/schema\/person\/6718591f6785449d8fc528d9ad3cf52d"},"description":"A partir de septembre 2023, les 18-25 ans qui r\u00e9sident en France ayant des connaissances en allemand (A2\/B1 minimum) pourront effectuer un Volontariat Franco-Allemand en Allemagne","breadcrumb":{"@id":"https:\/\/perpignan.alfmed.com\/it\/erasmus\/volontariat-en-allemagne-connaissez-vous-des-personnes-interessees\/#breadcrumb"},"inLanguage":"it-IT","potentialAction":[{"@type":"ReadAction","target":["https:\/\/perpignan.alfmed.com\/it\/erasmus\/volontariat-en-allemagne-connaissez-vous-des-personnes-interessees\/"]}]},{"@type":"ImageObject","inLanguage":"it-IT","@id":"https:\/\/perpignan.alfmed.com\/it\/erasmus\/volontariat-en-allemagne-connaissez-vous-des-personnes-interessees\/#primaryimage","url":"https:\/\/perpignan.alfmed.com\/wp-content\/uploads\/2023\/02\/grand-public1.png","contentUrl":"https:\/\/perpignan.alfmed.com\/wp-content\/uploads\/2023\/02\/grand-public1.png","width":380,"height":273},{"@type":"BreadcrumbList","@id":"https:\/\/perpignan.alfmed.com\/it\/erasmus\/volontariat-en-allemagne-connaissez-vous-des-personnes-interessees\/#breadcrumb","itemListElement":[{"@type":"ListItem","position":1,"name":"Home","item":"https:\/\/perpignan.alfmed.com\/it\/"},{"@type":"ListItem","position":2,"name":"Volontariat en Allemagne : connaissez-vous des personnes int\u00e9ress\u00e9es ?"}]},{"@type":"WebSite","@id":"https:\/\/perpignan.alfmed.com\/it\/#website","url":"https:\/\/perpignan.alfmed.com\/it\/","name":"Alfmed","description":"EXPERTS EN LANGUES &amp; PROJETS EUROP\u00c9ENS","potentialAction":[{"@type":"SearchAction","target":{"@type":"EntryPoint","urlTemplate":"https:\/\/perpignan.alfmed.com\/it\/?s={search_term_string}"},"query-input":{"@type":"PropertyValueSpecification","valueRequired":true,"valueName":"search_term_string"}}],"inLanguage":"it-IT"},{"@type":"Person","@id":"https:\/\/perpignan.alfmed.com\/it\/#\/schema\/person\/6718591f6785449d8fc528d9ad3cf52d","name":"Alfmed","url":"https:\/\/perpignan.alfmed.com\/it\/author\/admalfmed\/"}]}},"_links":{"self":[{"href":"https:\/\/perpignan.alfmed.com\/it\/wp-json\/wp\/v2\/posts\/12168","targetHints":{"allow":["GET"]}}],"collection":[{"href":"https:\/\/perpignan.alfmed.com\/it\/wp-json\/wp\/v2\/posts"}],"about":[{"href":"https:\/\/perpignan.alfmed.com\/it\/wp-json\/wp\/v2\/types\/post"}],"author":[{"embeddable":true,"href":"https:\/\/perpignan.alfmed.com\/it\/wp-json\/wp\/v2\/users\/3"}],"replies":[{"embeddable":true,"href":"https:\/\/perpignan.alfmed.com\/it\/wp-json\/wp\/v2\/comments?post=12168"}],"version-history":[{"count":2,"href":"https:\/\/perpignan.alfmed.com\/it\/wp-json\/wp\/v2\/posts\/12168\/revisions"}],"predecessor-version":[{"id":12174,"href":"https:\/\/perpignan.alfmed.com\/it\/wp-json\/wp\/v2\/posts\/12168\/revisions\/12174"}],"wp:featuredmedia":[{"embeddable":true,"href":"https:\/\/perpignan.alfmed.com\/it\/wp-json\/wp\/v2\/media\/12170"}],"wp:attachment":[{"href":"https:\/\/perpignan.alfmed.com\/it\/wp-json\/wp\/v2\/media?parent=12168"}],"wp:term":[{"taxonomy":"category","embeddable":true,"href":"https:\/\/perpignan.alfmed.com\/it\/wp-json\/wp\/v2\/categories?post=12168"},{"taxonomy":"post_tag","embeddable":true,"href":"https:\/\/perpignan.alfmed.com\/it\/wp-json\/wp\/v2\/tags?post=12168"}],"curies":[{"name":"wp","href":"https:\/\/api.w.org\/{rel}","templated":true}]}}