{"id":5565,"date":"2022-09-22T10:07:55","date_gmt":"2022-09-22T10:07:55","guid":{"rendered":"https:\/\/perpignan.alfmed.com\/?p=5565"},"modified":"2023-02-08T11:24:11","modified_gmt":"2023-02-08T11:24:11","slug":"faites-fete-de-langlais-2022","status":"publish","type":"post","link":"https:\/\/perpignan.alfmed.com\/es\/actualites\/faites-fete-de-langlais-2022\/","title":{"rendered":"Faites\/F\u00eate de l&#8217;Anglais 2022"},"content":{"rendered":"<p>Nous avons le plaisir de vous inviter \u00e0 la quatri\u00e8me \u00e9dition de la F\u00eate de l\u2019anglais qui aura lieu en ligne le\u00a0<strong>samedi 15 octobre 2022<\/strong>.<\/p>\n<p>La F\u00eate de l\u2019anglais est un \u00e9v\u00e9nement\u00a0<strong>gratuit<\/strong>\u00a0organis\u00e9 par Cambridge pour promouvoir l\u2019apprentissage et l\u2019enseignement de l\u2019anglais \u00e0 l\u2019\u00e9cole, au travail et dans la vie quotidienne.<\/p>\n<p><em>La F\u00eate de l\u2019anglais est organis\u00e9e en partenariat avec le British Council, avec le soutien de l\u2019Inspection g\u00e9n\u00e9rale de l\u2019\u00c9ducation nationale et sous le patronage des ambassades du Royaume-Uni, du Canada, des Etats-Unis, de Malte et d\u2019Irlande.<\/em><strong><br \/>\n<\/strong><\/p>\n<p><u>Au programme cette ann\u00e9e<\/u>\u202f:\u00a0<strong>6 conf\u00e9rences interactives<\/strong>\u00a0et\u00a0<strong>4 ateliers<\/strong>\u00a0en ligne pour vous informer et vous donner de nouvelles id\u00e9es, avec entre autres notamment :<\/p>\n<ul>\n<li>Une conf\u00e9rence \u00ab\u00a0<strong>Les initiatives de l\u2019\u00c9ducation nationale pour l\u2019apprentissage de l\u2019anglais : la mobilit\u00e9 internationale<\/strong>\u00a0\u00bb anim\u00e9e par Isabelle Leguy (Inspectrice g\u00e9n\u00e9rale des langues vivantes, r\u00e9f\u00e9rente du Plan Langues) et Fran\u00e7oise Parillaud (IA-IPR anglais, Acad\u00e9mie de Versailles)<\/li>\n<li>Une conf\u00e9rence\/session r\u00e9serv\u00e9e aux enseignants d&#8217;anglais \u00ab\u00a0<strong>Teaching mixed-ability classes<\/strong>\u00a0\u00bb anim\u00e9e par Penny Ur (enseignante et autrice d\u2019ouvrages sur l\u2019enseignement de l\u2019anglais langue \u00e9trang\u00e8re).<\/li>\n<\/ul>\n<p style=\"line-height: 150%\">Consultez le\u00a0<a href=\"https:\/\/www.cambridgeenglish.org\/fr\/events\/fetedelanglais\/programme\/?utm_campaign=f%c3%aate%20de%20l%27anglais%202022&amp;utm_medium=email&amp;_hsmi=226251290&amp;_hsenc=p2anqtz--k3dos3ca1-5ixgzuqy_i6yi7vgakquxlxv2lkkgg-b5eudgpqmakxhtyeem5kxnurclhilczfwm6rszr84f4wlxi_2a&amp;utm_content=226254387&amp;utm_source=hs_email\">programme complet<\/a>\u00a0et\u00a0<a href=\"https:\/\/www.cambridgeenglish.org\/fr\/events\/fetedelanglais\/?utm_campaign=f%c3%aate%20de%20l%27anglais%202022&amp;utm_medium=email&amp;_hsmi=226251290&amp;_hsenc=p2anqtz-8jqnnsr1ra-3rx_fb8nc3cchvrtwkux6h6un5eymkova6vbnwcyzr78aepnuglif0zo6tb91tcabj-ehta20d2sbjkeq&amp;utm_content=226254387&amp;utm_source=hs_email#fdaform\">inscrivez-vous<\/a>\u00a0en quelques clics !<\/p>\n<p><strong>Votre centre ALFMED est Centre officiel de Pr\u00e9paration aux dipl\u00f4mes Cambridge.<br \/>\n<\/strong>Depuis 2007, nous pr\u00e9parons chaque ann\u00e9e 150 \u00e9l\u00e8ves \u00e0 la passation d&#8217;un dipl\u00f4me Cambridge YLE.<br \/>\nPour les primaires &#8211; coll\u00e8ges, le prochain programme de formation commence\u00a0<strong>en pr\u00e9sentiel \u00e0 ALFMED en novembre 2022 les mardis soirs.<br \/>\n<\/strong><br \/>\n<strong>Plus d&#8217;informations sur notre\u00a0site internet : Programme Cambridge<\/strong><\/p>\n<p>N&#8217;h\u00e9sitez pas \u00e0 partager cette invitation avec vos coll\u00e8gues et vos apprenants.<\/p>\n<p><img loading=\"lazy\" decoding=\"async\" class=\"aligncenter wp-image-5569 size-full\" src=\"https:\/\/perpignan.alfmed.com\/wp-content\/uploads\/2022\/09\/fete.png\" alt=\"\" width=\"558\" height=\"162\" srcset=\"https:\/\/perpignan.alfmed.com\/wp-content\/uploads\/2022\/09\/fete.png 558w, https:\/\/perpignan.alfmed.com\/wp-content\/uploads\/2022\/09\/fete-480x139.png 480w\" sizes=\"(min-width: 0px) and (max-width: 480px) 480px, (min-width: 481px) 558px, 100vw\" \/><\/p>\n","protected":false},"excerpt":{"rendered":"<p>Nous avons le plaisir de vous inviter \u00e0 la quatri\u00e8me \u00e9dition de la F\u00eate de l\u2019anglais qui aura lieu en ligne le\u00a0samedi 15 octobre 2022. La F\u00eate de l\u2019anglais est un \u00e9v\u00e9nement\u00a0gratuit\u00a0organis\u00e9 par Cambridge pour promouvoir l\u2019apprentissage et l\u2019enseignement de l\u2019anglais \u00e0 l\u2019\u00e9cole, au travail et dans la vie quotidienne. La F\u00eate de l\u2019anglais est [&hellip;]<\/p>\n","protected":false},"author":3,"featured_media":5568,"comment_status":"closed","ping_status":"closed","sticky":false,"template":"","format":"standard","meta":{"_acf_changed":false,"_et_pb_use_builder":"","_et_pb_old_content":"","_et_gb_content_width":"","footnotes":""},"categories":[130],"tags":[],"class_list":["post-5565","post","type-post","status-publish","format-standard","has-post-thumbnail","hentry","category-actualites"],"acf":[],"yoast_head":"<!-- This site is optimized with the Yoast SEO plugin v27.5 - https:\/\/yoast.com\/product\/yoast-seo-wordpress\/ -->\n<title>ALFMED Perpignan | Faites\/F\u00eate de l&#039;Anglais 2022<\/title>\n<meta name=\"description\" content=\"La F\u00eate de l\u2019anglais est un \u00e9v\u00e9nement\u00a0gratuit\u00a0organis\u00e9 par Cambridge pour promouvoir l\u2019apprentissage et l\u2019enseignement de l\u2019anglais \u00e0 l\u2019\u00e9cole, au travail et dans la vie quotidienne\" \/>\n<meta name=\"robots\" content=\"index, follow, max-snippet:-1, max-image-preview:large, max-video-preview:-1\" \/>\n<link rel=\"canonical\" href=\"https:\/\/perpignan.alfmed.com\/es\/actualites\/faites-fete-de-langlais-2022\/\" \/>\n<meta property=\"og:locale\" content=\"es_ES\" \/>\n<meta property=\"og:type\" content=\"article\" \/>\n<meta property=\"og:title\" content=\"ALFMED Perpignan | Faites\/F\u00eate de l&#039;Anglais 2022\" \/>\n<meta property=\"og:description\" content=\"La F\u00eate de l\u2019anglais est un \u00e9v\u00e9nement\u00a0gratuit\u00a0organis\u00e9 par Cambridge pour promouvoir l\u2019apprentissage et l\u2019enseignement de l\u2019anglais \u00e0 l\u2019\u00e9cole, au travail et dans la vie quotidienne\" \/>\n<meta property=\"og:url\" content=\"https:\/\/perpignan.alfmed.com\/es\/actualites\/faites-fete-de-langlais-2022\/\" \/>\n<meta property=\"og:site_name\" content=\"Alfmed\" \/>\n<meta property=\"article:published_time\" content=\"2022-09-22T10:07:55+00:00\" \/>\n<meta property=\"article:modified_time\" content=\"2023-02-08T11:24:11+00:00\" \/>\n<meta property=\"og:image\" content=\"https:\/\/perpignan.alfmed.com\/wp-content\/uploads\/2022\/09\/fete23.png\" \/>\n\t<meta property=\"og:image:width\" content=\"188\" \/>\n\t<meta property=\"og:image:height\" content=\"160\" \/>\n\t<meta property=\"og:image:type\" content=\"image\/png\" \/>\n<meta name=\"author\" content=\"Alfmed\" \/>\n<meta name=\"twitter:card\" content=\"summary_large_image\" \/>\n<script type=\"application\/ld+json\" class=\"yoast-schema-graph\">{\"@context\":\"https:\\\/\\\/schema.org\",\"@graph\":[{\"@type\":\"Article\",\"@id\":\"https:\\\/\\\/perpignan.alfmed.com\\\/es\\\/actualites\\\/faites-fete-de-langlais-2022\\\/#article\",\"isPartOf\":{\"@id\":\"https:\\\/\\\/perpignan.alfmed.com\\\/es\\\/actualites\\\/faites-fete-de-langlais-2022\\\/\"},\"author\":{\"name\":\"Alfmed\",\"@id\":\"https:\\\/\\\/perpignan.alfmed.com\\\/es\\\/#\\\/schema\\\/person\\\/6718591f6785449d8fc528d9ad3cf52d\"},\"headline\":\"Faites\\\/F\u00eate de l&#8217;Anglais 2022\",\"datePublished\":\"2022-09-22T10:07:55+00:00\",\"dateModified\":\"2023-02-08T11:24:11+00:00\",\"mainEntityOfPage\":{\"@id\":\"https:\\\/\\\/perpignan.alfmed.com\\\/es\\\/actualites\\\/faites-fete-de-langlais-2022\\\/\"},\"wordCount\":298,\"image\":{\"@id\":\"https:\\\/\\\/perpignan.alfmed.com\\\/es\\\/actualites\\\/faites-fete-de-langlais-2022\\\/#primaryimage\"},\"thumbnailUrl\":\"https:\\\/\\\/perpignan.alfmed.com\\\/wp-content\\\/uploads\\\/2022\\\/09\\\/fete23.png\",\"articleSection\":[\"Actualit\u00e9s\"],\"inLanguage\":\"es\"},{\"@type\":\"WebPage\",\"@id\":\"https:\\\/\\\/perpignan.alfmed.com\\\/es\\\/actualites\\\/faites-fete-de-langlais-2022\\\/\",\"url\":\"https:\\\/\\\/perpignan.alfmed.com\\\/es\\\/actualites\\\/faites-fete-de-langlais-2022\\\/\",\"name\":\"ALFMED Perpignan | Faites\\\/F\u00eate de l'Anglais 2022\",\"isPartOf\":{\"@id\":\"https:\\\/\\\/perpignan.alfmed.com\\\/es\\\/#website\"},\"primaryImageOfPage\":{\"@id\":\"https:\\\/\\\/perpignan.alfmed.com\\\/es\\\/actualites\\\/faites-fete-de-langlais-2022\\\/#primaryimage\"},\"image\":{\"@id\":\"https:\\\/\\\/perpignan.alfmed.com\\\/es\\\/actualites\\\/faites-fete-de-langlais-2022\\\/#primaryimage\"},\"thumbnailUrl\":\"https:\\\/\\\/perpignan.alfmed.com\\\/wp-content\\\/uploads\\\/2022\\\/09\\\/fete23.png\",\"datePublished\":\"2022-09-22T10:07:55+00:00\",\"dateModified\":\"2023-02-08T11:24:11+00:00\",\"author\":{\"@id\":\"https:\\\/\\\/perpignan.alfmed.com\\\/es\\\/#\\\/schema\\\/person\\\/6718591f6785449d8fc528d9ad3cf52d\"},\"description\":\"La F\u00eate de l\u2019anglais est un \u00e9v\u00e9nement\u00a0gratuit\u00a0organis\u00e9 par Cambridge pour promouvoir l\u2019apprentissage et l\u2019enseignement de l\u2019anglais \u00e0 l\u2019\u00e9cole, au travail et dans la vie quotidienne\",\"breadcrumb\":{\"@id\":\"https:\\\/\\\/perpignan.alfmed.com\\\/es\\\/actualites\\\/faites-fete-de-langlais-2022\\\/#breadcrumb\"},\"inLanguage\":\"es\",\"potentialAction\":[{\"@type\":\"ReadAction\",\"target\":[\"https:\\\/\\\/perpignan.alfmed.com\\\/es\\\/actualites\\\/faites-fete-de-langlais-2022\\\/\"]}]},{\"@type\":\"ImageObject\",\"inLanguage\":\"es\",\"@id\":\"https:\\\/\\\/perpignan.alfmed.com\\\/es\\\/actualites\\\/faites-fete-de-langlais-2022\\\/#primaryimage\",\"url\":\"https:\\\/\\\/perpignan.alfmed.com\\\/wp-content\\\/uploads\\\/2022\\\/09\\\/fete23.png\",\"contentUrl\":\"https:\\\/\\\/perpignan.alfmed.com\\\/wp-content\\\/uploads\\\/2022\\\/09\\\/fete23.png\",\"width\":188,\"height\":160},{\"@type\":\"BreadcrumbList\",\"@id\":\"https:\\\/\\\/perpignan.alfmed.com\\\/es\\\/actualites\\\/faites-fete-de-langlais-2022\\\/#breadcrumb\",\"itemListElement\":[{\"@type\":\"ListItem\",\"position\":1,\"name\":\"Home\",\"item\":\"https:\\\/\\\/perpignan.alfmed.com\\\/es\\\/\"},{\"@type\":\"ListItem\",\"position\":2,\"name\":\"Faites\\\/F\u00eate de l&rsquo;Anglais 2022\"}]},{\"@type\":\"WebSite\",\"@id\":\"https:\\\/\\\/perpignan.alfmed.com\\\/es\\\/#website\",\"url\":\"https:\\\/\\\/perpignan.alfmed.com\\\/es\\\/\",\"name\":\"Alfmed\",\"description\":\"EXPERTS EN LANGUES &amp; PROJETS EUROP\u00c9ENS\",\"potentialAction\":[{\"@type\":\"SearchAction\",\"target\":{\"@type\":\"EntryPoint\",\"urlTemplate\":\"https:\\\/\\\/perpignan.alfmed.com\\\/es\\\/?s={search_term_string}\"},\"query-input\":{\"@type\":\"PropertyValueSpecification\",\"valueRequired\":true,\"valueName\":\"search_term_string\"}}],\"inLanguage\":\"es\"},{\"@type\":\"Person\",\"@id\":\"https:\\\/\\\/perpignan.alfmed.com\\\/es\\\/#\\\/schema\\\/person\\\/6718591f6785449d8fc528d9ad3cf52d\",\"name\":\"Alfmed\",\"url\":\"https:\\\/\\\/perpignan.alfmed.com\\\/es\\\/author\\\/admalfmed\\\/\"}]}<\/script>\n<!-- \/ Yoast SEO plugin. -->","yoast_head_json":{"title":"ALFMED Perpignan | Faites\/F\u00eate de l'Anglais 2022","description":"La F\u00eate de l\u2019anglais est un \u00e9v\u00e9nement\u00a0gratuit\u00a0organis\u00e9 par Cambridge pour promouvoir l\u2019apprentissage et l\u2019enseignement de l\u2019anglais \u00e0 l\u2019\u00e9cole, au travail et dans la vie quotidienne","robots":{"index":"index","follow":"follow","max-snippet":"max-snippet:-1","max-image-preview":"max-image-preview:large","max-video-preview":"max-video-preview:-1"},"canonical":"https:\/\/perpignan.alfmed.com\/es\/actualites\/faites-fete-de-langlais-2022\/","og_locale":"es_ES","og_type":"article","og_title":"ALFMED Perpignan | Faites\/F\u00eate de l'Anglais 2022","og_description":"La F\u00eate de l\u2019anglais est un \u00e9v\u00e9nement\u00a0gratuit\u00a0organis\u00e9 par Cambridge pour promouvoir l\u2019apprentissage et l\u2019enseignement de l\u2019anglais \u00e0 l\u2019\u00e9cole, au travail et dans la vie quotidienne","og_url":"https:\/\/perpignan.alfmed.com\/es\/actualites\/faites-fete-de-langlais-2022\/","og_site_name":"Alfmed","article_published_time":"2022-09-22T10:07:55+00:00","article_modified_time":"2023-02-08T11:24:11+00:00","og_image":[{"width":188,"height":160,"url":"https:\/\/perpignan.alfmed.com\/wp-content\/uploads\/2022\/09\/fete23.png","type":"image\/png"}],"author":"Alfmed","twitter_card":"summary_large_image","schema":{"@context":"https:\/\/schema.org","@graph":[{"@type":"Article","@id":"https:\/\/perpignan.alfmed.com\/es\/actualites\/faites-fete-de-langlais-2022\/#article","isPartOf":{"@id":"https:\/\/perpignan.alfmed.com\/es\/actualites\/faites-fete-de-langlais-2022\/"},"author":{"name":"Alfmed","@id":"https:\/\/perpignan.alfmed.com\/es\/#\/schema\/person\/6718591f6785449d8fc528d9ad3cf52d"},"headline":"Faites\/F\u00eate de l&#8217;Anglais 2022","datePublished":"2022-09-22T10:07:55+00:00","dateModified":"2023-02-08T11:24:11+00:00","mainEntityOfPage":{"@id":"https:\/\/perpignan.alfmed.com\/es\/actualites\/faites-fete-de-langlais-2022\/"},"wordCount":298,"image":{"@id":"https:\/\/perpignan.alfmed.com\/es\/actualites\/faites-fete-de-langlais-2022\/#primaryimage"},"thumbnailUrl":"https:\/\/perpignan.alfmed.com\/wp-content\/uploads\/2022\/09\/fete23.png","articleSection":["Actualit\u00e9s"],"inLanguage":"es"},{"@type":"WebPage","@id":"https:\/\/perpignan.alfmed.com\/es\/actualites\/faites-fete-de-langlais-2022\/","url":"https:\/\/perpignan.alfmed.com\/es\/actualites\/faites-fete-de-langlais-2022\/","name":"ALFMED Perpignan | Faites\/F\u00eate de l'Anglais 2022","isPartOf":{"@id":"https:\/\/perpignan.alfmed.com\/es\/#website"},"primaryImageOfPage":{"@id":"https:\/\/perpignan.alfmed.com\/es\/actualites\/faites-fete-de-langlais-2022\/#primaryimage"},"image":{"@id":"https:\/\/perpignan.alfmed.com\/es\/actualites\/faites-fete-de-langlais-2022\/#primaryimage"},"thumbnailUrl":"https:\/\/perpignan.alfmed.com\/wp-content\/uploads\/2022\/09\/fete23.png","datePublished":"2022-09-22T10:07:55+00:00","dateModified":"2023-02-08T11:24:11+00:00","author":{"@id":"https:\/\/perpignan.alfmed.com\/es\/#\/schema\/person\/6718591f6785449d8fc528d9ad3cf52d"},"description":"La F\u00eate de l\u2019anglais est un \u00e9v\u00e9nement\u00a0gratuit\u00a0organis\u00e9 par Cambridge pour promouvoir l\u2019apprentissage et l\u2019enseignement de l\u2019anglais \u00e0 l\u2019\u00e9cole, au travail et dans la vie quotidienne","breadcrumb":{"@id":"https:\/\/perpignan.alfmed.com\/es\/actualites\/faites-fete-de-langlais-2022\/#breadcrumb"},"inLanguage":"es","potentialAction":[{"@type":"ReadAction","target":["https:\/\/perpignan.alfmed.com\/es\/actualites\/faites-fete-de-langlais-2022\/"]}]},{"@type":"ImageObject","inLanguage":"es","@id":"https:\/\/perpignan.alfmed.com\/es\/actualites\/faites-fete-de-langlais-2022\/#primaryimage","url":"https:\/\/perpignan.alfmed.com\/wp-content\/uploads\/2022\/09\/fete23.png","contentUrl":"https:\/\/perpignan.alfmed.com\/wp-content\/uploads\/2022\/09\/fete23.png","width":188,"height":160},{"@type":"BreadcrumbList","@id":"https:\/\/perpignan.alfmed.com\/es\/actualites\/faites-fete-de-langlais-2022\/#breadcrumb","itemListElement":[{"@type":"ListItem","position":1,"name":"Home","item":"https:\/\/perpignan.alfmed.com\/es\/"},{"@type":"ListItem","position":2,"name":"Faites\/F\u00eate de l&rsquo;Anglais 2022"}]},{"@type":"WebSite","@id":"https:\/\/perpignan.alfmed.com\/es\/#website","url":"https:\/\/perpignan.alfmed.com\/es\/","name":"Alfmed","description":"EXPERTS EN LANGUES &amp; PROJETS EUROP\u00c9ENS","potentialAction":[{"@type":"SearchAction","target":{"@type":"EntryPoint","urlTemplate":"https:\/\/perpignan.alfmed.com\/es\/?s={search_term_string}"},"query-input":{"@type":"PropertyValueSpecification","valueRequired":true,"valueName":"search_term_string"}}],"inLanguage":"es"},{"@type":"Person","@id":"https:\/\/perpignan.alfmed.com\/es\/#\/schema\/person\/6718591f6785449d8fc528d9ad3cf52d","name":"Alfmed","url":"https:\/\/perpignan.alfmed.com\/es\/author\/admalfmed\/"}]}},"_links":{"self":[{"href":"https:\/\/perpignan.alfmed.com\/es\/wp-json\/wp\/v2\/posts\/5565","targetHints":{"allow":["GET"]}}],"collection":[{"href":"https:\/\/perpignan.alfmed.com\/es\/wp-json\/wp\/v2\/posts"}],"about":[{"href":"https:\/\/perpignan.alfmed.com\/es\/wp-json\/wp\/v2\/types\/post"}],"author":[{"embeddable":true,"href":"https:\/\/perpignan.alfmed.com\/es\/wp-json\/wp\/v2\/users\/3"}],"replies":[{"embeddable":true,"href":"https:\/\/perpignan.alfmed.com\/es\/wp-json\/wp\/v2\/comments?post=5565"}],"version-history":[{"count":3,"href":"https:\/\/perpignan.alfmed.com\/es\/wp-json\/wp\/v2\/posts\/5565\/revisions"}],"predecessor-version":[{"id":12404,"href":"https:\/\/perpignan.alfmed.com\/es\/wp-json\/wp\/v2\/posts\/5565\/revisions\/12404"}],"wp:featuredmedia":[{"embeddable":true,"href":"https:\/\/perpignan.alfmed.com\/es\/wp-json\/wp\/v2\/media\/5568"}],"wp:attachment":[{"href":"https:\/\/perpignan.alfmed.com\/es\/wp-json\/wp\/v2\/media?parent=5565"}],"wp:term":[{"taxonomy":"category","embeddable":true,"href":"https:\/\/perpignan.alfmed.com\/es\/wp-json\/wp\/v2\/categories?post=5565"},{"taxonomy":"post_tag","embeddable":true,"href":"https:\/\/perpignan.alfmed.com\/es\/wp-json\/wp\/v2\/tags?post=5565"}],"curies":[{"name":"wp","href":"https:\/\/api.w.org\/{rel}","templated":true}]}}