{"id":3396,"date":"2022-02-24T11:29:10","date_gmt":"2022-02-24T11:29:10","guid":{"rendered":"https:\/\/perpignan.alfmed.com\/?p=3396"},"modified":"2022-02-24T11:29:10","modified_gmt":"2022-02-24T11:29:10","slug":"formation-des-dragons-catalans","status":"publish","type":"post","link":"https:\/\/perpignan.alfmed.com\/es\/entreprises\/formation-des-dragons-catalans\/","title":{"rendered":"Formation des Dragons Catalans"},"content":{"rendered":"<p><span class=\"removed_link\" title=\"https:\/\/perpignan.alfmed.com\/language\/fr\/programmes-tarifs\/les-cours-particuliers\/\">La formation en Fran\u00e7ais Langue Etrang\u00e8re<\/span>\u00a0des\u00a0<a href=\"https:\/\/www.catalansdragons.com\/\">Dragons Catalans<\/a>\u00a0a commenc\u00e9 en D\u00e9cembre et continue en ce d\u00e9but d\u2019ann\u00e9e.<\/p>\n<p>Les coaches et les joueurs de l\u2019\u00e9quipe ont commenc\u00e9 les cours. Certains ont opt\u00e9 pour des cours \u00e0 distance (en Zoom) et cela se d\u00e9roule tr\u00e8s bien\u00a0!<\/p>\n<p>Courage !<\/p>\n<p>&nbsp;<\/p>\n","protected":false},"excerpt":{"rendered":"<p>La formation en Fran\u00e7ais Langue Etrang\u00e8re\u00a0des\u00a0Dragons Catalans\u00a0a commenc\u00e9 en D\u00e9cembre et continue en ce d\u00e9but d\u2019ann\u00e9e. Les coaches et les joueurs de l\u2019\u00e9quipe ont commenc\u00e9 les cours. Certains ont opt\u00e9 pour des cours \u00e0 distance (en Zoom) et cela se d\u00e9roule tr\u00e8s bien\u00a0! Courage ! &nbsp;<\/p>\n","protected":false},"author":3,"featured_media":3397,"comment_status":"closed","ping_status":"closed","sticky":false,"template":"","format":"standard","meta":{"_acf_changed":false,"_et_pb_use_builder":"","_et_pb_old_content":"","_et_gb_content_width":"","footnotes":""},"categories":[31],"tags":[],"class_list":["post-3396","post","type-post","status-publish","format-standard","has-post-thumbnail","hentry","category-entreprises"],"acf":[],"yoast_head":"<!-- This site is optimized with the Yoast SEO plugin v27.5 - https:\/\/yoast.com\/product\/yoast-seo-wordpress\/ -->\n<title>Formation des Dragons Catalans - Alfmed<\/title>\n<meta name=\"robots\" content=\"index, follow, max-snippet:-1, max-image-preview:large, max-video-preview:-1\" \/>\n<link rel=\"canonical\" href=\"https:\/\/perpignan.alfmed.com\/es\/entreprises\/formation-des-dragons-catalans\/\" \/>\n<meta property=\"og:locale\" content=\"es_ES\" \/>\n<meta property=\"og:type\" content=\"article\" \/>\n<meta property=\"og:title\" content=\"Formation des Dragons Catalans - Alfmed\" \/>\n<meta property=\"og:description\" content=\"La formation en Fran\u00e7ais Langue Etrang\u00e8re\u00a0des\u00a0Dragons Catalans\u00a0a commenc\u00e9 en D\u00e9cembre et continue en ce d\u00e9but d\u2019ann\u00e9e. Les coaches et les joueurs de l\u2019\u00e9quipe ont commenc\u00e9 les cours. Certains ont opt\u00e9 pour des cours \u00e0 distance (en Zoom) et cela se d\u00e9roule tr\u00e8s bien\u00a0! Courage ! &nbsp;\" \/>\n<meta property=\"og:url\" content=\"https:\/\/perpignan.alfmed.com\/es\/entreprises\/formation-des-dragons-catalans\/\" \/>\n<meta property=\"og:site_name\" content=\"Alfmed\" \/>\n<meta property=\"article:published_time\" content=\"2022-02-24T11:29:10+00:00\" \/>\n<meta property=\"og:image\" content=\"https:\/\/perpignan.alfmed.com\/wp-content\/uploads\/2022\/02\/Logo_Dragons_Catalans.png\" \/>\n\t<meta property=\"og:image:width\" content=\"710\" \/>\n\t<meta property=\"og:image:height\" content=\"426\" \/>\n\t<meta property=\"og:image:type\" content=\"image\/png\" \/>\n<meta name=\"author\" content=\"Alfmed\" \/>\n<meta name=\"twitter:card\" content=\"summary_large_image\" \/>\n<script type=\"application\/ld+json\" class=\"yoast-schema-graph\">{\"@context\":\"https:\\\/\\\/schema.org\",\"@graph\":[{\"@type\":\"Article\",\"@id\":\"https:\\\/\\\/perpignan.alfmed.com\\\/es\\\/entreprises\\\/formation-des-dragons-catalans\\\/#article\",\"isPartOf\":{\"@id\":\"https:\\\/\\\/perpignan.alfmed.com\\\/es\\\/entreprises\\\/formation-des-dragons-catalans\\\/\"},\"author\":{\"name\":\"Alfmed\",\"@id\":\"https:\\\/\\\/perpignan.alfmed.com\\\/es\\\/#\\\/schema\\\/person\\\/6718591f6785449d8fc528d9ad3cf52d\"},\"headline\":\"Formation des Dragons Catalans\",\"datePublished\":\"2022-02-24T11:29:10+00:00\",\"mainEntityOfPage\":{\"@id\":\"https:\\\/\\\/perpignan.alfmed.com\\\/es\\\/entreprises\\\/formation-des-dragons-catalans\\\/\"},\"wordCount\":60,\"image\":{\"@id\":\"https:\\\/\\\/perpignan.alfmed.com\\\/es\\\/entreprises\\\/formation-des-dragons-catalans\\\/#primaryimage\"},\"thumbnailUrl\":\"https:\\\/\\\/perpignan.alfmed.com\\\/wp-content\\\/uploads\\\/2022\\\/02\\\/Logo_Dragons_Catalans.png\",\"articleSection\":[\"Entreprises\"],\"inLanguage\":\"es\"},{\"@type\":\"WebPage\",\"@id\":\"https:\\\/\\\/perpignan.alfmed.com\\\/es\\\/entreprises\\\/formation-des-dragons-catalans\\\/\",\"url\":\"https:\\\/\\\/perpignan.alfmed.com\\\/es\\\/entreprises\\\/formation-des-dragons-catalans\\\/\",\"name\":\"Formation des Dragons Catalans - Alfmed\",\"isPartOf\":{\"@id\":\"https:\\\/\\\/perpignan.alfmed.com\\\/es\\\/#website\"},\"primaryImageOfPage\":{\"@id\":\"https:\\\/\\\/perpignan.alfmed.com\\\/es\\\/entreprises\\\/formation-des-dragons-catalans\\\/#primaryimage\"},\"image\":{\"@id\":\"https:\\\/\\\/perpignan.alfmed.com\\\/es\\\/entreprises\\\/formation-des-dragons-catalans\\\/#primaryimage\"},\"thumbnailUrl\":\"https:\\\/\\\/perpignan.alfmed.com\\\/wp-content\\\/uploads\\\/2022\\\/02\\\/Logo_Dragons_Catalans.png\",\"datePublished\":\"2022-02-24T11:29:10+00:00\",\"author\":{\"@id\":\"https:\\\/\\\/perpignan.alfmed.com\\\/es\\\/#\\\/schema\\\/person\\\/6718591f6785449d8fc528d9ad3cf52d\"},\"breadcrumb\":{\"@id\":\"https:\\\/\\\/perpignan.alfmed.com\\\/es\\\/entreprises\\\/formation-des-dragons-catalans\\\/#breadcrumb\"},\"inLanguage\":\"es\",\"potentialAction\":[{\"@type\":\"ReadAction\",\"target\":[\"https:\\\/\\\/perpignan.alfmed.com\\\/es\\\/entreprises\\\/formation-des-dragons-catalans\\\/\"]}]},{\"@type\":\"ImageObject\",\"inLanguage\":\"es\",\"@id\":\"https:\\\/\\\/perpignan.alfmed.com\\\/es\\\/entreprises\\\/formation-des-dragons-catalans\\\/#primaryimage\",\"url\":\"https:\\\/\\\/perpignan.alfmed.com\\\/wp-content\\\/uploads\\\/2022\\\/02\\\/Logo_Dragons_Catalans.png\",\"contentUrl\":\"https:\\\/\\\/perpignan.alfmed.com\\\/wp-content\\\/uploads\\\/2022\\\/02\\\/Logo_Dragons_Catalans.png\",\"width\":710,\"height\":426},{\"@type\":\"BreadcrumbList\",\"@id\":\"https:\\\/\\\/perpignan.alfmed.com\\\/es\\\/entreprises\\\/formation-des-dragons-catalans\\\/#breadcrumb\",\"itemListElement\":[{\"@type\":\"ListItem\",\"position\":1,\"name\":\"Home\",\"item\":\"https:\\\/\\\/perpignan.alfmed.com\\\/es\\\/\"},{\"@type\":\"ListItem\",\"position\":2,\"name\":\"Formation des Dragons Catalans\"}]},{\"@type\":\"WebSite\",\"@id\":\"https:\\\/\\\/perpignan.alfmed.com\\\/es\\\/#website\",\"url\":\"https:\\\/\\\/perpignan.alfmed.com\\\/es\\\/\",\"name\":\"Alfmed\",\"description\":\"EXPERTS EN LANGUES &amp; PROJETS EUROP\u00c9ENS\",\"potentialAction\":[{\"@type\":\"SearchAction\",\"target\":{\"@type\":\"EntryPoint\",\"urlTemplate\":\"https:\\\/\\\/perpignan.alfmed.com\\\/es\\\/?s={search_term_string}\"},\"query-input\":{\"@type\":\"PropertyValueSpecification\",\"valueRequired\":true,\"valueName\":\"search_term_string\"}}],\"inLanguage\":\"es\"},{\"@type\":\"Person\",\"@id\":\"https:\\\/\\\/perpignan.alfmed.com\\\/es\\\/#\\\/schema\\\/person\\\/6718591f6785449d8fc528d9ad3cf52d\",\"name\":\"Alfmed\",\"url\":\"https:\\\/\\\/perpignan.alfmed.com\\\/es\\\/author\\\/admalfmed\\\/\"}]}<\/script>\n<!-- \/ Yoast SEO plugin. -->","yoast_head_json":{"title":"Formation des Dragons Catalans - Alfmed","robots":{"index":"index","follow":"follow","max-snippet":"max-snippet:-1","max-image-preview":"max-image-preview:large","max-video-preview":"max-video-preview:-1"},"canonical":"https:\/\/perpignan.alfmed.com\/es\/entreprises\/formation-des-dragons-catalans\/","og_locale":"es_ES","og_type":"article","og_title":"Formation des Dragons Catalans - Alfmed","og_description":"La formation en Fran\u00e7ais Langue Etrang\u00e8re\u00a0des\u00a0Dragons Catalans\u00a0a commenc\u00e9 en D\u00e9cembre et continue en ce d\u00e9but d\u2019ann\u00e9e. Les coaches et les joueurs de l\u2019\u00e9quipe ont commenc\u00e9 les cours. Certains ont opt\u00e9 pour des cours \u00e0 distance (en Zoom) et cela se d\u00e9roule tr\u00e8s bien\u00a0! Courage ! &nbsp;","og_url":"https:\/\/perpignan.alfmed.com\/es\/entreprises\/formation-des-dragons-catalans\/","og_site_name":"Alfmed","article_published_time":"2022-02-24T11:29:10+00:00","og_image":[{"width":710,"height":426,"url":"https:\/\/perpignan.alfmed.com\/wp-content\/uploads\/2022\/02\/Logo_Dragons_Catalans.png","type":"image\/png"}],"author":"Alfmed","twitter_card":"summary_large_image","schema":{"@context":"https:\/\/schema.org","@graph":[{"@type":"Article","@id":"https:\/\/perpignan.alfmed.com\/es\/entreprises\/formation-des-dragons-catalans\/#article","isPartOf":{"@id":"https:\/\/perpignan.alfmed.com\/es\/entreprises\/formation-des-dragons-catalans\/"},"author":{"name":"Alfmed","@id":"https:\/\/perpignan.alfmed.com\/es\/#\/schema\/person\/6718591f6785449d8fc528d9ad3cf52d"},"headline":"Formation des Dragons Catalans","datePublished":"2022-02-24T11:29:10+00:00","mainEntityOfPage":{"@id":"https:\/\/perpignan.alfmed.com\/es\/entreprises\/formation-des-dragons-catalans\/"},"wordCount":60,"image":{"@id":"https:\/\/perpignan.alfmed.com\/es\/entreprises\/formation-des-dragons-catalans\/#primaryimage"},"thumbnailUrl":"https:\/\/perpignan.alfmed.com\/wp-content\/uploads\/2022\/02\/Logo_Dragons_Catalans.png","articleSection":["Entreprises"],"inLanguage":"es"},{"@type":"WebPage","@id":"https:\/\/perpignan.alfmed.com\/es\/entreprises\/formation-des-dragons-catalans\/","url":"https:\/\/perpignan.alfmed.com\/es\/entreprises\/formation-des-dragons-catalans\/","name":"Formation des Dragons Catalans - Alfmed","isPartOf":{"@id":"https:\/\/perpignan.alfmed.com\/es\/#website"},"primaryImageOfPage":{"@id":"https:\/\/perpignan.alfmed.com\/es\/entreprises\/formation-des-dragons-catalans\/#primaryimage"},"image":{"@id":"https:\/\/perpignan.alfmed.com\/es\/entreprises\/formation-des-dragons-catalans\/#primaryimage"},"thumbnailUrl":"https:\/\/perpignan.alfmed.com\/wp-content\/uploads\/2022\/02\/Logo_Dragons_Catalans.png","datePublished":"2022-02-24T11:29:10+00:00","author":{"@id":"https:\/\/perpignan.alfmed.com\/es\/#\/schema\/person\/6718591f6785449d8fc528d9ad3cf52d"},"breadcrumb":{"@id":"https:\/\/perpignan.alfmed.com\/es\/entreprises\/formation-des-dragons-catalans\/#breadcrumb"},"inLanguage":"es","potentialAction":[{"@type":"ReadAction","target":["https:\/\/perpignan.alfmed.com\/es\/entreprises\/formation-des-dragons-catalans\/"]}]},{"@type":"ImageObject","inLanguage":"es","@id":"https:\/\/perpignan.alfmed.com\/es\/entreprises\/formation-des-dragons-catalans\/#primaryimage","url":"https:\/\/perpignan.alfmed.com\/wp-content\/uploads\/2022\/02\/Logo_Dragons_Catalans.png","contentUrl":"https:\/\/perpignan.alfmed.com\/wp-content\/uploads\/2022\/02\/Logo_Dragons_Catalans.png","width":710,"height":426},{"@type":"BreadcrumbList","@id":"https:\/\/perpignan.alfmed.com\/es\/entreprises\/formation-des-dragons-catalans\/#breadcrumb","itemListElement":[{"@type":"ListItem","position":1,"name":"Home","item":"https:\/\/perpignan.alfmed.com\/es\/"},{"@type":"ListItem","position":2,"name":"Formation des Dragons Catalans"}]},{"@type":"WebSite","@id":"https:\/\/perpignan.alfmed.com\/es\/#website","url":"https:\/\/perpignan.alfmed.com\/es\/","name":"Alfmed","description":"EXPERTS EN LANGUES &amp; PROJETS EUROP\u00c9ENS","potentialAction":[{"@type":"SearchAction","target":{"@type":"EntryPoint","urlTemplate":"https:\/\/perpignan.alfmed.com\/es\/?s={search_term_string}"},"query-input":{"@type":"PropertyValueSpecification","valueRequired":true,"valueName":"search_term_string"}}],"inLanguage":"es"},{"@type":"Person","@id":"https:\/\/perpignan.alfmed.com\/es\/#\/schema\/person\/6718591f6785449d8fc528d9ad3cf52d","name":"Alfmed","url":"https:\/\/perpignan.alfmed.com\/es\/author\/admalfmed\/"}]}},"_links":{"self":[{"href":"https:\/\/perpignan.alfmed.com\/es\/wp-json\/wp\/v2\/posts\/3396","targetHints":{"allow":["GET"]}}],"collection":[{"href":"https:\/\/perpignan.alfmed.com\/es\/wp-json\/wp\/v2\/posts"}],"about":[{"href":"https:\/\/perpignan.alfmed.com\/es\/wp-json\/wp\/v2\/types\/post"}],"author":[{"embeddable":true,"href":"https:\/\/perpignan.alfmed.com\/es\/wp-json\/wp\/v2\/users\/3"}],"replies":[{"embeddable":true,"href":"https:\/\/perpignan.alfmed.com\/es\/wp-json\/wp\/v2\/comments?post=3396"}],"version-history":[{"count":1,"href":"https:\/\/perpignan.alfmed.com\/es\/wp-json\/wp\/v2\/posts\/3396\/revisions"}],"predecessor-version":[{"id":3398,"href":"https:\/\/perpignan.alfmed.com\/es\/wp-json\/wp\/v2\/posts\/3396\/revisions\/3398"}],"wp:featuredmedia":[{"embeddable":true,"href":"https:\/\/perpignan.alfmed.com\/es\/wp-json\/wp\/v2\/media\/3397"}],"wp:attachment":[{"href":"https:\/\/perpignan.alfmed.com\/es\/wp-json\/wp\/v2\/media?parent=3396"}],"wp:term":[{"taxonomy":"category","embeddable":true,"href":"https:\/\/perpignan.alfmed.com\/es\/wp-json\/wp\/v2\/categories?post=3396"},{"taxonomy":"post_tag","embeddable":true,"href":"https:\/\/perpignan.alfmed.com\/es\/wp-json\/wp\/v2\/tags?post=3396"}],"curies":[{"name":"wp","href":"https:\/\/api.w.org\/{rel}","templated":true}]}}