{"id":3383,"date":"2022-02-24T11:21:49","date_gmt":"2022-02-24T11:21:49","guid":{"rendered":"https:\/\/perpignan.alfmed.com\/?p=3383"},"modified":"2022-02-24T11:21:49","modified_gmt":"2022-02-24T11:21:49","slug":"presentation-du-dispositif-cpf","status":"publish","type":"post","link":"https:\/\/perpignan.alfmed.com\/es\/entreprises\/presentation-du-dispositif-cpf\/","title":{"rendered":"Pr\u00e9sentation du dispositif CPF"},"content":{"rendered":"<p>Mardi 13 octobre 2020, nous avons pr\u00e9sent\u00e9\u00a0<strong>au CES de l\u2019UDAPEI 66, le dispositif CPF et en particulier le\u00a0dispositif CPF\u00a0pour les langues.<\/strong><\/p>\n<p>Pour rappel, ce dispositif permet aux salari\u00e9s de cumuler des heures dans un compte afin de pouvoir ouvrir des droits de formation. Ainsi, le salari\u00e9 se forme avec un reste \u00e0 charge \u00e9gal \u00e0 0.<\/p>\n<p>Ce dispositif CPF s\u2019appuie sur 3 principes fondamentaux<\/p>\n<ul>\n<li><strong>Universalit\u00e9<\/strong>\u00a0: il est mobilisable par toute personne ayant eu une activit\u00e9 professionnelle<\/li>\n<\/ul>\n<p>Salari\u00e9 \u2013 demandeur d\u2019emploi \u2013 ind\u00e9pendant \u2013 dirigeant \u2013 agent de la fonction publique<\/p>\n<ul>\n<li><strong>Portabilit\u00e9 \/cumul<\/strong><\/li>\n<\/ul>\n<p>Cumul du DIF et du CPF \u2013 Valoris\u00e9 en Nov 2019<\/p>\n<ul>\n<li><strong>Volontarisme<\/strong><\/li>\n<\/ul>\n<p>Choix de sa formation sur un catalogue moncompteformation \u2013 Pendant ou en dehors du Temps de travail<\/p>\n<p>Ensuite, une pr\u00e9sentation du\u00a0<strong>programme mobilit\u00e9 Erasmus pour les entreprises<\/strong>\u00a0a \u00e9t\u00e9 faite. Ce dispositif permettrait aux salari\u00e9s d\u2019une entreprise d\u2019effectuer des stages d\u2019observation dans une entreprise similaires dans un pays de l\u2019Union Europ\u00e9enne.<\/p>\n","protected":false},"excerpt":{"rendered":"<p>Mardi 13 octobre 2020, nous avons pr\u00e9sent\u00e9\u00a0au CES de l\u2019UDAPEI 66, le dispositif CPF et en particulier le\u00a0dispositif CPF\u00a0pour les langues. Pour rappel, ce dispositif permet aux salari\u00e9s de cumuler des heures dans un compte afin de pouvoir ouvrir des droits de formation. Ainsi, le salari\u00e9 se forme avec un reste \u00e0 charge \u00e9gal \u00e0 [&hellip;]<\/p>\n","protected":false},"author":3,"featured_media":3384,"comment_status":"closed","ping_status":"closed","sticky":false,"template":"","format":"standard","meta":{"_acf_changed":false,"_et_pb_use_builder":"","_et_pb_old_content":"","_et_gb_content_width":"","footnotes":""},"categories":[31],"tags":[],"class_list":["post-3383","post","type-post","status-publish","format-standard","has-post-thumbnail","hentry","category-entreprises"],"acf":[],"yoast_head":"<!-- This site is optimized with the Yoast SEO plugin v27.5 - https:\/\/yoast.com\/product\/yoast-seo-wordpress\/ -->\n<title>Pr\u00e9sentation du dispositif CPF - Alfmed<\/title>\n<meta name=\"robots\" content=\"index, follow, max-snippet:-1, max-image-preview:large, max-video-preview:-1\" \/>\n<link rel=\"canonical\" href=\"https:\/\/perpignan.alfmed.com\/es\/entreprises\/presentation-du-dispositif-cpf\/\" \/>\n<meta property=\"og:locale\" content=\"es_ES\" \/>\n<meta property=\"og:type\" content=\"article\" \/>\n<meta property=\"og:title\" content=\"Pr\u00e9sentation du dispositif CPF - Alfmed\" \/>\n<meta property=\"og:description\" content=\"Mardi 13 octobre 2020, nous avons pr\u00e9sent\u00e9\u00a0au CES de l\u2019UDAPEI 66, le dispositif CPF et en particulier le\u00a0dispositif CPF\u00a0pour les langues. Pour rappel, ce dispositif permet aux salari\u00e9s de cumuler des heures dans un compte afin de pouvoir ouvrir des droits de formation. Ainsi, le salari\u00e9 se forme avec un reste \u00e0 charge \u00e9gal \u00e0 [&hellip;]\" \/>\n<meta property=\"og:url\" content=\"https:\/\/perpignan.alfmed.com\/es\/entreprises\/presentation-du-dispositif-cpf\/\" \/>\n<meta property=\"og:site_name\" content=\"Alfmed\" \/>\n<meta property=\"article:published_time\" content=\"2022-02-24T11:21:49+00:00\" \/>\n<meta property=\"og:image\" content=\"https:\/\/perpignan.alfmed.com\/wp-content\/uploads\/2022\/02\/Capture-decran-2020-10-14-a-11.04.44.png\" \/>\n\t<meta property=\"og:image:width\" content=\"892\" \/>\n\t<meta property=\"og:image:height\" content=\"494\" \/>\n\t<meta property=\"og:image:type\" content=\"image\/png\" \/>\n<meta name=\"author\" content=\"Alfmed\" \/>\n<meta name=\"twitter:card\" content=\"summary_large_image\" \/>\n<script type=\"application\/ld+json\" class=\"yoast-schema-graph\">{\"@context\":\"https:\\\/\\\/schema.org\",\"@graph\":[{\"@type\":\"Article\",\"@id\":\"https:\\\/\\\/perpignan.alfmed.com\\\/es\\\/entreprises\\\/presentation-du-dispositif-cpf\\\/#article\",\"isPartOf\":{\"@id\":\"https:\\\/\\\/perpignan.alfmed.com\\\/es\\\/entreprises\\\/presentation-du-dispositif-cpf\\\/\"},\"author\":{\"name\":\"Alfmed\",\"@id\":\"https:\\\/\\\/perpignan.alfmed.com\\\/es\\\/#\\\/schema\\\/person\\\/6718591f6785449d8fc528d9ad3cf52d\"},\"headline\":\"Pr\u00e9sentation du dispositif CPF\",\"datePublished\":\"2022-02-24T11:21:49+00:00\",\"mainEntityOfPage\":{\"@id\":\"https:\\\/\\\/perpignan.alfmed.com\\\/es\\\/entreprises\\\/presentation-du-dispositif-cpf\\\/\"},\"wordCount\":162,\"image\":{\"@id\":\"https:\\\/\\\/perpignan.alfmed.com\\\/es\\\/entreprises\\\/presentation-du-dispositif-cpf\\\/#primaryimage\"},\"thumbnailUrl\":\"https:\\\/\\\/perpignan.alfmed.com\\\/wp-content\\\/uploads\\\/2022\\\/02\\\/Capture-decran-2020-10-14-a-11.04.44.png\",\"articleSection\":[\"Entreprises\"],\"inLanguage\":\"es\"},{\"@type\":\"WebPage\",\"@id\":\"https:\\\/\\\/perpignan.alfmed.com\\\/es\\\/entreprises\\\/presentation-du-dispositif-cpf\\\/\",\"url\":\"https:\\\/\\\/perpignan.alfmed.com\\\/es\\\/entreprises\\\/presentation-du-dispositif-cpf\\\/\",\"name\":\"Pr\u00e9sentation du dispositif CPF - Alfmed\",\"isPartOf\":{\"@id\":\"https:\\\/\\\/perpignan.alfmed.com\\\/es\\\/#website\"},\"primaryImageOfPage\":{\"@id\":\"https:\\\/\\\/perpignan.alfmed.com\\\/es\\\/entreprises\\\/presentation-du-dispositif-cpf\\\/#primaryimage\"},\"image\":{\"@id\":\"https:\\\/\\\/perpignan.alfmed.com\\\/es\\\/entreprises\\\/presentation-du-dispositif-cpf\\\/#primaryimage\"},\"thumbnailUrl\":\"https:\\\/\\\/perpignan.alfmed.com\\\/wp-content\\\/uploads\\\/2022\\\/02\\\/Capture-decran-2020-10-14-a-11.04.44.png\",\"datePublished\":\"2022-02-24T11:21:49+00:00\",\"author\":{\"@id\":\"https:\\\/\\\/perpignan.alfmed.com\\\/es\\\/#\\\/schema\\\/person\\\/6718591f6785449d8fc528d9ad3cf52d\"},\"breadcrumb\":{\"@id\":\"https:\\\/\\\/perpignan.alfmed.com\\\/es\\\/entreprises\\\/presentation-du-dispositif-cpf\\\/#breadcrumb\"},\"inLanguage\":\"es\",\"potentialAction\":[{\"@type\":\"ReadAction\",\"target\":[\"https:\\\/\\\/perpignan.alfmed.com\\\/es\\\/entreprises\\\/presentation-du-dispositif-cpf\\\/\"]}]},{\"@type\":\"ImageObject\",\"inLanguage\":\"es\",\"@id\":\"https:\\\/\\\/perpignan.alfmed.com\\\/es\\\/entreprises\\\/presentation-du-dispositif-cpf\\\/#primaryimage\",\"url\":\"https:\\\/\\\/perpignan.alfmed.com\\\/wp-content\\\/uploads\\\/2022\\\/02\\\/Capture-decran-2020-10-14-a-11.04.44.png\",\"contentUrl\":\"https:\\\/\\\/perpignan.alfmed.com\\\/wp-content\\\/uploads\\\/2022\\\/02\\\/Capture-decran-2020-10-14-a-11.04.44.png\",\"width\":892,\"height\":494},{\"@type\":\"BreadcrumbList\",\"@id\":\"https:\\\/\\\/perpignan.alfmed.com\\\/es\\\/entreprises\\\/presentation-du-dispositif-cpf\\\/#breadcrumb\",\"itemListElement\":[{\"@type\":\"ListItem\",\"position\":1,\"name\":\"Home\",\"item\":\"https:\\\/\\\/perpignan.alfmed.com\\\/es\\\/\"},{\"@type\":\"ListItem\",\"position\":2,\"name\":\"Pr\u00e9sentation du dispositif CPF\"}]},{\"@type\":\"WebSite\",\"@id\":\"https:\\\/\\\/perpignan.alfmed.com\\\/es\\\/#website\",\"url\":\"https:\\\/\\\/perpignan.alfmed.com\\\/es\\\/\",\"name\":\"Alfmed\",\"description\":\"EXPERTS EN LANGUES &amp; PROJETS EUROP\u00c9ENS\",\"potentialAction\":[{\"@type\":\"SearchAction\",\"target\":{\"@type\":\"EntryPoint\",\"urlTemplate\":\"https:\\\/\\\/perpignan.alfmed.com\\\/es\\\/?s={search_term_string}\"},\"query-input\":{\"@type\":\"PropertyValueSpecification\",\"valueRequired\":true,\"valueName\":\"search_term_string\"}}],\"inLanguage\":\"es\"},{\"@type\":\"Person\",\"@id\":\"https:\\\/\\\/perpignan.alfmed.com\\\/es\\\/#\\\/schema\\\/person\\\/6718591f6785449d8fc528d9ad3cf52d\",\"name\":\"Alfmed\",\"url\":\"https:\\\/\\\/perpignan.alfmed.com\\\/es\\\/author\\\/admalfmed\\\/\"}]}<\/script>\n<!-- \/ Yoast SEO plugin. -->","yoast_head_json":{"title":"Pr\u00e9sentation du dispositif CPF - Alfmed","robots":{"index":"index","follow":"follow","max-snippet":"max-snippet:-1","max-image-preview":"max-image-preview:large","max-video-preview":"max-video-preview:-1"},"canonical":"https:\/\/perpignan.alfmed.com\/es\/entreprises\/presentation-du-dispositif-cpf\/","og_locale":"es_ES","og_type":"article","og_title":"Pr\u00e9sentation du dispositif CPF - Alfmed","og_description":"Mardi 13 octobre 2020, nous avons pr\u00e9sent\u00e9\u00a0au CES de l\u2019UDAPEI 66, le dispositif CPF et en particulier le\u00a0dispositif CPF\u00a0pour les langues. Pour rappel, ce dispositif permet aux salari\u00e9s de cumuler des heures dans un compte afin de pouvoir ouvrir des droits de formation. Ainsi, le salari\u00e9 se forme avec un reste \u00e0 charge \u00e9gal \u00e0 [&hellip;]","og_url":"https:\/\/perpignan.alfmed.com\/es\/entreprises\/presentation-du-dispositif-cpf\/","og_site_name":"Alfmed","article_published_time":"2022-02-24T11:21:49+00:00","og_image":[{"width":892,"height":494,"url":"https:\/\/perpignan.alfmed.com\/wp-content\/uploads\/2022\/02\/Capture-decran-2020-10-14-a-11.04.44.png","type":"image\/png"}],"author":"Alfmed","twitter_card":"summary_large_image","schema":{"@context":"https:\/\/schema.org","@graph":[{"@type":"Article","@id":"https:\/\/perpignan.alfmed.com\/es\/entreprises\/presentation-du-dispositif-cpf\/#article","isPartOf":{"@id":"https:\/\/perpignan.alfmed.com\/es\/entreprises\/presentation-du-dispositif-cpf\/"},"author":{"name":"Alfmed","@id":"https:\/\/perpignan.alfmed.com\/es\/#\/schema\/person\/6718591f6785449d8fc528d9ad3cf52d"},"headline":"Pr\u00e9sentation du dispositif CPF","datePublished":"2022-02-24T11:21:49+00:00","mainEntityOfPage":{"@id":"https:\/\/perpignan.alfmed.com\/es\/entreprises\/presentation-du-dispositif-cpf\/"},"wordCount":162,"image":{"@id":"https:\/\/perpignan.alfmed.com\/es\/entreprises\/presentation-du-dispositif-cpf\/#primaryimage"},"thumbnailUrl":"https:\/\/perpignan.alfmed.com\/wp-content\/uploads\/2022\/02\/Capture-decran-2020-10-14-a-11.04.44.png","articleSection":["Entreprises"],"inLanguage":"es"},{"@type":"WebPage","@id":"https:\/\/perpignan.alfmed.com\/es\/entreprises\/presentation-du-dispositif-cpf\/","url":"https:\/\/perpignan.alfmed.com\/es\/entreprises\/presentation-du-dispositif-cpf\/","name":"Pr\u00e9sentation du dispositif CPF - Alfmed","isPartOf":{"@id":"https:\/\/perpignan.alfmed.com\/es\/#website"},"primaryImageOfPage":{"@id":"https:\/\/perpignan.alfmed.com\/es\/entreprises\/presentation-du-dispositif-cpf\/#primaryimage"},"image":{"@id":"https:\/\/perpignan.alfmed.com\/es\/entreprises\/presentation-du-dispositif-cpf\/#primaryimage"},"thumbnailUrl":"https:\/\/perpignan.alfmed.com\/wp-content\/uploads\/2022\/02\/Capture-decran-2020-10-14-a-11.04.44.png","datePublished":"2022-02-24T11:21:49+00:00","author":{"@id":"https:\/\/perpignan.alfmed.com\/es\/#\/schema\/person\/6718591f6785449d8fc528d9ad3cf52d"},"breadcrumb":{"@id":"https:\/\/perpignan.alfmed.com\/es\/entreprises\/presentation-du-dispositif-cpf\/#breadcrumb"},"inLanguage":"es","potentialAction":[{"@type":"ReadAction","target":["https:\/\/perpignan.alfmed.com\/es\/entreprises\/presentation-du-dispositif-cpf\/"]}]},{"@type":"ImageObject","inLanguage":"es","@id":"https:\/\/perpignan.alfmed.com\/es\/entreprises\/presentation-du-dispositif-cpf\/#primaryimage","url":"https:\/\/perpignan.alfmed.com\/wp-content\/uploads\/2022\/02\/Capture-decran-2020-10-14-a-11.04.44.png","contentUrl":"https:\/\/perpignan.alfmed.com\/wp-content\/uploads\/2022\/02\/Capture-decran-2020-10-14-a-11.04.44.png","width":892,"height":494},{"@type":"BreadcrumbList","@id":"https:\/\/perpignan.alfmed.com\/es\/entreprises\/presentation-du-dispositif-cpf\/#breadcrumb","itemListElement":[{"@type":"ListItem","position":1,"name":"Home","item":"https:\/\/perpignan.alfmed.com\/es\/"},{"@type":"ListItem","position":2,"name":"Pr\u00e9sentation du dispositif CPF"}]},{"@type":"WebSite","@id":"https:\/\/perpignan.alfmed.com\/es\/#website","url":"https:\/\/perpignan.alfmed.com\/es\/","name":"Alfmed","description":"EXPERTS EN LANGUES &amp; PROJETS EUROP\u00c9ENS","potentialAction":[{"@type":"SearchAction","target":{"@type":"EntryPoint","urlTemplate":"https:\/\/perpignan.alfmed.com\/es\/?s={search_term_string}"},"query-input":{"@type":"PropertyValueSpecification","valueRequired":true,"valueName":"search_term_string"}}],"inLanguage":"es"},{"@type":"Person","@id":"https:\/\/perpignan.alfmed.com\/es\/#\/schema\/person\/6718591f6785449d8fc528d9ad3cf52d","name":"Alfmed","url":"https:\/\/perpignan.alfmed.com\/es\/author\/admalfmed\/"}]}},"_links":{"self":[{"href":"https:\/\/perpignan.alfmed.com\/es\/wp-json\/wp\/v2\/posts\/3383","targetHints":{"allow":["GET"]}}],"collection":[{"href":"https:\/\/perpignan.alfmed.com\/es\/wp-json\/wp\/v2\/posts"}],"about":[{"href":"https:\/\/perpignan.alfmed.com\/es\/wp-json\/wp\/v2\/types\/post"}],"author":[{"embeddable":true,"href":"https:\/\/perpignan.alfmed.com\/es\/wp-json\/wp\/v2\/users\/3"}],"replies":[{"embeddable":true,"href":"https:\/\/perpignan.alfmed.com\/es\/wp-json\/wp\/v2\/comments?post=3383"}],"version-history":[{"count":1,"href":"https:\/\/perpignan.alfmed.com\/es\/wp-json\/wp\/v2\/posts\/3383\/revisions"}],"predecessor-version":[{"id":3385,"href":"https:\/\/perpignan.alfmed.com\/es\/wp-json\/wp\/v2\/posts\/3383\/revisions\/3385"}],"wp:featuredmedia":[{"embeddable":true,"href":"https:\/\/perpignan.alfmed.com\/es\/wp-json\/wp\/v2\/media\/3384"}],"wp:attachment":[{"href":"https:\/\/perpignan.alfmed.com\/es\/wp-json\/wp\/v2\/media?parent=3383"}],"wp:term":[{"taxonomy":"category","embeddable":true,"href":"https:\/\/perpignan.alfmed.com\/es\/wp-json\/wp\/v2\/categories?post=3383"},{"taxonomy":"post_tag","embeddable":true,"href":"https:\/\/perpignan.alfmed.com\/es\/wp-json\/wp\/v2\/tags?post=3383"}],"curies":[{"name":"wp","href":"https:\/\/api.w.org\/{rel}","templated":true}]}}