{"id":3357,"date":"2022-02-24T11:09:42","date_gmt":"2022-02-24T11:09:42","guid":{"rendered":"https:\/\/perpignan.alfmed.com\/?p=3357"},"modified":"2022-02-24T11:09:42","modified_gmt":"2022-02-24T11:09:42","slug":"finalistes-concours-projet-chellis","status":"publish","type":"post","link":"https:\/\/perpignan.alfmed.com\/es\/erasmus\/finalistes-concours-projet-chellis\/","title":{"rendered":"Finalistes concours Projet Chellis"},"content":{"rendered":"<p>En fin d\u2019ann\u00e9e, les classes de\u00a0<a href=\"https:\/\/lidem.eu\/formations-post-bac\/ecole-animation-2d-3d\/\">cin\u00e9 2, cin\u00e9 3 et cin\u00e9 4 animation 2D de l\u2019IDEM<\/a>\u00a0ont r\u00e9pondu \u00e0 notre appel \u00e0 candidature pour le\u00a0<a href=\"https:\/\/www.chellis.eu\/fr\/chellis-project_fr\/\">projet CHELLIS.\u00a0<\/a><\/p>\n<p>Apr\u00e8s d\u00e9lib\u00e9ration du jury ALFMED \u2013 L\u2019IDEM, les deux finalistes du concours ont \u00e9t\u00e9 s\u00e9lectionn\u00e9es parmi tous les candidats de L\u2019IDEM: il s\u2019agit de\u00a0<strong>Oc\u00e9ane Payan et Asaliah Dugros.<\/strong><\/p>\n<p>Les illustrations de nos deux finalistes seront pr\u00e9sent\u00e9es \u00e0 notre Jury CHELLIS (constitu\u00e9 de nos 5 partenaires Europ\u00e9ens) lors du\u00a0<b>meeting \u00e0 Chypre le 18 janvier 2022 pour choisir notre\u00a0<\/b><b>illustratrice<\/b><b>\u00a0CHELLIS \/ France ! Elle sera charg\u00e9e de produire 15 illustrations d\u2019une histoire CHELLIS sur le th\u00e8me \u201cEvitons le gaspillage\u201d.\u00a0<\/b><\/p>\n<p><b>Chacun des 6 laur\u00e9ats europ\u00e9ens recevra un prix de 1 600 euros.\u00a0\u00a0<\/b><b><\/b><\/p>\n<p><strong>Merci encore \u00e0 tous les candidats d\u2019avoir jou\u00e9 le jeu !<\/strong><\/p>\n<p><strong>Le\u00a0<a href=\"https:\/\/www.chellis.eu\/fr\/chellis-project_fr\/\">projet CHELLIS<\/a>\u00a0c\u2019est quoi ?<\/strong><\/p>\n<p class=\"_04xlpA direction-ltr align-start para-style-body\"><span class=\"JsGRdQ\">C\u2019est un partenariat strat\u00e9gique Erasmus+ financ\u00e9 par la\u00a0<\/span><span class=\"JsGRdQ\">Commission Europ\u00e9enne qui regroupe<strong>\u00a06 partenaires de pays diff\u00e9rents<\/strong><\/span><span class=\"JsGRdQ\">.\u00a0<a href=\"https:\/\/perpignan.alfmed.com\/en\/chellis-2020-2022-in-adult-education\/\">Le centre de langues ALFMED est le porteur de projet.<\/a><\/span><\/p>\n<p class=\"_04xlpA direction-ltr align-start para-style-body\"><span class=\"JsGRdQ\">Les 6 partenaires issus du secteur de la formation se sont regroup\u00e9s pour travailler sur une probl\u00e9matique \u00e0 la fois double et universelle :\u00a0<\/span><strong><span class=\"JsGRdQ\">l\u2019apprentissage des langues et le d\u00e9veloppement durable.<\/span><\/strong><\/p>\n<p class=\"_04xlpA direction-ltr align-start para-style-body\"><span class=\"JsGRdQ\">CHELLIS vise \u00e0\u00a0<strong>sensibiliser l\u2019opinion publique aux d\u00e9fis environnementaux actuels et aux sujets \u00e9cologiques par le biais\u00a0<\/strong><\/span><strong><span class=\"JsGRdQ\">d\u2019histoires illustr\u00e9es interactives.<\/span><\/strong><\/p>\n<p><strong>Comment ?<\/strong><\/p>\n<p class=\"_04xlpA direction-ltr align-start para-style-body\"><span class=\"JsGRdQ\">L\u2019objectif du projet consiste \u00e0 diffuser des\u00a0<\/span><strong><span class=\"JsGRdQ\">histoires illustr\u00e9es<\/span><\/strong><span class=\"JsGRdQ\">\u00a0qui permettent d\u2019acqu\u00e9rir des\u00a0<\/span><strong><span class=\"JsGRdQ\">r\u00e9flexes eco-friendly\u00a0<\/span><\/strong><span class=\"JsGRdQ\">dans diff\u00e9rentes situations.<\/span><\/p>\n<p class=\"_04xlpA direction-ltr align-start para-style-body\"><span class=\"JsGRdQ\">Ces histoires illustr\u00e9es seront propos\u00e9es\u00a0<strong>en\u00a0<\/strong><\/span><strong><span class=\"JsGRdQ\">6 langues<\/span><span class=\"JsGRdQ\">\u00a0et avec\u00a0<\/span><span class=\"JsGRdQ\">3 niveaux de difficult\u00e9 diff\u00e9rents\u00a0<\/span><\/strong><span class=\"JsGRdQ\">: Anglais, Fran\u00e7ais, Allemand, Grec, Italien et Portugais. Une fa\u00e7on innovante et disruptive de parler \u201ceco-friendly\u201d !<\/span><\/p>\n<p>_________________________________________________________________________________________________________________________________________________<\/p>\n<p>At the end of the year, the classes of cin\u00e9 2, cin\u00e9 3 and cin\u00e9 4 2D animation of L\u2019IDEM answered our call for applications for the CHELLIS project.<\/p>\n<p>After deliberation by ALFMED jury \u2013 L\u2019IDEM, the two finalists of the competition were selected from among all the IDEM candidates: Oc\u00e9ane Payan and Asaliah Dugros.<\/p>\n<p>The illustrations of our two finalists will be presented to our CHELLIS Jury (made up of our 5 European partners) during the meeting in Cyprus on 18 January 2022 to choose our CHELLIS \/ France illustrator! She will be in charge of producing 15 illustrations for a CHELLIS story on the theme \u201cLet\u2019s avoid waste\u201d.<\/p>\n<p>Each of the 6 European winners will receive a prize of 1,600 euros.<\/p>\n<p>Thanks again to all the candidates for playing the game!<\/p>\n<p><strong>What is the CHELLIS project?<\/strong><\/p>\n<p>It is an Erasmus+ strategic partnership financed by the European Commission which brings together 6 partners from different countries. The ALFMED language centre is the project leader.<\/p>\n<p>The 6 partners from the training sector have come together to work on a dual and universal issue: language learning and sustainable development.<\/p>\n<p>CHELLIS aims to raise public awareness of current environmental challenges and ecological issues through interactive illustrated stories.<\/p>\n<p><strong>How does it work?<\/strong><\/p>\n<p>The aim of the project is to disseminate illustrated stories that help people to acquire eco-friendly reflexes in different situations.<\/p>\n<p>These illustrated stories will be offered in 6 languages and with 3 different levels of difficulty: English, French, German, Greek, Italian and Portuguese. An innovative and disruptive way to talk about \u201ceco-friendliness\u201d!<\/p>\n<p><img loading=\"lazy\" decoding=\"async\" class=\"alignnone size-medium wp-image-3360\" src=\"https:\/\/perpignan.alfmed.com\/wp-content\/uploads\/2022\/02\/Oce\u0301ane-Payan-1-213x300.png\" alt=\"\" width=\"213\" height=\"300\" srcset=\"https:\/\/perpignan.alfmed.com\/wp-content\/uploads\/2022\/02\/Oce\u0301ane-Payan-1-213x300.png 213w, https:\/\/perpignan.alfmed.com\/wp-content\/uploads\/2022\/02\/Oce\u0301ane-Payan-1-726x1024.png 726w, https:\/\/perpignan.alfmed.com\/wp-content\/uploads\/2022\/02\/Oce\u0301ane-Payan-1-768x1083.png 768w, https:\/\/perpignan.alfmed.com\/wp-content\/uploads\/2022\/02\/Oce\u0301ane-Payan-1-1090x1536.png 1090w, https:\/\/perpignan.alfmed.com\/wp-content\/uploads\/2022\/02\/Oce\u0301ane-Payan-1-1080x1522.png 1080w, https:\/\/perpignan.alfmed.com\/wp-content\/uploads\/2022\/02\/Oce\u0301ane-Payan-1-980x1381.png 980w, https:\/\/perpignan.alfmed.com\/wp-content\/uploads\/2022\/02\/Oce\u0301ane-Payan-1-480x677.png 480w, https:\/\/perpignan.alfmed.com\/wp-content\/uploads\/2022\/02\/Oce\u0301ane-Payan-1-600x846.png 600w, https:\/\/perpignan.alfmed.com\/wp-content\/uploads\/2022\/02\/Oce\u0301ane-Payan-1.png 1135w\" sizes=\"(max-width: 213px) 100vw, 213px\" \/> <img loading=\"lazy\" decoding=\"async\" class=\"alignnone size-medium wp-image-3361\" src=\"https:\/\/perpignan.alfmed.com\/wp-content\/uploads\/2022\/02\/Asaliah-Dugros-1-300x212.png\" alt=\"\" width=\"300\" height=\"212\" \/><\/p>\n","protected":false},"excerpt":{"rendered":"<p>En fin d\u2019ann\u00e9e, les classes de\u00a0cin\u00e9 2, cin\u00e9 3 et cin\u00e9 4 animation 2D de l\u2019IDEM\u00a0ont r\u00e9pondu \u00e0 notre appel \u00e0 candidature pour le\u00a0projet CHELLIS.\u00a0 Apr\u00e8s d\u00e9lib\u00e9ration du jury ALFMED \u2013 L\u2019IDEM, les deux finalistes du concours ont \u00e9t\u00e9 s\u00e9lectionn\u00e9es parmi tous les candidats de L\u2019IDEM: il s\u2019agit de\u00a0Oc\u00e9ane Payan et Asaliah Dugros. Les illustrations [&hellip;]<\/p>\n","protected":false},"author":3,"featured_media":3358,"comment_status":"closed","ping_status":"closed","sticky":false,"template":"","format":"standard","meta":{"_acf_changed":false,"_et_pb_use_builder":"","_et_pb_old_content":"","_et_gb_content_width":"","footnotes":""},"categories":[33],"tags":[],"class_list":["post-3357","post","type-post","status-publish","format-standard","has-post-thumbnail","hentry","category-erasmus"],"acf":[],"yoast_head":"<!-- This site is optimized with the Yoast SEO plugin v27.5 - https:\/\/yoast.com\/product\/yoast-seo-wordpress\/ -->\n<title>Finalistes concours Projet Chellis - Alfmed<\/title>\n<meta name=\"robots\" content=\"index, follow, max-snippet:-1, max-image-preview:large, max-video-preview:-1\" \/>\n<link rel=\"canonical\" href=\"https:\/\/perpignan.alfmed.com\/es\/erasmus\/finalistes-concours-projet-chellis\/\" \/>\n<meta property=\"og:locale\" content=\"es_ES\" \/>\n<meta property=\"og:type\" content=\"article\" \/>\n<meta property=\"og:title\" content=\"Finalistes concours Projet Chellis - Alfmed\" \/>\n<meta property=\"og:description\" content=\"En fin d\u2019ann\u00e9e, les classes de\u00a0cin\u00e9 2, cin\u00e9 3 et cin\u00e9 4 animation 2D de l\u2019IDEM\u00a0ont r\u00e9pondu \u00e0 notre appel \u00e0 candidature pour le\u00a0projet CHELLIS.\u00a0 Apr\u00e8s d\u00e9lib\u00e9ration du jury ALFMED \u2013 L\u2019IDEM, les deux finalistes du concours ont \u00e9t\u00e9 s\u00e9lectionn\u00e9es parmi tous les candidats de L\u2019IDEM: il s\u2019agit de\u00a0Oc\u00e9ane Payan et Asaliah Dugros. Les illustrations [&hellip;]\" \/>\n<meta property=\"og:url\" content=\"https:\/\/perpignan.alfmed.com\/es\/erasmus\/finalistes-concours-projet-chellis\/\" \/>\n<meta property=\"og:site_name\" content=\"Alfmed\" \/>\n<meta property=\"article:published_time\" content=\"2022-02-24T11:09:42+00:00\" \/>\n<meta property=\"og:image\" content=\"https:\/\/perpignan.alfmed.com\/wp-content\/uploads\/2022\/02\/Re\u0301sultat-Concours-Chellis.png\" \/>\n\t<meta property=\"og:image:width\" content=\"1080\" \/>\n\t<meta property=\"og:image:height\" content=\"1080\" \/>\n\t<meta property=\"og:image:type\" content=\"image\/png\" \/>\n<meta name=\"author\" content=\"Alfmed\" \/>\n<meta name=\"twitter:card\" content=\"summary_large_image\" \/>\n<script type=\"application\/ld+json\" class=\"yoast-schema-graph\">{\"@context\":\"https:\\\/\\\/schema.org\",\"@graph\":[{\"@type\":\"Article\",\"@id\":\"https:\\\/\\\/perpignan.alfmed.com\\\/es\\\/erasmus\\\/finalistes-concours-projet-chellis\\\/#article\",\"isPartOf\":{\"@id\":\"https:\\\/\\\/perpignan.alfmed.com\\\/es\\\/erasmus\\\/finalistes-concours-projet-chellis\\\/\"},\"author\":{\"name\":\"Alfmed\",\"@id\":\"https:\\\/\\\/perpignan.alfmed.com\\\/es\\\/#\\\/schema\\\/person\\\/6718591f6785449d8fc528d9ad3cf52d\"},\"headline\":\"Finalistes concours Projet Chellis\",\"datePublished\":\"2022-02-24T11:09:42+00:00\",\"mainEntityOfPage\":{\"@id\":\"https:\\\/\\\/perpignan.alfmed.com\\\/es\\\/erasmus\\\/finalistes-concours-projet-chellis\\\/\"},\"wordCount\":536,\"image\":{\"@id\":\"https:\\\/\\\/perpignan.alfmed.com\\\/es\\\/erasmus\\\/finalistes-concours-projet-chellis\\\/#primaryimage\"},\"thumbnailUrl\":\"https:\\\/\\\/perpignan.alfmed.com\\\/wp-content\\\/uploads\\\/2022\\\/02\\\/Re\u0301sultat-Concours-Chellis.png\",\"articleSection\":[\"Erasmus\"],\"inLanguage\":\"es\"},{\"@type\":\"WebPage\",\"@id\":\"https:\\\/\\\/perpignan.alfmed.com\\\/es\\\/erasmus\\\/finalistes-concours-projet-chellis\\\/\",\"url\":\"https:\\\/\\\/perpignan.alfmed.com\\\/es\\\/erasmus\\\/finalistes-concours-projet-chellis\\\/\",\"name\":\"Finalistes concours Projet Chellis - Alfmed\",\"isPartOf\":{\"@id\":\"https:\\\/\\\/perpignan.alfmed.com\\\/es\\\/#website\"},\"primaryImageOfPage\":{\"@id\":\"https:\\\/\\\/perpignan.alfmed.com\\\/es\\\/erasmus\\\/finalistes-concours-projet-chellis\\\/#primaryimage\"},\"image\":{\"@id\":\"https:\\\/\\\/perpignan.alfmed.com\\\/es\\\/erasmus\\\/finalistes-concours-projet-chellis\\\/#primaryimage\"},\"thumbnailUrl\":\"https:\\\/\\\/perpignan.alfmed.com\\\/wp-content\\\/uploads\\\/2022\\\/02\\\/Re\u0301sultat-Concours-Chellis.png\",\"datePublished\":\"2022-02-24T11:09:42+00:00\",\"author\":{\"@id\":\"https:\\\/\\\/perpignan.alfmed.com\\\/es\\\/#\\\/schema\\\/person\\\/6718591f6785449d8fc528d9ad3cf52d\"},\"breadcrumb\":{\"@id\":\"https:\\\/\\\/perpignan.alfmed.com\\\/es\\\/erasmus\\\/finalistes-concours-projet-chellis\\\/#breadcrumb\"},\"inLanguage\":\"es\",\"potentialAction\":[{\"@type\":\"ReadAction\",\"target\":[\"https:\\\/\\\/perpignan.alfmed.com\\\/es\\\/erasmus\\\/finalistes-concours-projet-chellis\\\/\"]}]},{\"@type\":\"ImageObject\",\"inLanguage\":\"es\",\"@id\":\"https:\\\/\\\/perpignan.alfmed.com\\\/es\\\/erasmus\\\/finalistes-concours-projet-chellis\\\/#primaryimage\",\"url\":\"https:\\\/\\\/perpignan.alfmed.com\\\/wp-content\\\/uploads\\\/2022\\\/02\\\/Re\u0301sultat-Concours-Chellis.png\",\"contentUrl\":\"https:\\\/\\\/perpignan.alfmed.com\\\/wp-content\\\/uploads\\\/2022\\\/02\\\/Re\u0301sultat-Concours-Chellis.png\",\"width\":1080,\"height\":1080},{\"@type\":\"BreadcrumbList\",\"@id\":\"https:\\\/\\\/perpignan.alfmed.com\\\/es\\\/erasmus\\\/finalistes-concours-projet-chellis\\\/#breadcrumb\",\"itemListElement\":[{\"@type\":\"ListItem\",\"position\":1,\"name\":\"Home\",\"item\":\"https:\\\/\\\/perpignan.alfmed.com\\\/es\\\/\"},{\"@type\":\"ListItem\",\"position\":2,\"name\":\"Finalistes concours Projet Chellis\"}]},{\"@type\":\"WebSite\",\"@id\":\"https:\\\/\\\/perpignan.alfmed.com\\\/es\\\/#website\",\"url\":\"https:\\\/\\\/perpignan.alfmed.com\\\/es\\\/\",\"name\":\"Alfmed\",\"description\":\"EXPERTS EN LANGUES &amp; PROJETS EUROP\u00c9ENS\",\"potentialAction\":[{\"@type\":\"SearchAction\",\"target\":{\"@type\":\"EntryPoint\",\"urlTemplate\":\"https:\\\/\\\/perpignan.alfmed.com\\\/es\\\/?s={search_term_string}\"},\"query-input\":{\"@type\":\"PropertyValueSpecification\",\"valueRequired\":true,\"valueName\":\"search_term_string\"}}],\"inLanguage\":\"es\"},{\"@type\":\"Person\",\"@id\":\"https:\\\/\\\/perpignan.alfmed.com\\\/es\\\/#\\\/schema\\\/person\\\/6718591f6785449d8fc528d9ad3cf52d\",\"name\":\"Alfmed\",\"url\":\"https:\\\/\\\/perpignan.alfmed.com\\\/es\\\/author\\\/admalfmed\\\/\"}]}<\/script>\n<!-- \/ Yoast SEO plugin. -->","yoast_head_json":{"title":"Finalistes concours Projet Chellis - Alfmed","robots":{"index":"index","follow":"follow","max-snippet":"max-snippet:-1","max-image-preview":"max-image-preview:large","max-video-preview":"max-video-preview:-1"},"canonical":"https:\/\/perpignan.alfmed.com\/es\/erasmus\/finalistes-concours-projet-chellis\/","og_locale":"es_ES","og_type":"article","og_title":"Finalistes concours Projet Chellis - Alfmed","og_description":"En fin d\u2019ann\u00e9e, les classes de\u00a0cin\u00e9 2, cin\u00e9 3 et cin\u00e9 4 animation 2D de l\u2019IDEM\u00a0ont r\u00e9pondu \u00e0 notre appel \u00e0 candidature pour le\u00a0projet CHELLIS.\u00a0 Apr\u00e8s d\u00e9lib\u00e9ration du jury ALFMED \u2013 L\u2019IDEM, les deux finalistes du concours ont \u00e9t\u00e9 s\u00e9lectionn\u00e9es parmi tous les candidats de L\u2019IDEM: il s\u2019agit de\u00a0Oc\u00e9ane Payan et Asaliah Dugros. Les illustrations [&hellip;]","og_url":"https:\/\/perpignan.alfmed.com\/es\/erasmus\/finalistes-concours-projet-chellis\/","og_site_name":"Alfmed","article_published_time":"2022-02-24T11:09:42+00:00","og_image":[{"width":1080,"height":1080,"url":"https:\/\/perpignan.alfmed.com\/wp-content\/uploads\/2022\/02\/Re\u0301sultat-Concours-Chellis.png","type":"image\/png"}],"author":"Alfmed","twitter_card":"summary_large_image","schema":{"@context":"https:\/\/schema.org","@graph":[{"@type":"Article","@id":"https:\/\/perpignan.alfmed.com\/es\/erasmus\/finalistes-concours-projet-chellis\/#article","isPartOf":{"@id":"https:\/\/perpignan.alfmed.com\/es\/erasmus\/finalistes-concours-projet-chellis\/"},"author":{"name":"Alfmed","@id":"https:\/\/perpignan.alfmed.com\/es\/#\/schema\/person\/6718591f6785449d8fc528d9ad3cf52d"},"headline":"Finalistes concours Projet Chellis","datePublished":"2022-02-24T11:09:42+00:00","mainEntityOfPage":{"@id":"https:\/\/perpignan.alfmed.com\/es\/erasmus\/finalistes-concours-projet-chellis\/"},"wordCount":536,"image":{"@id":"https:\/\/perpignan.alfmed.com\/es\/erasmus\/finalistes-concours-projet-chellis\/#primaryimage"},"thumbnailUrl":"https:\/\/perpignan.alfmed.com\/wp-content\/uploads\/2022\/02\/Re\u0301sultat-Concours-Chellis.png","articleSection":["Erasmus"],"inLanguage":"es"},{"@type":"WebPage","@id":"https:\/\/perpignan.alfmed.com\/es\/erasmus\/finalistes-concours-projet-chellis\/","url":"https:\/\/perpignan.alfmed.com\/es\/erasmus\/finalistes-concours-projet-chellis\/","name":"Finalistes concours Projet Chellis - Alfmed","isPartOf":{"@id":"https:\/\/perpignan.alfmed.com\/es\/#website"},"primaryImageOfPage":{"@id":"https:\/\/perpignan.alfmed.com\/es\/erasmus\/finalistes-concours-projet-chellis\/#primaryimage"},"image":{"@id":"https:\/\/perpignan.alfmed.com\/es\/erasmus\/finalistes-concours-projet-chellis\/#primaryimage"},"thumbnailUrl":"https:\/\/perpignan.alfmed.com\/wp-content\/uploads\/2022\/02\/Re\u0301sultat-Concours-Chellis.png","datePublished":"2022-02-24T11:09:42+00:00","author":{"@id":"https:\/\/perpignan.alfmed.com\/es\/#\/schema\/person\/6718591f6785449d8fc528d9ad3cf52d"},"breadcrumb":{"@id":"https:\/\/perpignan.alfmed.com\/es\/erasmus\/finalistes-concours-projet-chellis\/#breadcrumb"},"inLanguage":"es","potentialAction":[{"@type":"ReadAction","target":["https:\/\/perpignan.alfmed.com\/es\/erasmus\/finalistes-concours-projet-chellis\/"]}]},{"@type":"ImageObject","inLanguage":"es","@id":"https:\/\/perpignan.alfmed.com\/es\/erasmus\/finalistes-concours-projet-chellis\/#primaryimage","url":"https:\/\/perpignan.alfmed.com\/wp-content\/uploads\/2022\/02\/Re\u0301sultat-Concours-Chellis.png","contentUrl":"https:\/\/perpignan.alfmed.com\/wp-content\/uploads\/2022\/02\/Re\u0301sultat-Concours-Chellis.png","width":1080,"height":1080},{"@type":"BreadcrumbList","@id":"https:\/\/perpignan.alfmed.com\/es\/erasmus\/finalistes-concours-projet-chellis\/#breadcrumb","itemListElement":[{"@type":"ListItem","position":1,"name":"Home","item":"https:\/\/perpignan.alfmed.com\/es\/"},{"@type":"ListItem","position":2,"name":"Finalistes concours Projet Chellis"}]},{"@type":"WebSite","@id":"https:\/\/perpignan.alfmed.com\/es\/#website","url":"https:\/\/perpignan.alfmed.com\/es\/","name":"Alfmed","description":"EXPERTS EN LANGUES &amp; PROJETS EUROP\u00c9ENS","potentialAction":[{"@type":"SearchAction","target":{"@type":"EntryPoint","urlTemplate":"https:\/\/perpignan.alfmed.com\/es\/?s={search_term_string}"},"query-input":{"@type":"PropertyValueSpecification","valueRequired":true,"valueName":"search_term_string"}}],"inLanguage":"es"},{"@type":"Person","@id":"https:\/\/perpignan.alfmed.com\/es\/#\/schema\/person\/6718591f6785449d8fc528d9ad3cf52d","name":"Alfmed","url":"https:\/\/perpignan.alfmed.com\/es\/author\/admalfmed\/"}]}},"_links":{"self":[{"href":"https:\/\/perpignan.alfmed.com\/es\/wp-json\/wp\/v2\/posts\/3357","targetHints":{"allow":["GET"]}}],"collection":[{"href":"https:\/\/perpignan.alfmed.com\/es\/wp-json\/wp\/v2\/posts"}],"about":[{"href":"https:\/\/perpignan.alfmed.com\/es\/wp-json\/wp\/v2\/types\/post"}],"author":[{"embeddable":true,"href":"https:\/\/perpignan.alfmed.com\/es\/wp-json\/wp\/v2\/users\/3"}],"replies":[{"embeddable":true,"href":"https:\/\/perpignan.alfmed.com\/es\/wp-json\/wp\/v2\/comments?post=3357"}],"version-history":[{"count":1,"href":"https:\/\/perpignan.alfmed.com\/es\/wp-json\/wp\/v2\/posts\/3357\/revisions"}],"predecessor-version":[{"id":3362,"href":"https:\/\/perpignan.alfmed.com\/es\/wp-json\/wp\/v2\/posts\/3357\/revisions\/3362"}],"wp:featuredmedia":[{"embeddable":true,"href":"https:\/\/perpignan.alfmed.com\/es\/wp-json\/wp\/v2\/media\/3358"}],"wp:attachment":[{"href":"https:\/\/perpignan.alfmed.com\/es\/wp-json\/wp\/v2\/media?parent=3357"}],"wp:term":[{"taxonomy":"category","embeddable":true,"href":"https:\/\/perpignan.alfmed.com\/es\/wp-json\/wp\/v2\/categories?post=3357"},{"taxonomy":"post_tag","embeddable":true,"href":"https:\/\/perpignan.alfmed.com\/es\/wp-json\/wp\/v2\/tags?post=3357"}],"curies":[{"name":"wp","href":"https:\/\/api.w.org\/{rel}","templated":true}]}}