{"id":3354,"date":"2022-02-24T11:06:59","date_gmt":"2022-02-24T11:06:59","guid":{"rendered":"https:\/\/perpignan.alfmed.com\/?p=3354"},"modified":"2022-02-24T11:06:59","modified_gmt":"2022-02-24T11:06:59","slug":"axel-a-rejoint-lequipe-dalfmed","status":"publish","type":"post","link":"https:\/\/perpignan.alfmed.com\/es\/erasmus\/axel-a-rejoint-lequipe-dalfmed\/","title":{"rendered":"Axel a rejoint l&#8217;\u00e9quipe d&#8217;ALFMED"},"content":{"rendered":"<p>Axelle a rejoint ALFMED ce 3 janvier 2022, au poste de\u00a0<b>r\u00e9f\u00e9rent Erasmus+. Trilingue\u00a0<\/b><b>Anglais<\/b><b>\u00a0Espagnol Fran\u00e7ais, passionn\u00e9e de langues et curieuse de nature : elle va s\u2019occuper des 400\u00a0<\/b>e\u0301tudiants Europe\u0301ens que nous accueillons chaque ann\u00e9e pour effectuer un stage en entreprise. C\u2019est elle qui contacte les entreprises de Perpignan pour les stages et qui se\u0301lectionne les meilleurs candidats ! Elle collabore aussi dans les\u00a0<strong>Partenariats strate\u0301giques<\/strong>\u00a0Erasmus auxquels ALFMED participe.<\/p>\n<p>Axelle a obtenu son\u00a0<strong>Master 2 de Langues et Affaires Internationales \u00e0 l\u2019UPVD<\/strong>. Apr\u00e8s avoir valid\u00e9 sa\u00a0<strong>Licence de Langues Etrang\u00e8re Appliqu\u00e9es<\/strong>\u00a0avec un\u00a0<strong>stage \u00e0 Bruxelles dans une ONG<\/strong>\u00a0(Service Volontaire International), elle a postul\u00e9 aupr\u00e8s d\u2019ALFMED pour continuer a \u0153uvrer dans la communaut\u00e9 ERASMUS+ et participer \u00e0 notre belle aventure qui s\u2019enrichit de projets depuis 2005!<\/p>\n<p><em>\u201cInt\u00e9grer l\u2019\u00e9quipe d\u2019ALFMED est tr\u00e8s gratifiant pour moi. Etant passionn\u00e9e de langues et de cultures \u00e9trang\u00e8res, travailler dans un centre de langues et m\u2019occuper de la mobilit\u00e9 des \u00e9tudiants \u00e9trangers me motive beaucoup.\u00a0<\/em><em>La multiculturalit\u00e9 est un \u00e9l\u00e9ment cl\u00e9 chez ALFMED et c\u2019est pourquoi je me sens \u00e0 l\u2019aise dans cette entreprise hyper pro qui, de plus, ne cesse d\u2019innover et de d\u00e9velopper des projets incroyables.\u00a0<\/em><em>Je me r\u00e9jouis \u00e0 l\u2019id\u00e9e de d\u00e9couvrir un nouveau m\u00e9tier et d\u2019apporter mes connaissances dans un domaine que j\u2019appr\u00e9cie particuli\u00e8rement.\u201d<\/em><\/p>\n<p>Axelle joined ALFMED on January 3rd 2022, as\u00a0<strong>Erasmus+ referent<\/strong>.<strong>\u00a0Speaking fluently English Spanish French, passionate about languages and curious by nature: she will be in charge of the 400 European students<\/strong>\u00a0that we welcome each year to do an internship in a company. She contacts companies in Perpignan for the internships and selects the best candidates! She also collaborates in the\u00a0<strong>Erasmus Strategic Partnerships<\/strong>\u00a0in which ALFMED participates.<\/p>\n<p>Axelle obtained her\u00a0<strong>Master degree in Languages and International Businesses at the University of Perpignan<\/strong>. After having achieved her\u00a0<strong>Bachelor\u2019s degree in Applied Foreign Languages<\/strong>\u00a0with an\u00a0<strong>internship in Brussels in an NGO<\/strong>\u00a0(Service volontaire international), she applied to ALFMED to continue working in the ERASMUS+ community and participate in our beautiful adventure which has been developing its projects since 2005!<\/p>\n<p><em>\u201cIntegrating the ALFMED team is very rewarding for me. As I am passionate about foreign languages and cultures, working in a language school, and handling the mobility of foreign students, motivates me a lot. Multiculturalism is a key element at ALFMED and this is why I feel comfortable in this highly professional company which, moreover, keeps innovating and developing incredible projects. I\u2019m looking forward to discovering a new profession and bringing my knowledge in a field I particularly enjoy.\u201d<\/em><\/p>\n","protected":false},"excerpt":{"rendered":"<p>Axelle a rejoint ALFMED ce 3 janvier 2022, au poste de\u00a0r\u00e9f\u00e9rent Erasmus+. Trilingue\u00a0Anglais\u00a0Espagnol Fran\u00e7ais, passionn\u00e9e de langues et curieuse de nature : elle va s\u2019occuper des 400\u00a0e\u0301tudiants Europe\u0301ens que nous accueillons chaque ann\u00e9e pour effectuer un stage en entreprise. C\u2019est elle qui contacte les entreprises de Perpignan pour les stages et qui se\u0301lectionne les meilleurs [&hellip;]<\/p>\n","protected":false},"author":3,"featured_media":3355,"comment_status":"closed","ping_status":"closed","sticky":false,"template":"","format":"standard","meta":{"_acf_changed":false,"_et_pb_use_builder":"","_et_pb_old_content":"","_et_gb_content_width":"","footnotes":""},"categories":[33],"tags":[],"class_list":["post-3354","post","type-post","status-publish","format-standard","has-post-thumbnail","hentry","category-erasmus"],"acf":[],"yoast_head":"<!-- This site is optimized with the Yoast SEO plugin v27.5 - https:\/\/yoast.com\/product\/yoast-seo-wordpress\/ -->\n<title>Axel a rejoint l&#039;\u00e9quipe d&#039;ALFMED - Alfmed<\/title>\n<meta name=\"robots\" content=\"index, follow, max-snippet:-1, max-image-preview:large, max-video-preview:-1\" \/>\n<link rel=\"canonical\" href=\"https:\/\/perpignan.alfmed.com\/es\/erasmus\/axel-a-rejoint-lequipe-dalfmed\/\" \/>\n<meta property=\"og:locale\" content=\"es_ES\" \/>\n<meta property=\"og:type\" content=\"article\" \/>\n<meta property=\"og:title\" content=\"Axel a rejoint l&#039;\u00e9quipe d&#039;ALFMED - Alfmed\" \/>\n<meta property=\"og:description\" content=\"Axelle a rejoint ALFMED ce 3 janvier 2022, au poste de\u00a0r\u00e9f\u00e9rent Erasmus+. Trilingue\u00a0Anglais\u00a0Espagnol Fran\u00e7ais, passionn\u00e9e de langues et curieuse de nature : elle va s\u2019occuper des 400\u00a0e\u0301tudiants Europe\u0301ens que nous accueillons chaque ann\u00e9e pour effectuer un stage en entreprise. C\u2019est elle qui contacte les entreprises de Perpignan pour les stages et qui se\u0301lectionne les meilleurs [&hellip;]\" \/>\n<meta property=\"og:url\" content=\"https:\/\/perpignan.alfmed.com\/es\/erasmus\/axel-a-rejoint-lequipe-dalfmed\/\" \/>\n<meta property=\"og:site_name\" content=\"Alfmed\" \/>\n<meta property=\"article:published_time\" content=\"2022-02-24T11:06:59+00:00\" \/>\n<meta property=\"og:image\" content=\"https:\/\/perpignan.alfmed.com\/wp-content\/uploads\/2022\/02\/IMG_1552-1030x1030-1.png\" \/>\n\t<meta property=\"og:image:width\" content=\"1030\" \/>\n\t<meta property=\"og:image:height\" content=\"1030\" \/>\n\t<meta property=\"og:image:type\" content=\"image\/png\" \/>\n<meta name=\"author\" content=\"Alfmed\" \/>\n<meta name=\"twitter:card\" content=\"summary_large_image\" \/>\n<script type=\"application\/ld+json\" class=\"yoast-schema-graph\">{\"@context\":\"https:\\\/\\\/schema.org\",\"@graph\":[{\"@type\":\"Article\",\"@id\":\"https:\\\/\\\/perpignan.alfmed.com\\\/es\\\/erasmus\\\/axel-a-rejoint-lequipe-dalfmed\\\/#article\",\"isPartOf\":{\"@id\":\"https:\\\/\\\/perpignan.alfmed.com\\\/es\\\/erasmus\\\/axel-a-rejoint-lequipe-dalfmed\\\/\"},\"author\":{\"name\":\"Alfmed\",\"@id\":\"https:\\\/\\\/perpignan.alfmed.com\\\/es\\\/#\\\/schema\\\/person\\\/6718591f6785449d8fc528d9ad3cf52d\"},\"headline\":\"Axel a rejoint l&#8217;\u00e9quipe d&#8217;ALFMED\",\"datePublished\":\"2022-02-24T11:06:59+00:00\",\"mainEntityOfPage\":{\"@id\":\"https:\\\/\\\/perpignan.alfmed.com\\\/es\\\/erasmus\\\/axel-a-rejoint-lequipe-dalfmed\\\/\"},\"wordCount\":458,\"image\":{\"@id\":\"https:\\\/\\\/perpignan.alfmed.com\\\/es\\\/erasmus\\\/axel-a-rejoint-lequipe-dalfmed\\\/#primaryimage\"},\"thumbnailUrl\":\"https:\\\/\\\/perpignan.alfmed.com\\\/wp-content\\\/uploads\\\/2022\\\/02\\\/IMG_1552-1030x1030-1.png\",\"articleSection\":[\"Erasmus\"],\"inLanguage\":\"es\"},{\"@type\":\"WebPage\",\"@id\":\"https:\\\/\\\/perpignan.alfmed.com\\\/es\\\/erasmus\\\/axel-a-rejoint-lequipe-dalfmed\\\/\",\"url\":\"https:\\\/\\\/perpignan.alfmed.com\\\/es\\\/erasmus\\\/axel-a-rejoint-lequipe-dalfmed\\\/\",\"name\":\"Axel a rejoint l'\u00e9quipe d'ALFMED - Alfmed\",\"isPartOf\":{\"@id\":\"https:\\\/\\\/perpignan.alfmed.com\\\/es\\\/#website\"},\"primaryImageOfPage\":{\"@id\":\"https:\\\/\\\/perpignan.alfmed.com\\\/es\\\/erasmus\\\/axel-a-rejoint-lequipe-dalfmed\\\/#primaryimage\"},\"image\":{\"@id\":\"https:\\\/\\\/perpignan.alfmed.com\\\/es\\\/erasmus\\\/axel-a-rejoint-lequipe-dalfmed\\\/#primaryimage\"},\"thumbnailUrl\":\"https:\\\/\\\/perpignan.alfmed.com\\\/wp-content\\\/uploads\\\/2022\\\/02\\\/IMG_1552-1030x1030-1.png\",\"datePublished\":\"2022-02-24T11:06:59+00:00\",\"author\":{\"@id\":\"https:\\\/\\\/perpignan.alfmed.com\\\/es\\\/#\\\/schema\\\/person\\\/6718591f6785449d8fc528d9ad3cf52d\"},\"breadcrumb\":{\"@id\":\"https:\\\/\\\/perpignan.alfmed.com\\\/es\\\/erasmus\\\/axel-a-rejoint-lequipe-dalfmed\\\/#breadcrumb\"},\"inLanguage\":\"es\",\"potentialAction\":[{\"@type\":\"ReadAction\",\"target\":[\"https:\\\/\\\/perpignan.alfmed.com\\\/es\\\/erasmus\\\/axel-a-rejoint-lequipe-dalfmed\\\/\"]}]},{\"@type\":\"ImageObject\",\"inLanguage\":\"es\",\"@id\":\"https:\\\/\\\/perpignan.alfmed.com\\\/es\\\/erasmus\\\/axel-a-rejoint-lequipe-dalfmed\\\/#primaryimage\",\"url\":\"https:\\\/\\\/perpignan.alfmed.com\\\/wp-content\\\/uploads\\\/2022\\\/02\\\/IMG_1552-1030x1030-1.png\",\"contentUrl\":\"https:\\\/\\\/perpignan.alfmed.com\\\/wp-content\\\/uploads\\\/2022\\\/02\\\/IMG_1552-1030x1030-1.png\",\"width\":1030,\"height\":1030},{\"@type\":\"BreadcrumbList\",\"@id\":\"https:\\\/\\\/perpignan.alfmed.com\\\/es\\\/erasmus\\\/axel-a-rejoint-lequipe-dalfmed\\\/#breadcrumb\",\"itemListElement\":[{\"@type\":\"ListItem\",\"position\":1,\"name\":\"Home\",\"item\":\"https:\\\/\\\/perpignan.alfmed.com\\\/es\\\/\"},{\"@type\":\"ListItem\",\"position\":2,\"name\":\"Axel a rejoint l&rsquo;\u00e9quipe d&rsquo;ALFMED\"}]},{\"@type\":\"WebSite\",\"@id\":\"https:\\\/\\\/perpignan.alfmed.com\\\/es\\\/#website\",\"url\":\"https:\\\/\\\/perpignan.alfmed.com\\\/es\\\/\",\"name\":\"Alfmed\",\"description\":\"EXPERTS EN LANGUES &amp; PROJETS EUROP\u00c9ENS\",\"potentialAction\":[{\"@type\":\"SearchAction\",\"target\":{\"@type\":\"EntryPoint\",\"urlTemplate\":\"https:\\\/\\\/perpignan.alfmed.com\\\/es\\\/?s={search_term_string}\"},\"query-input\":{\"@type\":\"PropertyValueSpecification\",\"valueRequired\":true,\"valueName\":\"search_term_string\"}}],\"inLanguage\":\"es\"},{\"@type\":\"Person\",\"@id\":\"https:\\\/\\\/perpignan.alfmed.com\\\/es\\\/#\\\/schema\\\/person\\\/6718591f6785449d8fc528d9ad3cf52d\",\"name\":\"Alfmed\",\"url\":\"https:\\\/\\\/perpignan.alfmed.com\\\/es\\\/author\\\/admalfmed\\\/\"}]}<\/script>\n<!-- \/ Yoast SEO plugin. -->","yoast_head_json":{"title":"Axel a rejoint l'\u00e9quipe d'ALFMED - Alfmed","robots":{"index":"index","follow":"follow","max-snippet":"max-snippet:-1","max-image-preview":"max-image-preview:large","max-video-preview":"max-video-preview:-1"},"canonical":"https:\/\/perpignan.alfmed.com\/es\/erasmus\/axel-a-rejoint-lequipe-dalfmed\/","og_locale":"es_ES","og_type":"article","og_title":"Axel a rejoint l'\u00e9quipe d'ALFMED - Alfmed","og_description":"Axelle a rejoint ALFMED ce 3 janvier 2022, au poste de\u00a0r\u00e9f\u00e9rent Erasmus+. Trilingue\u00a0Anglais\u00a0Espagnol Fran\u00e7ais, passionn\u00e9e de langues et curieuse de nature : elle va s\u2019occuper des 400\u00a0e\u0301tudiants Europe\u0301ens que nous accueillons chaque ann\u00e9e pour effectuer un stage en entreprise. C\u2019est elle qui contacte les entreprises de Perpignan pour les stages et qui se\u0301lectionne les meilleurs [&hellip;]","og_url":"https:\/\/perpignan.alfmed.com\/es\/erasmus\/axel-a-rejoint-lequipe-dalfmed\/","og_site_name":"Alfmed","article_published_time":"2022-02-24T11:06:59+00:00","og_image":[{"width":1030,"height":1030,"url":"https:\/\/perpignan.alfmed.com\/wp-content\/uploads\/2022\/02\/IMG_1552-1030x1030-1.png","type":"image\/png"}],"author":"Alfmed","twitter_card":"summary_large_image","schema":{"@context":"https:\/\/schema.org","@graph":[{"@type":"Article","@id":"https:\/\/perpignan.alfmed.com\/es\/erasmus\/axel-a-rejoint-lequipe-dalfmed\/#article","isPartOf":{"@id":"https:\/\/perpignan.alfmed.com\/es\/erasmus\/axel-a-rejoint-lequipe-dalfmed\/"},"author":{"name":"Alfmed","@id":"https:\/\/perpignan.alfmed.com\/es\/#\/schema\/person\/6718591f6785449d8fc528d9ad3cf52d"},"headline":"Axel a rejoint l&#8217;\u00e9quipe d&#8217;ALFMED","datePublished":"2022-02-24T11:06:59+00:00","mainEntityOfPage":{"@id":"https:\/\/perpignan.alfmed.com\/es\/erasmus\/axel-a-rejoint-lequipe-dalfmed\/"},"wordCount":458,"image":{"@id":"https:\/\/perpignan.alfmed.com\/es\/erasmus\/axel-a-rejoint-lequipe-dalfmed\/#primaryimage"},"thumbnailUrl":"https:\/\/perpignan.alfmed.com\/wp-content\/uploads\/2022\/02\/IMG_1552-1030x1030-1.png","articleSection":["Erasmus"],"inLanguage":"es"},{"@type":"WebPage","@id":"https:\/\/perpignan.alfmed.com\/es\/erasmus\/axel-a-rejoint-lequipe-dalfmed\/","url":"https:\/\/perpignan.alfmed.com\/es\/erasmus\/axel-a-rejoint-lequipe-dalfmed\/","name":"Axel a rejoint l'\u00e9quipe d'ALFMED - Alfmed","isPartOf":{"@id":"https:\/\/perpignan.alfmed.com\/es\/#website"},"primaryImageOfPage":{"@id":"https:\/\/perpignan.alfmed.com\/es\/erasmus\/axel-a-rejoint-lequipe-dalfmed\/#primaryimage"},"image":{"@id":"https:\/\/perpignan.alfmed.com\/es\/erasmus\/axel-a-rejoint-lequipe-dalfmed\/#primaryimage"},"thumbnailUrl":"https:\/\/perpignan.alfmed.com\/wp-content\/uploads\/2022\/02\/IMG_1552-1030x1030-1.png","datePublished":"2022-02-24T11:06:59+00:00","author":{"@id":"https:\/\/perpignan.alfmed.com\/es\/#\/schema\/person\/6718591f6785449d8fc528d9ad3cf52d"},"breadcrumb":{"@id":"https:\/\/perpignan.alfmed.com\/es\/erasmus\/axel-a-rejoint-lequipe-dalfmed\/#breadcrumb"},"inLanguage":"es","potentialAction":[{"@type":"ReadAction","target":["https:\/\/perpignan.alfmed.com\/es\/erasmus\/axel-a-rejoint-lequipe-dalfmed\/"]}]},{"@type":"ImageObject","inLanguage":"es","@id":"https:\/\/perpignan.alfmed.com\/es\/erasmus\/axel-a-rejoint-lequipe-dalfmed\/#primaryimage","url":"https:\/\/perpignan.alfmed.com\/wp-content\/uploads\/2022\/02\/IMG_1552-1030x1030-1.png","contentUrl":"https:\/\/perpignan.alfmed.com\/wp-content\/uploads\/2022\/02\/IMG_1552-1030x1030-1.png","width":1030,"height":1030},{"@type":"BreadcrumbList","@id":"https:\/\/perpignan.alfmed.com\/es\/erasmus\/axel-a-rejoint-lequipe-dalfmed\/#breadcrumb","itemListElement":[{"@type":"ListItem","position":1,"name":"Home","item":"https:\/\/perpignan.alfmed.com\/es\/"},{"@type":"ListItem","position":2,"name":"Axel a rejoint l&rsquo;\u00e9quipe d&rsquo;ALFMED"}]},{"@type":"WebSite","@id":"https:\/\/perpignan.alfmed.com\/es\/#website","url":"https:\/\/perpignan.alfmed.com\/es\/","name":"Alfmed","description":"EXPERTS EN LANGUES &amp; PROJETS EUROP\u00c9ENS","potentialAction":[{"@type":"SearchAction","target":{"@type":"EntryPoint","urlTemplate":"https:\/\/perpignan.alfmed.com\/es\/?s={search_term_string}"},"query-input":{"@type":"PropertyValueSpecification","valueRequired":true,"valueName":"search_term_string"}}],"inLanguage":"es"},{"@type":"Person","@id":"https:\/\/perpignan.alfmed.com\/es\/#\/schema\/person\/6718591f6785449d8fc528d9ad3cf52d","name":"Alfmed","url":"https:\/\/perpignan.alfmed.com\/es\/author\/admalfmed\/"}]}},"_links":{"self":[{"href":"https:\/\/perpignan.alfmed.com\/es\/wp-json\/wp\/v2\/posts\/3354","targetHints":{"allow":["GET"]}}],"collection":[{"href":"https:\/\/perpignan.alfmed.com\/es\/wp-json\/wp\/v2\/posts"}],"about":[{"href":"https:\/\/perpignan.alfmed.com\/es\/wp-json\/wp\/v2\/types\/post"}],"author":[{"embeddable":true,"href":"https:\/\/perpignan.alfmed.com\/es\/wp-json\/wp\/v2\/users\/3"}],"replies":[{"embeddable":true,"href":"https:\/\/perpignan.alfmed.com\/es\/wp-json\/wp\/v2\/comments?post=3354"}],"version-history":[{"count":1,"href":"https:\/\/perpignan.alfmed.com\/es\/wp-json\/wp\/v2\/posts\/3354\/revisions"}],"predecessor-version":[{"id":3356,"href":"https:\/\/perpignan.alfmed.com\/es\/wp-json\/wp\/v2\/posts\/3354\/revisions\/3356"}],"wp:featuredmedia":[{"embeddable":true,"href":"https:\/\/perpignan.alfmed.com\/es\/wp-json\/wp\/v2\/media\/3355"}],"wp:attachment":[{"href":"https:\/\/perpignan.alfmed.com\/es\/wp-json\/wp\/v2\/media?parent=3354"}],"wp:term":[{"taxonomy":"category","embeddable":true,"href":"https:\/\/perpignan.alfmed.com\/es\/wp-json\/wp\/v2\/categories?post=3354"},{"taxonomy":"post_tag","embeddable":true,"href":"https:\/\/perpignan.alfmed.com\/es\/wp-json\/wp\/v2\/tags?post=3354"}],"curies":[{"name":"wp","href":"https:\/\/api.w.org\/{rel}","templated":true}]}}