{"id":3352,"date":"2022-02-24T11:05:06","date_gmt":"2022-02-24T11:05:06","guid":{"rendered":"https:\/\/perpignan.alfmed.com\/?p=3352"},"modified":"2022-02-24T11:05:06","modified_gmt":"2022-02-24T11:05:06","slug":"projet-chellis-et-lidem","status":"publish","type":"post","link":"https:\/\/perpignan.alfmed.com\/es\/erasmus\/projet-chellis-et-lidem\/","title":{"rendered":"Projet Chellis et l&#8217;IDEM"},"content":{"rendered":"<p>Les classes de\u00a0<a href=\"https:\/\/lidem.eu\/formations-post-bac\/ecole-animation-2d-3d\/\">cin\u00e9 2, cin\u00e9 3 et cin\u00e9 4 animation 2D de l\u2019IDEM<\/a>\u00a0ont r\u00e9pondu \u00e0 notre appel \u00e0 candidature pour le\u00a0<a href=\"https:\/\/www.chellis.eu\/fr\/chellis-project_fr\/\">projet CHELLIS<\/a>\u00a0!<\/p>\n<p>Ils ont jusqu\u2019au\u00a0<em>3 janvier 2022 minuit<\/em>\u00a0pour nous envoyer leur candidature !<\/p>\n<p><strong>Le\u00a0<a href=\"https:\/\/www.chellis.eu\/fr\/chellis-project_fr\/\">projet CHELLIS<\/a>\u00a0c\u2019est quoi ?<\/strong><\/p>\n<p class=\"_04xlpA direction-ltr align-start para-style-body\"><span class=\"JsGRdQ\">C\u2019est un partenariat strat\u00e9gique Erasmus+ financ\u00e9 par la\u00a0<\/span><span class=\"JsGRdQ\">Commission Europ\u00e9enne qui regroupe<strong>\u00a06 partenaires de pays diff\u00e9rents<\/strong><\/span><span class=\"JsGRdQ\">.\u00a0Le centre de langues ALFMED est le porteur de projet.<\/span><\/p>\n<p class=\"_04xlpA direction-ltr align-start para-style-body\"><span class=\"JsGRdQ\">Les 6 partenaires issus du secteur de la formation se sont regroup\u00e9s pour travailler sur une probl\u00e9matique \u00e0 la fois double et universelle :\u00a0<\/span><strong><span class=\"JsGRdQ\">l\u2019apprentissage des langues et le d\u00e9veloppement durable.<\/span><\/strong><\/p>\n<p class=\"_04xlpA direction-ltr align-start para-style-body\"><span class=\"JsGRdQ\">CHELLIS vise \u00e0\u00a0<strong>sensibiliser l\u2019opinion publique aux d\u00e9fis environnementaux actuels et aux sujets \u00e9cologiques par le biais\u00a0<\/strong><\/span><strong><span class=\"JsGRdQ\">d\u2019histoires illustr\u00e9es pour les apprenants adultes.<\/span><\/strong><\/p>\n<p><strong>Comment ?<\/strong><\/p>\n<p class=\"_04xlpA direction-ltr align-start para-style-body\"><span class=\"JsGRdQ\">L\u2019objectif du projet consiste \u00e0 diffuser des\u00a0<\/span><strong><span class=\"JsGRdQ\">histoires illustr\u00e9es<\/span><\/strong><span class=\"JsGRdQ\">\u00a0qui permettent d\u2019acqu\u00e9rir des\u00a0<\/span><strong><span class=\"JsGRdQ\">r\u00e9flexes eco-friendly\u00a0<\/span><\/strong><span class=\"JsGRdQ\">dans diff\u00e9rentes situations.<\/span><\/p>\n<p class=\"_04xlpA direction-ltr align-start para-style-body\"><span class=\"JsGRdQ\">Ces histoires illustr\u00e9es seront propos\u00e9es\u00a0<strong>en\u00a0<\/strong><\/span><strong><span class=\"JsGRdQ\">6 langues<\/span><span class=\"JsGRdQ\">\u00a0et avec\u00a0<\/span><span class=\"JsGRdQ\">3 niveaux de difficult\u00e9 diff\u00e9rents\u00a0<\/span><\/strong><span class=\"JsGRdQ\">: Anglais, Fran\u00e7ais, Allemand, Grec, Italien et Portugais.<\/span><\/p>\n<p><strong>Le concours<\/strong><\/p>\n<p class=\"_04xlpA direction-ltr align-start para-style-body\"><span class=\"JsGRdQ\">Il a lieu dans les\u00a0<\/span><strong><span class=\"JsGRdQ\">6 pays partenaires<\/span><\/strong><span class=\"JsGRdQ\">. En France, il s\u2019adresse de\u00a0<a href=\"https:\/\/lidem.eu\/formations-post-bac\/ecole-animation-2d-3d\/\">cin\u00e9 2, cin\u00e9 3 et cin\u00e9 4 animation 2D<\/a><\/span><\/p>\n<p class=\"_04xlpA direction-ltr align-start para-style-body\"><span class=\"JsGRdQ\"><em>Objectif du concours<\/em>\u00a0: il faudra produire 15 illustrations num\u00e9riques correspondant \u00e0 l\u2019histoire propos\u00e9e par ALFMED !<\/span><\/p>\n<p><strong>BONNE CHANCE \u00c0 EUX !<\/strong><\/p>\n","protected":false},"excerpt":{"rendered":"<p>Les classes de\u00a0cin\u00e9 2, cin\u00e9 3 et cin\u00e9 4 animation 2D de l\u2019IDEM\u00a0ont r\u00e9pondu \u00e0 notre appel \u00e0 candidature pour le\u00a0projet CHELLIS\u00a0! Ils ont jusqu\u2019au\u00a03 janvier 2022 minuit\u00a0pour nous envoyer leur candidature ! Le\u00a0projet CHELLIS\u00a0c\u2019est quoi ? C\u2019est un partenariat strat\u00e9gique Erasmus+ financ\u00e9 par la\u00a0Commission Europ\u00e9enne qui regroupe\u00a06 partenaires de pays diff\u00e9rents.\u00a0Le centre de langues [&hellip;]<\/p>\n","protected":false},"author":3,"featured_media":2434,"comment_status":"closed","ping_status":"closed","sticky":false,"template":"","format":"standard","meta":{"_acf_changed":false,"_et_pb_use_builder":"","_et_pb_old_content":"","_et_gb_content_width":"","footnotes":""},"categories":[33],"tags":[],"class_list":["post-3352","post","type-post","status-publish","format-standard","has-post-thumbnail","hentry","category-erasmus"],"acf":[],"yoast_head":"<!-- This site is optimized with the Yoast SEO plugin v27.5 - https:\/\/yoast.com\/product\/yoast-seo-wordpress\/ -->\n<title>Projet Chellis et l&#039;IDEM - Alfmed<\/title>\n<meta name=\"robots\" content=\"index, follow, max-snippet:-1, max-image-preview:large, max-video-preview:-1\" \/>\n<link rel=\"canonical\" href=\"https:\/\/perpignan.alfmed.com\/es\/erasmus\/projet-chellis-et-lidem\/\" \/>\n<meta property=\"og:locale\" content=\"es_ES\" \/>\n<meta property=\"og:type\" content=\"article\" \/>\n<meta property=\"og:title\" content=\"Projet Chellis et l&#039;IDEM - Alfmed\" \/>\n<meta property=\"og:description\" content=\"Les classes de\u00a0cin\u00e9 2, cin\u00e9 3 et cin\u00e9 4 animation 2D de l\u2019IDEM\u00a0ont r\u00e9pondu \u00e0 notre appel \u00e0 candidature pour le\u00a0projet CHELLIS\u00a0! Ils ont jusqu\u2019au\u00a03 janvier 2022 minuit\u00a0pour nous envoyer leur candidature ! Le\u00a0projet CHELLIS\u00a0c\u2019est quoi ? C\u2019est un partenariat strat\u00e9gique Erasmus+ financ\u00e9 par la\u00a0Commission Europ\u00e9enne qui regroupe\u00a06 partenaires de pays diff\u00e9rents.\u00a0Le centre de langues [&hellip;]\" \/>\n<meta property=\"og:url\" content=\"https:\/\/perpignan.alfmed.com\/es\/erasmus\/projet-chellis-et-lidem\/\" \/>\n<meta property=\"og:site_name\" content=\"Alfmed\" \/>\n<meta property=\"article:published_time\" content=\"2022-02-24T11:05:06+00:00\" \/>\n<meta property=\"og:image\" content=\"https:\/\/perpignan.alfmed.com\/wp-content\/uploads\/2022\/02\/Sans-titre-15-1.png\" \/>\n\t<meta property=\"og:image:width\" content=\"700\" \/>\n\t<meta property=\"og:image:height\" content=\"400\" \/>\n\t<meta property=\"og:image:type\" content=\"image\/png\" \/>\n<meta name=\"author\" content=\"Alfmed\" \/>\n<meta name=\"twitter:card\" content=\"summary_large_image\" \/>\n<script type=\"application\/ld+json\" class=\"yoast-schema-graph\">{\"@context\":\"https:\\\/\\\/schema.org\",\"@graph\":[{\"@type\":\"Article\",\"@id\":\"https:\\\/\\\/perpignan.alfmed.com\\\/es\\\/erasmus\\\/projet-chellis-et-lidem\\\/#article\",\"isPartOf\":{\"@id\":\"https:\\\/\\\/perpignan.alfmed.com\\\/es\\\/erasmus\\\/projet-chellis-et-lidem\\\/\"},\"author\":{\"name\":\"Alfmed\",\"@id\":\"https:\\\/\\\/perpignan.alfmed.com\\\/es\\\/#\\\/schema\\\/person\\\/6718591f6785449d8fc528d9ad3cf52d\"},\"headline\":\"Projet Chellis et l&#8217;IDEM\",\"datePublished\":\"2022-02-24T11:05:06+00:00\",\"mainEntityOfPage\":{\"@id\":\"https:\\\/\\\/perpignan.alfmed.com\\\/es\\\/erasmus\\\/projet-chellis-et-lidem\\\/\"},\"wordCount\":220,\"image\":{\"@id\":\"https:\\\/\\\/perpignan.alfmed.com\\\/es\\\/erasmus\\\/projet-chellis-et-lidem\\\/#primaryimage\"},\"thumbnailUrl\":\"https:\\\/\\\/perpignan.alfmed.com\\\/wp-content\\\/uploads\\\/2022\\\/02\\\/Sans-titre-15-1-e1691132568327.png\",\"articleSection\":[\"Erasmus\"],\"inLanguage\":\"es\"},{\"@type\":\"WebPage\",\"@id\":\"https:\\\/\\\/perpignan.alfmed.com\\\/es\\\/erasmus\\\/projet-chellis-et-lidem\\\/\",\"url\":\"https:\\\/\\\/perpignan.alfmed.com\\\/es\\\/erasmus\\\/projet-chellis-et-lidem\\\/\",\"name\":\"Projet Chellis et l'IDEM - Alfmed\",\"isPartOf\":{\"@id\":\"https:\\\/\\\/perpignan.alfmed.com\\\/es\\\/#website\"},\"primaryImageOfPage\":{\"@id\":\"https:\\\/\\\/perpignan.alfmed.com\\\/es\\\/erasmus\\\/projet-chellis-et-lidem\\\/#primaryimage\"},\"image\":{\"@id\":\"https:\\\/\\\/perpignan.alfmed.com\\\/es\\\/erasmus\\\/projet-chellis-et-lidem\\\/#primaryimage\"},\"thumbnailUrl\":\"https:\\\/\\\/perpignan.alfmed.com\\\/wp-content\\\/uploads\\\/2022\\\/02\\\/Sans-titre-15-1-e1691132568327.png\",\"datePublished\":\"2022-02-24T11:05:06+00:00\",\"author\":{\"@id\":\"https:\\\/\\\/perpignan.alfmed.com\\\/es\\\/#\\\/schema\\\/person\\\/6718591f6785449d8fc528d9ad3cf52d\"},\"breadcrumb\":{\"@id\":\"https:\\\/\\\/perpignan.alfmed.com\\\/es\\\/erasmus\\\/projet-chellis-et-lidem\\\/#breadcrumb\"},\"inLanguage\":\"es\",\"potentialAction\":[{\"@type\":\"ReadAction\",\"target\":[\"https:\\\/\\\/perpignan.alfmed.com\\\/es\\\/erasmus\\\/projet-chellis-et-lidem\\\/\"]}]},{\"@type\":\"ImageObject\",\"inLanguage\":\"es\",\"@id\":\"https:\\\/\\\/perpignan.alfmed.com\\\/es\\\/erasmus\\\/projet-chellis-et-lidem\\\/#primaryimage\",\"url\":\"https:\\\/\\\/perpignan.alfmed.com\\\/wp-content\\\/uploads\\\/2022\\\/02\\\/Sans-titre-15-1-e1691132568327.png\",\"contentUrl\":\"https:\\\/\\\/perpignan.alfmed.com\\\/wp-content\\\/uploads\\\/2022\\\/02\\\/Sans-titre-15-1-e1691132568327.png\",\"width\":479,\"height\":176},{\"@type\":\"BreadcrumbList\",\"@id\":\"https:\\\/\\\/perpignan.alfmed.com\\\/es\\\/erasmus\\\/projet-chellis-et-lidem\\\/#breadcrumb\",\"itemListElement\":[{\"@type\":\"ListItem\",\"position\":1,\"name\":\"Home\",\"item\":\"https:\\\/\\\/perpignan.alfmed.com\\\/es\\\/\"},{\"@type\":\"ListItem\",\"position\":2,\"name\":\"Projet Chellis et l&rsquo;IDEM\"}]},{\"@type\":\"WebSite\",\"@id\":\"https:\\\/\\\/perpignan.alfmed.com\\\/es\\\/#website\",\"url\":\"https:\\\/\\\/perpignan.alfmed.com\\\/es\\\/\",\"name\":\"Alfmed\",\"description\":\"EXPERTS EN LANGUES &amp; PROJETS EUROP\u00c9ENS\",\"potentialAction\":[{\"@type\":\"SearchAction\",\"target\":{\"@type\":\"EntryPoint\",\"urlTemplate\":\"https:\\\/\\\/perpignan.alfmed.com\\\/es\\\/?s={search_term_string}\"},\"query-input\":{\"@type\":\"PropertyValueSpecification\",\"valueRequired\":true,\"valueName\":\"search_term_string\"}}],\"inLanguage\":\"es\"},{\"@type\":\"Person\",\"@id\":\"https:\\\/\\\/perpignan.alfmed.com\\\/es\\\/#\\\/schema\\\/person\\\/6718591f6785449d8fc528d9ad3cf52d\",\"name\":\"Alfmed\",\"url\":\"https:\\\/\\\/perpignan.alfmed.com\\\/es\\\/author\\\/admalfmed\\\/\"}]}<\/script>\n<!-- \/ Yoast SEO plugin. -->","yoast_head_json":{"title":"Projet Chellis et l'IDEM - Alfmed","robots":{"index":"index","follow":"follow","max-snippet":"max-snippet:-1","max-image-preview":"max-image-preview:large","max-video-preview":"max-video-preview:-1"},"canonical":"https:\/\/perpignan.alfmed.com\/es\/erasmus\/projet-chellis-et-lidem\/","og_locale":"es_ES","og_type":"article","og_title":"Projet Chellis et l'IDEM - Alfmed","og_description":"Les classes de\u00a0cin\u00e9 2, cin\u00e9 3 et cin\u00e9 4 animation 2D de l\u2019IDEM\u00a0ont r\u00e9pondu \u00e0 notre appel \u00e0 candidature pour le\u00a0projet CHELLIS\u00a0! Ils ont jusqu\u2019au\u00a03 janvier 2022 minuit\u00a0pour nous envoyer leur candidature ! Le\u00a0projet CHELLIS\u00a0c\u2019est quoi ? C\u2019est un partenariat strat\u00e9gique Erasmus+ financ\u00e9 par la\u00a0Commission Europ\u00e9enne qui regroupe\u00a06 partenaires de pays diff\u00e9rents.\u00a0Le centre de langues [&hellip;]","og_url":"https:\/\/perpignan.alfmed.com\/es\/erasmus\/projet-chellis-et-lidem\/","og_site_name":"Alfmed","article_published_time":"2022-02-24T11:05:06+00:00","og_image":[{"width":700,"height":400,"url":"https:\/\/perpignan.alfmed.com\/wp-content\/uploads\/2022\/02\/Sans-titre-15-1.png","type":"image\/png"}],"author":"Alfmed","twitter_card":"summary_large_image","schema":{"@context":"https:\/\/schema.org","@graph":[{"@type":"Article","@id":"https:\/\/perpignan.alfmed.com\/es\/erasmus\/projet-chellis-et-lidem\/#article","isPartOf":{"@id":"https:\/\/perpignan.alfmed.com\/es\/erasmus\/projet-chellis-et-lidem\/"},"author":{"name":"Alfmed","@id":"https:\/\/perpignan.alfmed.com\/es\/#\/schema\/person\/6718591f6785449d8fc528d9ad3cf52d"},"headline":"Projet Chellis et l&#8217;IDEM","datePublished":"2022-02-24T11:05:06+00:00","mainEntityOfPage":{"@id":"https:\/\/perpignan.alfmed.com\/es\/erasmus\/projet-chellis-et-lidem\/"},"wordCount":220,"image":{"@id":"https:\/\/perpignan.alfmed.com\/es\/erasmus\/projet-chellis-et-lidem\/#primaryimage"},"thumbnailUrl":"https:\/\/perpignan.alfmed.com\/wp-content\/uploads\/2022\/02\/Sans-titre-15-1-e1691132568327.png","articleSection":["Erasmus"],"inLanguage":"es"},{"@type":"WebPage","@id":"https:\/\/perpignan.alfmed.com\/es\/erasmus\/projet-chellis-et-lidem\/","url":"https:\/\/perpignan.alfmed.com\/es\/erasmus\/projet-chellis-et-lidem\/","name":"Projet Chellis et l'IDEM - Alfmed","isPartOf":{"@id":"https:\/\/perpignan.alfmed.com\/es\/#website"},"primaryImageOfPage":{"@id":"https:\/\/perpignan.alfmed.com\/es\/erasmus\/projet-chellis-et-lidem\/#primaryimage"},"image":{"@id":"https:\/\/perpignan.alfmed.com\/es\/erasmus\/projet-chellis-et-lidem\/#primaryimage"},"thumbnailUrl":"https:\/\/perpignan.alfmed.com\/wp-content\/uploads\/2022\/02\/Sans-titre-15-1-e1691132568327.png","datePublished":"2022-02-24T11:05:06+00:00","author":{"@id":"https:\/\/perpignan.alfmed.com\/es\/#\/schema\/person\/6718591f6785449d8fc528d9ad3cf52d"},"breadcrumb":{"@id":"https:\/\/perpignan.alfmed.com\/es\/erasmus\/projet-chellis-et-lidem\/#breadcrumb"},"inLanguage":"es","potentialAction":[{"@type":"ReadAction","target":["https:\/\/perpignan.alfmed.com\/es\/erasmus\/projet-chellis-et-lidem\/"]}]},{"@type":"ImageObject","inLanguage":"es","@id":"https:\/\/perpignan.alfmed.com\/es\/erasmus\/projet-chellis-et-lidem\/#primaryimage","url":"https:\/\/perpignan.alfmed.com\/wp-content\/uploads\/2022\/02\/Sans-titre-15-1-e1691132568327.png","contentUrl":"https:\/\/perpignan.alfmed.com\/wp-content\/uploads\/2022\/02\/Sans-titre-15-1-e1691132568327.png","width":479,"height":176},{"@type":"BreadcrumbList","@id":"https:\/\/perpignan.alfmed.com\/es\/erasmus\/projet-chellis-et-lidem\/#breadcrumb","itemListElement":[{"@type":"ListItem","position":1,"name":"Home","item":"https:\/\/perpignan.alfmed.com\/es\/"},{"@type":"ListItem","position":2,"name":"Projet Chellis et l&rsquo;IDEM"}]},{"@type":"WebSite","@id":"https:\/\/perpignan.alfmed.com\/es\/#website","url":"https:\/\/perpignan.alfmed.com\/es\/","name":"Alfmed","description":"EXPERTS EN LANGUES &amp; PROJETS EUROP\u00c9ENS","potentialAction":[{"@type":"SearchAction","target":{"@type":"EntryPoint","urlTemplate":"https:\/\/perpignan.alfmed.com\/es\/?s={search_term_string}"},"query-input":{"@type":"PropertyValueSpecification","valueRequired":true,"valueName":"search_term_string"}}],"inLanguage":"es"},{"@type":"Person","@id":"https:\/\/perpignan.alfmed.com\/es\/#\/schema\/person\/6718591f6785449d8fc528d9ad3cf52d","name":"Alfmed","url":"https:\/\/perpignan.alfmed.com\/es\/author\/admalfmed\/"}]}},"_links":{"self":[{"href":"https:\/\/perpignan.alfmed.com\/es\/wp-json\/wp\/v2\/posts\/3352","targetHints":{"allow":["GET"]}}],"collection":[{"href":"https:\/\/perpignan.alfmed.com\/es\/wp-json\/wp\/v2\/posts"}],"about":[{"href":"https:\/\/perpignan.alfmed.com\/es\/wp-json\/wp\/v2\/types\/post"}],"author":[{"embeddable":true,"href":"https:\/\/perpignan.alfmed.com\/es\/wp-json\/wp\/v2\/users\/3"}],"replies":[{"embeddable":true,"href":"https:\/\/perpignan.alfmed.com\/es\/wp-json\/wp\/v2\/comments?post=3352"}],"version-history":[{"count":1,"href":"https:\/\/perpignan.alfmed.com\/es\/wp-json\/wp\/v2\/posts\/3352\/revisions"}],"predecessor-version":[{"id":3353,"href":"https:\/\/perpignan.alfmed.com\/es\/wp-json\/wp\/v2\/posts\/3352\/revisions\/3353"}],"wp:featuredmedia":[{"embeddable":true,"href":"https:\/\/perpignan.alfmed.com\/es\/wp-json\/wp\/v2\/media\/2434"}],"wp:attachment":[{"href":"https:\/\/perpignan.alfmed.com\/es\/wp-json\/wp\/v2\/media?parent=3352"}],"wp:term":[{"taxonomy":"category","embeddable":true,"href":"https:\/\/perpignan.alfmed.com\/es\/wp-json\/wp\/v2\/categories?post=3352"},{"taxonomy":"post_tag","embeddable":true,"href":"https:\/\/perpignan.alfmed.com\/es\/wp-json\/wp\/v2\/tags?post=3352"}],"curies":[{"name":"wp","href":"https:\/\/api.w.org\/{rel}","templated":true}]}}