{"id":3348,"date":"2022-02-24T11:02:26","date_gmt":"2022-02-24T11:02:26","guid":{"rendered":"https:\/\/perpignan.alfmed.com\/?p=3348"},"modified":"2022-02-25T15:15:50","modified_gmt":"2022-02-25T15:15:50","slug":"call-to-artists-chellis","status":"publish","type":"post","link":"https:\/\/perpignan.alfmed.com\/es\/erasmus\/call-to-artists-chellis\/","title":{"rendered":"Call to artists Chellis"},"content":{"rendered":"<p><strong><span class=\"JsGRdQ\">CONCOURS OPEN CALL FOR VISUAL ARTISTS<\/span><\/strong><\/p>\n<p><strong><span class=\"JsGRdQ\">A GAGNER : mission de cr\u00e9ateur visuel pour un projet europ\u00e9en : 1600 \u20ac + certificat de gagnant<\/span><\/strong><\/p>\n<p class=\"_04xlpA direction-ltr align-start para-style-body\"><span class=\"JsGRdQ\">Dans le cadre du\u00a0<\/span><span class=\"JsGRdQ\">projet CHELLIS, ALFMED\u00a0<\/span><span class=\"JsGRdQ\">vous propose une chance unique de participer \u00e0 la\u00a0<strong>cr\u00e9ation d\u2019une captivante\u00a0<\/strong><\/span><strong><span class=\"JsGRdQ\">histoire visuelle<\/span><\/strong><span class=\"JsGRdQ\">\u00a0!<\/span><\/p>\n<p class=\"_04xlpA direction-ltr align-start para-style-body\"><em><span class=\"JsGRdQ\">Tu es un\u00a0<\/span><span class=\"JsGRdQ\">artiste en art num\u00e9rique<\/span><span class=\"JsGRdQ\">\u00a0? Les th\u00e8mes de l\u2019environnement et de l\u2019apprentissage des langues t\u2019int\u00e9ressent ? Tu aimes la\u00a0<\/span><span class=\"JsGRdQ\">production d\u2019\u00e9l\u00e9ments visuels et d\u2019illustrations \u00e0 th\u00e8me<\/span><span class=\"JsGRdQ\">\u00a0? Ce concours est pour toi !<\/span><\/em><\/p>\n<p class=\"_04xlpA direction-ltr align-center para-style-body\"><strong><span class=\"JsGRdQ\">Le projet CHELLIS,\u00a0<\/span><span class=\"JsGRdQ\">c\u2019est quoi ?<\/span><\/strong><\/p>\n<p class=\"_04xlpA direction-ltr align-start para-style-body\"><span class=\"JsGRdQ\">C\u2019est un\u00a0<strong>partenariat strat\u00e9gique Erasmus+<\/strong>\u00a0financ\u00e9 par la\u00a0<\/span><span class=\"JsGRdQ\">Commission Europ\u00e9enne qui regroupe\u00a0<strong>6 partenaires de pays diff\u00e9rents<\/strong><\/span><span class=\"JsGRdQ\">. Le centre de langues ALFMED est le porteur de projet.<\/span><\/p>\n<p class=\"_04xlpA direction-ltr align-start para-style-body\"><span class=\"JsGRdQ\">Les 6 partenaires issus du secteur de la formation se sont regroup\u00e9s pour travailler sur une probl\u00e9matique \u00e0 la fois double et universelle :\u00a0<\/span><span class=\"JsGRdQ\"><strong>l\u2019apprentissage des langues et le d\u00e9veloppement durable<\/strong>.<\/span><\/p>\n<p class=\"_04xlpA direction-ltr align-start para-style-body\"><span class=\"JsGRdQ\">CHELLIS vise \u00e0 sensibiliser l\u2019opinion publique aux\u00a0<strong>d\u00e9fis environnementaux actuels et aux sujets \u00e9cologiques<\/strong>\u00a0par le biais\u00a0<\/span><span class=\"JsGRdQ\">d\u2019histoires illustr\u00e9es pour les apprenants adultes.<\/span><\/p>\n<p><strong>COMMENT?<\/strong><\/p>\n<p class=\"_04xlpA direction-ltr align-start para-style-body\"><span class=\"JsGRdQ\">L\u2019objectif du projet consiste \u00e0 diffuser des\u00a0<\/span><span class=\"JsGRdQ\">histoires illustr\u00e9es<\/span><span class=\"JsGRdQ\">\u00a0qui permettent d\u2019<strong>acqu\u00e9rir des\u00a0<\/strong><\/span><strong><span class=\"JsGRdQ\">r\u00e9flexes eco-friendly\u00a0<\/span><\/strong><span class=\"JsGRdQ\"><strong>dans diff\u00e9rentes situations<\/strong>.<\/span><\/p>\n<p class=\"_04xlpA direction-ltr align-start para-style-body\"><span class=\"JsGRdQ\">Ces histoires illustr\u00e9es seront propos\u00e9es en\u00a0<\/span><strong><span class=\"JsGRdQ\">6 langues<\/span><span class=\"JsGRdQ\">\u00a0et avec\u00a0<\/span><\/strong><span class=\"JsGRdQ\"><strong>3 niveaux de difficult\u00e9 diff\u00e9rent<\/strong>s\u00a0<\/span><span class=\"JsGRdQ\">: Anglais, Fran\u00e7ais, Allemand, Grec, Italien et Portugais.<\/span><\/p>\n<p><strong>LE CONCOURS<\/strong><\/p>\n<p class=\"_04xlpA direction-ltr align-start para-style-body\"><span class=\"JsGRdQ\">Il a lieu dans les\u00a0<\/span><strong><span class=\"JsGRdQ\">6 pays partenaires<\/span><\/strong><span class=\"JsGRdQ\">.\u00a0<\/span><\/p>\n<p class=\"_04xlpA direction-ltr align-start para-style-body\"><em><span class=\"JsGRdQ\">Objectif du concours : il faudra produire\u00a0<strong>15 illustrations num\u00e9riques<\/strong>\u00a0correspondant \u00e0 l\u2019histoire propos\u00e9e par ALFMED<\/span><\/em><\/p>\n<ul>\n<li><span class=\"JsGRdQ\"><strong>Novembre 2021<\/strong>\u00a0<\/span><span class=\"JsGRdQ\">:\u00a0<\/span><span class=\"JsGRdQ\">lancement du concours, les \u00e9l\u00e8ves inscrits recevront les r\u00e8gles du concours avec les instructions \u00e0 suivre : ils devront cr\u00e9er une illustration en lien avec le texte qui leur sera donn\u00e9<\/span><\/li>\n<li><strong><span class=\"JsGRdQ\">D\u00e9but janvier 2022<\/span><\/strong><span class=\"JsGRdQ\">\u00a0:\u00a0<\/span><span class=\"JsGRdQ\">le jury va s\u00e9lectionner 2 demi-finalistes Fran\u00e7ais<\/span><\/li>\n<li><strong><span class=\"JsGRdQ\">19 janvier 2022<\/span><\/strong><span class=\"JsGRdQ\">\u00a0:\u00a0<\/span><span class=\"JsGRdQ\">lors d\u2019un meeting \u00e0 Chypre, le jury Europ\u00e9en CHELLIS va s\u00e9lectionner parmi les demi-finalistes, le finaliste de chaque pays<\/span><\/li>\n<li><strong><span class=\"JsGRdQ\">7 Mars 2022<\/span><\/strong><span class=\"JsGRdQ\">\u00a0:\u00a0<\/span><span class=\"JsGRdQ\">le gagnant devra rendre les 15 illustrations qu\u2019il aura produit<\/span><\/li>\n<li><strong><span class=\"JsGRdQ\">Mai 2022<\/span><\/strong><span class=\"JsGRdQ\">\u00a0:\u00a0<\/span><span class=\"JsGRdQ\">les histoires des 6 pays seront mis en ligne sur le site CHELLIS, et une pr\u00e9sentation du pool d\u2019artistes europ\u00e9ens sera r\u00e9alis\u00e9e<\/span><\/li>\n<\/ul>\n","protected":false},"excerpt":{"rendered":"<p>CONCOURS OPEN CALL FOR VISUAL ARTISTS A GAGNER : mission de cr\u00e9ateur visuel pour un projet europ\u00e9en : 1600 \u20ac + certificat de gagnant Dans le cadre du\u00a0projet CHELLIS, ALFMED\u00a0vous propose une chance unique de participer \u00e0 la\u00a0cr\u00e9ation d\u2019une captivante\u00a0histoire visuelle\u00a0! Tu es un\u00a0artiste en art num\u00e9rique\u00a0? Les th\u00e8mes de l\u2019environnement et de l\u2019apprentissage des [&hellip;]<\/p>\n","protected":false},"author":3,"featured_media":2434,"comment_status":"closed","ping_status":"closed","sticky":false,"template":"","format":"standard","meta":{"_acf_changed":false,"_et_pb_use_builder":"","_et_pb_old_content":"","_et_gb_content_width":"","footnotes":""},"categories":[33],"tags":[],"class_list":["post-3348","post","type-post","status-publish","format-standard","has-post-thumbnail","hentry","category-erasmus"],"acf":[],"yoast_head":"<!-- This site is optimized with the Yoast SEO plugin v27.5 - https:\/\/yoast.com\/product\/yoast-seo-wordpress\/ -->\n<title>Call to artists Chellis - Alfmed<\/title>\n<meta name=\"robots\" content=\"index, follow, max-snippet:-1, max-image-preview:large, max-video-preview:-1\" \/>\n<link rel=\"canonical\" href=\"https:\/\/perpignan.alfmed.com\/es\/erasmus\/call-to-artists-chellis\/\" \/>\n<meta property=\"og:locale\" content=\"es_ES\" \/>\n<meta property=\"og:type\" content=\"article\" \/>\n<meta property=\"og:title\" content=\"Call to artists Chellis - Alfmed\" \/>\n<meta property=\"og:description\" content=\"CONCOURS OPEN CALL FOR VISUAL ARTISTS A GAGNER : mission de cr\u00e9ateur visuel pour un projet europ\u00e9en : 1600 \u20ac + certificat de gagnant Dans le cadre du\u00a0projet CHELLIS, ALFMED\u00a0vous propose une chance unique de participer \u00e0 la\u00a0cr\u00e9ation d\u2019une captivante\u00a0histoire visuelle\u00a0! Tu es un\u00a0artiste en art num\u00e9rique\u00a0? Les th\u00e8mes de l\u2019environnement et de l\u2019apprentissage des [&hellip;]\" \/>\n<meta property=\"og:url\" content=\"https:\/\/perpignan.alfmed.com\/es\/erasmus\/call-to-artists-chellis\/\" \/>\n<meta property=\"og:site_name\" content=\"Alfmed\" \/>\n<meta property=\"article:published_time\" content=\"2022-02-24T11:02:26+00:00\" \/>\n<meta property=\"article:modified_time\" content=\"2022-02-25T15:15:50+00:00\" \/>\n<meta property=\"og:image\" content=\"https:\/\/perpignan.alfmed.com\/wp-content\/uploads\/2022\/02\/Sans-titre-15-1.png\" \/>\n\t<meta property=\"og:image:width\" content=\"700\" \/>\n\t<meta property=\"og:image:height\" content=\"400\" \/>\n\t<meta property=\"og:image:type\" content=\"image\/png\" \/>\n<meta name=\"author\" content=\"Alfmed\" \/>\n<meta name=\"twitter:card\" content=\"summary_large_image\" \/>\n<script type=\"application\/ld+json\" class=\"yoast-schema-graph\">{\"@context\":\"https:\\\/\\\/schema.org\",\"@graph\":[{\"@type\":\"Article\",\"@id\":\"https:\\\/\\\/perpignan.alfmed.com\\\/es\\\/erasmus\\\/call-to-artists-chellis\\\/#article\",\"isPartOf\":{\"@id\":\"https:\\\/\\\/perpignan.alfmed.com\\\/es\\\/erasmus\\\/call-to-artists-chellis\\\/\"},\"author\":{\"name\":\"Alfmed\",\"@id\":\"https:\\\/\\\/perpignan.alfmed.com\\\/es\\\/#\\\/schema\\\/person\\\/6718591f6785449d8fc528d9ad3cf52d\"},\"headline\":\"Call to artists Chellis\",\"datePublished\":\"2022-02-24T11:02:26+00:00\",\"dateModified\":\"2022-02-25T15:15:50+00:00\",\"mainEntityOfPage\":{\"@id\":\"https:\\\/\\\/perpignan.alfmed.com\\\/es\\\/erasmus\\\/call-to-artists-chellis\\\/\"},\"wordCount\":359,\"image\":{\"@id\":\"https:\\\/\\\/perpignan.alfmed.com\\\/es\\\/erasmus\\\/call-to-artists-chellis\\\/#primaryimage\"},\"thumbnailUrl\":\"https:\\\/\\\/perpignan.alfmed.com\\\/wp-content\\\/uploads\\\/2022\\\/02\\\/Sans-titre-15-1-e1691132568327.png\",\"articleSection\":[\"Erasmus\"],\"inLanguage\":\"es\"},{\"@type\":\"WebPage\",\"@id\":\"https:\\\/\\\/perpignan.alfmed.com\\\/es\\\/erasmus\\\/call-to-artists-chellis\\\/\",\"url\":\"https:\\\/\\\/perpignan.alfmed.com\\\/es\\\/erasmus\\\/call-to-artists-chellis\\\/\",\"name\":\"Call to artists Chellis - Alfmed\",\"isPartOf\":{\"@id\":\"https:\\\/\\\/perpignan.alfmed.com\\\/es\\\/#website\"},\"primaryImageOfPage\":{\"@id\":\"https:\\\/\\\/perpignan.alfmed.com\\\/es\\\/erasmus\\\/call-to-artists-chellis\\\/#primaryimage\"},\"image\":{\"@id\":\"https:\\\/\\\/perpignan.alfmed.com\\\/es\\\/erasmus\\\/call-to-artists-chellis\\\/#primaryimage\"},\"thumbnailUrl\":\"https:\\\/\\\/perpignan.alfmed.com\\\/wp-content\\\/uploads\\\/2022\\\/02\\\/Sans-titre-15-1-e1691132568327.png\",\"datePublished\":\"2022-02-24T11:02:26+00:00\",\"dateModified\":\"2022-02-25T15:15:50+00:00\",\"author\":{\"@id\":\"https:\\\/\\\/perpignan.alfmed.com\\\/es\\\/#\\\/schema\\\/person\\\/6718591f6785449d8fc528d9ad3cf52d\"},\"breadcrumb\":{\"@id\":\"https:\\\/\\\/perpignan.alfmed.com\\\/es\\\/erasmus\\\/call-to-artists-chellis\\\/#breadcrumb\"},\"inLanguage\":\"es\",\"potentialAction\":[{\"@type\":\"ReadAction\",\"target\":[\"https:\\\/\\\/perpignan.alfmed.com\\\/es\\\/erasmus\\\/call-to-artists-chellis\\\/\"]}]},{\"@type\":\"ImageObject\",\"inLanguage\":\"es\",\"@id\":\"https:\\\/\\\/perpignan.alfmed.com\\\/es\\\/erasmus\\\/call-to-artists-chellis\\\/#primaryimage\",\"url\":\"https:\\\/\\\/perpignan.alfmed.com\\\/wp-content\\\/uploads\\\/2022\\\/02\\\/Sans-titre-15-1-e1691132568327.png\",\"contentUrl\":\"https:\\\/\\\/perpignan.alfmed.com\\\/wp-content\\\/uploads\\\/2022\\\/02\\\/Sans-titre-15-1-e1691132568327.png\",\"width\":479,\"height\":176},{\"@type\":\"BreadcrumbList\",\"@id\":\"https:\\\/\\\/perpignan.alfmed.com\\\/es\\\/erasmus\\\/call-to-artists-chellis\\\/#breadcrumb\",\"itemListElement\":[{\"@type\":\"ListItem\",\"position\":1,\"name\":\"Home\",\"item\":\"https:\\\/\\\/perpignan.alfmed.com\\\/es\\\/\"},{\"@type\":\"ListItem\",\"position\":2,\"name\":\"Call to artists Chellis\"}]},{\"@type\":\"WebSite\",\"@id\":\"https:\\\/\\\/perpignan.alfmed.com\\\/es\\\/#website\",\"url\":\"https:\\\/\\\/perpignan.alfmed.com\\\/es\\\/\",\"name\":\"Alfmed\",\"description\":\"EXPERTS EN LANGUES &amp; PROJETS EUROP\u00c9ENS\",\"potentialAction\":[{\"@type\":\"SearchAction\",\"target\":{\"@type\":\"EntryPoint\",\"urlTemplate\":\"https:\\\/\\\/perpignan.alfmed.com\\\/es\\\/?s={search_term_string}\"},\"query-input\":{\"@type\":\"PropertyValueSpecification\",\"valueRequired\":true,\"valueName\":\"search_term_string\"}}],\"inLanguage\":\"es\"},{\"@type\":\"Person\",\"@id\":\"https:\\\/\\\/perpignan.alfmed.com\\\/es\\\/#\\\/schema\\\/person\\\/6718591f6785449d8fc528d9ad3cf52d\",\"name\":\"Alfmed\",\"url\":\"https:\\\/\\\/perpignan.alfmed.com\\\/es\\\/author\\\/admalfmed\\\/\"}]}<\/script>\n<!-- \/ Yoast SEO plugin. -->","yoast_head_json":{"title":"Call to artists Chellis - Alfmed","robots":{"index":"index","follow":"follow","max-snippet":"max-snippet:-1","max-image-preview":"max-image-preview:large","max-video-preview":"max-video-preview:-1"},"canonical":"https:\/\/perpignan.alfmed.com\/es\/erasmus\/call-to-artists-chellis\/","og_locale":"es_ES","og_type":"article","og_title":"Call to artists Chellis - Alfmed","og_description":"CONCOURS OPEN CALL FOR VISUAL ARTISTS A GAGNER : mission de cr\u00e9ateur visuel pour un projet europ\u00e9en : 1600 \u20ac + certificat de gagnant Dans le cadre du\u00a0projet CHELLIS, ALFMED\u00a0vous propose une chance unique de participer \u00e0 la\u00a0cr\u00e9ation d\u2019une captivante\u00a0histoire visuelle\u00a0! Tu es un\u00a0artiste en art num\u00e9rique\u00a0? Les th\u00e8mes de l\u2019environnement et de l\u2019apprentissage des [&hellip;]","og_url":"https:\/\/perpignan.alfmed.com\/es\/erasmus\/call-to-artists-chellis\/","og_site_name":"Alfmed","article_published_time":"2022-02-24T11:02:26+00:00","article_modified_time":"2022-02-25T15:15:50+00:00","og_image":[{"width":700,"height":400,"url":"https:\/\/perpignan.alfmed.com\/wp-content\/uploads\/2022\/02\/Sans-titre-15-1.png","type":"image\/png"}],"author":"Alfmed","twitter_card":"summary_large_image","schema":{"@context":"https:\/\/schema.org","@graph":[{"@type":"Article","@id":"https:\/\/perpignan.alfmed.com\/es\/erasmus\/call-to-artists-chellis\/#article","isPartOf":{"@id":"https:\/\/perpignan.alfmed.com\/es\/erasmus\/call-to-artists-chellis\/"},"author":{"name":"Alfmed","@id":"https:\/\/perpignan.alfmed.com\/es\/#\/schema\/person\/6718591f6785449d8fc528d9ad3cf52d"},"headline":"Call to artists Chellis","datePublished":"2022-02-24T11:02:26+00:00","dateModified":"2022-02-25T15:15:50+00:00","mainEntityOfPage":{"@id":"https:\/\/perpignan.alfmed.com\/es\/erasmus\/call-to-artists-chellis\/"},"wordCount":359,"image":{"@id":"https:\/\/perpignan.alfmed.com\/es\/erasmus\/call-to-artists-chellis\/#primaryimage"},"thumbnailUrl":"https:\/\/perpignan.alfmed.com\/wp-content\/uploads\/2022\/02\/Sans-titre-15-1-e1691132568327.png","articleSection":["Erasmus"],"inLanguage":"es"},{"@type":"WebPage","@id":"https:\/\/perpignan.alfmed.com\/es\/erasmus\/call-to-artists-chellis\/","url":"https:\/\/perpignan.alfmed.com\/es\/erasmus\/call-to-artists-chellis\/","name":"Call to artists Chellis - Alfmed","isPartOf":{"@id":"https:\/\/perpignan.alfmed.com\/es\/#website"},"primaryImageOfPage":{"@id":"https:\/\/perpignan.alfmed.com\/es\/erasmus\/call-to-artists-chellis\/#primaryimage"},"image":{"@id":"https:\/\/perpignan.alfmed.com\/es\/erasmus\/call-to-artists-chellis\/#primaryimage"},"thumbnailUrl":"https:\/\/perpignan.alfmed.com\/wp-content\/uploads\/2022\/02\/Sans-titre-15-1-e1691132568327.png","datePublished":"2022-02-24T11:02:26+00:00","dateModified":"2022-02-25T15:15:50+00:00","author":{"@id":"https:\/\/perpignan.alfmed.com\/es\/#\/schema\/person\/6718591f6785449d8fc528d9ad3cf52d"},"breadcrumb":{"@id":"https:\/\/perpignan.alfmed.com\/es\/erasmus\/call-to-artists-chellis\/#breadcrumb"},"inLanguage":"es","potentialAction":[{"@type":"ReadAction","target":["https:\/\/perpignan.alfmed.com\/es\/erasmus\/call-to-artists-chellis\/"]}]},{"@type":"ImageObject","inLanguage":"es","@id":"https:\/\/perpignan.alfmed.com\/es\/erasmus\/call-to-artists-chellis\/#primaryimage","url":"https:\/\/perpignan.alfmed.com\/wp-content\/uploads\/2022\/02\/Sans-titre-15-1-e1691132568327.png","contentUrl":"https:\/\/perpignan.alfmed.com\/wp-content\/uploads\/2022\/02\/Sans-titre-15-1-e1691132568327.png","width":479,"height":176},{"@type":"BreadcrumbList","@id":"https:\/\/perpignan.alfmed.com\/es\/erasmus\/call-to-artists-chellis\/#breadcrumb","itemListElement":[{"@type":"ListItem","position":1,"name":"Home","item":"https:\/\/perpignan.alfmed.com\/es\/"},{"@type":"ListItem","position":2,"name":"Call to artists Chellis"}]},{"@type":"WebSite","@id":"https:\/\/perpignan.alfmed.com\/es\/#website","url":"https:\/\/perpignan.alfmed.com\/es\/","name":"Alfmed","description":"EXPERTS EN LANGUES &amp; PROJETS EUROP\u00c9ENS","potentialAction":[{"@type":"SearchAction","target":{"@type":"EntryPoint","urlTemplate":"https:\/\/perpignan.alfmed.com\/es\/?s={search_term_string}"},"query-input":{"@type":"PropertyValueSpecification","valueRequired":true,"valueName":"search_term_string"}}],"inLanguage":"es"},{"@type":"Person","@id":"https:\/\/perpignan.alfmed.com\/es\/#\/schema\/person\/6718591f6785449d8fc528d9ad3cf52d","name":"Alfmed","url":"https:\/\/perpignan.alfmed.com\/es\/author\/admalfmed\/"}]}},"_links":{"self":[{"href":"https:\/\/perpignan.alfmed.com\/es\/wp-json\/wp\/v2\/posts\/3348","targetHints":{"allow":["GET"]}}],"collection":[{"href":"https:\/\/perpignan.alfmed.com\/es\/wp-json\/wp\/v2\/posts"}],"about":[{"href":"https:\/\/perpignan.alfmed.com\/es\/wp-json\/wp\/v2\/types\/post"}],"author":[{"embeddable":true,"href":"https:\/\/perpignan.alfmed.com\/es\/wp-json\/wp\/v2\/users\/3"}],"replies":[{"embeddable":true,"href":"https:\/\/perpignan.alfmed.com\/es\/wp-json\/wp\/v2\/comments?post=3348"}],"version-history":[{"count":2,"href":"https:\/\/perpignan.alfmed.com\/es\/wp-json\/wp\/v2\/posts\/3348\/revisions"}],"predecessor-version":[{"id":3350,"href":"https:\/\/perpignan.alfmed.com\/es\/wp-json\/wp\/v2\/posts\/3348\/revisions\/3350"}],"wp:featuredmedia":[{"embeddable":true,"href":"https:\/\/perpignan.alfmed.com\/es\/wp-json\/wp\/v2\/media\/2434"}],"wp:attachment":[{"href":"https:\/\/perpignan.alfmed.com\/es\/wp-json\/wp\/v2\/media?parent=3348"}],"wp:term":[{"taxonomy":"category","embeddable":true,"href":"https:\/\/perpignan.alfmed.com\/es\/wp-json\/wp\/v2\/categories?post=3348"},{"taxonomy":"post_tag","embeddable":true,"href":"https:\/\/perpignan.alfmed.com\/es\/wp-json\/wp\/v2\/tags?post=3348"}],"curies":[{"name":"wp","href":"https:\/\/api.w.org\/{rel}","templated":true}]}}