{"id":21863,"date":"2025-09-02T14:57:14","date_gmt":"2025-09-02T13:57:14","guid":{"rendered":"https:\/\/perpignan.alfmed.com\/?p=21863"},"modified":"2025-11-28T11:01:55","modified_gmt":"2025-11-28T10:01:55","slug":"un-nouveau-cours-de-francais-a-demarre-aujourdhui-%f0%9f%8e%89","status":"publish","type":"post","link":"https:\/\/perpignan.alfmed.com\/es\/francais-pour-les-etrangers\/un-nouveau-cours-de-francais-a-demarre-aujourdhui-%f0%9f%8e%89\/","title":{"rendered":"Un nouveau cours de fran\u00e7ais a d\u00e9marr\u00e9 aujourd\u2019hui ! \ud83c\udf89"},"content":{"rendered":"<p data-start=\"110\" data-end=\"451\">Cet apr\u00e8s-midi, un nouveau <a href=\"https:\/\/perpignan.alfmed.com\/francais-pour-les-etrangers\/francais-a-la-carte\/cours-extensif-oral\/\">cours de <strong data-start=\"171\" data-end=\"200\">Fran\u00e7ais Langue \u00c9trang\u00e8re<\/strong><\/a> a d\u00e9but\u00e9 \u00e0 ALFMED avec des \u00e9tudiants venus d\u2019<strong data-start=\"246\" data-end=\"257\">Espagne<\/strong>, d\u2019<strong data-start=\"261\" data-end=\"271\">Italie<\/strong> et du <strong data-start=\"278\" data-end=\"293\">Royaume-Uni<\/strong>. Ce programme r\u00e9unit <strong data-start=\"317\" data-end=\"341\" data-is-only-node=\"\">5 apprenants motiv\u00e9s<\/strong> autour de notre professeur natif et dipl\u00f4m\u00e9, avec un accent particulier mis sur la <strong data-start=\"425\" data-end=\"448\">communication orale<\/strong>.<\/p>\n<p data-start=\"453\" data-end=\"730\">Les cours, organis\u00e9s en petit groupe, favorisent les \u00e9changes spontan\u00e9s et permettent \u00e0 chacun de progresser dans une atmosph\u00e8re conviviale et interactive. L\u2019objectif : <strong data-start=\"622\" data-end=\"669\">gagner en fluidit\u00e9 et en confiance \u00e0 l\u2019oral<\/strong>, tout en enrichissant son vocabulaire et sa prononciation.<\/p>\n<p data-start=\"97\" data-end=\"242\">Au fil des s\u00e9ances, diff\u00e9rentes activit\u00e9s ludiques et pratiques sont propos\u00e9es, afin de mettre en situation r\u00e9elle l\u2019apprentissage du fran\u00e7ais.<\/p>\n<p data-start=\"244\" data-end=\"468\"><a href=\"https:\/\/perpignan.alfmed.com\/\">ALFMED<\/a> est fier d\u2019accompagner ses \u00e9tudiants dans leur progression, que ce soit pour <strong data-start=\"328\" data-end=\"365\">s\u2019installer en France durablement<\/strong> ou simplement <strong data-start=\"380\" data-end=\"435\">profiter d\u2019une immersion linguistique enrichissante<\/strong> le temps de leur s\u00e9jour. \u2728<\/p>\n","protected":false},"excerpt":{"rendered":"<p>Cet apr\u00e8s-midi, un nouveau cours de Fran\u00e7ais Langue \u00c9trang\u00e8re a d\u00e9but\u00e9 \u00e0 ALFMED avec des \u00e9tudiants venus d\u2019Espagne, d\u2019Italie et du Royaume-Uni. Ce programme r\u00e9unit 5 apprenants motiv\u00e9s autour de notre professeur natif et dipl\u00f4m\u00e9, avec un accent particulier mis sur la communication orale. Les cours, organis\u00e9s en petit groupe, favorisent les \u00e9changes spontan\u00e9s et [&hellip;]<\/p>\n","protected":false},"author":3,"featured_media":21864,"comment_status":"closed","ping_status":"closed","sticky":false,"template":"","format":"standard","meta":{"_acf_changed":false,"_et_pb_use_builder":"","_et_pb_old_content":"","_et_gb_content_width":"","footnotes":""},"categories":[130,36],"tags":[],"class_list":["post-21863","post","type-post","status-publish","format-standard","has-post-thumbnail","hentry","category-actualites","category-francais-pour-les-etrangers"],"acf":[],"yoast_head":"<!-- This site is optimized with the Yoast SEO plugin v27.5 - https:\/\/yoast.com\/product\/yoast-seo-wordpress\/ -->\n<title>Un nouveau cours de fran\u00e7ais a d\u00e9marr\u00e9 aujourd\u2019hui ! \ud83c\udf89 - Alfmed<\/title>\n<meta name=\"robots\" content=\"index, follow, max-snippet:-1, max-image-preview:large, max-video-preview:-1\" \/>\n<link rel=\"canonical\" href=\"https:\/\/perpignan.alfmed.com\/es\/francais-pour-les-etrangers\/un-nouveau-cours-de-francais-a-demarre-aujourdhui-%f0%9f%8e%89\/\" \/>\n<meta property=\"og:locale\" content=\"es_ES\" \/>\n<meta property=\"og:type\" content=\"article\" \/>\n<meta property=\"og:title\" content=\"Un nouveau cours de fran\u00e7ais a d\u00e9marr\u00e9 aujourd\u2019hui ! \ud83c\udf89 - Alfmed\" \/>\n<meta property=\"og:description\" content=\"Cet apr\u00e8s-midi, un nouveau cours de Fran\u00e7ais Langue \u00c9trang\u00e8re a d\u00e9but\u00e9 \u00e0 ALFMED avec des \u00e9tudiants venus d\u2019Espagne, d\u2019Italie et du Royaume-Uni. Ce programme r\u00e9unit 5 apprenants motiv\u00e9s autour de notre professeur natif et dipl\u00f4m\u00e9, avec un accent particulier mis sur la communication orale. Les cours, organis\u00e9s en petit groupe, favorisent les \u00e9changes spontan\u00e9s et [&hellip;]\" \/>\n<meta property=\"og:url\" content=\"https:\/\/perpignan.alfmed.com\/es\/francais-pour-les-etrangers\/un-nouveau-cours-de-francais-a-demarre-aujourdhui-%f0%9f%8e%89\/\" \/>\n<meta property=\"og:site_name\" content=\"Alfmed\" \/>\n<meta property=\"article:published_time\" content=\"2025-09-02T13:57:14+00:00\" \/>\n<meta property=\"article:modified_time\" content=\"2025-11-28T10:01:55+00:00\" \/>\n<meta property=\"og:image\" content=\"https:\/\/perpignan.alfmed.com\/wp-content\/uploads\/2025\/09\/WhatsApp-Image-2025-09-02-at-15.50.22-scaled.jpeg\" \/>\n\t<meta property=\"og:image:width\" content=\"2880\" \/>\n\t<meta property=\"og:image:height\" content=\"2160\" \/>\n\t<meta property=\"og:image:type\" content=\"image\/jpeg\" \/>\n<meta name=\"author\" content=\"Alfmed\" \/>\n<meta name=\"twitter:card\" content=\"summary_large_image\" \/>\n<script type=\"application\/ld+json\" class=\"yoast-schema-graph\">{\"@context\":\"https:\\\/\\\/schema.org\",\"@graph\":[{\"@type\":\"Article\",\"@id\":\"https:\\\/\\\/perpignan.alfmed.com\\\/es\\\/francais-pour-les-etrangers\\\/un-nouveau-cours-de-francais-a-demarre-aujourdhui-%f0%9f%8e%89\\\/#article\",\"isPartOf\":{\"@id\":\"https:\\\/\\\/perpignan.alfmed.com\\\/es\\\/francais-pour-les-etrangers\\\/un-nouveau-cours-de-francais-a-demarre-aujourdhui-%f0%9f%8e%89\\\/\"},\"author\":{\"name\":\"Alfmed\",\"@id\":\"https:\\\/\\\/perpignan.alfmed.com\\\/es\\\/#\\\/schema\\\/person\\\/6718591f6785449d8fc528d9ad3cf52d\"},\"headline\":\"Un nouveau cours de fran\u00e7ais a d\u00e9marr\u00e9 aujourd\u2019hui ! \ud83c\udf89\",\"datePublished\":\"2025-09-02T13:57:14+00:00\",\"dateModified\":\"2025-11-28T10:01:55+00:00\",\"mainEntityOfPage\":{\"@id\":\"https:\\\/\\\/perpignan.alfmed.com\\\/es\\\/francais-pour-les-etrangers\\\/un-nouveau-cours-de-francais-a-demarre-aujourdhui-%f0%9f%8e%89\\\/\"},\"wordCount\":164,\"image\":{\"@id\":\"https:\\\/\\\/perpignan.alfmed.com\\\/es\\\/francais-pour-les-etrangers\\\/un-nouveau-cours-de-francais-a-demarre-aujourdhui-%f0%9f%8e%89\\\/#primaryimage\"},\"thumbnailUrl\":\"https:\\\/\\\/perpignan.alfmed.com\\\/wp-content\\\/uploads\\\/2025\\\/09\\\/WhatsApp-Image-2025-09-02-at-15.50.22-scaled.jpeg\",\"articleSection\":[\"Actualit\u00e9s\",\"Fran\u00e7ais pour les \u00e9trangers\"],\"inLanguage\":\"es\"},{\"@type\":\"WebPage\",\"@id\":\"https:\\\/\\\/perpignan.alfmed.com\\\/es\\\/francais-pour-les-etrangers\\\/un-nouveau-cours-de-francais-a-demarre-aujourdhui-%f0%9f%8e%89\\\/\",\"url\":\"https:\\\/\\\/perpignan.alfmed.com\\\/es\\\/francais-pour-les-etrangers\\\/un-nouveau-cours-de-francais-a-demarre-aujourdhui-%f0%9f%8e%89\\\/\",\"name\":\"Un nouveau cours de fran\u00e7ais a d\u00e9marr\u00e9 aujourd\u2019hui ! \ud83c\udf89 - Alfmed\",\"isPartOf\":{\"@id\":\"https:\\\/\\\/perpignan.alfmed.com\\\/es\\\/#website\"},\"primaryImageOfPage\":{\"@id\":\"https:\\\/\\\/perpignan.alfmed.com\\\/es\\\/francais-pour-les-etrangers\\\/un-nouveau-cours-de-francais-a-demarre-aujourdhui-%f0%9f%8e%89\\\/#primaryimage\"},\"image\":{\"@id\":\"https:\\\/\\\/perpignan.alfmed.com\\\/es\\\/francais-pour-les-etrangers\\\/un-nouveau-cours-de-francais-a-demarre-aujourdhui-%f0%9f%8e%89\\\/#primaryimage\"},\"thumbnailUrl\":\"https:\\\/\\\/perpignan.alfmed.com\\\/wp-content\\\/uploads\\\/2025\\\/09\\\/WhatsApp-Image-2025-09-02-at-15.50.22-scaled.jpeg\",\"datePublished\":\"2025-09-02T13:57:14+00:00\",\"dateModified\":\"2025-11-28T10:01:55+00:00\",\"author\":{\"@id\":\"https:\\\/\\\/perpignan.alfmed.com\\\/es\\\/#\\\/schema\\\/person\\\/6718591f6785449d8fc528d9ad3cf52d\"},\"breadcrumb\":{\"@id\":\"https:\\\/\\\/perpignan.alfmed.com\\\/es\\\/francais-pour-les-etrangers\\\/un-nouveau-cours-de-francais-a-demarre-aujourdhui-%f0%9f%8e%89\\\/#breadcrumb\"},\"inLanguage\":\"es\",\"potentialAction\":[{\"@type\":\"ReadAction\",\"target\":[\"https:\\\/\\\/perpignan.alfmed.com\\\/es\\\/francais-pour-les-etrangers\\\/un-nouveau-cours-de-francais-a-demarre-aujourdhui-%f0%9f%8e%89\\\/\"]}]},{\"@type\":\"ImageObject\",\"inLanguage\":\"es\",\"@id\":\"https:\\\/\\\/perpignan.alfmed.com\\\/es\\\/francais-pour-les-etrangers\\\/un-nouveau-cours-de-francais-a-demarre-aujourdhui-%f0%9f%8e%89\\\/#primaryimage\",\"url\":\"https:\\\/\\\/perpignan.alfmed.com\\\/wp-content\\\/uploads\\\/2025\\\/09\\\/WhatsApp-Image-2025-09-02-at-15.50.22-scaled.jpeg\",\"contentUrl\":\"https:\\\/\\\/perpignan.alfmed.com\\\/wp-content\\\/uploads\\\/2025\\\/09\\\/WhatsApp-Image-2025-09-02-at-15.50.22-scaled.jpeg\",\"width\":2880,\"height\":2160},{\"@type\":\"BreadcrumbList\",\"@id\":\"https:\\\/\\\/perpignan.alfmed.com\\\/es\\\/francais-pour-les-etrangers\\\/un-nouveau-cours-de-francais-a-demarre-aujourdhui-%f0%9f%8e%89\\\/#breadcrumb\",\"itemListElement\":[{\"@type\":\"ListItem\",\"position\":1,\"name\":\"Home\",\"item\":\"https:\\\/\\\/perpignan.alfmed.com\\\/es\\\/\"},{\"@type\":\"ListItem\",\"position\":2,\"name\":\"Un nouveau cours de fran\u00e7ais a d\u00e9marr\u00e9 aujourd\u2019hui ! \ud83c\udf89\"}]},{\"@type\":\"WebSite\",\"@id\":\"https:\\\/\\\/perpignan.alfmed.com\\\/es\\\/#website\",\"url\":\"https:\\\/\\\/perpignan.alfmed.com\\\/es\\\/\",\"name\":\"Alfmed\",\"description\":\"EXPERTS EN LANGUES &amp; PROJETS EUROP\u00c9ENS\",\"potentialAction\":[{\"@type\":\"SearchAction\",\"target\":{\"@type\":\"EntryPoint\",\"urlTemplate\":\"https:\\\/\\\/perpignan.alfmed.com\\\/es\\\/?s={search_term_string}\"},\"query-input\":{\"@type\":\"PropertyValueSpecification\",\"valueRequired\":true,\"valueName\":\"search_term_string\"}}],\"inLanguage\":\"es\"},{\"@type\":\"Person\",\"@id\":\"https:\\\/\\\/perpignan.alfmed.com\\\/es\\\/#\\\/schema\\\/person\\\/6718591f6785449d8fc528d9ad3cf52d\",\"name\":\"Alfmed\",\"url\":\"https:\\\/\\\/perpignan.alfmed.com\\\/es\\\/author\\\/admalfmed\\\/\"}]}<\/script>\n<!-- \/ Yoast SEO plugin. -->","yoast_head_json":{"title":"Un nouveau cours de fran\u00e7ais a d\u00e9marr\u00e9 aujourd\u2019hui ! \ud83c\udf89 - Alfmed","robots":{"index":"index","follow":"follow","max-snippet":"max-snippet:-1","max-image-preview":"max-image-preview:large","max-video-preview":"max-video-preview:-1"},"canonical":"https:\/\/perpignan.alfmed.com\/es\/francais-pour-les-etrangers\/un-nouveau-cours-de-francais-a-demarre-aujourdhui-%f0%9f%8e%89\/","og_locale":"es_ES","og_type":"article","og_title":"Un nouveau cours de fran\u00e7ais a d\u00e9marr\u00e9 aujourd\u2019hui ! \ud83c\udf89 - Alfmed","og_description":"Cet apr\u00e8s-midi, un nouveau cours de Fran\u00e7ais Langue \u00c9trang\u00e8re a d\u00e9but\u00e9 \u00e0 ALFMED avec des \u00e9tudiants venus d\u2019Espagne, d\u2019Italie et du Royaume-Uni. Ce programme r\u00e9unit 5 apprenants motiv\u00e9s autour de notre professeur natif et dipl\u00f4m\u00e9, avec un accent particulier mis sur la communication orale. Les cours, organis\u00e9s en petit groupe, favorisent les \u00e9changes spontan\u00e9s et [&hellip;]","og_url":"https:\/\/perpignan.alfmed.com\/es\/francais-pour-les-etrangers\/un-nouveau-cours-de-francais-a-demarre-aujourdhui-%f0%9f%8e%89\/","og_site_name":"Alfmed","article_published_time":"2025-09-02T13:57:14+00:00","article_modified_time":"2025-11-28T10:01:55+00:00","og_image":[{"width":2880,"height":2160,"url":"https:\/\/perpignan.alfmed.com\/wp-content\/uploads\/2025\/09\/WhatsApp-Image-2025-09-02-at-15.50.22-scaled.jpeg","type":"image\/jpeg"}],"author":"Alfmed","twitter_card":"summary_large_image","schema":{"@context":"https:\/\/schema.org","@graph":[{"@type":"Article","@id":"https:\/\/perpignan.alfmed.com\/es\/francais-pour-les-etrangers\/un-nouveau-cours-de-francais-a-demarre-aujourdhui-%f0%9f%8e%89\/#article","isPartOf":{"@id":"https:\/\/perpignan.alfmed.com\/es\/francais-pour-les-etrangers\/un-nouveau-cours-de-francais-a-demarre-aujourdhui-%f0%9f%8e%89\/"},"author":{"name":"Alfmed","@id":"https:\/\/perpignan.alfmed.com\/es\/#\/schema\/person\/6718591f6785449d8fc528d9ad3cf52d"},"headline":"Un nouveau cours de fran\u00e7ais a d\u00e9marr\u00e9 aujourd\u2019hui ! \ud83c\udf89","datePublished":"2025-09-02T13:57:14+00:00","dateModified":"2025-11-28T10:01:55+00:00","mainEntityOfPage":{"@id":"https:\/\/perpignan.alfmed.com\/es\/francais-pour-les-etrangers\/un-nouveau-cours-de-francais-a-demarre-aujourdhui-%f0%9f%8e%89\/"},"wordCount":164,"image":{"@id":"https:\/\/perpignan.alfmed.com\/es\/francais-pour-les-etrangers\/un-nouveau-cours-de-francais-a-demarre-aujourdhui-%f0%9f%8e%89\/#primaryimage"},"thumbnailUrl":"https:\/\/perpignan.alfmed.com\/wp-content\/uploads\/2025\/09\/WhatsApp-Image-2025-09-02-at-15.50.22-scaled.jpeg","articleSection":["Actualit\u00e9s","Fran\u00e7ais pour les \u00e9trangers"],"inLanguage":"es"},{"@type":"WebPage","@id":"https:\/\/perpignan.alfmed.com\/es\/francais-pour-les-etrangers\/un-nouveau-cours-de-francais-a-demarre-aujourdhui-%f0%9f%8e%89\/","url":"https:\/\/perpignan.alfmed.com\/es\/francais-pour-les-etrangers\/un-nouveau-cours-de-francais-a-demarre-aujourdhui-%f0%9f%8e%89\/","name":"Un nouveau cours de fran\u00e7ais a d\u00e9marr\u00e9 aujourd\u2019hui ! \ud83c\udf89 - Alfmed","isPartOf":{"@id":"https:\/\/perpignan.alfmed.com\/es\/#website"},"primaryImageOfPage":{"@id":"https:\/\/perpignan.alfmed.com\/es\/francais-pour-les-etrangers\/un-nouveau-cours-de-francais-a-demarre-aujourdhui-%f0%9f%8e%89\/#primaryimage"},"image":{"@id":"https:\/\/perpignan.alfmed.com\/es\/francais-pour-les-etrangers\/un-nouveau-cours-de-francais-a-demarre-aujourdhui-%f0%9f%8e%89\/#primaryimage"},"thumbnailUrl":"https:\/\/perpignan.alfmed.com\/wp-content\/uploads\/2025\/09\/WhatsApp-Image-2025-09-02-at-15.50.22-scaled.jpeg","datePublished":"2025-09-02T13:57:14+00:00","dateModified":"2025-11-28T10:01:55+00:00","author":{"@id":"https:\/\/perpignan.alfmed.com\/es\/#\/schema\/person\/6718591f6785449d8fc528d9ad3cf52d"},"breadcrumb":{"@id":"https:\/\/perpignan.alfmed.com\/es\/francais-pour-les-etrangers\/un-nouveau-cours-de-francais-a-demarre-aujourdhui-%f0%9f%8e%89\/#breadcrumb"},"inLanguage":"es","potentialAction":[{"@type":"ReadAction","target":["https:\/\/perpignan.alfmed.com\/es\/francais-pour-les-etrangers\/un-nouveau-cours-de-francais-a-demarre-aujourdhui-%f0%9f%8e%89\/"]}]},{"@type":"ImageObject","inLanguage":"es","@id":"https:\/\/perpignan.alfmed.com\/es\/francais-pour-les-etrangers\/un-nouveau-cours-de-francais-a-demarre-aujourdhui-%f0%9f%8e%89\/#primaryimage","url":"https:\/\/perpignan.alfmed.com\/wp-content\/uploads\/2025\/09\/WhatsApp-Image-2025-09-02-at-15.50.22-scaled.jpeg","contentUrl":"https:\/\/perpignan.alfmed.com\/wp-content\/uploads\/2025\/09\/WhatsApp-Image-2025-09-02-at-15.50.22-scaled.jpeg","width":2880,"height":2160},{"@type":"BreadcrumbList","@id":"https:\/\/perpignan.alfmed.com\/es\/francais-pour-les-etrangers\/un-nouveau-cours-de-francais-a-demarre-aujourdhui-%f0%9f%8e%89\/#breadcrumb","itemListElement":[{"@type":"ListItem","position":1,"name":"Home","item":"https:\/\/perpignan.alfmed.com\/es\/"},{"@type":"ListItem","position":2,"name":"Un nouveau cours de fran\u00e7ais a d\u00e9marr\u00e9 aujourd\u2019hui ! \ud83c\udf89"}]},{"@type":"WebSite","@id":"https:\/\/perpignan.alfmed.com\/es\/#website","url":"https:\/\/perpignan.alfmed.com\/es\/","name":"Alfmed","description":"EXPERTS EN LANGUES &amp; PROJETS EUROP\u00c9ENS","potentialAction":[{"@type":"SearchAction","target":{"@type":"EntryPoint","urlTemplate":"https:\/\/perpignan.alfmed.com\/es\/?s={search_term_string}"},"query-input":{"@type":"PropertyValueSpecification","valueRequired":true,"valueName":"search_term_string"}}],"inLanguage":"es"},{"@type":"Person","@id":"https:\/\/perpignan.alfmed.com\/es\/#\/schema\/person\/6718591f6785449d8fc528d9ad3cf52d","name":"Alfmed","url":"https:\/\/perpignan.alfmed.com\/es\/author\/admalfmed\/"}]}},"_links":{"self":[{"href":"https:\/\/perpignan.alfmed.com\/es\/wp-json\/wp\/v2\/posts\/21863","targetHints":{"allow":["GET"]}}],"collection":[{"href":"https:\/\/perpignan.alfmed.com\/es\/wp-json\/wp\/v2\/posts"}],"about":[{"href":"https:\/\/perpignan.alfmed.com\/es\/wp-json\/wp\/v2\/types\/post"}],"author":[{"embeddable":true,"href":"https:\/\/perpignan.alfmed.com\/es\/wp-json\/wp\/v2\/users\/3"}],"replies":[{"embeddable":true,"href":"https:\/\/perpignan.alfmed.com\/es\/wp-json\/wp\/v2\/comments?post=21863"}],"version-history":[{"count":1,"href":"https:\/\/perpignan.alfmed.com\/es\/wp-json\/wp\/v2\/posts\/21863\/revisions"}],"predecessor-version":[{"id":21868,"href":"https:\/\/perpignan.alfmed.com\/es\/wp-json\/wp\/v2\/posts\/21863\/revisions\/21868"}],"wp:featuredmedia":[{"embeddable":true,"href":"https:\/\/perpignan.alfmed.com\/es\/wp-json\/wp\/v2\/media\/21864"}],"wp:attachment":[{"href":"https:\/\/perpignan.alfmed.com\/es\/wp-json\/wp\/v2\/media?parent=21863"}],"wp:term":[{"taxonomy":"category","embeddable":true,"href":"https:\/\/perpignan.alfmed.com\/es\/wp-json\/wp\/v2\/categories?post=21863"},{"taxonomy":"post_tag","embeddable":true,"href":"https:\/\/perpignan.alfmed.com\/es\/wp-json\/wp\/v2\/tags?post=21863"}],"curies":[{"name":"wp","href":"https:\/\/api.w.org\/{rel}","templated":true}]}}