{"id":21543,"date":"2025-08-20T16:20:55","date_gmt":"2025-08-20T15:20:55","guid":{"rendered":"https:\/\/perpignan.alfmed.com\/?p=21543"},"modified":"2025-11-26T17:04:45","modified_gmt":"2025-11-26T16:04:45","slug":"semestre-de-francais-de-septembre-2025","status":"publish","type":"post","link":"https:\/\/perpignan.alfmed.com\/es\/actualites\/semestre-de-francais-de-septembre-2025\/","title":{"rendered":"Semestre de Fran\u00e7ais de Janvier 2026"},"content":{"rendered":"<p>Apprenez le fran\u00e7ais \u00e0 Perpignan ! \ud83c\udf1e<\/p>\n<p>\ud83d\udcda Vous avez toujours r\u00eav\u00e9 de ma\u00eetriser la langue de Moli\u00e8re ? Ne cherchez plus, nous avons la solution parfaite pour vous ! Rejoignez notre semestre de cours de fran\u00e7ais \u00e0 Perpignan et laissez-nous vous guider dans votre voyage vers la ma\u00eetrise de la belle langue fran\u00e7aise.<\/p>\n<p>\ud83c\udf93 Que vous soyez d\u00e9butant ou que vous souhaitiez perfectionner vos comp\u00e9tences linguistiques, notre programme de cours est sp\u00e9cialement con\u00e7u pour r\u00e9pondre \u00e0 vos besoins. Nos professeurs hautement qualifi\u00e9s et exp\u00e9riment\u00e9s vous aideront \u00e0 progresser rapidement et efficacement.<\/p>\n<p>\ud83d\udccd Perpignan, la perle du sud de la France, est le cadre id\u00e9al pour apprendre le fran\u00e7ais. Vous pourrez pratiquer la langue au quotidien, vous immerger dans la culture fran\u00e7aise et d\u00e9couvrir les merveilles de notre magnifique r\u00e9gion.<\/p>\n<p>\u2728 Voici ce que vous pouvez attendre de notre semestre de cours de fran\u00e7ais \u00e0 Perpignan :<\/p>\n<ul>\n<li>Cours interactifs et dynamiques adapt\u00e9s \u00e0 tous les niveaux (groupes de niveaux)<\/li>\n<li>Mat\u00e9riel p\u00e9dagogique de haute qualit\u00e9<\/li>\n<li>Activit\u00e9s culturelles et excursions passionnantes pour enrichir votre exp\u00e9rience d&#8217;apprentissage<\/li>\n<li>\u00c9change linguistique avec des locuteurs natifs pour pratiquer vos comp\u00e9tences en fran\u00e7ais<\/li>\n<li>Environnement d&#8217;apprentissage convivial et stimulant<\/li>\n<\/ul>\n<p>\ud83d\udca5 Ne manquez pas cette opportunit\u00e9 incroyable de plonger dans la langue et la culture fran\u00e7aises. Inscrivez-vous d\u00e8s maintenant pour garantir votre place !<\/p>\n<p>\ud83d\udcc6 Dates : du 5 janvier au 30 mai 2026<\/p>\n<ul>\n<li><strong>Module Intensif de\u00a0<\/strong>60 heures du 5 janvier au 30 janvier 2026, du lundi au vendredi de 9h \u00e0 12h<\/li>\n<li><strong>Module Extensif de\u00a0<\/strong>36 heures du 3 f\u00e9vrier au 21 mai 2026, le mardi et jeudi de 13h \u00e0 15h<\/li>\n<li>Pr\u00e9paration \u00e0 l\u2019examen 26 et 28 mai 2026 de 13 \u00e0 15h<\/li>\n<li><strong>Examen le 29 mai 2026<\/strong><\/li>\n<\/ul>\n<p>&nbsp;<\/p>\n<p><a href=\"https:\/\/perpignan.alfmed.com\/francais-pour-les-etrangers\/semestre-de-francais\/semestres-de-francais\/\">PLUS D&#8217;INFORMATIONS SUR LE SEMESTRE<\/a><\/p>\n","protected":false},"excerpt":{"rendered":"<p>Apprenez le fran\u00e7ais \u00e0 Perpignan ! \ud83c\udf1e \ud83d\udcda Vous avez toujours r\u00eav\u00e9 de ma\u00eetriser la langue de Moli\u00e8re ? Ne cherchez plus, nous avons la solution parfaite pour vous ! Rejoignez notre semestre de cours de fran\u00e7ais \u00e0 Perpignan et laissez-nous vous guider dans votre voyage vers la ma\u00eetrise de la belle langue fran\u00e7aise. \ud83c\udf93 [&hellip;]<\/p>\n","protected":false},"author":3,"featured_media":21882,"comment_status":"closed","ping_status":"closed","sticky":false,"template":"","format":"standard","meta":{"_acf_changed":false,"_et_pb_use_builder":"","_et_pb_old_content":"","_et_gb_content_width":"","footnotes":""},"categories":[130,36],"tags":[],"class_list":["post-21543","post","type-post","status-publish","format-standard","has-post-thumbnail","hentry","category-actualites","category-francais-pour-les-etrangers"],"acf":[],"yoast_head":"<!-- This site is optimized with the Yoast SEO plugin v27.5 - https:\/\/yoast.com\/product\/yoast-seo-wordpress\/ -->\n<title>Semestre de Fran\u00e7ais de Janvier 2026 - ALFMED<\/title>\n<meta name=\"description\" content=\"D\u00e9but de notre semestre de Fran\u00e7ais en juin 2023 : cours intensif et extensif pendant 3 mois ! Contactez nous pour plus de renseignements\" \/>\n<meta name=\"robots\" content=\"index, follow, max-snippet:-1, max-image-preview:large, max-video-preview:-1\" \/>\n<link rel=\"canonical\" href=\"https:\/\/perpignan.alfmed.com\/es\/actualites\/semestre-de-francais-de-septembre-2025\/\" \/>\n<meta property=\"og:locale\" content=\"es_ES\" \/>\n<meta property=\"og:type\" content=\"article\" \/>\n<meta property=\"og:title\" content=\"Semestre de Fran\u00e7ais de Janvier 2026 - ALFMED\" \/>\n<meta property=\"og:description\" content=\"D\u00e9but de notre semestre de Fran\u00e7ais en juin 2023 : cours intensif et extensif pendant 3 mois ! Contactez nous pour plus de renseignements\" \/>\n<meta property=\"og:url\" content=\"https:\/\/perpignan.alfmed.com\/es\/actualites\/semestre-de-francais-de-septembre-2025\/\" \/>\n<meta property=\"og:site_name\" content=\"Alfmed\" \/>\n<meta property=\"article:published_time\" content=\"2025-08-20T15:20:55+00:00\" \/>\n<meta property=\"article:modified_time\" content=\"2025-11-26T16:04:45+00:00\" \/>\n<meta property=\"og:image\" content=\"https:\/\/perpignan.alfmed.com\/wp-content\/uploads\/2025\/08\/FLE-4.jpg\" \/>\n\t<meta property=\"og:image:width\" content=\"1080\" \/>\n\t<meta property=\"og:image:height\" content=\"1080\" \/>\n\t<meta property=\"og:image:type\" content=\"image\/jpeg\" \/>\n<meta name=\"author\" content=\"Alfmed\" \/>\n<meta name=\"twitter:card\" content=\"summary_large_image\" \/>\n<script type=\"application\/ld+json\" class=\"yoast-schema-graph\">{\"@context\":\"https:\\\/\\\/schema.org\",\"@graph\":[{\"@type\":\"Article\",\"@id\":\"https:\\\/\\\/perpignan.alfmed.com\\\/es\\\/actualites\\\/semestre-de-francais-de-septembre-2025\\\/#article\",\"isPartOf\":{\"@id\":\"https:\\\/\\\/perpignan.alfmed.com\\\/es\\\/actualites\\\/semestre-de-francais-de-septembre-2025\\\/\"},\"author\":{\"name\":\"Alfmed\",\"@id\":\"https:\\\/\\\/perpignan.alfmed.com\\\/es\\\/#\\\/schema\\\/person\\\/6718591f6785449d8fc528d9ad3cf52d\"},\"headline\":\"Semestre de Fran\u00e7ais de Janvier 2026\",\"datePublished\":\"2025-08-20T15:20:55+00:00\",\"dateModified\":\"2025-11-26T16:04:45+00:00\",\"mainEntityOfPage\":{\"@id\":\"https:\\\/\\\/perpignan.alfmed.com\\\/es\\\/actualites\\\/semestre-de-francais-de-septembre-2025\\\/\"},\"wordCount\":290,\"image\":{\"@id\":\"https:\\\/\\\/perpignan.alfmed.com\\\/es\\\/actualites\\\/semestre-de-francais-de-septembre-2025\\\/#primaryimage\"},\"thumbnailUrl\":\"https:\\\/\\\/perpignan.alfmed.com\\\/wp-content\\\/uploads\\\/2025\\\/08\\\/FLE-4.jpg\",\"articleSection\":[\"Actualit\u00e9s\",\"Fran\u00e7ais pour les \u00e9trangers\"],\"inLanguage\":\"es\"},{\"@type\":\"WebPage\",\"@id\":\"https:\\\/\\\/perpignan.alfmed.com\\\/es\\\/actualites\\\/semestre-de-francais-de-septembre-2025\\\/\",\"url\":\"https:\\\/\\\/perpignan.alfmed.com\\\/es\\\/actualites\\\/semestre-de-francais-de-septembre-2025\\\/\",\"name\":\"Semestre de Fran\u00e7ais de Janvier 2026 - ALFMED\",\"isPartOf\":{\"@id\":\"https:\\\/\\\/perpignan.alfmed.com\\\/es\\\/#website\"},\"primaryImageOfPage\":{\"@id\":\"https:\\\/\\\/perpignan.alfmed.com\\\/es\\\/actualites\\\/semestre-de-francais-de-septembre-2025\\\/#primaryimage\"},\"image\":{\"@id\":\"https:\\\/\\\/perpignan.alfmed.com\\\/es\\\/actualites\\\/semestre-de-francais-de-septembre-2025\\\/#primaryimage\"},\"thumbnailUrl\":\"https:\\\/\\\/perpignan.alfmed.com\\\/wp-content\\\/uploads\\\/2025\\\/08\\\/FLE-4.jpg\",\"datePublished\":\"2025-08-20T15:20:55+00:00\",\"dateModified\":\"2025-11-26T16:04:45+00:00\",\"author\":{\"@id\":\"https:\\\/\\\/perpignan.alfmed.com\\\/es\\\/#\\\/schema\\\/person\\\/6718591f6785449d8fc528d9ad3cf52d\"},\"description\":\"D\u00e9but de notre semestre de Fran\u00e7ais en juin 2023 : cours intensif et extensif pendant 3 mois ! Contactez nous pour plus de renseignements\",\"breadcrumb\":{\"@id\":\"https:\\\/\\\/perpignan.alfmed.com\\\/es\\\/actualites\\\/semestre-de-francais-de-septembre-2025\\\/#breadcrumb\"},\"inLanguage\":\"es\",\"potentialAction\":[{\"@type\":\"ReadAction\",\"target\":[\"https:\\\/\\\/perpignan.alfmed.com\\\/es\\\/actualites\\\/semestre-de-francais-de-septembre-2025\\\/\"]}]},{\"@type\":\"ImageObject\",\"inLanguage\":\"es\",\"@id\":\"https:\\\/\\\/perpignan.alfmed.com\\\/es\\\/actualites\\\/semestre-de-francais-de-septembre-2025\\\/#primaryimage\",\"url\":\"https:\\\/\\\/perpignan.alfmed.com\\\/wp-content\\\/uploads\\\/2025\\\/08\\\/FLE-4.jpg\",\"contentUrl\":\"https:\\\/\\\/perpignan.alfmed.com\\\/wp-content\\\/uploads\\\/2025\\\/08\\\/FLE-4.jpg\",\"width\":1080,\"height\":1080},{\"@type\":\"BreadcrumbList\",\"@id\":\"https:\\\/\\\/perpignan.alfmed.com\\\/es\\\/actualites\\\/semestre-de-francais-de-septembre-2025\\\/#breadcrumb\",\"itemListElement\":[{\"@type\":\"ListItem\",\"position\":1,\"name\":\"Home\",\"item\":\"https:\\\/\\\/perpignan.alfmed.com\\\/es\\\/\"},{\"@type\":\"ListItem\",\"position\":2,\"name\":\"Semestre de Fran\u00e7ais de Janvier 2026\"}]},{\"@type\":\"WebSite\",\"@id\":\"https:\\\/\\\/perpignan.alfmed.com\\\/es\\\/#website\",\"url\":\"https:\\\/\\\/perpignan.alfmed.com\\\/es\\\/\",\"name\":\"Alfmed\",\"description\":\"EXPERTS EN LANGUES &amp; PROJETS EUROP\u00c9ENS\",\"potentialAction\":[{\"@type\":\"SearchAction\",\"target\":{\"@type\":\"EntryPoint\",\"urlTemplate\":\"https:\\\/\\\/perpignan.alfmed.com\\\/es\\\/?s={search_term_string}\"},\"query-input\":{\"@type\":\"PropertyValueSpecification\",\"valueRequired\":true,\"valueName\":\"search_term_string\"}}],\"inLanguage\":\"es\"},{\"@type\":\"Person\",\"@id\":\"https:\\\/\\\/perpignan.alfmed.com\\\/es\\\/#\\\/schema\\\/person\\\/6718591f6785449d8fc528d9ad3cf52d\",\"name\":\"Alfmed\",\"url\":\"https:\\\/\\\/perpignan.alfmed.com\\\/es\\\/author\\\/admalfmed\\\/\"}]}<\/script>\n<!-- \/ Yoast SEO plugin. -->","yoast_head_json":{"title":"Semestre de Fran\u00e7ais de Janvier 2026 - ALFMED","description":"D\u00e9but de notre semestre de Fran\u00e7ais en juin 2023 : cours intensif et extensif pendant 3 mois ! Contactez nous pour plus de renseignements","robots":{"index":"index","follow":"follow","max-snippet":"max-snippet:-1","max-image-preview":"max-image-preview:large","max-video-preview":"max-video-preview:-1"},"canonical":"https:\/\/perpignan.alfmed.com\/es\/actualites\/semestre-de-francais-de-septembre-2025\/","og_locale":"es_ES","og_type":"article","og_title":"Semestre de Fran\u00e7ais de Janvier 2026 - ALFMED","og_description":"D\u00e9but de notre semestre de Fran\u00e7ais en juin 2023 : cours intensif et extensif pendant 3 mois ! Contactez nous pour plus de renseignements","og_url":"https:\/\/perpignan.alfmed.com\/es\/actualites\/semestre-de-francais-de-septembre-2025\/","og_site_name":"Alfmed","article_published_time":"2025-08-20T15:20:55+00:00","article_modified_time":"2025-11-26T16:04:45+00:00","og_image":[{"width":1080,"height":1080,"url":"https:\/\/perpignan.alfmed.com\/wp-content\/uploads\/2025\/08\/FLE-4.jpg","type":"image\/jpeg"}],"author":"Alfmed","twitter_card":"summary_large_image","schema":{"@context":"https:\/\/schema.org","@graph":[{"@type":"Article","@id":"https:\/\/perpignan.alfmed.com\/es\/actualites\/semestre-de-francais-de-septembre-2025\/#article","isPartOf":{"@id":"https:\/\/perpignan.alfmed.com\/es\/actualites\/semestre-de-francais-de-septembre-2025\/"},"author":{"name":"Alfmed","@id":"https:\/\/perpignan.alfmed.com\/es\/#\/schema\/person\/6718591f6785449d8fc528d9ad3cf52d"},"headline":"Semestre de Fran\u00e7ais de Janvier 2026","datePublished":"2025-08-20T15:20:55+00:00","dateModified":"2025-11-26T16:04:45+00:00","mainEntityOfPage":{"@id":"https:\/\/perpignan.alfmed.com\/es\/actualites\/semestre-de-francais-de-septembre-2025\/"},"wordCount":290,"image":{"@id":"https:\/\/perpignan.alfmed.com\/es\/actualites\/semestre-de-francais-de-septembre-2025\/#primaryimage"},"thumbnailUrl":"https:\/\/perpignan.alfmed.com\/wp-content\/uploads\/2025\/08\/FLE-4.jpg","articleSection":["Actualit\u00e9s","Fran\u00e7ais pour les \u00e9trangers"],"inLanguage":"es"},{"@type":"WebPage","@id":"https:\/\/perpignan.alfmed.com\/es\/actualites\/semestre-de-francais-de-septembre-2025\/","url":"https:\/\/perpignan.alfmed.com\/es\/actualites\/semestre-de-francais-de-septembre-2025\/","name":"Semestre de Fran\u00e7ais de Janvier 2026 - ALFMED","isPartOf":{"@id":"https:\/\/perpignan.alfmed.com\/es\/#website"},"primaryImageOfPage":{"@id":"https:\/\/perpignan.alfmed.com\/es\/actualites\/semestre-de-francais-de-septembre-2025\/#primaryimage"},"image":{"@id":"https:\/\/perpignan.alfmed.com\/es\/actualites\/semestre-de-francais-de-septembre-2025\/#primaryimage"},"thumbnailUrl":"https:\/\/perpignan.alfmed.com\/wp-content\/uploads\/2025\/08\/FLE-4.jpg","datePublished":"2025-08-20T15:20:55+00:00","dateModified":"2025-11-26T16:04:45+00:00","author":{"@id":"https:\/\/perpignan.alfmed.com\/es\/#\/schema\/person\/6718591f6785449d8fc528d9ad3cf52d"},"description":"D\u00e9but de notre semestre de Fran\u00e7ais en juin 2023 : cours intensif et extensif pendant 3 mois ! Contactez nous pour plus de renseignements","breadcrumb":{"@id":"https:\/\/perpignan.alfmed.com\/es\/actualites\/semestre-de-francais-de-septembre-2025\/#breadcrumb"},"inLanguage":"es","potentialAction":[{"@type":"ReadAction","target":["https:\/\/perpignan.alfmed.com\/es\/actualites\/semestre-de-francais-de-septembre-2025\/"]}]},{"@type":"ImageObject","inLanguage":"es","@id":"https:\/\/perpignan.alfmed.com\/es\/actualites\/semestre-de-francais-de-septembre-2025\/#primaryimage","url":"https:\/\/perpignan.alfmed.com\/wp-content\/uploads\/2025\/08\/FLE-4.jpg","contentUrl":"https:\/\/perpignan.alfmed.com\/wp-content\/uploads\/2025\/08\/FLE-4.jpg","width":1080,"height":1080},{"@type":"BreadcrumbList","@id":"https:\/\/perpignan.alfmed.com\/es\/actualites\/semestre-de-francais-de-septembre-2025\/#breadcrumb","itemListElement":[{"@type":"ListItem","position":1,"name":"Home","item":"https:\/\/perpignan.alfmed.com\/es\/"},{"@type":"ListItem","position":2,"name":"Semestre de Fran\u00e7ais de Janvier 2026"}]},{"@type":"WebSite","@id":"https:\/\/perpignan.alfmed.com\/es\/#website","url":"https:\/\/perpignan.alfmed.com\/es\/","name":"Alfmed","description":"EXPERTS EN LANGUES &amp; PROJETS EUROP\u00c9ENS","potentialAction":[{"@type":"SearchAction","target":{"@type":"EntryPoint","urlTemplate":"https:\/\/perpignan.alfmed.com\/es\/?s={search_term_string}"},"query-input":{"@type":"PropertyValueSpecification","valueRequired":true,"valueName":"search_term_string"}}],"inLanguage":"es"},{"@type":"Person","@id":"https:\/\/perpignan.alfmed.com\/es\/#\/schema\/person\/6718591f6785449d8fc528d9ad3cf52d","name":"Alfmed","url":"https:\/\/perpignan.alfmed.com\/es\/author\/admalfmed\/"}]}},"_links":{"self":[{"href":"https:\/\/perpignan.alfmed.com\/es\/wp-json\/wp\/v2\/posts\/21543","targetHints":{"allow":["GET"]}}],"collection":[{"href":"https:\/\/perpignan.alfmed.com\/es\/wp-json\/wp\/v2\/posts"}],"about":[{"href":"https:\/\/perpignan.alfmed.com\/es\/wp-json\/wp\/v2\/types\/post"}],"author":[{"embeddable":true,"href":"https:\/\/perpignan.alfmed.com\/es\/wp-json\/wp\/v2\/users\/3"}],"replies":[{"embeddable":true,"href":"https:\/\/perpignan.alfmed.com\/es\/wp-json\/wp\/v2\/comments?post=21543"}],"version-history":[{"count":3,"href":"https:\/\/perpignan.alfmed.com\/es\/wp-json\/wp\/v2\/posts\/21543\/revisions"}],"predecessor-version":[{"id":22328,"href":"https:\/\/perpignan.alfmed.com\/es\/wp-json\/wp\/v2\/posts\/21543\/revisions\/22328"}],"wp:featuredmedia":[{"embeddable":true,"href":"https:\/\/perpignan.alfmed.com\/es\/wp-json\/wp\/v2\/media\/21882"}],"wp:attachment":[{"href":"https:\/\/perpignan.alfmed.com\/es\/wp-json\/wp\/v2\/media?parent=21543"}],"wp:term":[{"taxonomy":"category","embeddable":true,"href":"https:\/\/perpignan.alfmed.com\/es\/wp-json\/wp\/v2\/categories?post=21543"},{"taxonomy":"post_tag","embeddable":true,"href":"https:\/\/perpignan.alfmed.com\/es\/wp-json\/wp\/v2\/tags?post=21543"}],"curies":[{"name":"wp","href":"https:\/\/api.w.org\/{rel}","templated":true}]}}