{"id":17944,"date":"2024-04-15T11:30:30","date_gmt":"2024-04-15T11:30:30","guid":{"rendered":"https:\/\/perpignan.alfmed.com\/?p=17944"},"modified":"2024-05-02T09:35:11","modified_gmt":"2024-05-02T09:35:11","slug":"lo-que-sucedio-en-abril-en-alfmed","status":"publish","type":"post","link":"https:\/\/perpignan.alfmed.com\/es\/actualites-es\/lo-que-sucedio-en-abril-en-alfmed\/","title":{"rendered":"Lo que sucedi\u00f3 en ABRIL en ALFMED"},"content":{"rendered":"<div dir=\"auto\">\n<p><b>\ud83e\udd29 <\/b>Aqu\u00ed hay un resumen de lo que sucedi\u00f3 en ALFMED<b> durante el mes de abril.<\/b><\/p>\n<blockquote><p><strong>&gt;&gt; <\/strong>Durante el mes de abril, tuvimos el placer de recibir a j\u00f3venes para nuestras<strong> pasant\u00edas de aprendizaje de ingl\u00e9s<\/strong>, que se llevaron a cabo <strong>del 15 al 19 de abril <\/strong>en ALFMED<strong>. <\/strong>Estos <strong>5 d\u00edas de inmersi\u00f3n <\/strong>permitieron a los j\u00f3venes beneficiarse de un<strong> aprendizaje l\u00fadico, <\/strong>con <strong>actividades art\u00edsticas, juegos <\/strong>y<strong> d\u00edas tem\u00e1ticos.<\/strong><\/p><\/blockquote>\n<p>Los temas abordados fueron <strong>Geograf\u00eda del Mundo<\/strong> para los m\u00e1s j\u00f3venes, mientras que los mayores profundizaron en el tema de <strong>Edimburgo<\/strong>, con una <strong>OPCI\u00d3N DE ARTE de manga coreano<\/strong>.<\/p>\n<p>&nbsp;<\/p>\n<div>Esta experiencia enriquecedora permiti\u00f3 a los j\u00f3venes desarrollar sus<strong> habilidades ling\u00fc\u00edsticas<\/strong> mientras descubr\u00edan nuevas culturas de una manera divertida.<\/div>\n<div><\/div>\n<blockquote><p>El 24 de abril pasado, ALFMED tuvo el placer de recibir en su jard\u00edn a cerca de<strong> 100 profesionales del barrio de la estaci\u00f3n de Perpignan. <\/strong>Esta iniciativa fue llevada a cabo por <strong>la asociaci\u00f3n Perpignan la Gare, c<\/strong>on el objetivo de crear<strong> v\u00ednculos <\/strong>y <strong>sinergia <\/strong>entre todos los actores econ\u00f3micos del barrio.<\/p><\/blockquote>\n<\/div>\n<div><\/div>\n<div>Tambi\u00e9n tuvimos el placer de recibir a los representantes de la<strong> CCI<\/strong> y a <strong>los concejales<\/strong> del Ayuntamiento de Perpignan.<\/div>\n<div><\/div>\n<div><\/div>\n<div><\/div>\n<div>Nuestros <strong>estudiantes Erasmus<\/strong> participaron activamente en la acogida y animaci\u00f3n de estos cien invitados.<\/div>\n<div><\/div>\n<div><\/div>\n<div><\/div>\n<div><\/div>\n<div>Este evento unificador tuvo \u00e9xito, demostrando la voluntad de los actores locales de trabajar de la mano para revitalizar y valorizar este barrio.<\/div>\n<div dir=\"auto\">\n<p>&nbsp;<\/p>\n<p><img loading=\"lazy\" decoding=\"async\" class=\"wp-image-17895 aligncenter\" src=\"https:\/\/perpignan.alfmed.com\/wp-content\/uploads\/2024\/04\/Brown-Simple-Fashion-Photo-Collage-Portrait-200x300.png\" alt=\"\" width=\"263\" height=\"394\" \/><\/p>\n<p>&nbsp;<\/p>\n<p><a href=\"https:\/\/www.facebook.com\/hashtag\/alfmed?__eep__=6&amp;__cft__%5b0%5d=AZU2VrYZHUvYWvAggUnzE9vBUtkIGDVzWT5lyYCfJQD_EolyJKWZpHZVXa6CIQYwFy6X9x3L0sntgozSAFRhImpb6xEKgLcOlKkdzMDAEwCxehhlIc-CNSppz8OPDwr97IQ&amp;__tn__=*NK-R\"><strong>#alfmed<\/strong><\/a><a href=\"https:\/\/www.facebook.com\/hashtag\/perpignan?__eep__=6&amp;__cft__%5b0%5d=AZU2VrYZHUvYWvAggUnzE9vBUtkIGDVzWT5lyYCfJQD_EolyJKWZpHZVXa6CIQYwFy6X9x3L0sntgozSAFRhImpb6xEKgLcOlKkdzMDAEwCxehhlIc-CNSppz8OPDwr97IQ&amp;__tn__=*NK-R\"><strong>#perpignan<\/strong><\/a><a href=\"https:\/\/www.facebook.com\/hashtag\/stages?__eep__=6&amp;__cft__%5b0%5d=AZU2VrYZHUvYWvAggUnzE9vBUtkIGDVzWT5lyYCfJQD_EolyJKWZpHZVXa6CIQYwFy6X9x3L0sntgozSAFRhImpb6xEKgLcOlKkdzMDAEwCxehhlIc-CNSppz8OPDwr97IQ&amp;__tn__=*NK-R\"><strong>#stages<\/strong><\/a><a href=\"https:\/\/www.facebook.com\/hashtag\/languages?__eep__=6&amp;__cft__%5b0%5d=AZU2VrYZHUvYWvAggUnzE9vBUtkIGDVzWT5lyYCfJQD_EolyJKWZpHZVXa6CIQYwFy6X9x3L0sntgozSAFRhImpb6xEKgLcOlKkdzMDAEwCxehhlIc-CNSppz8OPDwr97IQ&amp;__tn__=*NK-R\"><strong>#languages<\/strong><\/a><a href=\"https:\/\/www.facebook.com\/hashtag\/langues?__eep__=6&amp;__cft__%5b0%5d=AZU2VrYZHUvYWvAggUnzE9vBUtkIGDVzWT5lyYCfJQD_EolyJKWZpHZVXa6CIQYwFy6X9x3L0sntgozSAFRhImpb6xEKgLcOlKkdzMDAEwCxehhlIc-CNSppz8OPDwr97IQ&amp;__tn__=*NK-R\"><strong>#langues<\/strong><\/a><a href=\"https:\/\/www.facebook.com\/hashtag\/erasmus?__eep__=6&amp;__cft__%5b0%5d=AZU2VrYZHUvYWvAggUnzE9vBUtkIGDVzWT5lyYCfJQD_EolyJKWZpHZVXa6CIQYwFy6X9x3L0sntgozSAFRhImpb6xEKgLcOlKkdzMDAEwCxehhlIc-CNSppz8OPDwr97IQ&amp;__tn__=*NK-R\"><strong>#erasmus<\/strong><\/a><a href=\"https:\/\/www.facebook.com\/hashtag\/europe?__eep__=6&amp;__cft__%5b0%5d=AZU2VrYZHUvYWvAggUnzE9vBUtkIGDVzWT5lyYCfJQD_EolyJKWZpHZVXa6CIQYwFy6X9x3L0sntgozSAFRhImpb6xEKgLcOlKkdzMDAEwCxehhlIc-CNSppz8OPDwr97IQ&amp;__tn__=*NK-R\"><strong>#europe<\/strong><\/a> <a href=\"https:\/\/www.facebook.com\/hashtag\/pr%C3%A9paration?__eep__=6&amp;__cft__%5b0%5d=AZU2VrYZHUvYWvAggUnzE9vBUtkIGDVzWT5lyYCfJQD_EolyJKWZpHZVXa6CIQYwFy6X9x3L0sntgozSAFRhImpb6xEKgLcOlKkdzMDAEwCxehhlIc-CNSppz8OPDwr97IQ&amp;__tn__=*NK-R\"><strong>#pr\u00e9paration<\/strong><\/a><a href=\"https:\/\/www.facebook.com\/hashtag\/anglais?__eep__=6&amp;__cft__%5b0%5d=AZU2VrYZHUvYWvAggUnzE9vBUtkIGDVzWT5lyYCfJQD_EolyJKWZpHZVXa6CIQYwFy6X9x3L0sntgozSAFRhImpb6xEKgLcOlKkdzMDAEwCxehhlIc-CNSppz8OPDwr97IQ&amp;__tn__=*NK-R\"><strong>#anglais<\/strong><\/a><a href=\"https:\/\/www.facebook.com\/hashtag\/english?__eep__=6&amp;__cft__%5b0%5d=AZU2VrYZHUvYWvAggUnzE9vBUtkIGDVzWT5lyYCfJQD_EolyJKWZpHZVXa6CIQYwFy6X9x3L0sntgozSAFRhImpb6xEKgLcOlKkdzMDAEwCxehhlIc-CNSppz8OPDwr97IQ&amp;__tn__=*NK-R\"><strong>#english<\/strong><\/a> <a href=\"https:\/\/www.facebook.com\/hashtag\/italie?__eep__=6&amp;__cft__%5b0%5d=AZU2VrYZHUvYWvAggUnzE9vBUtkIGDVzWT5lyYCfJQD_EolyJKWZpHZVXa6CIQYwFy6X9x3L0sntgozSAFRhImpb6xEKgLcOlKkdzMDAEwCxehhlIc-CNSppz8OPDwr97IQ&amp;__tn__=*NK-R\"><strong>#angleterre<\/strong><\/a><strong>\u00a0<\/strong><\/p>\n<\/div>\n","protected":false},"excerpt":{"rendered":"<p>\ud83e\udd29 Aqu\u00ed hay un resumen de lo que sucedi\u00f3 en ALFMED durante el mes de abril. &gt;&gt; Durante el mes de abril, tuvimos el placer de recibir a j\u00f3venes para nuestras pasant\u00edas de aprendizaje de ingl\u00e9s, que se llevaron a cabo del 15 al 19 de abril en ALFMED. Estos 5 d\u00edas de inmersi\u00f3n permitieron [&hellip;]<\/p>\n","protected":false},"author":3,"featured_media":17945,"comment_status":"closed","ping_status":"closed","sticky":false,"template":"","format":"standard","meta":{"_acf_changed":false,"_et_pb_use_builder":"","_et_pb_old_content":"","_et_gb_content_width":"","footnotes":""},"categories":[179],"tags":[],"class_list":["post-17944","post","type-post","status-publish","format-standard","has-post-thumbnail","hentry","category-actualites-es"],"acf":[],"yoast_head":"<!-- This site is optimized with the Yoast SEO plugin v27.5 - https:\/\/yoast.com\/product\/yoast-seo-wordpress\/ -->\n<title>Lo que sucedi\u00f3 en ABRIL en ALFMED - Alfmed<\/title>\n<meta name=\"robots\" content=\"index, follow, max-snippet:-1, max-image-preview:large, max-video-preview:-1\" \/>\n<link rel=\"canonical\" href=\"https:\/\/perpignan.alfmed.com\/es\/actualites-es\/lo-que-sucedio-en-abril-en-alfmed\/\" \/>\n<meta property=\"og:locale\" content=\"es_ES\" \/>\n<meta property=\"og:type\" content=\"article\" \/>\n<meta property=\"og:title\" content=\"Lo que sucedi\u00f3 en ABRIL en ALFMED - Alfmed\" \/>\n<meta property=\"og:description\" content=\"\ud83e\udd29 Aqu\u00ed hay un resumen de lo que sucedi\u00f3 en ALFMED durante el mes de abril. &gt;&gt; Durante el mes de abril, tuvimos el placer de recibir a j\u00f3venes para nuestras pasant\u00edas de aprendizaje de ingl\u00e9s, que se llevaron a cabo del 15 al 19 de abril en ALFMED. Estos 5 d\u00edas de inmersi\u00f3n permitieron [&hellip;]\" \/>\n<meta property=\"og:url\" content=\"https:\/\/perpignan.alfmed.com\/es\/actualites-es\/lo-que-sucedio-en-abril-en-alfmed\/\" \/>\n<meta property=\"og:site_name\" content=\"Alfmed\" \/>\n<meta property=\"article:published_time\" content=\"2024-04-15T11:30:30+00:00\" \/>\n<meta property=\"article:modified_time\" content=\"2024-05-02T09:35:11+00:00\" \/>\n<meta name=\"author\" content=\"Alfmed\" \/>\n<meta name=\"twitter:card\" content=\"summary_large_image\" \/>\n<script type=\"application\/ld+json\" class=\"yoast-schema-graph\">{\"@context\":\"https:\\\/\\\/schema.org\",\"@graph\":[{\"@type\":\"Article\",\"@id\":\"https:\\\/\\\/perpignan.alfmed.com\\\/es\\\/actualites-es\\\/lo-que-sucedio-en-abril-en-alfmed\\\/#article\",\"isPartOf\":{\"@id\":\"https:\\\/\\\/perpignan.alfmed.com\\\/es\\\/actualites-es\\\/lo-que-sucedio-en-abril-en-alfmed\\\/\"},\"author\":{\"name\":\"Alfmed\",\"@id\":\"https:\\\/\\\/perpignan.alfmed.com\\\/es\\\/#\\\/schema\\\/person\\\/6718591f6785449d8fc528d9ad3cf52d\"},\"headline\":\"Lo que sucedi\u00f3 en ABRIL en ALFMED\",\"datePublished\":\"2024-04-15T11:30:30+00:00\",\"dateModified\":\"2024-05-02T09:35:11+00:00\",\"mainEntityOfPage\":{\"@id\":\"https:\\\/\\\/perpignan.alfmed.com\\\/es\\\/actualites-es\\\/lo-que-sucedio-en-abril-en-alfmed\\\/\"},\"wordCount\":269,\"image\":{\"@id\":\"https:\\\/\\\/perpignan.alfmed.com\\\/es\\\/actualites-es\\\/lo-que-sucedio-en-abril-en-alfmed\\\/#primaryimage\"},\"thumbnailUrl\":\"https:\\\/\\\/perpignan.alfmed.com\\\/wp-content\\\/uploads\\\/2024\\\/05\\\/Copie-de-ce-qui-sest-passe-en-2-pdf.jpg\",\"articleSection\":[\"Actualit\u00e9s\"],\"inLanguage\":\"es\"},{\"@type\":\"WebPage\",\"@id\":\"https:\\\/\\\/perpignan.alfmed.com\\\/es\\\/actualites-es\\\/lo-que-sucedio-en-abril-en-alfmed\\\/\",\"url\":\"https:\\\/\\\/perpignan.alfmed.com\\\/es\\\/actualites-es\\\/lo-que-sucedio-en-abril-en-alfmed\\\/\",\"name\":\"Lo que sucedi\u00f3 en ABRIL en ALFMED - Alfmed\",\"isPartOf\":{\"@id\":\"https:\\\/\\\/perpignan.alfmed.com\\\/es\\\/#website\"},\"primaryImageOfPage\":{\"@id\":\"https:\\\/\\\/perpignan.alfmed.com\\\/es\\\/actualites-es\\\/lo-que-sucedio-en-abril-en-alfmed\\\/#primaryimage\"},\"image\":{\"@id\":\"https:\\\/\\\/perpignan.alfmed.com\\\/es\\\/actualites-es\\\/lo-que-sucedio-en-abril-en-alfmed\\\/#primaryimage\"},\"thumbnailUrl\":\"https:\\\/\\\/perpignan.alfmed.com\\\/wp-content\\\/uploads\\\/2024\\\/05\\\/Copie-de-ce-qui-sest-passe-en-2-pdf.jpg\",\"datePublished\":\"2024-04-15T11:30:30+00:00\",\"dateModified\":\"2024-05-02T09:35:11+00:00\",\"author\":{\"@id\":\"https:\\\/\\\/perpignan.alfmed.com\\\/es\\\/#\\\/schema\\\/person\\\/6718591f6785449d8fc528d9ad3cf52d\"},\"breadcrumb\":{\"@id\":\"https:\\\/\\\/perpignan.alfmed.com\\\/es\\\/actualites-es\\\/lo-que-sucedio-en-abril-en-alfmed\\\/#breadcrumb\"},\"inLanguage\":\"es\",\"potentialAction\":[{\"@type\":\"ReadAction\",\"target\":[\"https:\\\/\\\/perpignan.alfmed.com\\\/es\\\/actualites-es\\\/lo-que-sucedio-en-abril-en-alfmed\\\/\"]}]},{\"@type\":\"ImageObject\",\"inLanguage\":\"es\",\"@id\":\"https:\\\/\\\/perpignan.alfmed.com\\\/es\\\/actualites-es\\\/lo-que-sucedio-en-abril-en-alfmed\\\/#primaryimage\",\"url\":\"https:\\\/\\\/perpignan.alfmed.com\\\/wp-content\\\/uploads\\\/2024\\\/05\\\/Copie-de-ce-qui-sest-passe-en-2-pdf.jpg\",\"contentUrl\":\"https:\\\/\\\/perpignan.alfmed.com\\\/wp-content\\\/uploads\\\/2024\\\/05\\\/Copie-de-ce-qui-sest-passe-en-2-pdf.jpg\"},{\"@type\":\"BreadcrumbList\",\"@id\":\"https:\\\/\\\/perpignan.alfmed.com\\\/es\\\/actualites-es\\\/lo-que-sucedio-en-abril-en-alfmed\\\/#breadcrumb\",\"itemListElement\":[{\"@type\":\"ListItem\",\"position\":1,\"name\":\"Home\",\"item\":\"https:\\\/\\\/perpignan.alfmed.com\\\/es\\\/\"},{\"@type\":\"ListItem\",\"position\":2,\"name\":\"Lo que sucedi\u00f3 en ABRIL en ALFMED\"}]},{\"@type\":\"WebSite\",\"@id\":\"https:\\\/\\\/perpignan.alfmed.com\\\/es\\\/#website\",\"url\":\"https:\\\/\\\/perpignan.alfmed.com\\\/es\\\/\",\"name\":\"Alfmed\",\"description\":\"EXPERTS EN LANGUES &amp; PROJETS EUROP\u00c9ENS\",\"potentialAction\":[{\"@type\":\"SearchAction\",\"target\":{\"@type\":\"EntryPoint\",\"urlTemplate\":\"https:\\\/\\\/perpignan.alfmed.com\\\/es\\\/?s={search_term_string}\"},\"query-input\":{\"@type\":\"PropertyValueSpecification\",\"valueRequired\":true,\"valueName\":\"search_term_string\"}}],\"inLanguage\":\"es\"},{\"@type\":\"Person\",\"@id\":\"https:\\\/\\\/perpignan.alfmed.com\\\/es\\\/#\\\/schema\\\/person\\\/6718591f6785449d8fc528d9ad3cf52d\",\"name\":\"Alfmed\",\"url\":\"https:\\\/\\\/perpignan.alfmed.com\\\/es\\\/author\\\/admalfmed\\\/\"}]}<\/script>\n<!-- \/ Yoast SEO plugin. -->","yoast_head_json":{"title":"Lo que sucedi\u00f3 en ABRIL en ALFMED - Alfmed","robots":{"index":"index","follow":"follow","max-snippet":"max-snippet:-1","max-image-preview":"max-image-preview:large","max-video-preview":"max-video-preview:-1"},"canonical":"https:\/\/perpignan.alfmed.com\/es\/actualites-es\/lo-que-sucedio-en-abril-en-alfmed\/","og_locale":"es_ES","og_type":"article","og_title":"Lo que sucedi\u00f3 en ABRIL en ALFMED - Alfmed","og_description":"\ud83e\udd29 Aqu\u00ed hay un resumen de lo que sucedi\u00f3 en ALFMED durante el mes de abril. &gt;&gt; Durante el mes de abril, tuvimos el placer de recibir a j\u00f3venes para nuestras pasant\u00edas de aprendizaje de ingl\u00e9s, que se llevaron a cabo del 15 al 19 de abril en ALFMED. Estos 5 d\u00edas de inmersi\u00f3n permitieron [&hellip;]","og_url":"https:\/\/perpignan.alfmed.com\/es\/actualites-es\/lo-que-sucedio-en-abril-en-alfmed\/","og_site_name":"Alfmed","article_published_time":"2024-04-15T11:30:30+00:00","article_modified_time":"2024-05-02T09:35:11+00:00","author":"Alfmed","twitter_card":"summary_large_image","schema":{"@context":"https:\/\/schema.org","@graph":[{"@type":"Article","@id":"https:\/\/perpignan.alfmed.com\/es\/actualites-es\/lo-que-sucedio-en-abril-en-alfmed\/#article","isPartOf":{"@id":"https:\/\/perpignan.alfmed.com\/es\/actualites-es\/lo-que-sucedio-en-abril-en-alfmed\/"},"author":{"name":"Alfmed","@id":"https:\/\/perpignan.alfmed.com\/es\/#\/schema\/person\/6718591f6785449d8fc528d9ad3cf52d"},"headline":"Lo que sucedi\u00f3 en ABRIL en ALFMED","datePublished":"2024-04-15T11:30:30+00:00","dateModified":"2024-05-02T09:35:11+00:00","mainEntityOfPage":{"@id":"https:\/\/perpignan.alfmed.com\/es\/actualites-es\/lo-que-sucedio-en-abril-en-alfmed\/"},"wordCount":269,"image":{"@id":"https:\/\/perpignan.alfmed.com\/es\/actualites-es\/lo-que-sucedio-en-abril-en-alfmed\/#primaryimage"},"thumbnailUrl":"https:\/\/perpignan.alfmed.com\/wp-content\/uploads\/2024\/05\/Copie-de-ce-qui-sest-passe-en-2-pdf.jpg","articleSection":["Actualit\u00e9s"],"inLanguage":"es"},{"@type":"WebPage","@id":"https:\/\/perpignan.alfmed.com\/es\/actualites-es\/lo-que-sucedio-en-abril-en-alfmed\/","url":"https:\/\/perpignan.alfmed.com\/es\/actualites-es\/lo-que-sucedio-en-abril-en-alfmed\/","name":"Lo que sucedi\u00f3 en ABRIL en ALFMED - Alfmed","isPartOf":{"@id":"https:\/\/perpignan.alfmed.com\/es\/#website"},"primaryImageOfPage":{"@id":"https:\/\/perpignan.alfmed.com\/es\/actualites-es\/lo-que-sucedio-en-abril-en-alfmed\/#primaryimage"},"image":{"@id":"https:\/\/perpignan.alfmed.com\/es\/actualites-es\/lo-que-sucedio-en-abril-en-alfmed\/#primaryimage"},"thumbnailUrl":"https:\/\/perpignan.alfmed.com\/wp-content\/uploads\/2024\/05\/Copie-de-ce-qui-sest-passe-en-2-pdf.jpg","datePublished":"2024-04-15T11:30:30+00:00","dateModified":"2024-05-02T09:35:11+00:00","author":{"@id":"https:\/\/perpignan.alfmed.com\/es\/#\/schema\/person\/6718591f6785449d8fc528d9ad3cf52d"},"breadcrumb":{"@id":"https:\/\/perpignan.alfmed.com\/es\/actualites-es\/lo-que-sucedio-en-abril-en-alfmed\/#breadcrumb"},"inLanguage":"es","potentialAction":[{"@type":"ReadAction","target":["https:\/\/perpignan.alfmed.com\/es\/actualites-es\/lo-que-sucedio-en-abril-en-alfmed\/"]}]},{"@type":"ImageObject","inLanguage":"es","@id":"https:\/\/perpignan.alfmed.com\/es\/actualites-es\/lo-que-sucedio-en-abril-en-alfmed\/#primaryimage","url":"https:\/\/perpignan.alfmed.com\/wp-content\/uploads\/2024\/05\/Copie-de-ce-qui-sest-passe-en-2-pdf.jpg","contentUrl":"https:\/\/perpignan.alfmed.com\/wp-content\/uploads\/2024\/05\/Copie-de-ce-qui-sest-passe-en-2-pdf.jpg"},{"@type":"BreadcrumbList","@id":"https:\/\/perpignan.alfmed.com\/es\/actualites-es\/lo-que-sucedio-en-abril-en-alfmed\/#breadcrumb","itemListElement":[{"@type":"ListItem","position":1,"name":"Home","item":"https:\/\/perpignan.alfmed.com\/es\/"},{"@type":"ListItem","position":2,"name":"Lo que sucedi\u00f3 en ABRIL en ALFMED"}]},{"@type":"WebSite","@id":"https:\/\/perpignan.alfmed.com\/es\/#website","url":"https:\/\/perpignan.alfmed.com\/es\/","name":"Alfmed","description":"EXPERTS EN LANGUES &amp; PROJETS EUROP\u00c9ENS","potentialAction":[{"@type":"SearchAction","target":{"@type":"EntryPoint","urlTemplate":"https:\/\/perpignan.alfmed.com\/es\/?s={search_term_string}"},"query-input":{"@type":"PropertyValueSpecification","valueRequired":true,"valueName":"search_term_string"}}],"inLanguage":"es"},{"@type":"Person","@id":"https:\/\/perpignan.alfmed.com\/es\/#\/schema\/person\/6718591f6785449d8fc528d9ad3cf52d","name":"Alfmed","url":"https:\/\/perpignan.alfmed.com\/es\/author\/admalfmed\/"}]}},"_links":{"self":[{"href":"https:\/\/perpignan.alfmed.com\/es\/wp-json\/wp\/v2\/posts\/17944","targetHints":{"allow":["GET"]}}],"collection":[{"href":"https:\/\/perpignan.alfmed.com\/es\/wp-json\/wp\/v2\/posts"}],"about":[{"href":"https:\/\/perpignan.alfmed.com\/es\/wp-json\/wp\/v2\/types\/post"}],"author":[{"embeddable":true,"href":"https:\/\/perpignan.alfmed.com\/es\/wp-json\/wp\/v2\/users\/3"}],"replies":[{"embeddable":true,"href":"https:\/\/perpignan.alfmed.com\/es\/wp-json\/wp\/v2\/comments?post=17944"}],"version-history":[{"count":1,"href":"https:\/\/perpignan.alfmed.com\/es\/wp-json\/wp\/v2\/posts\/17944\/revisions"}],"predecessor-version":[{"id":17949,"href":"https:\/\/perpignan.alfmed.com\/es\/wp-json\/wp\/v2\/posts\/17944\/revisions\/17949"}],"wp:featuredmedia":[{"embeddable":true,"href":"https:\/\/perpignan.alfmed.com\/es\/wp-json\/wp\/v2\/media\/17945"}],"wp:attachment":[{"href":"https:\/\/perpignan.alfmed.com\/es\/wp-json\/wp\/v2\/media?parent=17944"}],"wp:term":[{"taxonomy":"category","embeddable":true,"href":"https:\/\/perpignan.alfmed.com\/es\/wp-json\/wp\/v2\/categories?post=17944"},{"taxonomy":"post_tag","embeddable":true,"href":"https:\/\/perpignan.alfmed.com\/es\/wp-json\/wp\/v2\/tags?post=17944"}],"curies":[{"name":"wp","href":"https:\/\/api.w.org\/{rel}","templated":true}]}}