{"id":15525,"date":"2023-09-13T09:47:26","date_gmt":"2023-09-13T09:47:26","guid":{"rendered":"https:\/\/perpignan.alfmed.com\/?p=15525"},"modified":"2023-09-13T10:54:30","modified_gmt":"2023-09-13T10:54:30","slug":"ce-quil-sest-passe-en-aout-a-alfmed","status":"publish","type":"post","link":"https:\/\/perpignan.alfmed.com\/es\/actualites\/ce-quil-sest-passe-en-aout-a-alfmed\/","title":{"rendered":"Ce qu&#8217;il s&#8217;est pass\u00e9 en Ao\u00fbt \u00e0 ALFMED"},"content":{"rendered":"<p>Voici le r\u00e9cap\u2019 de ce qu\u2019il s\u2019est pass\u00e9 \u00e0 ALFMED au mois d&#8217;Ao\u00fbt :<\/p>\n<ul>\n<li>les <strong>stages d&#8217;Anglais<\/strong> du 28 au 1er septembre 2023 <a href=\"https:\/\/perpignan.alfmed.com\/scolaire\/stages-vacances-scolaires\/stage-play-say\/\">Play &amp; Say<\/a> et <a href=\"https:\/\/perpignan.alfmed.com\/scolaire\/stages-vacances-scolaires\/stage-english-inside-out\/\">English Inside Out<\/a> qui \u00e9taient complets ! Au programme : des jeux, des exercices, des d\u00e9gustations \u00e0 l&#8217;aveugle&#8230; tout pour satisfaire nos apprenants !<\/li>\n<\/ul>\n<p><a href=\"https:\/\/perpignan.alfmed.com\/scolaire\/stages-vacances-scolaires\/\"><strong>RDV le 23 octobre pour nos prochaines stages<\/strong><\/a> : th\u00e8me Magic Power &amp; Halloween \u00e0 Edimbourg<\/p>\n<p><img loading=\"lazy\" decoding=\"async\" class=\"aligncenter wp-image-15533 size-large\" src=\"https:\/\/perpignan.alfmed.com\/wp-content\/uploads\/2023\/09\/2-819x1024.png\" alt=\"\" width=\"819\" height=\"1024\" \/><\/p>\n<ul>\n<li>nous avons accueilli de <a href=\"https:\/\/perpignan.alfmed.com\/erasmus\/accueil-erasmus-stage\/mobilites-detudiants\/\"><strong>nouveaux groupes Erasmus<\/strong><\/a> de Belgique, d&#8217;Italie et d&#8217;Allemagne ! Ils ont visit\u00e9 Perpignan et d\u00e9couvert la r\u00e9gion, et commenc\u00e9 leur stage dans diff\u00e9rents secteurs : restauration, p\u00e2tisserie et sant\u00e9<\/li>\n<\/ul>\n<p><img loading=\"lazy\" decoding=\"async\" class=\"aligncenter wp-image-15537 size-large\" src=\"https:\/\/perpignan.alfmed.com\/wp-content\/uploads\/2023\/09\/3-819x1024.png\" alt=\"\" width=\"819\" height=\"1024\" \/><\/p>\n<ul>\n<li>le<a href=\"https:\/\/perpignan.alfmed.com\/francais-pour-les-etrangers\/semestre-de-francais\/semestres-de-francais\/\"><strong> semestre de Fran\u00e7ais<\/strong><\/a> a repris le 21 ao\u00fbt avec 7 nouveaux \u00e9tudiants d&#8217;un niveau A2<\/li>\n<\/ul>\n<p><strong><a href=\"https:\/\/perpignan.alfmed.com\/francais-pour-les-etrangers\/semestre-de-francais\/semestres-de-francais\/\">Prochain semestre le 8 janvier 2024\u00a0<\/a><\/strong><\/p>\n<p><img loading=\"lazy\" decoding=\"async\" class=\"aligncenter wp-image-15541 size-large\" src=\"https:\/\/perpignan.alfmed.com\/wp-content\/uploads\/2023\/09\/4-819x1024.png\" alt=\"\" width=\"819\" height=\"1024\" \/><\/p>\n<p><strong>Merci aux entreprises q<\/strong><strong>ui acc<\/strong><strong>ueillent nos stagiaires Erasmus :<\/strong><\/p>\n<p>Korian, Laure Thouvenin, Le Fanal, Philippe MELE Traiteur, Restaurant la Siesta<\/p>\n<p>&nbsp;<\/p>\n","protected":false},"excerpt":{"rendered":"<p>Voici le r\u00e9cap\u2019 de ce qu\u2019il s\u2019est pass\u00e9 \u00e0 ALFMED au mois d&#8217;Ao\u00fbt : les stages d&#8217;Anglais du 28 au 1er septembre 2023 Play &amp; Say et English Inside Out qui \u00e9taient complets ! Au programme : des jeux, des exercices, des d\u00e9gustations \u00e0 l&#8217;aveugle&#8230; tout pour satisfaire nos apprenants ! RDV le 23 octobre [&hellip;]<\/p>\n","protected":false},"author":3,"featured_media":15529,"comment_status":"closed","ping_status":"closed","sticky":false,"template":"","format":"standard","meta":{"_acf_changed":false,"_et_pb_use_builder":"","_et_pb_old_content":"","_et_gb_content_width":"","footnotes":""},"categories":[130],"tags":[],"class_list":["post-15525","post","type-post","status-publish","format-standard","has-post-thumbnail","hentry","category-actualites"],"acf":[],"yoast_head":"<!-- This site is optimized with the Yoast SEO plugin v27.5 - https:\/\/yoast.com\/product\/yoast-seo-wordpress\/ -->\n<title>Ce qu&#039;il s&#039;est pass\u00e9 en Ao\u00fbt \u00e0 ALFMED - Alfmed<\/title>\n<meta name=\"description\" content=\"Stages d&#039;Anglais de 6 \u00e0 18 ans, accueil d&#039;Erasmus-stage, cours de fran\u00e7ais pour les \u00e9trangers, et bien d&#039;autres choses\" \/>\n<meta name=\"robots\" content=\"index, follow, max-snippet:-1, max-image-preview:large, max-video-preview:-1\" \/>\n<link rel=\"canonical\" href=\"https:\/\/perpignan.alfmed.com\/es\/actualites\/ce-quil-sest-passe-en-aout-a-alfmed\/\" \/>\n<meta property=\"og:locale\" content=\"es_ES\" \/>\n<meta property=\"og:type\" content=\"article\" \/>\n<meta property=\"og:title\" content=\"Ce qu&#039;il s&#039;est pass\u00e9 en Ao\u00fbt \u00e0 ALFMED - Alfmed\" \/>\n<meta property=\"og:description\" content=\"Stages d&#039;Anglais de 6 \u00e0 18 ans, accueil d&#039;Erasmus-stage, cours de fran\u00e7ais pour les \u00e9trangers, et bien d&#039;autres choses\" \/>\n<meta property=\"og:url\" content=\"https:\/\/perpignan.alfmed.com\/es\/actualites\/ce-quil-sest-passe-en-aout-a-alfmed\/\" \/>\n<meta property=\"og:site_name\" content=\"Alfmed\" \/>\n<meta property=\"article:published_time\" content=\"2023-09-13T09:47:26+00:00\" \/>\n<meta property=\"article:modified_time\" content=\"2023-09-13T10:54:30+00:00\" \/>\n<meta property=\"og:image\" content=\"https:\/\/perpignan.alfmed.com\/wp-content\/uploads\/2023\/09\/1.png\" \/>\n\t<meta property=\"og:image:width\" content=\"1200\" \/>\n\t<meta property=\"og:image:height\" content=\"1500\" \/>\n\t<meta property=\"og:image:type\" content=\"image\/png\" \/>\n<meta name=\"author\" content=\"Alfmed\" \/>\n<meta name=\"twitter:card\" content=\"summary_large_image\" \/>\n<script type=\"application\/ld+json\" class=\"yoast-schema-graph\">{\"@context\":\"https:\\\/\\\/schema.org\",\"@graph\":[{\"@type\":\"Article\",\"@id\":\"https:\\\/\\\/perpignan.alfmed.com\\\/es\\\/actualites\\\/ce-quil-sest-passe-en-aout-a-alfmed\\\/#article\",\"isPartOf\":{\"@id\":\"https:\\\/\\\/perpignan.alfmed.com\\\/es\\\/actualites\\\/ce-quil-sest-passe-en-aout-a-alfmed\\\/\"},\"author\":{\"name\":\"Alfmed\",\"@id\":\"https:\\\/\\\/perpignan.alfmed.com\\\/es\\\/#\\\/schema\\\/person\\\/6718591f6785449d8fc528d9ad3cf52d\"},\"headline\":\"Ce qu&#8217;il s&#8217;est pass\u00e9 en Ao\u00fbt \u00e0 ALFMED\",\"datePublished\":\"2023-09-13T09:47:26+00:00\",\"dateModified\":\"2023-09-13T10:54:30+00:00\",\"mainEntityOfPage\":{\"@id\":\"https:\\\/\\\/perpignan.alfmed.com\\\/es\\\/actualites\\\/ce-quil-sest-passe-en-aout-a-alfmed\\\/\"},\"wordCount\":155,\"image\":{\"@id\":\"https:\\\/\\\/perpignan.alfmed.com\\\/es\\\/actualites\\\/ce-quil-sest-passe-en-aout-a-alfmed\\\/#primaryimage\"},\"thumbnailUrl\":\"https:\\\/\\\/perpignan.alfmed.com\\\/wp-content\\\/uploads\\\/2023\\\/09\\\/1.png\",\"articleSection\":[\"Actualit\u00e9s\"],\"inLanguage\":\"es\"},{\"@type\":\"WebPage\",\"@id\":\"https:\\\/\\\/perpignan.alfmed.com\\\/es\\\/actualites\\\/ce-quil-sest-passe-en-aout-a-alfmed\\\/\",\"url\":\"https:\\\/\\\/perpignan.alfmed.com\\\/es\\\/actualites\\\/ce-quil-sest-passe-en-aout-a-alfmed\\\/\",\"name\":\"Ce qu'il s'est pass\u00e9 en Ao\u00fbt \u00e0 ALFMED - Alfmed\",\"isPartOf\":{\"@id\":\"https:\\\/\\\/perpignan.alfmed.com\\\/es\\\/#website\"},\"primaryImageOfPage\":{\"@id\":\"https:\\\/\\\/perpignan.alfmed.com\\\/es\\\/actualites\\\/ce-quil-sest-passe-en-aout-a-alfmed\\\/#primaryimage\"},\"image\":{\"@id\":\"https:\\\/\\\/perpignan.alfmed.com\\\/es\\\/actualites\\\/ce-quil-sest-passe-en-aout-a-alfmed\\\/#primaryimage\"},\"thumbnailUrl\":\"https:\\\/\\\/perpignan.alfmed.com\\\/wp-content\\\/uploads\\\/2023\\\/09\\\/1.png\",\"datePublished\":\"2023-09-13T09:47:26+00:00\",\"dateModified\":\"2023-09-13T10:54:30+00:00\",\"author\":{\"@id\":\"https:\\\/\\\/perpignan.alfmed.com\\\/es\\\/#\\\/schema\\\/person\\\/6718591f6785449d8fc528d9ad3cf52d\"},\"description\":\"Stages d'Anglais de 6 \u00e0 18 ans, accueil d'Erasmus-stage, cours de fran\u00e7ais pour les \u00e9trangers, et bien d'autres choses\",\"breadcrumb\":{\"@id\":\"https:\\\/\\\/perpignan.alfmed.com\\\/es\\\/actualites\\\/ce-quil-sest-passe-en-aout-a-alfmed\\\/#breadcrumb\"},\"inLanguage\":\"es\",\"potentialAction\":[{\"@type\":\"ReadAction\",\"target\":[\"https:\\\/\\\/perpignan.alfmed.com\\\/es\\\/actualites\\\/ce-quil-sest-passe-en-aout-a-alfmed\\\/\"]}]},{\"@type\":\"ImageObject\",\"inLanguage\":\"es\",\"@id\":\"https:\\\/\\\/perpignan.alfmed.com\\\/es\\\/actualites\\\/ce-quil-sest-passe-en-aout-a-alfmed\\\/#primaryimage\",\"url\":\"https:\\\/\\\/perpignan.alfmed.com\\\/wp-content\\\/uploads\\\/2023\\\/09\\\/1.png\",\"contentUrl\":\"https:\\\/\\\/perpignan.alfmed.com\\\/wp-content\\\/uploads\\\/2023\\\/09\\\/1.png\",\"width\":1200,\"height\":1500},{\"@type\":\"BreadcrumbList\",\"@id\":\"https:\\\/\\\/perpignan.alfmed.com\\\/es\\\/actualites\\\/ce-quil-sest-passe-en-aout-a-alfmed\\\/#breadcrumb\",\"itemListElement\":[{\"@type\":\"ListItem\",\"position\":1,\"name\":\"Home\",\"item\":\"https:\\\/\\\/perpignan.alfmed.com\\\/es\\\/\"},{\"@type\":\"ListItem\",\"position\":2,\"name\":\"Ce qu&#8217;il s&#8217;est pass\u00e9 en Ao\u00fbt \u00e0 ALFMED\"}]},{\"@type\":\"WebSite\",\"@id\":\"https:\\\/\\\/perpignan.alfmed.com\\\/es\\\/#website\",\"url\":\"https:\\\/\\\/perpignan.alfmed.com\\\/es\\\/\",\"name\":\"Alfmed\",\"description\":\"EXPERTS EN LANGUES &amp; PROJETS EUROP\u00c9ENS\",\"potentialAction\":[{\"@type\":\"SearchAction\",\"target\":{\"@type\":\"EntryPoint\",\"urlTemplate\":\"https:\\\/\\\/perpignan.alfmed.com\\\/es\\\/?s={search_term_string}\"},\"query-input\":{\"@type\":\"PropertyValueSpecification\",\"valueRequired\":true,\"valueName\":\"search_term_string\"}}],\"inLanguage\":\"es\"},{\"@type\":\"Person\",\"@id\":\"https:\\\/\\\/perpignan.alfmed.com\\\/es\\\/#\\\/schema\\\/person\\\/6718591f6785449d8fc528d9ad3cf52d\",\"name\":\"Alfmed\",\"url\":\"https:\\\/\\\/perpignan.alfmed.com\\\/es\\\/author\\\/admalfmed\\\/\"}]}<\/script>\n<!-- \/ Yoast SEO plugin. -->","yoast_head_json":{"title":"Ce qu'il s'est pass\u00e9 en Ao\u00fbt \u00e0 ALFMED - Alfmed","description":"Stages d'Anglais de 6 \u00e0 18 ans, accueil d'Erasmus-stage, cours de fran\u00e7ais pour les \u00e9trangers, et bien d'autres choses","robots":{"index":"index","follow":"follow","max-snippet":"max-snippet:-1","max-image-preview":"max-image-preview:large","max-video-preview":"max-video-preview:-1"},"canonical":"https:\/\/perpignan.alfmed.com\/es\/actualites\/ce-quil-sest-passe-en-aout-a-alfmed\/","og_locale":"es_ES","og_type":"article","og_title":"Ce qu'il s'est pass\u00e9 en Ao\u00fbt \u00e0 ALFMED - Alfmed","og_description":"Stages d'Anglais de 6 \u00e0 18 ans, accueil d'Erasmus-stage, cours de fran\u00e7ais pour les \u00e9trangers, et bien d'autres choses","og_url":"https:\/\/perpignan.alfmed.com\/es\/actualites\/ce-quil-sest-passe-en-aout-a-alfmed\/","og_site_name":"Alfmed","article_published_time":"2023-09-13T09:47:26+00:00","article_modified_time":"2023-09-13T10:54:30+00:00","og_image":[{"width":1200,"height":1500,"url":"https:\/\/perpignan.alfmed.com\/wp-content\/uploads\/2023\/09\/1.png","type":"image\/png"}],"author":"Alfmed","twitter_card":"summary_large_image","schema":{"@context":"https:\/\/schema.org","@graph":[{"@type":"Article","@id":"https:\/\/perpignan.alfmed.com\/es\/actualites\/ce-quil-sest-passe-en-aout-a-alfmed\/#article","isPartOf":{"@id":"https:\/\/perpignan.alfmed.com\/es\/actualites\/ce-quil-sest-passe-en-aout-a-alfmed\/"},"author":{"name":"Alfmed","@id":"https:\/\/perpignan.alfmed.com\/es\/#\/schema\/person\/6718591f6785449d8fc528d9ad3cf52d"},"headline":"Ce qu&#8217;il s&#8217;est pass\u00e9 en Ao\u00fbt \u00e0 ALFMED","datePublished":"2023-09-13T09:47:26+00:00","dateModified":"2023-09-13T10:54:30+00:00","mainEntityOfPage":{"@id":"https:\/\/perpignan.alfmed.com\/es\/actualites\/ce-quil-sest-passe-en-aout-a-alfmed\/"},"wordCount":155,"image":{"@id":"https:\/\/perpignan.alfmed.com\/es\/actualites\/ce-quil-sest-passe-en-aout-a-alfmed\/#primaryimage"},"thumbnailUrl":"https:\/\/perpignan.alfmed.com\/wp-content\/uploads\/2023\/09\/1.png","articleSection":["Actualit\u00e9s"],"inLanguage":"es"},{"@type":"WebPage","@id":"https:\/\/perpignan.alfmed.com\/es\/actualites\/ce-quil-sest-passe-en-aout-a-alfmed\/","url":"https:\/\/perpignan.alfmed.com\/es\/actualites\/ce-quil-sest-passe-en-aout-a-alfmed\/","name":"Ce qu'il s'est pass\u00e9 en Ao\u00fbt \u00e0 ALFMED - Alfmed","isPartOf":{"@id":"https:\/\/perpignan.alfmed.com\/es\/#website"},"primaryImageOfPage":{"@id":"https:\/\/perpignan.alfmed.com\/es\/actualites\/ce-quil-sest-passe-en-aout-a-alfmed\/#primaryimage"},"image":{"@id":"https:\/\/perpignan.alfmed.com\/es\/actualites\/ce-quil-sest-passe-en-aout-a-alfmed\/#primaryimage"},"thumbnailUrl":"https:\/\/perpignan.alfmed.com\/wp-content\/uploads\/2023\/09\/1.png","datePublished":"2023-09-13T09:47:26+00:00","dateModified":"2023-09-13T10:54:30+00:00","author":{"@id":"https:\/\/perpignan.alfmed.com\/es\/#\/schema\/person\/6718591f6785449d8fc528d9ad3cf52d"},"description":"Stages d'Anglais de 6 \u00e0 18 ans, accueil d'Erasmus-stage, cours de fran\u00e7ais pour les \u00e9trangers, et bien d'autres choses","breadcrumb":{"@id":"https:\/\/perpignan.alfmed.com\/es\/actualites\/ce-quil-sest-passe-en-aout-a-alfmed\/#breadcrumb"},"inLanguage":"es","potentialAction":[{"@type":"ReadAction","target":["https:\/\/perpignan.alfmed.com\/es\/actualites\/ce-quil-sest-passe-en-aout-a-alfmed\/"]}]},{"@type":"ImageObject","inLanguage":"es","@id":"https:\/\/perpignan.alfmed.com\/es\/actualites\/ce-quil-sest-passe-en-aout-a-alfmed\/#primaryimage","url":"https:\/\/perpignan.alfmed.com\/wp-content\/uploads\/2023\/09\/1.png","contentUrl":"https:\/\/perpignan.alfmed.com\/wp-content\/uploads\/2023\/09\/1.png","width":1200,"height":1500},{"@type":"BreadcrumbList","@id":"https:\/\/perpignan.alfmed.com\/es\/actualites\/ce-quil-sest-passe-en-aout-a-alfmed\/#breadcrumb","itemListElement":[{"@type":"ListItem","position":1,"name":"Home","item":"https:\/\/perpignan.alfmed.com\/es\/"},{"@type":"ListItem","position":2,"name":"Ce qu&#8217;il s&#8217;est pass\u00e9 en Ao\u00fbt \u00e0 ALFMED"}]},{"@type":"WebSite","@id":"https:\/\/perpignan.alfmed.com\/es\/#website","url":"https:\/\/perpignan.alfmed.com\/es\/","name":"Alfmed","description":"EXPERTS EN LANGUES &amp; PROJETS EUROP\u00c9ENS","potentialAction":[{"@type":"SearchAction","target":{"@type":"EntryPoint","urlTemplate":"https:\/\/perpignan.alfmed.com\/es\/?s={search_term_string}"},"query-input":{"@type":"PropertyValueSpecification","valueRequired":true,"valueName":"search_term_string"}}],"inLanguage":"es"},{"@type":"Person","@id":"https:\/\/perpignan.alfmed.com\/es\/#\/schema\/person\/6718591f6785449d8fc528d9ad3cf52d","name":"Alfmed","url":"https:\/\/perpignan.alfmed.com\/es\/author\/admalfmed\/"}]}},"_links":{"self":[{"href":"https:\/\/perpignan.alfmed.com\/es\/wp-json\/wp\/v2\/posts\/15525","targetHints":{"allow":["GET"]}}],"collection":[{"href":"https:\/\/perpignan.alfmed.com\/es\/wp-json\/wp\/v2\/posts"}],"about":[{"href":"https:\/\/perpignan.alfmed.com\/es\/wp-json\/wp\/v2\/types\/post"}],"author":[{"embeddable":true,"href":"https:\/\/perpignan.alfmed.com\/es\/wp-json\/wp\/v2\/users\/3"}],"replies":[{"embeddable":true,"href":"https:\/\/perpignan.alfmed.com\/es\/wp-json\/wp\/v2\/comments?post=15525"}],"version-history":[{"count":3,"href":"https:\/\/perpignan.alfmed.com\/es\/wp-json\/wp\/v2\/posts\/15525\/revisions"}],"predecessor-version":[{"id":15547,"href":"https:\/\/perpignan.alfmed.com\/es\/wp-json\/wp\/v2\/posts\/15525\/revisions\/15547"}],"wp:featuredmedia":[{"embeddable":true,"href":"https:\/\/perpignan.alfmed.com\/es\/wp-json\/wp\/v2\/media\/15529"}],"wp:attachment":[{"href":"https:\/\/perpignan.alfmed.com\/es\/wp-json\/wp\/v2\/media?parent=15525"}],"wp:term":[{"taxonomy":"category","embeddable":true,"href":"https:\/\/perpignan.alfmed.com\/es\/wp-json\/wp\/v2\/categories?post=15525"},{"taxonomy":"post_tag","embeddable":true,"href":"https:\/\/perpignan.alfmed.com\/es\/wp-json\/wp\/v2\/tags?post=15525"}],"curies":[{"name":"wp","href":"https:\/\/api.w.org\/{rel}","templated":true}]}}