{"id":15335,"date":"2024-08-31T10:35:41","date_gmt":"2024-08-31T09:35:41","guid":{"rendered":"https:\/\/perpignan.alfmed.com\/?p=15335"},"modified":"2024-10-22T14:59:55","modified_gmt":"2024-10-22T13:59:55","slug":"alfmed-partenaire-du-festival-international-de-photojournalisme-visa-pour-limage","status":"publish","type":"post","link":"https:\/\/perpignan.alfmed.com\/es\/entreprises\/alfmed-partenaire-du-festival-international-de-photojournalisme-visa-pour-limage\/","title":{"rendered":"ALFMED partenaire du Festival International de Photojournalisme VISA pour l&#8217;Image"},"content":{"rendered":"<p>Chaque ann\u00e9e, le <a href=\"https:\/\/www.visapourlimage.com\/\">Festival International de Photojournalisme VISA<\/a> pour l&#8217;Image illumine notre ville de Perpignan en apportant au premier plan des histoires captivantes captur\u00e9es \u00e0 travers l&#8217;objectif de photojournalistes renomm\u00e9s du monde entier. Au c\u0153ur de cet \u00e9v\u00e9nement incontournable se trouve un partenariat significatif : le n\u00f4tre, celui entre ALFMED, notre \u00e9cole de langues, et le festival qui incarne le pouvoir des images et des narrations visuelles.<\/p>\n<p><strong>Int\u00e9gration des Erasmus : Un \u00c9change Culturel au Service de l&#8217;\u00c9ducation<\/strong><\/p>\n<p>Une des caract\u00e9ristiques distinctives de notre collaboration r\u00e9side dans l<strong>&#8216;int\u00e9gration de quatre \u00e9tudiantes Erasmus Italiennes<\/strong> au sein de l&#8217;\u00e9quipe du festival. Chaque ann\u00e9e, des \u00e9tudiants participent activement \u00e0 l&#8217;\u00e9v\u00e9nement, apportant leurs perspectives uniques et leurs connaissance linguistiques.<\/p>\n<p><strong>Un Soutien Engag\u00e9 en Tant que Partenaire Officiel<\/strong><\/p>\n<p>En tant que partenaire officiel du Festival VISA pour l&#8217;Image, nous d\u00e9montrons notre soutien envers les arts visuels et la narration photographique en tant que moyens puissants pour transmettre des histoires et des \u00e9motions. Cette relation t\u00e9moigne de notre engagement envers l&#8217;\u00e9v\u00e9nement et contribue \u00e0 son renom international.<\/p>\n<p><strong>Exp\u00e9rience Culturelle Enrichissante : La Visite de VISA<\/strong><\/p>\n<p>En plus de notre r\u00f4le en tant que partenaire, nous organisons une exp\u00e9rience unique pour nos \u00e9tudiants Erasmus et ceux qui apprennent le fran\u00e7ais en tant que langue \u00e9trang\u00e8re. Une <strong>visite guid\u00e9e sp\u00e9ciale<\/strong> du festival, adapt\u00e9e \u00e0 la fois \u00e0 la langue fran\u00e7aise et aux sensibilit\u00e9s culturelles des participants, est organis\u00e9e. Cette immersion dans le monde du photojournalisme offre aux \u00e9tudiants une occasion de d\u00e9couvrir des perspectives nouvelles et d&#8217;\u00e9largir leurs horizons culturels. Cette ann\u00e9e en 2024 : nous avons fait d\u00e9couvrir le Festival \u00e0 plus de 50 \u00e9tudiants ERASMUS+ venus de toute l&#8217;Europe : Italie &#8211; Allemagne &#8211; Finlande &#8211; Belgique &#8211; Espagne &#8211; Irlande &#8211; Malte<\/p>\n<p><strong>Privil\u00e8ges pour les \u00c9tudiants et les Partenaires<\/strong><\/p>\n<p>En qualit\u00e9 de partenaires, nous disposons d&#8217;<strong>invitations sp\u00e9ciales<\/strong> pour les projections et les cocktails organis\u00e9s lors du festival. Ces invitations sont un pr\u00e9cieux avantage offert aux entreprises clientes et aux partenaires d&#8217;ALFMED. C&#8217;est une occasion unique pour les professionnels et les entreprises de s&#8217;engager dans le monde de la photographie documentaire et de nouer des relations dans un cadre inspirant.<\/p>\n<p><strong>Un Engagement Durable<\/strong><\/p>\n<p>Notre engagement envers le Festival VISA pour l&#8217;Image ne se limite pas \u00e0 une simple collaboration annuelle. C&#8217;est une relation qui refl\u00e8te notre passion commune pour l&#8217;<strong>\u00e9ducation, la culture et l&#8217;ouverture au monde.<\/strong>\u00a0Nous continuons d&#8217;innover, d&#8217;int\u00e9grer de nouvelles perspectives et de renforcer ce lien entre l&#8217;\u00e9ducation linguistique et les arts visuels.<\/p>\n<p>&nbsp;<\/p>\n<h2><a href=\"https:\/\/perpignan.alfmed.com\/scolaire\/stages-vacances-scolaires\/stage-english-inside-out\/\">D\u00e9couvrez nos programmes Anglais &#8211; Arts pour les jeunes<\/a><\/h2>\n<p>&nbsp;<\/p>\n<p><img loading=\"lazy\" decoding=\"async\" class=\"aligncenter wp-image-15383 size-full\" src=\"https:\/\/perpignan.alfmed.com\/wp-content\/uploads\/2023\/08\/WhatsApp-Image-202d-09-05-a-09.53.05.jpg\" alt=\"\" width=\"1024\" height=\"768\" srcset=\"https:\/\/perpignan.alfmed.com\/wp-content\/uploads\/2023\/08\/WhatsApp-Image-202d-09-05-a-09.53.05.jpg 1024w, https:\/\/perpignan.alfmed.com\/wp-content\/uploads\/2023\/08\/WhatsApp-Image-202d-09-05-a-09.53.05-980x735.jpg 980w, https:\/\/perpignan.alfmed.com\/wp-content\/uploads\/2023\/08\/WhatsApp-Image-202d-09-05-a-09.53.05-480x360.jpg 480w\" sizes=\"(min-width: 0px) and (max-width: 480px) 480px, (min-width: 481px) and (max-width: 980px) 980px, (min-width: 981px) 1024px, 100vw\" \/><\/p>\n<p>&nbsp;<\/p>\n<p><img loading=\"lazy\" decoding=\"async\" class=\"aligncenter wp-image-15388 size-full\" src=\"https:\/\/perpignan.alfmed.com\/wp-content\/uploads\/2023\/08\/WhatsApp-Image-2023-09-0s5-a-09.53.06.jpg\" alt=\"\" width=\"1024\" height=\"768\" srcset=\"https:\/\/perpignan.alfmed.com\/wp-content\/uploads\/2023\/08\/WhatsApp-Image-2023-09-0s5-a-09.53.06.jpg 1024w, https:\/\/perpignan.alfmed.com\/wp-content\/uploads\/2023\/08\/WhatsApp-Image-2023-09-0s5-a-09.53.06-980x735.jpg 980w, https:\/\/perpignan.alfmed.com\/wp-content\/uploads\/2023\/08\/WhatsApp-Image-2023-09-0s5-a-09.53.06-480x360.jpg 480w\" sizes=\"(min-width: 0px) and (max-width: 480px) 480px, (min-width: 481px) and (max-width: 980px) 980px, (min-width: 981px) 1024px, 100vw\" \/><\/p>\n","protected":false},"excerpt":{"rendered":"<p>Chaque ann\u00e9e, le Festival International de Photojournalisme VISA pour l&#8217;Image illumine notre ville de Perpignan en apportant au premier plan des histoires captivantes captur\u00e9es \u00e0 travers l&#8217;objectif de photojournalistes renomm\u00e9s du monde entier. Au c\u0153ur de cet \u00e9v\u00e9nement incontournable se trouve un partenariat significatif : le n\u00f4tre, celui entre ALFMED, notre \u00e9cole de langues, et [&hellip;]<\/p>\n","protected":false},"author":3,"featured_media":15345,"comment_status":"closed","ping_status":"closed","sticky":false,"template":"","format":"standard","meta":{"_acf_changed":false,"_et_pb_use_builder":"","_et_pb_old_content":"","_et_gb_content_width":"","footnotes":""},"categories":[31,33],"tags":[],"class_list":["post-15335","post","type-post","status-publish","format-standard","has-post-thumbnail","hentry","category-entreprises","category-erasmus"],"acf":[],"yoast_head":"<!-- This site is optimized with the Yoast SEO plugin v27.5 - https:\/\/yoast.com\/product\/yoast-seo-wordpress\/ -->\n<title>ALFMED partenaire du Festival International de Photojournalisme VISA pour l&#039;Image - Alfmed<\/title>\n<meta name=\"description\" content=\"Chaque ann\u00e9e, ALFMED est partenaire du Festival International de Photojournalisme VISA pour l&#039;Image dans la ville de Perpignan\" \/>\n<meta name=\"robots\" content=\"index, follow, max-snippet:-1, max-image-preview:large, max-video-preview:-1\" \/>\n<link rel=\"canonical\" href=\"https:\/\/perpignan.alfmed.com\/es\/entreprises\/alfmed-partenaire-du-festival-international-de-photojournalisme-visa-pour-limage\/\" \/>\n<meta property=\"og:locale\" content=\"es_ES\" \/>\n<meta property=\"og:type\" content=\"article\" \/>\n<meta property=\"og:title\" content=\"ALFMED partenaire du Festival International de Photojournalisme VISA pour l&#039;Image - Alfmed\" \/>\n<meta property=\"og:description\" content=\"Chaque ann\u00e9e, ALFMED est partenaire du Festival International de Photojournalisme VISA pour l&#039;Image dans la ville de Perpignan\" \/>\n<meta property=\"og:url\" content=\"https:\/\/perpignan.alfmed.com\/es\/entreprises\/alfmed-partenaire-du-festival-international-de-photojournalisme-visa-pour-limage\/\" \/>\n<meta property=\"og:site_name\" content=\"Alfmed\" \/>\n<meta property=\"article:published_time\" content=\"2024-08-31T09:35:41+00:00\" \/>\n<meta property=\"article:modified_time\" content=\"2024-10-22T13:59:55+00:00\" \/>\n<meta property=\"og:image\" content=\"https:\/\/perpignan.alfmed.com\/wp-content\/uploads\/2023\/08\/closed-1-1.png\" \/>\n\t<meta property=\"og:image:width\" content=\"1080\" \/>\n\t<meta property=\"og:image:height\" content=\"1080\" \/>\n\t<meta property=\"og:image:type\" content=\"image\/png\" \/>\n<meta name=\"author\" content=\"Alfmed\" \/>\n<meta name=\"twitter:card\" content=\"summary_large_image\" \/>\n<script type=\"application\/ld+json\" class=\"yoast-schema-graph\">{\"@context\":\"https:\\\/\\\/schema.org\",\"@graph\":[{\"@type\":\"Article\",\"@id\":\"https:\\\/\\\/perpignan.alfmed.com\\\/es\\\/entreprises\\\/alfmed-partenaire-du-festival-international-de-photojournalisme-visa-pour-limage\\\/#article\",\"isPartOf\":{\"@id\":\"https:\\\/\\\/perpignan.alfmed.com\\\/es\\\/entreprises\\\/alfmed-partenaire-du-festival-international-de-photojournalisme-visa-pour-limage\\\/\"},\"author\":{\"name\":\"Alfmed\",\"@id\":\"https:\\\/\\\/perpignan.alfmed.com\\\/es\\\/#\\\/schema\\\/person\\\/6718591f6785449d8fc528d9ad3cf52d\"},\"headline\":\"ALFMED partenaire du Festival International de Photojournalisme VISA pour l&#8217;Image\",\"datePublished\":\"2024-08-31T09:35:41+00:00\",\"dateModified\":\"2024-10-22T13:59:55+00:00\",\"mainEntityOfPage\":{\"@id\":\"https:\\\/\\\/perpignan.alfmed.com\\\/es\\\/entreprises\\\/alfmed-partenaire-du-festival-international-de-photojournalisme-visa-pour-limage\\\/\"},\"wordCount\":475,\"image\":{\"@id\":\"https:\\\/\\\/perpignan.alfmed.com\\\/es\\\/entreprises\\\/alfmed-partenaire-du-festival-international-de-photojournalisme-visa-pour-limage\\\/#primaryimage\"},\"thumbnailUrl\":\"https:\\\/\\\/perpignan.alfmed.com\\\/wp-content\\\/uploads\\\/2023\\\/08\\\/closed-1-1.png\",\"articleSection\":[\"Entreprises\",\"Erasmus\"],\"inLanguage\":\"es\"},{\"@type\":\"WebPage\",\"@id\":\"https:\\\/\\\/perpignan.alfmed.com\\\/es\\\/entreprises\\\/alfmed-partenaire-du-festival-international-de-photojournalisme-visa-pour-limage\\\/\",\"url\":\"https:\\\/\\\/perpignan.alfmed.com\\\/es\\\/entreprises\\\/alfmed-partenaire-du-festival-international-de-photojournalisme-visa-pour-limage\\\/\",\"name\":\"ALFMED partenaire du Festival International de Photojournalisme VISA pour l'Image - Alfmed\",\"isPartOf\":{\"@id\":\"https:\\\/\\\/perpignan.alfmed.com\\\/es\\\/#website\"},\"primaryImageOfPage\":{\"@id\":\"https:\\\/\\\/perpignan.alfmed.com\\\/es\\\/entreprises\\\/alfmed-partenaire-du-festival-international-de-photojournalisme-visa-pour-limage\\\/#primaryimage\"},\"image\":{\"@id\":\"https:\\\/\\\/perpignan.alfmed.com\\\/es\\\/entreprises\\\/alfmed-partenaire-du-festival-international-de-photojournalisme-visa-pour-limage\\\/#primaryimage\"},\"thumbnailUrl\":\"https:\\\/\\\/perpignan.alfmed.com\\\/wp-content\\\/uploads\\\/2023\\\/08\\\/closed-1-1.png\",\"datePublished\":\"2024-08-31T09:35:41+00:00\",\"dateModified\":\"2024-10-22T13:59:55+00:00\",\"author\":{\"@id\":\"https:\\\/\\\/perpignan.alfmed.com\\\/es\\\/#\\\/schema\\\/person\\\/6718591f6785449d8fc528d9ad3cf52d\"},\"description\":\"Chaque ann\u00e9e, ALFMED est partenaire du Festival International de Photojournalisme VISA pour l'Image dans la ville de Perpignan\",\"breadcrumb\":{\"@id\":\"https:\\\/\\\/perpignan.alfmed.com\\\/es\\\/entreprises\\\/alfmed-partenaire-du-festival-international-de-photojournalisme-visa-pour-limage\\\/#breadcrumb\"},\"inLanguage\":\"es\",\"potentialAction\":[{\"@type\":\"ReadAction\",\"target\":[\"https:\\\/\\\/perpignan.alfmed.com\\\/es\\\/entreprises\\\/alfmed-partenaire-du-festival-international-de-photojournalisme-visa-pour-limage\\\/\"]}]},{\"@type\":\"ImageObject\",\"inLanguage\":\"es\",\"@id\":\"https:\\\/\\\/perpignan.alfmed.com\\\/es\\\/entreprises\\\/alfmed-partenaire-du-festival-international-de-photojournalisme-visa-pour-limage\\\/#primaryimage\",\"url\":\"https:\\\/\\\/perpignan.alfmed.com\\\/wp-content\\\/uploads\\\/2023\\\/08\\\/closed-1-1.png\",\"contentUrl\":\"https:\\\/\\\/perpignan.alfmed.com\\\/wp-content\\\/uploads\\\/2023\\\/08\\\/closed-1-1.png\",\"width\":1080,\"height\":1080},{\"@type\":\"BreadcrumbList\",\"@id\":\"https:\\\/\\\/perpignan.alfmed.com\\\/es\\\/entreprises\\\/alfmed-partenaire-du-festival-international-de-photojournalisme-visa-pour-limage\\\/#breadcrumb\",\"itemListElement\":[{\"@type\":\"ListItem\",\"position\":1,\"name\":\"Home\",\"item\":\"https:\\\/\\\/perpignan.alfmed.com\\\/es\\\/\"},{\"@type\":\"ListItem\",\"position\":2,\"name\":\"ALFMED partenaire du Festival International de Photojournalisme VISA pour l&#8217;Image\"}]},{\"@type\":\"WebSite\",\"@id\":\"https:\\\/\\\/perpignan.alfmed.com\\\/es\\\/#website\",\"url\":\"https:\\\/\\\/perpignan.alfmed.com\\\/es\\\/\",\"name\":\"Alfmed\",\"description\":\"EXPERTS EN LANGUES &amp; PROJETS EUROP\u00c9ENS\",\"potentialAction\":[{\"@type\":\"SearchAction\",\"target\":{\"@type\":\"EntryPoint\",\"urlTemplate\":\"https:\\\/\\\/perpignan.alfmed.com\\\/es\\\/?s={search_term_string}\"},\"query-input\":{\"@type\":\"PropertyValueSpecification\",\"valueRequired\":true,\"valueName\":\"search_term_string\"}}],\"inLanguage\":\"es\"},{\"@type\":\"Person\",\"@id\":\"https:\\\/\\\/perpignan.alfmed.com\\\/es\\\/#\\\/schema\\\/person\\\/6718591f6785449d8fc528d9ad3cf52d\",\"name\":\"Alfmed\",\"url\":\"https:\\\/\\\/perpignan.alfmed.com\\\/es\\\/author\\\/admalfmed\\\/\"}]}<\/script>\n<!-- \/ Yoast SEO plugin. -->","yoast_head_json":{"title":"ALFMED partenaire du Festival International de Photojournalisme VISA pour l'Image - Alfmed","description":"Chaque ann\u00e9e, ALFMED est partenaire du Festival International de Photojournalisme VISA pour l'Image dans la ville de Perpignan","robots":{"index":"index","follow":"follow","max-snippet":"max-snippet:-1","max-image-preview":"max-image-preview:large","max-video-preview":"max-video-preview:-1"},"canonical":"https:\/\/perpignan.alfmed.com\/es\/entreprises\/alfmed-partenaire-du-festival-international-de-photojournalisme-visa-pour-limage\/","og_locale":"es_ES","og_type":"article","og_title":"ALFMED partenaire du Festival International de Photojournalisme VISA pour l'Image - Alfmed","og_description":"Chaque ann\u00e9e, ALFMED est partenaire du Festival International de Photojournalisme VISA pour l'Image dans la ville de Perpignan","og_url":"https:\/\/perpignan.alfmed.com\/es\/entreprises\/alfmed-partenaire-du-festival-international-de-photojournalisme-visa-pour-limage\/","og_site_name":"Alfmed","article_published_time":"2024-08-31T09:35:41+00:00","article_modified_time":"2024-10-22T13:59:55+00:00","og_image":[{"width":1080,"height":1080,"url":"https:\/\/perpignan.alfmed.com\/wp-content\/uploads\/2023\/08\/closed-1-1.png","type":"image\/png"}],"author":"Alfmed","twitter_card":"summary_large_image","schema":{"@context":"https:\/\/schema.org","@graph":[{"@type":"Article","@id":"https:\/\/perpignan.alfmed.com\/es\/entreprises\/alfmed-partenaire-du-festival-international-de-photojournalisme-visa-pour-limage\/#article","isPartOf":{"@id":"https:\/\/perpignan.alfmed.com\/es\/entreprises\/alfmed-partenaire-du-festival-international-de-photojournalisme-visa-pour-limage\/"},"author":{"name":"Alfmed","@id":"https:\/\/perpignan.alfmed.com\/es\/#\/schema\/person\/6718591f6785449d8fc528d9ad3cf52d"},"headline":"ALFMED partenaire du Festival International de Photojournalisme VISA pour l&#8217;Image","datePublished":"2024-08-31T09:35:41+00:00","dateModified":"2024-10-22T13:59:55+00:00","mainEntityOfPage":{"@id":"https:\/\/perpignan.alfmed.com\/es\/entreprises\/alfmed-partenaire-du-festival-international-de-photojournalisme-visa-pour-limage\/"},"wordCount":475,"image":{"@id":"https:\/\/perpignan.alfmed.com\/es\/entreprises\/alfmed-partenaire-du-festival-international-de-photojournalisme-visa-pour-limage\/#primaryimage"},"thumbnailUrl":"https:\/\/perpignan.alfmed.com\/wp-content\/uploads\/2023\/08\/closed-1-1.png","articleSection":["Entreprises","Erasmus"],"inLanguage":"es"},{"@type":"WebPage","@id":"https:\/\/perpignan.alfmed.com\/es\/entreprises\/alfmed-partenaire-du-festival-international-de-photojournalisme-visa-pour-limage\/","url":"https:\/\/perpignan.alfmed.com\/es\/entreprises\/alfmed-partenaire-du-festival-international-de-photojournalisme-visa-pour-limage\/","name":"ALFMED partenaire du Festival International de Photojournalisme VISA pour l'Image - Alfmed","isPartOf":{"@id":"https:\/\/perpignan.alfmed.com\/es\/#website"},"primaryImageOfPage":{"@id":"https:\/\/perpignan.alfmed.com\/es\/entreprises\/alfmed-partenaire-du-festival-international-de-photojournalisme-visa-pour-limage\/#primaryimage"},"image":{"@id":"https:\/\/perpignan.alfmed.com\/es\/entreprises\/alfmed-partenaire-du-festival-international-de-photojournalisme-visa-pour-limage\/#primaryimage"},"thumbnailUrl":"https:\/\/perpignan.alfmed.com\/wp-content\/uploads\/2023\/08\/closed-1-1.png","datePublished":"2024-08-31T09:35:41+00:00","dateModified":"2024-10-22T13:59:55+00:00","author":{"@id":"https:\/\/perpignan.alfmed.com\/es\/#\/schema\/person\/6718591f6785449d8fc528d9ad3cf52d"},"description":"Chaque ann\u00e9e, ALFMED est partenaire du Festival International de Photojournalisme VISA pour l'Image dans la ville de Perpignan","breadcrumb":{"@id":"https:\/\/perpignan.alfmed.com\/es\/entreprises\/alfmed-partenaire-du-festival-international-de-photojournalisme-visa-pour-limage\/#breadcrumb"},"inLanguage":"es","potentialAction":[{"@type":"ReadAction","target":["https:\/\/perpignan.alfmed.com\/es\/entreprises\/alfmed-partenaire-du-festival-international-de-photojournalisme-visa-pour-limage\/"]}]},{"@type":"ImageObject","inLanguage":"es","@id":"https:\/\/perpignan.alfmed.com\/es\/entreprises\/alfmed-partenaire-du-festival-international-de-photojournalisme-visa-pour-limage\/#primaryimage","url":"https:\/\/perpignan.alfmed.com\/wp-content\/uploads\/2023\/08\/closed-1-1.png","contentUrl":"https:\/\/perpignan.alfmed.com\/wp-content\/uploads\/2023\/08\/closed-1-1.png","width":1080,"height":1080},{"@type":"BreadcrumbList","@id":"https:\/\/perpignan.alfmed.com\/es\/entreprises\/alfmed-partenaire-du-festival-international-de-photojournalisme-visa-pour-limage\/#breadcrumb","itemListElement":[{"@type":"ListItem","position":1,"name":"Home","item":"https:\/\/perpignan.alfmed.com\/es\/"},{"@type":"ListItem","position":2,"name":"ALFMED partenaire du Festival International de Photojournalisme VISA pour l&#8217;Image"}]},{"@type":"WebSite","@id":"https:\/\/perpignan.alfmed.com\/es\/#website","url":"https:\/\/perpignan.alfmed.com\/es\/","name":"Alfmed","description":"EXPERTS EN LANGUES &amp; PROJETS EUROP\u00c9ENS","potentialAction":[{"@type":"SearchAction","target":{"@type":"EntryPoint","urlTemplate":"https:\/\/perpignan.alfmed.com\/es\/?s={search_term_string}"},"query-input":{"@type":"PropertyValueSpecification","valueRequired":true,"valueName":"search_term_string"}}],"inLanguage":"es"},{"@type":"Person","@id":"https:\/\/perpignan.alfmed.com\/es\/#\/schema\/person\/6718591f6785449d8fc528d9ad3cf52d","name":"Alfmed","url":"https:\/\/perpignan.alfmed.com\/es\/author\/admalfmed\/"}]}},"_links":{"self":[{"href":"https:\/\/perpignan.alfmed.com\/es\/wp-json\/wp\/v2\/posts\/15335","targetHints":{"allow":["GET"]}}],"collection":[{"href":"https:\/\/perpignan.alfmed.com\/es\/wp-json\/wp\/v2\/posts"}],"about":[{"href":"https:\/\/perpignan.alfmed.com\/es\/wp-json\/wp\/v2\/types\/post"}],"author":[{"embeddable":true,"href":"https:\/\/perpignan.alfmed.com\/es\/wp-json\/wp\/v2\/users\/3"}],"replies":[{"embeddable":true,"href":"https:\/\/perpignan.alfmed.com\/es\/wp-json\/wp\/v2\/comments?post=15335"}],"version-history":[{"count":4,"href":"https:\/\/perpignan.alfmed.com\/es\/wp-json\/wp\/v2\/posts\/15335\/revisions"}],"predecessor-version":[{"id":19731,"href":"https:\/\/perpignan.alfmed.com\/es\/wp-json\/wp\/v2\/posts\/15335\/revisions\/19731"}],"wp:featuredmedia":[{"embeddable":true,"href":"https:\/\/perpignan.alfmed.com\/es\/wp-json\/wp\/v2\/media\/15345"}],"wp:attachment":[{"href":"https:\/\/perpignan.alfmed.com\/es\/wp-json\/wp\/v2\/media?parent=15335"}],"wp:term":[{"taxonomy":"category","embeddable":true,"href":"https:\/\/perpignan.alfmed.com\/es\/wp-json\/wp\/v2\/categories?post=15335"},{"taxonomy":"post_tag","embeddable":true,"href":"https:\/\/perpignan.alfmed.com\/es\/wp-json\/wp\/v2\/tags?post=15335"}],"curies":[{"name":"wp","href":"https:\/\/api.w.org\/{rel}","templated":true}]}}