{"id":15009,"date":"2023-08-23T10:23:42","date_gmt":"2023-08-23T10:23:42","guid":{"rendered":"https:\/\/perpignan.alfmed.com\/?p=15009"},"modified":"2023-09-08T08:47:33","modified_gmt":"2023-09-08T08:47:33","slug":"erasmus-days-2023","status":"publish","type":"post","link":"https:\/\/perpignan.alfmed.com\/es\/actualites\/erasmus-days-2023\/","title":{"rendered":"Erasmus Days 2023"},"content":{"rendered":"<p>Les<a href=\"https:\/\/agence.erasmusplus.fr\/evenements\/erasmusdays-2023\/\"> Erasmus Days<\/a>, c&#8217;est LA f\u00eate \u00e9ducative \u00e0 ne pas manquer ! Chaque ann\u00e9e, on r\u00e9unit les \u00e9l\u00e8ves des lyc\u00e9es Jean Lur\u00e7at et Pablo Picasso, des professeurs, des \u00e9tudiants Erasmus et des passionn\u00e9s d&#8217;aventures internationales.<\/p>\n<p>Cet \u00e9v\u00e9nement illustre l&#8217;impact du <strong>programme Erasmus+<\/strong> pour les jeunes et met en lumi\u00e8re les <strong>b\u00e9n\u00e9fices de la mobilit\u00e9<\/strong>. Pendant les Erasmus Days, des conf\u00e9rences, des questions\/r\u00e9ponses avec nos \u00e9tudiants Erasmus pr\u00e9sents sur place et des activit\u00e9s diverses sont organis\u00e9s pour promouvoir les opportunit\u00e9s de mobilit\u00e9.<\/p>\n<p><strong><em>Envie d&#8217;explorer le monde? de rencontrer des nouvelles t\u00eates? de voir ce qui se passe ailleurs ? les Erasmus Days sont faits pour toi ! \ud83c\udf0d\ud83c\udf89<\/em><\/strong><\/p>\n<h3><strong>Rendez-vous :<\/strong><\/h3>\n<ul>\n<li><strong style=\"color: #333333;font-size: 22px\">mercredi 11 octobre 2023 \u00e0 ALFMED \u00e0 18h<\/strong><\/li>\n<li><strong style=\"color: #333333;font-size: 22px\">jeudi 12 octobre 2023 au Lyc\u00e9e Pablo Picasso<\/strong><\/li>\n<li><strong style=\"color: #333333;font-size: 22px\">vendredi 13 octobre 2023 au Lyc\u00e9e Jean Lur\u00e7at\u00a0<\/strong><\/li>\n<\/ul>\n<p>&nbsp;<\/p>\n<p><a href=\"https:\/\/www.facebook.com\/alfmedperpignan\"><em>Suivez-nous sur nos r\u00e9seaux pour avoir plus de d\u00e9tails sur les \u00e9v\u00e8nements pr\u00e9vus !<\/em><\/a><\/p>\n<p><img loading=\"lazy\" decoding=\"async\" class=\"aligncenter wp-image-15011 size-large\" src=\"https:\/\/perpignan.alfmed.com\/wp-content\/uploads\/2023\/08\/erasmusdays-13102022-5-1024x768.jpg\" alt=\"\" width=\"1024\" height=\"768\" srcset=\"https:\/\/perpignan.alfmed.com\/wp-content\/uploads\/2023\/08\/erasmusdays-13102022-5-980x735.jpg 980w, https:\/\/perpignan.alfmed.com\/wp-content\/uploads\/2023\/08\/erasmusdays-13102022-5-480x360.jpg 480w\" sizes=\"(min-width: 0px) and (max-width: 480px) 480px, (min-width: 481px) and (max-width: 980px) 980px, (min-width: 981px) 1024px, 100vw\" \/><\/p>\n<p><img loading=\"lazy\" decoding=\"async\" class=\"aligncenter wp-image-3318 size-large\" src=\"https:\/\/perpignan.alfmed.com\/wp-content\/uploads\/2022\/02\/zz-768x1024.jpg\" alt=\"\" width=\"768\" height=\"1024\" \/><\/p>\n<p><img loading=\"lazy\" decoding=\"async\" class=\"aligncenter wp-image-15087 size-large\" src=\"https:\/\/perpignan.alfmed.com\/wp-content\/uploads\/2023\/08\/erasmusdays-13102022-23-1024x768.jpg\" alt=\"\" width=\"1024\" height=\"768\" srcset=\"https:\/\/perpignan.alfmed.com\/wp-content\/uploads\/2023\/08\/erasmusdays-13102022-23-980x735.jpg 980w, https:\/\/perpignan.alfmed.com\/wp-content\/uploads\/2023\/08\/erasmusdays-13102022-23-480x360.jpg 480w\" sizes=\"(min-width: 0px) and (max-width: 480px) 480px, (min-width: 481px) and (max-width: 980px) 980px, (min-width: 981px) 1024px, 100vw\" \/><\/p>\n<p><img loading=\"lazy\" decoding=\"async\" class=\"wp-image-15055 size-large aligncenter\" src=\"https:\/\/perpignan.alfmed.com\/wp-content\/uploads\/2023\/08\/erasmusdays-13102022-16-1024x768.jpg\" alt=\"\" width=\"1024\" height=\"768\" srcset=\"https:\/\/perpignan.alfmed.com\/wp-content\/uploads\/2023\/08\/erasmusdays-13102022-16-980x735.jpg 980w, https:\/\/perpignan.alfmed.com\/wp-content\/uploads\/2023\/08\/erasmusdays-13102022-16-480x360.jpg 480w\" sizes=\"(min-width: 0px) and (max-width: 480px) 480px, (min-width: 481px) and (max-width: 980px) 980px, (min-width: 981px) 1024px, 100vw\" \/><\/p>\n","protected":false},"excerpt":{"rendered":"<p>Les Erasmus Days, c&#8217;est LA f\u00eate \u00e9ducative \u00e0 ne pas manquer ! Chaque ann\u00e9e, on r\u00e9unit les \u00e9l\u00e8ves des lyc\u00e9es Jean Lur\u00e7at et Pablo Picasso, des professeurs, des \u00e9tudiants Erasmus et des passionn\u00e9s d&#8217;aventures internationales. Cet \u00e9v\u00e9nement illustre l&#8217;impact du programme Erasmus+ pour les jeunes et met en lumi\u00e8re les b\u00e9n\u00e9fices de la mobilit\u00e9. Pendant [&hellip;]<\/p>\n","protected":false},"author":3,"featured_media":15063,"comment_status":"closed","ping_status":"closed","sticky":false,"template":"","format":"standard","meta":{"_acf_changed":false,"_et_pb_use_builder":"","_et_pb_old_content":"","_et_gb_content_width":"","footnotes":""},"categories":[130,33],"tags":[],"class_list":["post-15009","post","type-post","status-publish","format-standard","has-post-thumbnail","hentry","category-actualites","category-erasmus"],"acf":[],"yoast_head":"<!-- This site is optimized with the Yoast SEO plugin v27.5 - https:\/\/yoast.com\/product\/yoast-seo-wordpress\/ -->\n<title>Erasmus Days 2023 - Alfmed<\/title>\n<meta name=\"description\" content=\"Retrouvez les Erasmus Days \u00e0 Perpignan avec ALFMED, un \u00e9v\u00e8nement qui illustre l&#039;impact du programme Erasmus+ pour les jeunes\" \/>\n<meta name=\"robots\" content=\"index, follow, max-snippet:-1, max-image-preview:large, max-video-preview:-1\" \/>\n<link rel=\"canonical\" href=\"https:\/\/perpignan.alfmed.com\/es\/actualites\/erasmus-days-2023\/\" \/>\n<meta property=\"og:locale\" content=\"es_ES\" \/>\n<meta property=\"og:type\" content=\"article\" \/>\n<meta property=\"og:title\" content=\"Erasmus Days 2023 - Alfmed\" \/>\n<meta property=\"og:description\" content=\"Retrouvez les Erasmus Days \u00e0 Perpignan avec ALFMED, un \u00e9v\u00e8nement qui illustre l&#039;impact du programme Erasmus+ pour les jeunes\" \/>\n<meta property=\"og:url\" content=\"https:\/\/perpignan.alfmed.com\/es\/actualites\/erasmus-days-2023\/\" \/>\n<meta property=\"og:site_name\" content=\"Alfmed\" \/>\n<meta property=\"article:published_time\" content=\"2023-08-23T10:23:42+00:00\" \/>\n<meta property=\"article:modified_time\" content=\"2023-09-08T08:47:33+00:00\" \/>\n<meta property=\"og:image\" content=\"https:\/\/perpignan.alfmed.com\/wp-content\/uploads\/2023\/08\/maxresdefault.jpg\" \/>\n\t<meta property=\"og:image:width\" content=\"1280\" \/>\n\t<meta property=\"og:image:height\" content=\"720\" \/>\n\t<meta property=\"og:image:type\" content=\"image\/jpeg\" \/>\n<meta name=\"author\" content=\"Alfmed\" \/>\n<meta name=\"twitter:card\" content=\"summary_large_image\" \/>\n<script type=\"application\/ld+json\" class=\"yoast-schema-graph\">{\"@context\":\"https:\\\/\\\/schema.org\",\"@graph\":[{\"@type\":\"Article\",\"@id\":\"https:\\\/\\\/perpignan.alfmed.com\\\/es\\\/actualites\\\/erasmus-days-2023\\\/#article\",\"isPartOf\":{\"@id\":\"https:\\\/\\\/perpignan.alfmed.com\\\/es\\\/actualites\\\/erasmus-days-2023\\\/\"},\"author\":{\"name\":\"Alfmed\",\"@id\":\"https:\\\/\\\/perpignan.alfmed.com\\\/es\\\/#\\\/schema\\\/person\\\/6718591f6785449d8fc528d9ad3cf52d\"},\"headline\":\"Erasmus Days 2023\",\"datePublished\":\"2023-08-23T10:23:42+00:00\",\"dateModified\":\"2023-09-08T08:47:33+00:00\",\"mainEntityOfPage\":{\"@id\":\"https:\\\/\\\/perpignan.alfmed.com\\\/es\\\/actualites\\\/erasmus-days-2023\\\/\"},\"wordCount\":165,\"image\":{\"@id\":\"https:\\\/\\\/perpignan.alfmed.com\\\/es\\\/actualites\\\/erasmus-days-2023\\\/#primaryimage\"},\"thumbnailUrl\":\"https:\\\/\\\/perpignan.alfmed.com\\\/wp-content\\\/uploads\\\/2023\\\/08\\\/maxresdefault.jpg\",\"articleSection\":[\"Actualit\u00e9s\",\"Erasmus\"],\"inLanguage\":\"es\"},{\"@type\":\"WebPage\",\"@id\":\"https:\\\/\\\/perpignan.alfmed.com\\\/es\\\/actualites\\\/erasmus-days-2023\\\/\",\"url\":\"https:\\\/\\\/perpignan.alfmed.com\\\/es\\\/actualites\\\/erasmus-days-2023\\\/\",\"name\":\"Erasmus Days 2023 - Alfmed\",\"isPartOf\":{\"@id\":\"https:\\\/\\\/perpignan.alfmed.com\\\/es\\\/#website\"},\"primaryImageOfPage\":{\"@id\":\"https:\\\/\\\/perpignan.alfmed.com\\\/es\\\/actualites\\\/erasmus-days-2023\\\/#primaryimage\"},\"image\":{\"@id\":\"https:\\\/\\\/perpignan.alfmed.com\\\/es\\\/actualites\\\/erasmus-days-2023\\\/#primaryimage\"},\"thumbnailUrl\":\"https:\\\/\\\/perpignan.alfmed.com\\\/wp-content\\\/uploads\\\/2023\\\/08\\\/maxresdefault.jpg\",\"datePublished\":\"2023-08-23T10:23:42+00:00\",\"dateModified\":\"2023-09-08T08:47:33+00:00\",\"author\":{\"@id\":\"https:\\\/\\\/perpignan.alfmed.com\\\/es\\\/#\\\/schema\\\/person\\\/6718591f6785449d8fc528d9ad3cf52d\"},\"description\":\"Retrouvez les Erasmus Days \u00e0 Perpignan avec ALFMED, un \u00e9v\u00e8nement qui illustre l'impact du programme Erasmus+ pour les jeunes\",\"breadcrumb\":{\"@id\":\"https:\\\/\\\/perpignan.alfmed.com\\\/es\\\/actualites\\\/erasmus-days-2023\\\/#breadcrumb\"},\"inLanguage\":\"es\",\"potentialAction\":[{\"@type\":\"ReadAction\",\"target\":[\"https:\\\/\\\/perpignan.alfmed.com\\\/es\\\/actualites\\\/erasmus-days-2023\\\/\"]}]},{\"@type\":\"ImageObject\",\"inLanguage\":\"es\",\"@id\":\"https:\\\/\\\/perpignan.alfmed.com\\\/es\\\/actualites\\\/erasmus-days-2023\\\/#primaryimage\",\"url\":\"https:\\\/\\\/perpignan.alfmed.com\\\/wp-content\\\/uploads\\\/2023\\\/08\\\/maxresdefault.jpg\",\"contentUrl\":\"https:\\\/\\\/perpignan.alfmed.com\\\/wp-content\\\/uploads\\\/2023\\\/08\\\/maxresdefault.jpg\",\"width\":1280,\"height\":720},{\"@type\":\"BreadcrumbList\",\"@id\":\"https:\\\/\\\/perpignan.alfmed.com\\\/es\\\/actualites\\\/erasmus-days-2023\\\/#breadcrumb\",\"itemListElement\":[{\"@type\":\"ListItem\",\"position\":1,\"name\":\"Home\",\"item\":\"https:\\\/\\\/perpignan.alfmed.com\\\/es\\\/\"},{\"@type\":\"ListItem\",\"position\":2,\"name\":\"Erasmus Days 2023\"}]},{\"@type\":\"WebSite\",\"@id\":\"https:\\\/\\\/perpignan.alfmed.com\\\/es\\\/#website\",\"url\":\"https:\\\/\\\/perpignan.alfmed.com\\\/es\\\/\",\"name\":\"Alfmed\",\"description\":\"EXPERTS EN LANGUES &amp; PROJETS EUROP\u00c9ENS\",\"potentialAction\":[{\"@type\":\"SearchAction\",\"target\":{\"@type\":\"EntryPoint\",\"urlTemplate\":\"https:\\\/\\\/perpignan.alfmed.com\\\/es\\\/?s={search_term_string}\"},\"query-input\":{\"@type\":\"PropertyValueSpecification\",\"valueRequired\":true,\"valueName\":\"search_term_string\"}}],\"inLanguage\":\"es\"},{\"@type\":\"Person\",\"@id\":\"https:\\\/\\\/perpignan.alfmed.com\\\/es\\\/#\\\/schema\\\/person\\\/6718591f6785449d8fc528d9ad3cf52d\",\"name\":\"Alfmed\",\"url\":\"https:\\\/\\\/perpignan.alfmed.com\\\/es\\\/author\\\/admalfmed\\\/\"}]}<\/script>\n<!-- \/ Yoast SEO plugin. -->","yoast_head_json":{"title":"Erasmus Days 2023 - Alfmed","description":"Retrouvez les Erasmus Days \u00e0 Perpignan avec ALFMED, un \u00e9v\u00e8nement qui illustre l'impact du programme Erasmus+ pour les jeunes","robots":{"index":"index","follow":"follow","max-snippet":"max-snippet:-1","max-image-preview":"max-image-preview:large","max-video-preview":"max-video-preview:-1"},"canonical":"https:\/\/perpignan.alfmed.com\/es\/actualites\/erasmus-days-2023\/","og_locale":"es_ES","og_type":"article","og_title":"Erasmus Days 2023 - Alfmed","og_description":"Retrouvez les Erasmus Days \u00e0 Perpignan avec ALFMED, un \u00e9v\u00e8nement qui illustre l'impact du programme Erasmus+ pour les jeunes","og_url":"https:\/\/perpignan.alfmed.com\/es\/actualites\/erasmus-days-2023\/","og_site_name":"Alfmed","article_published_time":"2023-08-23T10:23:42+00:00","article_modified_time":"2023-09-08T08:47:33+00:00","og_image":[{"width":1280,"height":720,"url":"https:\/\/perpignan.alfmed.com\/wp-content\/uploads\/2023\/08\/maxresdefault.jpg","type":"image\/jpeg"}],"author":"Alfmed","twitter_card":"summary_large_image","schema":{"@context":"https:\/\/schema.org","@graph":[{"@type":"Article","@id":"https:\/\/perpignan.alfmed.com\/es\/actualites\/erasmus-days-2023\/#article","isPartOf":{"@id":"https:\/\/perpignan.alfmed.com\/es\/actualites\/erasmus-days-2023\/"},"author":{"name":"Alfmed","@id":"https:\/\/perpignan.alfmed.com\/es\/#\/schema\/person\/6718591f6785449d8fc528d9ad3cf52d"},"headline":"Erasmus Days 2023","datePublished":"2023-08-23T10:23:42+00:00","dateModified":"2023-09-08T08:47:33+00:00","mainEntityOfPage":{"@id":"https:\/\/perpignan.alfmed.com\/es\/actualites\/erasmus-days-2023\/"},"wordCount":165,"image":{"@id":"https:\/\/perpignan.alfmed.com\/es\/actualites\/erasmus-days-2023\/#primaryimage"},"thumbnailUrl":"https:\/\/perpignan.alfmed.com\/wp-content\/uploads\/2023\/08\/maxresdefault.jpg","articleSection":["Actualit\u00e9s","Erasmus"],"inLanguage":"es"},{"@type":"WebPage","@id":"https:\/\/perpignan.alfmed.com\/es\/actualites\/erasmus-days-2023\/","url":"https:\/\/perpignan.alfmed.com\/es\/actualites\/erasmus-days-2023\/","name":"Erasmus Days 2023 - Alfmed","isPartOf":{"@id":"https:\/\/perpignan.alfmed.com\/es\/#website"},"primaryImageOfPage":{"@id":"https:\/\/perpignan.alfmed.com\/es\/actualites\/erasmus-days-2023\/#primaryimage"},"image":{"@id":"https:\/\/perpignan.alfmed.com\/es\/actualites\/erasmus-days-2023\/#primaryimage"},"thumbnailUrl":"https:\/\/perpignan.alfmed.com\/wp-content\/uploads\/2023\/08\/maxresdefault.jpg","datePublished":"2023-08-23T10:23:42+00:00","dateModified":"2023-09-08T08:47:33+00:00","author":{"@id":"https:\/\/perpignan.alfmed.com\/es\/#\/schema\/person\/6718591f6785449d8fc528d9ad3cf52d"},"description":"Retrouvez les Erasmus Days \u00e0 Perpignan avec ALFMED, un \u00e9v\u00e8nement qui illustre l'impact du programme Erasmus+ pour les jeunes","breadcrumb":{"@id":"https:\/\/perpignan.alfmed.com\/es\/actualites\/erasmus-days-2023\/#breadcrumb"},"inLanguage":"es","potentialAction":[{"@type":"ReadAction","target":["https:\/\/perpignan.alfmed.com\/es\/actualites\/erasmus-days-2023\/"]}]},{"@type":"ImageObject","inLanguage":"es","@id":"https:\/\/perpignan.alfmed.com\/es\/actualites\/erasmus-days-2023\/#primaryimage","url":"https:\/\/perpignan.alfmed.com\/wp-content\/uploads\/2023\/08\/maxresdefault.jpg","contentUrl":"https:\/\/perpignan.alfmed.com\/wp-content\/uploads\/2023\/08\/maxresdefault.jpg","width":1280,"height":720},{"@type":"BreadcrumbList","@id":"https:\/\/perpignan.alfmed.com\/es\/actualites\/erasmus-days-2023\/#breadcrumb","itemListElement":[{"@type":"ListItem","position":1,"name":"Home","item":"https:\/\/perpignan.alfmed.com\/es\/"},{"@type":"ListItem","position":2,"name":"Erasmus Days 2023"}]},{"@type":"WebSite","@id":"https:\/\/perpignan.alfmed.com\/es\/#website","url":"https:\/\/perpignan.alfmed.com\/es\/","name":"Alfmed","description":"EXPERTS EN LANGUES &amp; PROJETS EUROP\u00c9ENS","potentialAction":[{"@type":"SearchAction","target":{"@type":"EntryPoint","urlTemplate":"https:\/\/perpignan.alfmed.com\/es\/?s={search_term_string}"},"query-input":{"@type":"PropertyValueSpecification","valueRequired":true,"valueName":"search_term_string"}}],"inLanguage":"es"},{"@type":"Person","@id":"https:\/\/perpignan.alfmed.com\/es\/#\/schema\/person\/6718591f6785449d8fc528d9ad3cf52d","name":"Alfmed","url":"https:\/\/perpignan.alfmed.com\/es\/author\/admalfmed\/"}]}},"_links":{"self":[{"href":"https:\/\/perpignan.alfmed.com\/es\/wp-json\/wp\/v2\/posts\/15009","targetHints":{"allow":["GET"]}}],"collection":[{"href":"https:\/\/perpignan.alfmed.com\/es\/wp-json\/wp\/v2\/posts"}],"about":[{"href":"https:\/\/perpignan.alfmed.com\/es\/wp-json\/wp\/v2\/types\/post"}],"author":[{"embeddable":true,"href":"https:\/\/perpignan.alfmed.com\/es\/wp-json\/wp\/v2\/users\/3"}],"replies":[{"embeddable":true,"href":"https:\/\/perpignan.alfmed.com\/es\/wp-json\/wp\/v2\/comments?post=15009"}],"version-history":[{"count":3,"href":"https:\/\/perpignan.alfmed.com\/es\/wp-json\/wp\/v2\/posts\/15009\/revisions"}],"predecessor-version":[{"id":15449,"href":"https:\/\/perpignan.alfmed.com\/es\/wp-json\/wp\/v2\/posts\/15009\/revisions\/15449"}],"wp:featuredmedia":[{"embeddable":true,"href":"https:\/\/perpignan.alfmed.com\/es\/wp-json\/wp\/v2\/media\/15063"}],"wp:attachment":[{"href":"https:\/\/perpignan.alfmed.com\/es\/wp-json\/wp\/v2\/media?parent=15009"}],"wp:term":[{"taxonomy":"category","embeddable":true,"href":"https:\/\/perpignan.alfmed.com\/es\/wp-json\/wp\/v2\/categories?post=15009"},{"taxonomy":"post_tag","embeddable":true,"href":"https:\/\/perpignan.alfmed.com\/es\/wp-json\/wp\/v2\/tags?post=15009"}],"curies":[{"name":"wp","href":"https:\/\/api.w.org\/{rel}","templated":true}]}}