{"id":14582,"date":"2023-08-23T10:38:50","date_gmt":"2023-08-23T10:38:50","guid":{"rendered":"https:\/\/perpignan.alfmed.com\/?p=14582"},"modified":"2023-08-23T10:40:45","modified_gmt":"2023-08-23T10:40:45","slug":"ce-quil-sest-passe-en-juillet-a-alfmed","status":"publish","type":"post","link":"https:\/\/perpignan.alfmed.com\/es\/actualites\/ce-quil-sest-passe-en-juillet-a-alfmed\/","title":{"rendered":"Ce qu&#8217;il s&#8217;est pass\u00e9 en Juillet \u00e0 ALFMED"},"content":{"rendered":"<div class=\"xdj266r x11i5rnm xat24cr x1mh8g0r x1vvkbs x126k92a\">\n<div dir=\"auto\"><strong>Voici le r\u00e9cap\u2019 de ce qu\u2019il s\u2019est pass\u00e9 \u00e0 ALFMED au mois Juillet :<\/strong><\/div>\n<div dir=\"auto\"><\/div>\n<div dir=\"auto\"><\/div>\n<div dir=\"auto\">&gt;&gt; nos \u00e9l\u00e8ves en s\u00e9jour linguistique sont partis \u00e0 <strong>Dublin<\/strong> \ud83d\udfe2\u26aa\ud83d\udfe0 pour 15 jours d&#8217;immersion en famille d&#8217;accueil ou en Campus !<\/div>\n<\/div>\n<div dir=\"auto\"><\/div>\n<div dir=\"auto\"><img loading=\"lazy\" decoding=\"async\" class=\"aligncenter wp-image-15098 size-large\" src=\"https:\/\/perpignan.alfmed.com\/wp-content\/uploads\/2023\/08\/2-1-819x1024.png\" alt=\"\" width=\"819\" height=\"1024\" \/><\/div>\n<div class=\"xdj266r x11i5rnm xat24cr x1mh8g0r x1vvkbs x126k92a\">\n<div dir=\"auto\"><\/div>\n<\/div>\n<div class=\"x11i5rnm xat24cr x1mh8g0r x1vvkbs xtlvy1s x126k92a\">\n<div dir=\"auto\">&gt;&gt; nous avons accueillis des <strong>groupes Erasmus-stage<\/strong> d&#8217;Allemagne, d&#8217;Italie, de Belgique avec le groupe <span class=\"xt0psk2\">R\u00e9seau IFAPME<\/span>\u00a0et nous avons organis\u00e9 un \u00e9v\u00e8nement<strong> SKILLS#EU<\/strong> afin que tous nos \u00e9tudiants se rencontrent<\/div>\n<\/div>\n<div dir=\"auto\"><img loading=\"lazy\" decoding=\"async\" class=\"wp-image-15102 size-large aligncenter\" src=\"https:\/\/perpignan.alfmed.com\/wp-content\/uploads\/2023\/08\/3-1-819x1024.png\" alt=\"\" width=\"819\" height=\"1024\" \/><\/div>\n<div dir=\"auto\"><\/div>\n<div dir=\"auto\">&gt;&gt; deux semaines de stages d&#8217;Anglais ont eu lieu : pour les plus petits Play &amp; Say et pour les adolescents le stage English Inside Out. Ce fut une r\u00e9ussite, les \u00e9l\u00e8ves participants ont plong\u00e9 au c\u0153ur de la langue anglaise gr\u00e2ce \u00e0 nos formateurs natifs ! Prochain stage : du 28 ao\u00fbt au 1er septembre &gt;&gt; <a href=\"https:\/\/perpignan.alfmed.com\/boutique\/\">inscriptions ici\u00a0<\/a><\/div>\n<div dir=\"auto\"><\/div>\n<div dir=\"auto\"><img loading=\"lazy\" decoding=\"async\" class=\"aligncenter wp-image-15106 size-large\" src=\"https:\/\/perpignan.alfmed.com\/wp-content\/uploads\/2023\/08\/4-819x1024.png\" alt=\"\" width=\"819\" height=\"1024\" \/><\/div>\n<div dir=\"auto\"><\/div>\n<div dir=\"auto\">\n<p>&gt;&gt; fin des 3 semaines du programme Fran\u00e7ais pour les juniors o\u00f9 nos \u00e9tudiants ont suivi des cours de Fran\u00e7ais et ont particip\u00e9 \u00e0 des activit\u00e9s ludiques et culturelles<strong>Merci aux entreprises qui accueillent nos \u00e9tudiants Erasmus-stage<\/strong><\/p>\n<p><img loading=\"lazy\" decoding=\"async\" class=\"aligncenter wp-image-15110 size-large\" src=\"https:\/\/perpignan.alfmed.com\/wp-content\/uploads\/2023\/08\/5-1-819x1024.png\" alt=\"\" width=\"819\" height=\"1024\" \/><\/p>\n<p><strong>Merci aux entreprises qui accueillent nos stagiaires Erasmus :<\/strong><\/p>\n<p>H\u00f4tel Les Sables &#8211; La plage en famille &#8211; H\u00f4tel Ibis Style Europa &#8211; \u00c9crin de Roche &#8211; Hippocampe beach club &#8211; Herboristerie moderne &#8211; Pharmacie Mailloles &#8211; Trust In Isotopes &#8211; R\u00e9gine chaussure &#8211; Mar i Cel &#8211; IROUICOME &#8211; Centre a\u00e9r\u00e9 Le Soler &#8211; H\u00f4tel Paris Barcelone &#8211; La rotonde &#8211; Appart&#8217;H\u00f4tel Mer &amp; Golf &#8211; Fika &#8211; H\u00f4tel Mondial &#8211; Le Vauban &#8211; Coworking coffee &#8211; Studio XR &#8211; Hotel Kyriad Prestige &#8211; Mus\u00e9e Rigaud &#8211; Forma Sud Conseil &#8211; Agence d&#8217;attractivit\u00e9 SPL Perpignan M\u00e9diterran\u00e9e &#8211; Odt perpi<\/p>\n<\/div>\n","protected":false},"excerpt":{"rendered":"<p>Voici le r\u00e9cap\u2019 de ce qu\u2019il s\u2019est pass\u00e9 \u00e0 ALFMED au mois Juillet : &gt;&gt; nos \u00e9l\u00e8ves en s\u00e9jour linguistique sont partis \u00e0 Dublin \ud83d\udfe2\u26aa\ud83d\udfe0 pour 15 jours d&#8217;immersion en famille d&#8217;accueil ou en Campus ! &gt;&gt; nous avons accueillis des groupes Erasmus-stage d&#8217;Allemagne, d&#8217;Italie, de Belgique avec le groupe R\u00e9seau IFAPME\u00a0et nous avons organis\u00e9 [&hellip;]<\/p>\n","protected":false},"author":3,"featured_media":14583,"comment_status":"closed","ping_status":"closed","sticky":false,"template":"","format":"standard","meta":{"_acf_changed":false,"_et_pb_use_builder":"","_et_pb_old_content":"","_et_gb_content_width":"","footnotes":""},"categories":[130],"tags":[],"class_list":["post-14582","post","type-post","status-publish","format-standard","has-post-thumbnail","hentry","category-actualites"],"acf":[],"yoast_head":"<!-- This site is optimized with the Yoast SEO plugin v27.5 - https:\/\/yoast.com\/product\/yoast-seo-wordpress\/ -->\n<title>Ce qu&#039;il s&#039;est pass\u00e9 en Juillet \u00e0 ALFMED - Alfmed<\/title>\n<meta name=\"description\" content=\"Stages scolaires, accueil d&#039;Erasmus stage, cours de fran\u00e7ais pour le juniors, s\u00e9jours linguistiques : ce qu&#039;il s&#039;est pass\u00e9 en Juillet chez ALFMED\" \/>\n<meta name=\"robots\" content=\"index, follow, max-snippet:-1, max-image-preview:large, max-video-preview:-1\" \/>\n<link rel=\"canonical\" href=\"https:\/\/perpignan.alfmed.com\/es\/actualites\/ce-quil-sest-passe-en-juillet-a-alfmed\/\" \/>\n<meta property=\"og:locale\" content=\"es_ES\" \/>\n<meta property=\"og:type\" content=\"article\" \/>\n<meta property=\"og:title\" content=\"Ce qu&#039;il s&#039;est pass\u00e9 en Juillet \u00e0 ALFMED - Alfmed\" \/>\n<meta property=\"og:description\" content=\"Stages scolaires, accueil d&#039;Erasmus stage, cours de fran\u00e7ais pour le juniors, s\u00e9jours linguistiques : ce qu&#039;il s&#039;est pass\u00e9 en Juillet chez ALFMED\" \/>\n<meta property=\"og:url\" content=\"https:\/\/perpignan.alfmed.com\/es\/actualites\/ce-quil-sest-passe-en-juillet-a-alfmed\/\" \/>\n<meta property=\"og:site_name\" content=\"Alfmed\" \/>\n<meta property=\"article:published_time\" content=\"2023-08-23T10:38:50+00:00\" \/>\n<meta property=\"article:modified_time\" content=\"2023-08-23T10:40:45+00:00\" \/>\n<meta property=\"og:image\" content=\"https:\/\/perpignan.alfmed.com\/wp-content\/uploads\/2023\/08\/1-1.png\" \/>\n\t<meta property=\"og:image:width\" content=\"1200\" \/>\n\t<meta property=\"og:image:height\" content=\"1500\" \/>\n\t<meta property=\"og:image:type\" content=\"image\/png\" \/>\n<meta name=\"author\" content=\"Alfmed\" \/>\n<meta name=\"twitter:card\" content=\"summary_large_image\" \/>\n<script type=\"application\/ld+json\" class=\"yoast-schema-graph\">{\"@context\":\"https:\\\/\\\/schema.org\",\"@graph\":[{\"@type\":\"Article\",\"@id\":\"https:\\\/\\\/perpignan.alfmed.com\\\/es\\\/actualites\\\/ce-quil-sest-passe-en-juillet-a-alfmed\\\/#article\",\"isPartOf\":{\"@id\":\"https:\\\/\\\/perpignan.alfmed.com\\\/es\\\/actualites\\\/ce-quil-sest-passe-en-juillet-a-alfmed\\\/\"},\"author\":{\"name\":\"Alfmed\",\"@id\":\"https:\\\/\\\/perpignan.alfmed.com\\\/es\\\/#\\\/schema\\\/person\\\/6718591f6785449d8fc528d9ad3cf52d\"},\"headline\":\"Ce qu&#8217;il s&#8217;est pass\u00e9 en Juillet \u00e0 ALFMED\",\"datePublished\":\"2023-08-23T10:38:50+00:00\",\"dateModified\":\"2023-08-23T10:40:45+00:00\",\"mainEntityOfPage\":{\"@id\":\"https:\\\/\\\/perpignan.alfmed.com\\\/es\\\/actualites\\\/ce-quil-sest-passe-en-juillet-a-alfmed\\\/\"},\"wordCount\":294,\"image\":{\"@id\":\"https:\\\/\\\/perpignan.alfmed.com\\\/es\\\/actualites\\\/ce-quil-sest-passe-en-juillet-a-alfmed\\\/#primaryimage\"},\"thumbnailUrl\":\"https:\\\/\\\/perpignan.alfmed.com\\\/wp-content\\\/uploads\\\/2023\\\/08\\\/1-1.png\",\"articleSection\":[\"Actualit\u00e9s\"],\"inLanguage\":\"es\"},{\"@type\":\"WebPage\",\"@id\":\"https:\\\/\\\/perpignan.alfmed.com\\\/es\\\/actualites\\\/ce-quil-sest-passe-en-juillet-a-alfmed\\\/\",\"url\":\"https:\\\/\\\/perpignan.alfmed.com\\\/es\\\/actualites\\\/ce-quil-sest-passe-en-juillet-a-alfmed\\\/\",\"name\":\"Ce qu'il s'est pass\u00e9 en Juillet \u00e0 ALFMED - Alfmed\",\"isPartOf\":{\"@id\":\"https:\\\/\\\/perpignan.alfmed.com\\\/es\\\/#website\"},\"primaryImageOfPage\":{\"@id\":\"https:\\\/\\\/perpignan.alfmed.com\\\/es\\\/actualites\\\/ce-quil-sest-passe-en-juillet-a-alfmed\\\/#primaryimage\"},\"image\":{\"@id\":\"https:\\\/\\\/perpignan.alfmed.com\\\/es\\\/actualites\\\/ce-quil-sest-passe-en-juillet-a-alfmed\\\/#primaryimage\"},\"thumbnailUrl\":\"https:\\\/\\\/perpignan.alfmed.com\\\/wp-content\\\/uploads\\\/2023\\\/08\\\/1-1.png\",\"datePublished\":\"2023-08-23T10:38:50+00:00\",\"dateModified\":\"2023-08-23T10:40:45+00:00\",\"author\":{\"@id\":\"https:\\\/\\\/perpignan.alfmed.com\\\/es\\\/#\\\/schema\\\/person\\\/6718591f6785449d8fc528d9ad3cf52d\"},\"description\":\"Stages scolaires, accueil d'Erasmus stage, cours de fran\u00e7ais pour le juniors, s\u00e9jours linguistiques : ce qu'il s'est pass\u00e9 en Juillet chez ALFMED\",\"breadcrumb\":{\"@id\":\"https:\\\/\\\/perpignan.alfmed.com\\\/es\\\/actualites\\\/ce-quil-sest-passe-en-juillet-a-alfmed\\\/#breadcrumb\"},\"inLanguage\":\"es\",\"potentialAction\":[{\"@type\":\"ReadAction\",\"target\":[\"https:\\\/\\\/perpignan.alfmed.com\\\/es\\\/actualites\\\/ce-quil-sest-passe-en-juillet-a-alfmed\\\/\"]}]},{\"@type\":\"ImageObject\",\"inLanguage\":\"es\",\"@id\":\"https:\\\/\\\/perpignan.alfmed.com\\\/es\\\/actualites\\\/ce-quil-sest-passe-en-juillet-a-alfmed\\\/#primaryimage\",\"url\":\"https:\\\/\\\/perpignan.alfmed.com\\\/wp-content\\\/uploads\\\/2023\\\/08\\\/1-1.png\",\"contentUrl\":\"https:\\\/\\\/perpignan.alfmed.com\\\/wp-content\\\/uploads\\\/2023\\\/08\\\/1-1.png\",\"width\":1200,\"height\":1500},{\"@type\":\"BreadcrumbList\",\"@id\":\"https:\\\/\\\/perpignan.alfmed.com\\\/es\\\/actualites\\\/ce-quil-sest-passe-en-juillet-a-alfmed\\\/#breadcrumb\",\"itemListElement\":[{\"@type\":\"ListItem\",\"position\":1,\"name\":\"Home\",\"item\":\"https:\\\/\\\/perpignan.alfmed.com\\\/es\\\/\"},{\"@type\":\"ListItem\",\"position\":2,\"name\":\"Ce qu&#8217;il s&#8217;est pass\u00e9 en Juillet \u00e0 ALFMED\"}]},{\"@type\":\"WebSite\",\"@id\":\"https:\\\/\\\/perpignan.alfmed.com\\\/es\\\/#website\",\"url\":\"https:\\\/\\\/perpignan.alfmed.com\\\/es\\\/\",\"name\":\"Alfmed\",\"description\":\"EXPERTS EN LANGUES &amp; PROJETS EUROP\u00c9ENS\",\"potentialAction\":[{\"@type\":\"SearchAction\",\"target\":{\"@type\":\"EntryPoint\",\"urlTemplate\":\"https:\\\/\\\/perpignan.alfmed.com\\\/es\\\/?s={search_term_string}\"},\"query-input\":{\"@type\":\"PropertyValueSpecification\",\"valueRequired\":true,\"valueName\":\"search_term_string\"}}],\"inLanguage\":\"es\"},{\"@type\":\"Person\",\"@id\":\"https:\\\/\\\/perpignan.alfmed.com\\\/es\\\/#\\\/schema\\\/person\\\/6718591f6785449d8fc528d9ad3cf52d\",\"name\":\"Alfmed\",\"url\":\"https:\\\/\\\/perpignan.alfmed.com\\\/es\\\/author\\\/admalfmed\\\/\"}]}<\/script>\n<!-- \/ Yoast SEO plugin. -->","yoast_head_json":{"title":"Ce qu'il s'est pass\u00e9 en Juillet \u00e0 ALFMED - Alfmed","description":"Stages scolaires, accueil d'Erasmus stage, cours de fran\u00e7ais pour le juniors, s\u00e9jours linguistiques : ce qu'il s'est pass\u00e9 en Juillet chez ALFMED","robots":{"index":"index","follow":"follow","max-snippet":"max-snippet:-1","max-image-preview":"max-image-preview:large","max-video-preview":"max-video-preview:-1"},"canonical":"https:\/\/perpignan.alfmed.com\/es\/actualites\/ce-quil-sest-passe-en-juillet-a-alfmed\/","og_locale":"es_ES","og_type":"article","og_title":"Ce qu'il s'est pass\u00e9 en Juillet \u00e0 ALFMED - Alfmed","og_description":"Stages scolaires, accueil d'Erasmus stage, cours de fran\u00e7ais pour le juniors, s\u00e9jours linguistiques : ce qu'il s'est pass\u00e9 en Juillet chez ALFMED","og_url":"https:\/\/perpignan.alfmed.com\/es\/actualites\/ce-quil-sest-passe-en-juillet-a-alfmed\/","og_site_name":"Alfmed","article_published_time":"2023-08-23T10:38:50+00:00","article_modified_time":"2023-08-23T10:40:45+00:00","og_image":[{"width":1200,"height":1500,"url":"https:\/\/perpignan.alfmed.com\/wp-content\/uploads\/2023\/08\/1-1.png","type":"image\/png"}],"author":"Alfmed","twitter_card":"summary_large_image","schema":{"@context":"https:\/\/schema.org","@graph":[{"@type":"Article","@id":"https:\/\/perpignan.alfmed.com\/es\/actualites\/ce-quil-sest-passe-en-juillet-a-alfmed\/#article","isPartOf":{"@id":"https:\/\/perpignan.alfmed.com\/es\/actualites\/ce-quil-sest-passe-en-juillet-a-alfmed\/"},"author":{"name":"Alfmed","@id":"https:\/\/perpignan.alfmed.com\/es\/#\/schema\/person\/6718591f6785449d8fc528d9ad3cf52d"},"headline":"Ce qu&#8217;il s&#8217;est pass\u00e9 en Juillet \u00e0 ALFMED","datePublished":"2023-08-23T10:38:50+00:00","dateModified":"2023-08-23T10:40:45+00:00","mainEntityOfPage":{"@id":"https:\/\/perpignan.alfmed.com\/es\/actualites\/ce-quil-sest-passe-en-juillet-a-alfmed\/"},"wordCount":294,"image":{"@id":"https:\/\/perpignan.alfmed.com\/es\/actualites\/ce-quil-sest-passe-en-juillet-a-alfmed\/#primaryimage"},"thumbnailUrl":"https:\/\/perpignan.alfmed.com\/wp-content\/uploads\/2023\/08\/1-1.png","articleSection":["Actualit\u00e9s"],"inLanguage":"es"},{"@type":"WebPage","@id":"https:\/\/perpignan.alfmed.com\/es\/actualites\/ce-quil-sest-passe-en-juillet-a-alfmed\/","url":"https:\/\/perpignan.alfmed.com\/es\/actualites\/ce-quil-sest-passe-en-juillet-a-alfmed\/","name":"Ce qu'il s'est pass\u00e9 en Juillet \u00e0 ALFMED - Alfmed","isPartOf":{"@id":"https:\/\/perpignan.alfmed.com\/es\/#website"},"primaryImageOfPage":{"@id":"https:\/\/perpignan.alfmed.com\/es\/actualites\/ce-quil-sest-passe-en-juillet-a-alfmed\/#primaryimage"},"image":{"@id":"https:\/\/perpignan.alfmed.com\/es\/actualites\/ce-quil-sest-passe-en-juillet-a-alfmed\/#primaryimage"},"thumbnailUrl":"https:\/\/perpignan.alfmed.com\/wp-content\/uploads\/2023\/08\/1-1.png","datePublished":"2023-08-23T10:38:50+00:00","dateModified":"2023-08-23T10:40:45+00:00","author":{"@id":"https:\/\/perpignan.alfmed.com\/es\/#\/schema\/person\/6718591f6785449d8fc528d9ad3cf52d"},"description":"Stages scolaires, accueil d'Erasmus stage, cours de fran\u00e7ais pour le juniors, s\u00e9jours linguistiques : ce qu'il s'est pass\u00e9 en Juillet chez ALFMED","breadcrumb":{"@id":"https:\/\/perpignan.alfmed.com\/es\/actualites\/ce-quil-sest-passe-en-juillet-a-alfmed\/#breadcrumb"},"inLanguage":"es","potentialAction":[{"@type":"ReadAction","target":["https:\/\/perpignan.alfmed.com\/es\/actualites\/ce-quil-sest-passe-en-juillet-a-alfmed\/"]}]},{"@type":"ImageObject","inLanguage":"es","@id":"https:\/\/perpignan.alfmed.com\/es\/actualites\/ce-quil-sest-passe-en-juillet-a-alfmed\/#primaryimage","url":"https:\/\/perpignan.alfmed.com\/wp-content\/uploads\/2023\/08\/1-1.png","contentUrl":"https:\/\/perpignan.alfmed.com\/wp-content\/uploads\/2023\/08\/1-1.png","width":1200,"height":1500},{"@type":"BreadcrumbList","@id":"https:\/\/perpignan.alfmed.com\/es\/actualites\/ce-quil-sest-passe-en-juillet-a-alfmed\/#breadcrumb","itemListElement":[{"@type":"ListItem","position":1,"name":"Home","item":"https:\/\/perpignan.alfmed.com\/es\/"},{"@type":"ListItem","position":2,"name":"Ce qu&#8217;il s&#8217;est pass\u00e9 en Juillet \u00e0 ALFMED"}]},{"@type":"WebSite","@id":"https:\/\/perpignan.alfmed.com\/es\/#website","url":"https:\/\/perpignan.alfmed.com\/es\/","name":"Alfmed","description":"EXPERTS EN LANGUES &amp; PROJETS EUROP\u00c9ENS","potentialAction":[{"@type":"SearchAction","target":{"@type":"EntryPoint","urlTemplate":"https:\/\/perpignan.alfmed.com\/es\/?s={search_term_string}"},"query-input":{"@type":"PropertyValueSpecification","valueRequired":true,"valueName":"search_term_string"}}],"inLanguage":"es"},{"@type":"Person","@id":"https:\/\/perpignan.alfmed.com\/es\/#\/schema\/person\/6718591f6785449d8fc528d9ad3cf52d","name":"Alfmed","url":"https:\/\/perpignan.alfmed.com\/es\/author\/admalfmed\/"}]}},"_links":{"self":[{"href":"https:\/\/perpignan.alfmed.com\/es\/wp-json\/wp\/v2\/posts\/14582","targetHints":{"allow":["GET"]}}],"collection":[{"href":"https:\/\/perpignan.alfmed.com\/es\/wp-json\/wp\/v2\/posts"}],"about":[{"href":"https:\/\/perpignan.alfmed.com\/es\/wp-json\/wp\/v2\/types\/post"}],"author":[{"embeddable":true,"href":"https:\/\/perpignan.alfmed.com\/es\/wp-json\/wp\/v2\/users\/3"}],"replies":[{"embeddable":true,"href":"https:\/\/perpignan.alfmed.com\/es\/wp-json\/wp\/v2\/comments?post=14582"}],"version-history":[{"count":3,"href":"https:\/\/perpignan.alfmed.com\/es\/wp-json\/wp\/v2\/posts\/14582\/revisions"}],"predecessor-version":[{"id":15115,"href":"https:\/\/perpignan.alfmed.com\/es\/wp-json\/wp\/v2\/posts\/14582\/revisions\/15115"}],"wp:featuredmedia":[{"embeddable":true,"href":"https:\/\/perpignan.alfmed.com\/es\/wp-json\/wp\/v2\/media\/14583"}],"wp:attachment":[{"href":"https:\/\/perpignan.alfmed.com\/es\/wp-json\/wp\/v2\/media?parent=14582"}],"wp:term":[{"taxonomy":"category","embeddable":true,"href":"https:\/\/perpignan.alfmed.com\/es\/wp-json\/wp\/v2\/categories?post=14582"},{"taxonomy":"post_tag","embeddable":true,"href":"https:\/\/perpignan.alfmed.com\/es\/wp-json\/wp\/v2\/tags?post=14582"}],"curies":[{"name":"wp","href":"https:\/\/api.w.org\/{rel}","templated":true}]}}