{"id":5325,"date":"2022-09-08T13:14:57","date_gmt":"2022-09-08T13:14:57","guid":{"rendered":"https:\/\/perpignan.alfmed.com\/?p=5325"},"modified":"2023-02-08T11:24:47","modified_gmt":"2023-02-08T11:24:47","slug":"alfmed-se-relooke","status":"publish","type":"post","link":"https:\/\/perpignan.alfmed.com\/en\/actualites\/alfmed-se-relooke\/","title":{"rendered":"ALFMED SE RELOOKE"},"content":{"rendered":"<p>Pour cette rentr\u00e9e 2022, ALFMED fait peau neuve avec la r\u00e9novation de sa fa\u00e7ade et de sa cl\u00f4ture. Cette transformation marque le d\u00e9but de plusieurs changements \u00e0 ALFMED, stay tuned\u2026<\/p>\n<p>RDV au 21 bis Avenue G\u00e9n\u00e9ral de Gaulle \u00e0 Perpignan, entre la place Catalogne et la gare SNCF<\/p>\n","protected":false},"excerpt":{"rendered":"<p>Pour cette rentr\u00e9e 2022, ALFMED fait peau neuve avec la r\u00e9novation de sa fa\u00e7ade et de sa cl\u00f4ture. Cette transformation marque le d\u00e9but de plusieurs changements \u00e0 ALFMED, stay tuned\u2026 RDV au 21 bis Avenue G\u00e9n\u00e9ral de Gaulle \u00e0 Perpignan, entre la place Catalogne et la gare SNCF<\/p>\n","protected":false},"author":3,"featured_media":5327,"comment_status":"closed","ping_status":"closed","sticky":false,"template":"","format":"standard","meta":{"_acf_changed":false,"_et_pb_use_builder":"","_et_pb_old_content":"","_et_gb_content_width":"","footnotes":""},"categories":[130],"tags":[],"class_list":["post-5325","post","type-post","status-publish","format-standard","has-post-thumbnail","hentry","category-actualites"],"acf":[],"yoast_head":"<!-- This site is optimized with the Yoast SEO plugin v27.5 - https:\/\/yoast.com\/product\/yoast-seo-wordpress\/ -->\n<title>ALFMED Perpignan | Relooking pour cette nouvelle ann\u00e9e<\/title>\n<meta name=\"description\" content=\"ALFMED fait peau neuve avec la r\u00e9novation de sa fa\u00e7ade et de sa cl\u00f4ture. Cette transformation marque le d\u00e9but de plusieurs changements \u00e0 ALFMED, stay tuned\u2026\" \/>\n<meta name=\"robots\" content=\"index, follow, max-snippet:-1, max-image-preview:large, max-video-preview:-1\" \/>\n<link rel=\"canonical\" href=\"https:\/\/perpignan.alfmed.com\/en\/actualites\/alfmed-se-relooke\/\" \/>\n<meta property=\"og:locale\" content=\"en_US\" \/>\n<meta property=\"og:type\" content=\"article\" \/>\n<meta property=\"og:title\" content=\"ALFMED Perpignan | Relooking pour cette nouvelle ann\u00e9e\" \/>\n<meta property=\"og:description\" content=\"ALFMED fait peau neuve avec la r\u00e9novation de sa fa\u00e7ade et de sa cl\u00f4ture. Cette transformation marque le d\u00e9but de plusieurs changements \u00e0 ALFMED, stay tuned\u2026\" \/>\n<meta property=\"og:url\" content=\"https:\/\/perpignan.alfmed.com\/en\/actualites\/alfmed-se-relooke\/\" \/>\n<meta property=\"og:site_name\" content=\"Alfmed\" \/>\n<meta property=\"article:published_time\" content=\"2022-09-08T13:14:57+00:00\" \/>\n<meta property=\"article:modified_time\" content=\"2023-02-08T11:24:47+00:00\" \/>\n<meta property=\"og:image\" content=\"https:\/\/perpignan.alfmed.com\/wp-content\/uploads\/2022\/09\/WhatsApp-Image-2022-09-08-at-14.14.54-2.jpeg\" \/>\n\t<meta property=\"og:image:width\" content=\"1600\" \/>\n\t<meta property=\"og:image:height\" content=\"1600\" \/>\n\t<meta property=\"og:image:type\" content=\"image\/jpeg\" \/>\n<meta name=\"author\" content=\"Alfmed\" \/>\n<meta name=\"twitter:card\" content=\"summary_large_image\" \/>\n<script type=\"application\/ld+json\" class=\"yoast-schema-graph\">{\"@context\":\"https:\\\/\\\/schema.org\",\"@graph\":[{\"@type\":\"Article\",\"@id\":\"https:\\\/\\\/perpignan.alfmed.com\\\/en\\\/actualites\\\/alfmed-se-relooke\\\/#article\",\"isPartOf\":{\"@id\":\"https:\\\/\\\/perpignan.alfmed.com\\\/en\\\/actualites\\\/alfmed-se-relooke\\\/\"},\"author\":{\"name\":\"Alfmed\",\"@id\":\"https:\\\/\\\/perpignan.alfmed.com\\\/en\\\/#\\\/schema\\\/person\\\/6718591f6785449d8fc528d9ad3cf52d\"},\"headline\":\"ALFMED SE RELOOKE\",\"datePublished\":\"2022-09-08T13:14:57+00:00\",\"dateModified\":\"2023-02-08T11:24:47+00:00\",\"mainEntityOfPage\":{\"@id\":\"https:\\\/\\\/perpignan.alfmed.com\\\/en\\\/actualites\\\/alfmed-se-relooke\\\/\"},\"wordCount\":54,\"image\":{\"@id\":\"https:\\\/\\\/perpignan.alfmed.com\\\/en\\\/actualites\\\/alfmed-se-relooke\\\/#primaryimage\"},\"thumbnailUrl\":\"https:\\\/\\\/perpignan.alfmed.com\\\/wp-content\\\/uploads\\\/2022\\\/09\\\/WhatsApp-Image-2022-09-08-at-14.14.54-2.jpeg\",\"articleSection\":[\"Actualit\u00e9s\"],\"inLanguage\":\"en-US\"},{\"@type\":\"WebPage\",\"@id\":\"https:\\\/\\\/perpignan.alfmed.com\\\/en\\\/actualites\\\/alfmed-se-relooke\\\/\",\"url\":\"https:\\\/\\\/perpignan.alfmed.com\\\/en\\\/actualites\\\/alfmed-se-relooke\\\/\",\"name\":\"ALFMED Perpignan | Relooking pour cette nouvelle ann\u00e9e\",\"isPartOf\":{\"@id\":\"https:\\\/\\\/perpignan.alfmed.com\\\/en\\\/#website\"},\"primaryImageOfPage\":{\"@id\":\"https:\\\/\\\/perpignan.alfmed.com\\\/en\\\/actualites\\\/alfmed-se-relooke\\\/#primaryimage\"},\"image\":{\"@id\":\"https:\\\/\\\/perpignan.alfmed.com\\\/en\\\/actualites\\\/alfmed-se-relooke\\\/#primaryimage\"},\"thumbnailUrl\":\"https:\\\/\\\/perpignan.alfmed.com\\\/wp-content\\\/uploads\\\/2022\\\/09\\\/WhatsApp-Image-2022-09-08-at-14.14.54-2.jpeg\",\"datePublished\":\"2022-09-08T13:14:57+00:00\",\"dateModified\":\"2023-02-08T11:24:47+00:00\",\"author\":{\"@id\":\"https:\\\/\\\/perpignan.alfmed.com\\\/en\\\/#\\\/schema\\\/person\\\/6718591f6785449d8fc528d9ad3cf52d\"},\"description\":\"ALFMED fait peau neuve avec la r\u00e9novation de sa fa\u00e7ade et de sa cl\u00f4ture. Cette transformation marque le d\u00e9but de plusieurs changements \u00e0 ALFMED, stay tuned\u2026\",\"breadcrumb\":{\"@id\":\"https:\\\/\\\/perpignan.alfmed.com\\\/en\\\/actualites\\\/alfmed-se-relooke\\\/#breadcrumb\"},\"inLanguage\":\"en-US\",\"potentialAction\":[{\"@type\":\"ReadAction\",\"target\":[\"https:\\\/\\\/perpignan.alfmed.com\\\/en\\\/actualites\\\/alfmed-se-relooke\\\/\"]}]},{\"@type\":\"ImageObject\",\"inLanguage\":\"en-US\",\"@id\":\"https:\\\/\\\/perpignan.alfmed.com\\\/en\\\/actualites\\\/alfmed-se-relooke\\\/#primaryimage\",\"url\":\"https:\\\/\\\/perpignan.alfmed.com\\\/wp-content\\\/uploads\\\/2022\\\/09\\\/WhatsApp-Image-2022-09-08-at-14.14.54-2.jpeg\",\"contentUrl\":\"https:\\\/\\\/perpignan.alfmed.com\\\/wp-content\\\/uploads\\\/2022\\\/09\\\/WhatsApp-Image-2022-09-08-at-14.14.54-2.jpeg\",\"width\":1600,\"height\":1600},{\"@type\":\"BreadcrumbList\",\"@id\":\"https:\\\/\\\/perpignan.alfmed.com\\\/en\\\/actualites\\\/alfmed-se-relooke\\\/#breadcrumb\",\"itemListElement\":[{\"@type\":\"ListItem\",\"position\":1,\"name\":\"Home\",\"item\":\"https:\\\/\\\/perpignan.alfmed.com\\\/en\\\/\"},{\"@type\":\"ListItem\",\"position\":2,\"name\":\"ALFMED SE RELOOKE\"}]},{\"@type\":\"WebSite\",\"@id\":\"https:\\\/\\\/perpignan.alfmed.com\\\/en\\\/#website\",\"url\":\"https:\\\/\\\/perpignan.alfmed.com\\\/en\\\/\",\"name\":\"Alfmed\",\"description\":\"EXPERTS EN LANGUES &amp; PROJETS EUROP\u00c9ENS\",\"potentialAction\":[{\"@type\":\"SearchAction\",\"target\":{\"@type\":\"EntryPoint\",\"urlTemplate\":\"https:\\\/\\\/perpignan.alfmed.com\\\/en\\\/?s={search_term_string}\"},\"query-input\":{\"@type\":\"PropertyValueSpecification\",\"valueRequired\":true,\"valueName\":\"search_term_string\"}}],\"inLanguage\":\"en-US\"},{\"@type\":\"Person\",\"@id\":\"https:\\\/\\\/perpignan.alfmed.com\\\/en\\\/#\\\/schema\\\/person\\\/6718591f6785449d8fc528d9ad3cf52d\",\"name\":\"Alfmed\",\"url\":\"https:\\\/\\\/perpignan.alfmed.com\\\/en\\\/author\\\/admalfmed\\\/\"}]}<\/script>\n<!-- \/ Yoast SEO plugin. -->","yoast_head_json":{"title":"ALFMED Perpignan | Relooking pour cette nouvelle ann\u00e9e","description":"ALFMED fait peau neuve avec la r\u00e9novation de sa fa\u00e7ade et de sa cl\u00f4ture. Cette transformation marque le d\u00e9but de plusieurs changements \u00e0 ALFMED, stay tuned\u2026","robots":{"index":"index","follow":"follow","max-snippet":"max-snippet:-1","max-image-preview":"max-image-preview:large","max-video-preview":"max-video-preview:-1"},"canonical":"https:\/\/perpignan.alfmed.com\/en\/actualites\/alfmed-se-relooke\/","og_locale":"en_US","og_type":"article","og_title":"ALFMED Perpignan | Relooking pour cette nouvelle ann\u00e9e","og_description":"ALFMED fait peau neuve avec la r\u00e9novation de sa fa\u00e7ade et de sa cl\u00f4ture. Cette transformation marque le d\u00e9but de plusieurs changements \u00e0 ALFMED, stay tuned\u2026","og_url":"https:\/\/perpignan.alfmed.com\/en\/actualites\/alfmed-se-relooke\/","og_site_name":"Alfmed","article_published_time":"2022-09-08T13:14:57+00:00","article_modified_time":"2023-02-08T11:24:47+00:00","og_image":[{"width":1600,"height":1600,"url":"https:\/\/perpignan.alfmed.com\/wp-content\/uploads\/2022\/09\/WhatsApp-Image-2022-09-08-at-14.14.54-2.jpeg","type":"image\/jpeg"}],"author":"Alfmed","twitter_card":"summary_large_image","schema":{"@context":"https:\/\/schema.org","@graph":[{"@type":"Article","@id":"https:\/\/perpignan.alfmed.com\/en\/actualites\/alfmed-se-relooke\/#article","isPartOf":{"@id":"https:\/\/perpignan.alfmed.com\/en\/actualites\/alfmed-se-relooke\/"},"author":{"name":"Alfmed","@id":"https:\/\/perpignan.alfmed.com\/en\/#\/schema\/person\/6718591f6785449d8fc528d9ad3cf52d"},"headline":"ALFMED SE RELOOKE","datePublished":"2022-09-08T13:14:57+00:00","dateModified":"2023-02-08T11:24:47+00:00","mainEntityOfPage":{"@id":"https:\/\/perpignan.alfmed.com\/en\/actualites\/alfmed-se-relooke\/"},"wordCount":54,"image":{"@id":"https:\/\/perpignan.alfmed.com\/en\/actualites\/alfmed-se-relooke\/#primaryimage"},"thumbnailUrl":"https:\/\/perpignan.alfmed.com\/wp-content\/uploads\/2022\/09\/WhatsApp-Image-2022-09-08-at-14.14.54-2.jpeg","articleSection":["Actualit\u00e9s"],"inLanguage":"en-US"},{"@type":"WebPage","@id":"https:\/\/perpignan.alfmed.com\/en\/actualites\/alfmed-se-relooke\/","url":"https:\/\/perpignan.alfmed.com\/en\/actualites\/alfmed-se-relooke\/","name":"ALFMED Perpignan | Relooking pour cette nouvelle ann\u00e9e","isPartOf":{"@id":"https:\/\/perpignan.alfmed.com\/en\/#website"},"primaryImageOfPage":{"@id":"https:\/\/perpignan.alfmed.com\/en\/actualites\/alfmed-se-relooke\/#primaryimage"},"image":{"@id":"https:\/\/perpignan.alfmed.com\/en\/actualites\/alfmed-se-relooke\/#primaryimage"},"thumbnailUrl":"https:\/\/perpignan.alfmed.com\/wp-content\/uploads\/2022\/09\/WhatsApp-Image-2022-09-08-at-14.14.54-2.jpeg","datePublished":"2022-09-08T13:14:57+00:00","dateModified":"2023-02-08T11:24:47+00:00","author":{"@id":"https:\/\/perpignan.alfmed.com\/en\/#\/schema\/person\/6718591f6785449d8fc528d9ad3cf52d"},"description":"ALFMED fait peau neuve avec la r\u00e9novation de sa fa\u00e7ade et de sa cl\u00f4ture. Cette transformation marque le d\u00e9but de plusieurs changements \u00e0 ALFMED, stay tuned\u2026","breadcrumb":{"@id":"https:\/\/perpignan.alfmed.com\/en\/actualites\/alfmed-se-relooke\/#breadcrumb"},"inLanguage":"en-US","potentialAction":[{"@type":"ReadAction","target":["https:\/\/perpignan.alfmed.com\/en\/actualites\/alfmed-se-relooke\/"]}]},{"@type":"ImageObject","inLanguage":"en-US","@id":"https:\/\/perpignan.alfmed.com\/en\/actualites\/alfmed-se-relooke\/#primaryimage","url":"https:\/\/perpignan.alfmed.com\/wp-content\/uploads\/2022\/09\/WhatsApp-Image-2022-09-08-at-14.14.54-2.jpeg","contentUrl":"https:\/\/perpignan.alfmed.com\/wp-content\/uploads\/2022\/09\/WhatsApp-Image-2022-09-08-at-14.14.54-2.jpeg","width":1600,"height":1600},{"@type":"BreadcrumbList","@id":"https:\/\/perpignan.alfmed.com\/en\/actualites\/alfmed-se-relooke\/#breadcrumb","itemListElement":[{"@type":"ListItem","position":1,"name":"Home","item":"https:\/\/perpignan.alfmed.com\/en\/"},{"@type":"ListItem","position":2,"name":"ALFMED SE RELOOKE"}]},{"@type":"WebSite","@id":"https:\/\/perpignan.alfmed.com\/en\/#website","url":"https:\/\/perpignan.alfmed.com\/en\/","name":"Alfmed","description":"EXPERTS EN LANGUES &amp; PROJETS EUROP\u00c9ENS","potentialAction":[{"@type":"SearchAction","target":{"@type":"EntryPoint","urlTemplate":"https:\/\/perpignan.alfmed.com\/en\/?s={search_term_string}"},"query-input":{"@type":"PropertyValueSpecification","valueRequired":true,"valueName":"search_term_string"}}],"inLanguage":"en-US"},{"@type":"Person","@id":"https:\/\/perpignan.alfmed.com\/en\/#\/schema\/person\/6718591f6785449d8fc528d9ad3cf52d","name":"Alfmed","url":"https:\/\/perpignan.alfmed.com\/en\/author\/admalfmed\/"}]}},"_links":{"self":[{"href":"https:\/\/perpignan.alfmed.com\/en\/wp-json\/wp\/v2\/posts\/5325","targetHints":{"allow":["GET"]}}],"collection":[{"href":"https:\/\/perpignan.alfmed.com\/en\/wp-json\/wp\/v2\/posts"}],"about":[{"href":"https:\/\/perpignan.alfmed.com\/en\/wp-json\/wp\/v2\/types\/post"}],"author":[{"embeddable":true,"href":"https:\/\/perpignan.alfmed.com\/en\/wp-json\/wp\/v2\/users\/3"}],"replies":[{"embeddable":true,"href":"https:\/\/perpignan.alfmed.com\/en\/wp-json\/wp\/v2\/comments?post=5325"}],"version-history":[{"count":2,"href":"https:\/\/perpignan.alfmed.com\/en\/wp-json\/wp\/v2\/posts\/5325\/revisions"}],"predecessor-version":[{"id":22389,"href":"https:\/\/perpignan.alfmed.com\/en\/wp-json\/wp\/v2\/posts\/5325\/revisions\/22389"}],"wp:featuredmedia":[{"embeddable":true,"href":"https:\/\/perpignan.alfmed.com\/en\/wp-json\/wp\/v2\/media\/5327"}],"wp:attachment":[{"href":"https:\/\/perpignan.alfmed.com\/en\/wp-json\/wp\/v2\/media?parent=5325"}],"wp:term":[{"taxonomy":"category","embeddable":true,"href":"https:\/\/perpignan.alfmed.com\/en\/wp-json\/wp\/v2\/categories?post=5325"},{"taxonomy":"post_tag","embeddable":true,"href":"https:\/\/perpignan.alfmed.com\/en\/wp-json\/wp\/v2\/tags?post=5325"}],"curies":[{"name":"wp","href":"https:\/\/api.w.org\/{rel}","templated":true}]}}