{"id":5200,"date":"2022-08-26T08:15:46","date_gmt":"2022-08-26T08:15:46","guid":{"rendered":"https:\/\/perpignan.alfmed.com\/?p=5200"},"modified":"2022-08-26T08:16:06","modified_gmt":"2022-08-26T08:16:06","slug":"notre-semestre-de-francais-commence-2","status":"publish","type":"post","link":"https:\/\/perpignan.alfmed.com\/en\/francais-pour-les-etrangers\/notre-semestre-de-francais-commence-2\/","title":{"rendered":"Notre semestre de Fran\u00e7ais commence"},"content":{"rendered":"<p><span style=\"font-family: helvetica, arial, sans-serif; font-size: 14pt;\">Le Semestre de Fran\u00e7ais de Janvier vient de commencer avec des \u00e9l\u00e8ves de plusieurs pays : <strong>Irlande &#8211; USA &#8211; Japon &#8211; Br\u00e9sil &#8211; Taiwan &#8211; Chine, <\/strong>qui seront en cours avec Fr\u00e9d\u00e9ric notre professeur de Fran\u00e7ais.<\/span><\/p>\n<p><span style=\"font-family: helvetica, arial, sans-serif; font-size: 14pt;\"><strong>Le petit plus d&#8217;ALFMED<\/strong> : <\/span><\/p>\n<ul>\n<li><span style=\"font-family: helvetica, arial, sans-serif; font-size: 14pt;\">les cours peuvent avoir lieu en pr\u00e9sentiel dans notre salle M\u00e9dia ou \u00e0 distance <\/span><\/li>\n<li><span style=\"font-family: helvetica, arial, sans-serif; font-size: 14pt;\">4 visites culturelles organis\u00e9es en groupe<\/span><\/li>\n<li><span style=\"font-family: helvetica, arial, sans-serif; font-size: 14pt;\">petits groupes de 12 personnes maximum<\/span><\/li>\n<li><span style=\"font-family: helvetica, arial, sans-serif; font-size: 14pt;\">p\u00e9dagogie actionnelle<br \/>\n<strong>pour un seul objectif : parler !\u00a0\u00a0<\/strong><\/span><\/li>\n<\/ul>\n<p><span style=\"font-family: helvetica, arial, sans-serif; font-size: 14pt;\">Du 10 janvier au 27 mai 2022, ce semestre se compose de :<\/span><\/p>\n<ul>\n<li><span style=\"font-family: helvetica, arial, sans-serif; font-size: 14pt;\"><strong>Module Intensif\u00a0<\/strong>de 4 semaines (60 heures) du 10 janvier au 4 f\u00e9vrier 2022, du lundi au vendredi de 9h \u00e0 12h<\/span><\/li>\n<li><span style=\"font-family: helvetica, arial, sans-serif; font-size: 14pt;\"><strong>Module Extensif<\/strong> de 11 semaines (40 heures) du 8 f\u00e9vrier au 12 mai 2022, le mardi et jeudi de 13h \u00e0 15h<\/span><\/li>\n<\/ul>\n<p><span style=\"font-family: helvetica, arial, sans-serif; font-size: 14pt;\"><strong>&gt;&gt; les \u00e9l\u00e8ves ont acc\u00e8s \u00e0 une Plateforme E-learning<\/strong>, pour s\u2019exercer depuis leur ordinateur ou leur smartphone \u00e0 tout moment<\/span><\/p>\n<p><span style=\"font-family: helvetica, arial, sans-serif; font-size: 14pt;\"><strong>\u00c9valuation linguistique finale<\/strong><\/span><\/p>\n<ul>\n<li><span style=\"font-family: helvetica, arial, sans-serif; font-size: 14pt;\">Pr\u00e9paration et passation du TCF (4h de pr\u00e9paration pendant le module extensif)<\/span><\/li>\n<li><span style=\"font-family: helvetica, arial, sans-serif; font-size: 14pt;\">Passation d\u2019un Examen blanc et du Dipl\u00f4me\u00a0fran\u00e7ais\u00a0TCF TP\u00a0(Test\u00a0de\u00a0Connaissance\u00a0du\u00a0Fran\u00e7ais Tout Public)\u00a0\u00e0\u00a0ALFMED en mai 2022<\/span><\/li>\n<\/ul>\n<p><span style=\"font-family: helvetica, arial, sans-serif; font-size: 14pt;\">Ce programme est financ\u00e9 \u00e0 titre priv\u00e9 par les \u00e9tudiants pour un budget de 1 150 euros.\u00a0<\/span><\/p>\n<p><a href=\"https:\/\/perpignan.alfmed.com\/wp-content\/uploads\/2022\/01\/WhatsApp-Image-2022-01-11-at-11.46.52.jpeg\"><img loading=\"lazy\" decoding=\"async\" class=\"aligncenter wp-image-20236 size-large\" src=\"https:\/\/perpignan.alfmed.com\/wp-content\/uploads\/2022\/01\/WhatsApp-Image-2022-01-11-at-11.46.52-1030x579.jpeg\" alt=\"\" width=\"1030\" height=\"579\" \/><\/a><\/p>\n<p><a href=\"https:\/\/perpignan.alfmed.com\/wp-content\/uploads\/2022\/01\/WhatsApp-Image-2022-01-11-at-18.12.05.jpeg\"><img loading=\"lazy\" decoding=\"async\" class=\"aligncenter wp-image-20256 size-large\" src=\"https:\/\/perpignan.alfmed.com\/wp-content\/uploads\/2022\/01\/WhatsApp-Image-2022-01-11-at-18.12.05-1030x773.jpeg\" alt=\"\" width=\"1030\" height=\"773\" \/><\/a><\/p>\n","protected":false},"excerpt":{"rendered":"<p>Le Semestre de Fran\u00e7ais de Janvier vient de commencer avec des \u00e9l\u00e8ves de plusieurs pays : Irlande &#8211; USA &#8211; Japon &#8211; Br\u00e9sil &#8211; Taiwan &#8211; Chine, qui seront en cours avec Fr\u00e9d\u00e9ric notre professeur de Fran\u00e7ais. Le petit plus d&#8217;ALFMED : les cours peuvent avoir lieu en pr\u00e9sentiel dans notre salle M\u00e9dia ou \u00e0 [&hellip;]<\/p>\n","protected":false},"author":3,"featured_media":3408,"comment_status":"closed","ping_status":"closed","sticky":false,"template":"","format":"standard","meta":{"_acf_changed":false,"_et_pb_use_builder":"","_et_pb_old_content":"","_et_gb_content_width":"","footnotes":""},"categories":[36],"tags":[62,61,60,63,64],"class_list":["post-5200","post","type-post","status-publish","format-standard","has-post-thumbnail","hentry","category-francais-pour-les-etrangers","tag-alfmed","tag-francais","tag-langues","tag-perpignan","tag-semestres"],"acf":[],"yoast_head":"<!-- This site is optimized with the Yoast SEO plugin v27.5 - https:\/\/yoast.com\/product\/yoast-seo-wordpress\/ -->\n<title>Notre semestre de Fran\u00e7ais commence - Alfmed<\/title>\n<meta name=\"robots\" content=\"index, follow, max-snippet:-1, max-image-preview:large, max-video-preview:-1\" \/>\n<link rel=\"canonical\" href=\"https:\/\/perpignan.alfmed.com\/en\/francais-pour-les-etrangers\/notre-semestre-de-francais-commence-2\/\" \/>\n<meta property=\"og:locale\" content=\"en_US\" \/>\n<meta property=\"og:type\" content=\"article\" \/>\n<meta property=\"og:title\" content=\"Notre semestre de Fran\u00e7ais commence - Alfmed\" \/>\n<meta property=\"og:description\" content=\"Le Semestre de Fran\u00e7ais de Janvier vient de commencer avec des \u00e9l\u00e8ves de plusieurs pays : Irlande &#8211; USA &#8211; Japon &#8211; Br\u00e9sil &#8211; Taiwan &#8211; Chine, qui seront en cours avec Fr\u00e9d\u00e9ric notre professeur de Fran\u00e7ais. Le petit plus d&#8217;ALFMED : les cours peuvent avoir lieu en pr\u00e9sentiel dans notre salle M\u00e9dia ou \u00e0 [&hellip;]\" \/>\n<meta property=\"og:url\" content=\"https:\/\/perpignan.alfmed.com\/en\/francais-pour-les-etrangers\/notre-semestre-de-francais-commence-2\/\" \/>\n<meta property=\"og:site_name\" content=\"Alfmed\" \/>\n<meta property=\"article:published_time\" content=\"2022-08-26T08:15:46+00:00\" \/>\n<meta property=\"article:modified_time\" content=\"2022-08-26T08:16:06+00:00\" \/>\n<meta property=\"og:image\" content=\"https:\/\/perpignan.alfmed.com\/wp-content\/uploads\/2022\/02\/WhatsApp-Image-2022-01-11-at-11.46.53-2-1030x579-1.jpeg\" \/>\n\t<meta property=\"og:image:width\" content=\"1030\" \/>\n\t<meta property=\"og:image:height\" content=\"579\" \/>\n\t<meta property=\"og:image:type\" content=\"image\/jpeg\" \/>\n<meta name=\"author\" content=\"Alfmed\" \/>\n<meta name=\"twitter:card\" content=\"summary_large_image\" \/>\n<script type=\"application\/ld+json\" class=\"yoast-schema-graph\">{\"@context\":\"https:\\\/\\\/schema.org\",\"@graph\":[{\"@type\":\"Article\",\"@id\":\"https:\\\/\\\/perpignan.alfmed.com\\\/en\\\/francais-pour-les-etrangers\\\/notre-semestre-de-francais-commence-2\\\/#article\",\"isPartOf\":{\"@id\":\"https:\\\/\\\/perpignan.alfmed.com\\\/en\\\/francais-pour-les-etrangers\\\/notre-semestre-de-francais-commence-2\\\/\"},\"author\":{\"name\":\"Alfmed\",\"@id\":\"https:\\\/\\\/perpignan.alfmed.com\\\/en\\\/#\\\/schema\\\/person\\\/6718591f6785449d8fc528d9ad3cf52d\"},\"headline\":\"Notre semestre de Fran\u00e7ais commence\",\"datePublished\":\"2022-08-26T08:15:46+00:00\",\"dateModified\":\"2022-08-26T08:16:06+00:00\",\"mainEntityOfPage\":{\"@id\":\"https:\\\/\\\/perpignan.alfmed.com\\\/en\\\/francais-pour-les-etrangers\\\/notre-semestre-de-francais-commence-2\\\/\"},\"wordCount\":207,\"image\":{\"@id\":\"https:\\\/\\\/perpignan.alfmed.com\\\/en\\\/francais-pour-les-etrangers\\\/notre-semestre-de-francais-commence-2\\\/#primaryimage\"},\"thumbnailUrl\":\"https:\\\/\\\/perpignan.alfmed.com\\\/wp-content\\\/uploads\\\/2022\\\/02\\\/WhatsApp-Image-2022-01-11-at-11.46.53-2-1030x579-1.jpeg\",\"keywords\":[\"alfmed\",\"francais\",\"langues\",\"perpignan\",\"semestres\"],\"articleSection\":[\"Fran\u00e7ais pour les \u00e9trangers\"],\"inLanguage\":\"en-US\"},{\"@type\":\"WebPage\",\"@id\":\"https:\\\/\\\/perpignan.alfmed.com\\\/en\\\/francais-pour-les-etrangers\\\/notre-semestre-de-francais-commence-2\\\/\",\"url\":\"https:\\\/\\\/perpignan.alfmed.com\\\/en\\\/francais-pour-les-etrangers\\\/notre-semestre-de-francais-commence-2\\\/\",\"name\":\"Notre semestre de Fran\u00e7ais commence - Alfmed\",\"isPartOf\":{\"@id\":\"https:\\\/\\\/perpignan.alfmed.com\\\/en\\\/#website\"},\"primaryImageOfPage\":{\"@id\":\"https:\\\/\\\/perpignan.alfmed.com\\\/en\\\/francais-pour-les-etrangers\\\/notre-semestre-de-francais-commence-2\\\/#primaryimage\"},\"image\":{\"@id\":\"https:\\\/\\\/perpignan.alfmed.com\\\/en\\\/francais-pour-les-etrangers\\\/notre-semestre-de-francais-commence-2\\\/#primaryimage\"},\"thumbnailUrl\":\"https:\\\/\\\/perpignan.alfmed.com\\\/wp-content\\\/uploads\\\/2022\\\/02\\\/WhatsApp-Image-2022-01-11-at-11.46.53-2-1030x579-1.jpeg\",\"datePublished\":\"2022-08-26T08:15:46+00:00\",\"dateModified\":\"2022-08-26T08:16:06+00:00\",\"author\":{\"@id\":\"https:\\\/\\\/perpignan.alfmed.com\\\/en\\\/#\\\/schema\\\/person\\\/6718591f6785449d8fc528d9ad3cf52d\"},\"breadcrumb\":{\"@id\":\"https:\\\/\\\/perpignan.alfmed.com\\\/en\\\/francais-pour-les-etrangers\\\/notre-semestre-de-francais-commence-2\\\/#breadcrumb\"},\"inLanguage\":\"en-US\",\"potentialAction\":[{\"@type\":\"ReadAction\",\"target\":[\"https:\\\/\\\/perpignan.alfmed.com\\\/en\\\/francais-pour-les-etrangers\\\/notre-semestre-de-francais-commence-2\\\/\"]}]},{\"@type\":\"ImageObject\",\"inLanguage\":\"en-US\",\"@id\":\"https:\\\/\\\/perpignan.alfmed.com\\\/en\\\/francais-pour-les-etrangers\\\/notre-semestre-de-francais-commence-2\\\/#primaryimage\",\"url\":\"https:\\\/\\\/perpignan.alfmed.com\\\/wp-content\\\/uploads\\\/2022\\\/02\\\/WhatsApp-Image-2022-01-11-at-11.46.53-2-1030x579-1.jpeg\",\"contentUrl\":\"https:\\\/\\\/perpignan.alfmed.com\\\/wp-content\\\/uploads\\\/2022\\\/02\\\/WhatsApp-Image-2022-01-11-at-11.46.53-2-1030x579-1.jpeg\",\"width\":1030,\"height\":579},{\"@type\":\"BreadcrumbList\",\"@id\":\"https:\\\/\\\/perpignan.alfmed.com\\\/en\\\/francais-pour-les-etrangers\\\/notre-semestre-de-francais-commence-2\\\/#breadcrumb\",\"itemListElement\":[{\"@type\":\"ListItem\",\"position\":1,\"name\":\"Home\",\"item\":\"https:\\\/\\\/perpignan.alfmed.com\\\/en\\\/\"},{\"@type\":\"ListItem\",\"position\":2,\"name\":\"Notre semestre de Fran\u00e7ais commence\"}]},{\"@type\":\"WebSite\",\"@id\":\"https:\\\/\\\/perpignan.alfmed.com\\\/en\\\/#website\",\"url\":\"https:\\\/\\\/perpignan.alfmed.com\\\/en\\\/\",\"name\":\"Alfmed\",\"description\":\"EXPERTS EN LANGUES &amp; PROJETS EUROP\u00c9ENS\",\"potentialAction\":[{\"@type\":\"SearchAction\",\"target\":{\"@type\":\"EntryPoint\",\"urlTemplate\":\"https:\\\/\\\/perpignan.alfmed.com\\\/en\\\/?s={search_term_string}\"},\"query-input\":{\"@type\":\"PropertyValueSpecification\",\"valueRequired\":true,\"valueName\":\"search_term_string\"}}],\"inLanguage\":\"en-US\"},{\"@type\":\"Person\",\"@id\":\"https:\\\/\\\/perpignan.alfmed.com\\\/en\\\/#\\\/schema\\\/person\\\/6718591f6785449d8fc528d9ad3cf52d\",\"name\":\"Alfmed\",\"url\":\"https:\\\/\\\/perpignan.alfmed.com\\\/en\\\/author\\\/admalfmed\\\/\"}]}<\/script>\n<!-- \/ Yoast SEO plugin. -->","yoast_head_json":{"title":"Notre semestre de Fran\u00e7ais commence - Alfmed","robots":{"index":"index","follow":"follow","max-snippet":"max-snippet:-1","max-image-preview":"max-image-preview:large","max-video-preview":"max-video-preview:-1"},"canonical":"https:\/\/perpignan.alfmed.com\/en\/francais-pour-les-etrangers\/notre-semestre-de-francais-commence-2\/","og_locale":"en_US","og_type":"article","og_title":"Notre semestre de Fran\u00e7ais commence - Alfmed","og_description":"Le Semestre de Fran\u00e7ais de Janvier vient de commencer avec des \u00e9l\u00e8ves de plusieurs pays : Irlande &#8211; USA &#8211; Japon &#8211; Br\u00e9sil &#8211; Taiwan &#8211; Chine, qui seront en cours avec Fr\u00e9d\u00e9ric notre professeur de Fran\u00e7ais. Le petit plus d&#8217;ALFMED : les cours peuvent avoir lieu en pr\u00e9sentiel dans notre salle M\u00e9dia ou \u00e0 [&hellip;]","og_url":"https:\/\/perpignan.alfmed.com\/en\/francais-pour-les-etrangers\/notre-semestre-de-francais-commence-2\/","og_site_name":"Alfmed","article_published_time":"2022-08-26T08:15:46+00:00","article_modified_time":"2022-08-26T08:16:06+00:00","og_image":[{"width":1030,"height":579,"url":"https:\/\/perpignan.alfmed.com\/wp-content\/uploads\/2022\/02\/WhatsApp-Image-2022-01-11-at-11.46.53-2-1030x579-1.jpeg","type":"image\/jpeg"}],"author":"Alfmed","twitter_card":"summary_large_image","schema":{"@context":"https:\/\/schema.org","@graph":[{"@type":"Article","@id":"https:\/\/perpignan.alfmed.com\/en\/francais-pour-les-etrangers\/notre-semestre-de-francais-commence-2\/#article","isPartOf":{"@id":"https:\/\/perpignan.alfmed.com\/en\/francais-pour-les-etrangers\/notre-semestre-de-francais-commence-2\/"},"author":{"name":"Alfmed","@id":"https:\/\/perpignan.alfmed.com\/en\/#\/schema\/person\/6718591f6785449d8fc528d9ad3cf52d"},"headline":"Notre semestre de Fran\u00e7ais commence","datePublished":"2022-08-26T08:15:46+00:00","dateModified":"2022-08-26T08:16:06+00:00","mainEntityOfPage":{"@id":"https:\/\/perpignan.alfmed.com\/en\/francais-pour-les-etrangers\/notre-semestre-de-francais-commence-2\/"},"wordCount":207,"image":{"@id":"https:\/\/perpignan.alfmed.com\/en\/francais-pour-les-etrangers\/notre-semestre-de-francais-commence-2\/#primaryimage"},"thumbnailUrl":"https:\/\/perpignan.alfmed.com\/wp-content\/uploads\/2022\/02\/WhatsApp-Image-2022-01-11-at-11.46.53-2-1030x579-1.jpeg","keywords":["alfmed","francais","langues","perpignan","semestres"],"articleSection":["Fran\u00e7ais pour les \u00e9trangers"],"inLanguage":"en-US"},{"@type":"WebPage","@id":"https:\/\/perpignan.alfmed.com\/en\/francais-pour-les-etrangers\/notre-semestre-de-francais-commence-2\/","url":"https:\/\/perpignan.alfmed.com\/en\/francais-pour-les-etrangers\/notre-semestre-de-francais-commence-2\/","name":"Notre semestre de Fran\u00e7ais commence - Alfmed","isPartOf":{"@id":"https:\/\/perpignan.alfmed.com\/en\/#website"},"primaryImageOfPage":{"@id":"https:\/\/perpignan.alfmed.com\/en\/francais-pour-les-etrangers\/notre-semestre-de-francais-commence-2\/#primaryimage"},"image":{"@id":"https:\/\/perpignan.alfmed.com\/en\/francais-pour-les-etrangers\/notre-semestre-de-francais-commence-2\/#primaryimage"},"thumbnailUrl":"https:\/\/perpignan.alfmed.com\/wp-content\/uploads\/2022\/02\/WhatsApp-Image-2022-01-11-at-11.46.53-2-1030x579-1.jpeg","datePublished":"2022-08-26T08:15:46+00:00","dateModified":"2022-08-26T08:16:06+00:00","author":{"@id":"https:\/\/perpignan.alfmed.com\/en\/#\/schema\/person\/6718591f6785449d8fc528d9ad3cf52d"},"breadcrumb":{"@id":"https:\/\/perpignan.alfmed.com\/en\/francais-pour-les-etrangers\/notre-semestre-de-francais-commence-2\/#breadcrumb"},"inLanguage":"en-US","potentialAction":[{"@type":"ReadAction","target":["https:\/\/perpignan.alfmed.com\/en\/francais-pour-les-etrangers\/notre-semestre-de-francais-commence-2\/"]}]},{"@type":"ImageObject","inLanguage":"en-US","@id":"https:\/\/perpignan.alfmed.com\/en\/francais-pour-les-etrangers\/notre-semestre-de-francais-commence-2\/#primaryimage","url":"https:\/\/perpignan.alfmed.com\/wp-content\/uploads\/2022\/02\/WhatsApp-Image-2022-01-11-at-11.46.53-2-1030x579-1.jpeg","contentUrl":"https:\/\/perpignan.alfmed.com\/wp-content\/uploads\/2022\/02\/WhatsApp-Image-2022-01-11-at-11.46.53-2-1030x579-1.jpeg","width":1030,"height":579},{"@type":"BreadcrumbList","@id":"https:\/\/perpignan.alfmed.com\/en\/francais-pour-les-etrangers\/notre-semestre-de-francais-commence-2\/#breadcrumb","itemListElement":[{"@type":"ListItem","position":1,"name":"Home","item":"https:\/\/perpignan.alfmed.com\/en\/"},{"@type":"ListItem","position":2,"name":"Notre semestre de Fran\u00e7ais commence"}]},{"@type":"WebSite","@id":"https:\/\/perpignan.alfmed.com\/en\/#website","url":"https:\/\/perpignan.alfmed.com\/en\/","name":"Alfmed","description":"EXPERTS EN LANGUES &amp; PROJETS EUROP\u00c9ENS","potentialAction":[{"@type":"SearchAction","target":{"@type":"EntryPoint","urlTemplate":"https:\/\/perpignan.alfmed.com\/en\/?s={search_term_string}"},"query-input":{"@type":"PropertyValueSpecification","valueRequired":true,"valueName":"search_term_string"}}],"inLanguage":"en-US"},{"@type":"Person","@id":"https:\/\/perpignan.alfmed.com\/en\/#\/schema\/person\/6718591f6785449d8fc528d9ad3cf52d","name":"Alfmed","url":"https:\/\/perpignan.alfmed.com\/en\/author\/admalfmed\/"}]}},"_links":{"self":[{"href":"https:\/\/perpignan.alfmed.com\/en\/wp-json\/wp\/v2\/posts\/5200","targetHints":{"allow":["GET"]}}],"collection":[{"href":"https:\/\/perpignan.alfmed.com\/en\/wp-json\/wp\/v2\/posts"}],"about":[{"href":"https:\/\/perpignan.alfmed.com\/en\/wp-json\/wp\/v2\/types\/post"}],"author":[{"embeddable":true,"href":"https:\/\/perpignan.alfmed.com\/en\/wp-json\/wp\/v2\/users\/3"}],"replies":[{"embeddable":true,"href":"https:\/\/perpignan.alfmed.com\/en\/wp-json\/wp\/v2\/comments?post=5200"}],"version-history":[{"count":2,"href":"https:\/\/perpignan.alfmed.com\/en\/wp-json\/wp\/v2\/posts\/5200\/revisions"}],"predecessor-version":[{"id":5202,"href":"https:\/\/perpignan.alfmed.com\/en\/wp-json\/wp\/v2\/posts\/5200\/revisions\/5202"}],"wp:featuredmedia":[{"embeddable":true,"href":"https:\/\/perpignan.alfmed.com\/en\/wp-json\/wp\/v2\/media\/3408"}],"wp:attachment":[{"href":"https:\/\/perpignan.alfmed.com\/en\/wp-json\/wp\/v2\/media?parent=5200"}],"wp:term":[{"taxonomy":"category","embeddable":true,"href":"https:\/\/perpignan.alfmed.com\/en\/wp-json\/wp\/v2\/categories?post=5200"},{"taxonomy":"post_tag","embeddable":true,"href":"https:\/\/perpignan.alfmed.com\/en\/wp-json\/wp\/v2\/tags?post=5200"}],"curies":[{"name":"wp","href":"https:\/\/api.w.org\/{rel}","templated":true}]}}