{"id":3322,"date":"2022-02-24T10:50:24","date_gmt":"2022-02-24T10:50:24","guid":{"rendered":"https:\/\/perpignan.alfmed.com\/?p=3322"},"modified":"2022-02-24T10:50:24","modified_gmt":"2022-02-24T10:50:24","slug":"un-sesame-pour-la-mobilite","status":"publish","type":"post","link":"https:\/\/perpignan.alfmed.com\/en\/erasmus\/un-sesame-pour-la-mobilite\/","title":{"rendered":"Un s\u00e9same pour la mobilit\u00e9"},"content":{"rendered":"<p><strong>Votre centre de formation en langues ALFMED d\u00e9pose aux cot\u00e9s du Lyc\u00e9e Aristide Maillol un dossier de candidature \u00e0 l\u2019accr\u00e9ditation Erasmus +.<\/strong><\/p>\n<p>Cette accr\u00e9ditation permet de faciliter la mobilit\u00e9 des \u00e9l\u00e8ves de l\u2019enseignement professionnel et donne acc\u00e8s aux financements des activit\u00e9s de mobilit\u00e9 sur la nouvelle programmation Erasmus+ 2021- 2027.<\/p>\n<p>Depuis 2015, ALFMED coordonne avec le Lyc\u00e9e Maillol des programmes de Mobilit\u00e9 Erasmus-stages vers 5 pays de l\u2019Union Europ\u00e9enne.<\/p>\n<p><img loading=\"lazy\" decoding=\"async\" class=\"alignnone size-medium wp-image-1821\" src=\"https:\/\/perpignan.alfmed.com\/wp-content\/uploads\/2022\/02\/erasmus-1-300x61.png\" alt=\"\" width=\"300\" height=\"61\" \/><\/p>\n","protected":false},"excerpt":{"rendered":"<p>Votre centre de formation en langues ALFMED d\u00e9pose aux cot\u00e9s du Lyc\u00e9e Aristide Maillol un dossier de candidature \u00e0 l\u2019accr\u00e9ditation Erasmus +. Cette accr\u00e9ditation permet de faciliter la mobilit\u00e9 des \u00e9l\u00e8ves de l\u2019enseignement professionnel et donne acc\u00e8s aux financements des activit\u00e9s de mobilit\u00e9 sur la nouvelle programmation Erasmus+ 2021- 2027. Depuis 2015, ALFMED coordonne avec [&hellip;]<\/p>\n","protected":false},"author":3,"featured_media":3323,"comment_status":"closed","ping_status":"closed","sticky":false,"template":"","format":"standard","meta":{"_acf_changed":false,"_et_pb_use_builder":"","_et_pb_old_content":"","_et_gb_content_width":"","footnotes":""},"categories":[33],"tags":[],"class_list":["post-3322","post","type-post","status-publish","format-standard","has-post-thumbnail","hentry","category-erasmus"],"acf":[],"yoast_head":"<!-- This site is optimized with the Yoast SEO plugin v27.5 - https:\/\/yoast.com\/product\/yoast-seo-wordpress\/ -->\n<title>Un s\u00e9same pour la mobilit\u00e9 - Alfmed<\/title>\n<meta name=\"robots\" content=\"index, follow, max-snippet:-1, max-image-preview:large, max-video-preview:-1\" \/>\n<link rel=\"canonical\" href=\"https:\/\/perpignan.alfmed.com\/en\/erasmus\/un-sesame-pour-la-mobilite\/\" \/>\n<meta property=\"og:locale\" content=\"en_US\" \/>\n<meta property=\"og:type\" content=\"article\" \/>\n<meta property=\"og:title\" content=\"Un s\u00e9same pour la mobilit\u00e9 - Alfmed\" \/>\n<meta property=\"og:description\" content=\"Votre centre de formation en langues ALFMED d\u00e9pose aux cot\u00e9s du Lyc\u00e9e Aristide Maillol un dossier de candidature \u00e0 l\u2019accr\u00e9ditation Erasmus +. Cette accr\u00e9ditation permet de faciliter la mobilit\u00e9 des \u00e9l\u00e8ves de l\u2019enseignement professionnel et donne acc\u00e8s aux financements des activit\u00e9s de mobilit\u00e9 sur la nouvelle programmation Erasmus+ 2021- 2027. Depuis 2015, ALFMED coordonne avec [&hellip;]\" \/>\n<meta property=\"og:url\" content=\"https:\/\/perpignan.alfmed.com\/en\/erasmus\/un-sesame-pour-la-mobilite\/\" \/>\n<meta property=\"og:site_name\" content=\"Alfmed\" \/>\n<meta property=\"article:published_time\" content=\"2022-02-24T10:50:24+00:00\" \/>\n<meta property=\"og:image\" content=\"https:\/\/perpignan.alfmed.com\/wp-content\/uploads\/2022\/02\/PECIE2883-1030x515-1.jpg\" \/>\n\t<meta property=\"og:image:width\" content=\"1030\" \/>\n\t<meta property=\"og:image:height\" content=\"515\" \/>\n\t<meta property=\"og:image:type\" content=\"image\/jpeg\" \/>\n<meta name=\"author\" content=\"Alfmed\" \/>\n<meta name=\"twitter:card\" content=\"summary_large_image\" \/>\n<script type=\"application\/ld+json\" class=\"yoast-schema-graph\">{\"@context\":\"https:\\\/\\\/schema.org\",\"@graph\":[{\"@type\":\"Article\",\"@id\":\"https:\\\/\\\/perpignan.alfmed.com\\\/en\\\/erasmus\\\/un-sesame-pour-la-mobilite\\\/#article\",\"isPartOf\":{\"@id\":\"https:\\\/\\\/perpignan.alfmed.com\\\/en\\\/erasmus\\\/un-sesame-pour-la-mobilite\\\/\"},\"author\":{\"name\":\"Alfmed\",\"@id\":\"https:\\\/\\\/perpignan.alfmed.com\\\/en\\\/#\\\/schema\\\/person\\\/6718591f6785449d8fc528d9ad3cf52d\"},\"headline\":\"Un s\u00e9same pour la mobilit\u00e9\",\"datePublished\":\"2022-02-24T10:50:24+00:00\",\"mainEntityOfPage\":{\"@id\":\"https:\\\/\\\/perpignan.alfmed.com\\\/en\\\/erasmus\\\/un-sesame-pour-la-mobilite\\\/\"},\"wordCount\":83,\"image\":{\"@id\":\"https:\\\/\\\/perpignan.alfmed.com\\\/en\\\/erasmus\\\/un-sesame-pour-la-mobilite\\\/#primaryimage\"},\"thumbnailUrl\":\"https:\\\/\\\/perpignan.alfmed.com\\\/wp-content\\\/uploads\\\/2022\\\/02\\\/PECIE2883-1030x515-1.jpg\",\"articleSection\":[\"Erasmus\"],\"inLanguage\":\"en-US\"},{\"@type\":\"WebPage\",\"@id\":\"https:\\\/\\\/perpignan.alfmed.com\\\/en\\\/erasmus\\\/un-sesame-pour-la-mobilite\\\/\",\"url\":\"https:\\\/\\\/perpignan.alfmed.com\\\/en\\\/erasmus\\\/un-sesame-pour-la-mobilite\\\/\",\"name\":\"Un s\u00e9same pour la mobilit\u00e9 - Alfmed\",\"isPartOf\":{\"@id\":\"https:\\\/\\\/perpignan.alfmed.com\\\/en\\\/#website\"},\"primaryImageOfPage\":{\"@id\":\"https:\\\/\\\/perpignan.alfmed.com\\\/en\\\/erasmus\\\/un-sesame-pour-la-mobilite\\\/#primaryimage\"},\"image\":{\"@id\":\"https:\\\/\\\/perpignan.alfmed.com\\\/en\\\/erasmus\\\/un-sesame-pour-la-mobilite\\\/#primaryimage\"},\"thumbnailUrl\":\"https:\\\/\\\/perpignan.alfmed.com\\\/wp-content\\\/uploads\\\/2022\\\/02\\\/PECIE2883-1030x515-1.jpg\",\"datePublished\":\"2022-02-24T10:50:24+00:00\",\"author\":{\"@id\":\"https:\\\/\\\/perpignan.alfmed.com\\\/en\\\/#\\\/schema\\\/person\\\/6718591f6785449d8fc528d9ad3cf52d\"},\"breadcrumb\":{\"@id\":\"https:\\\/\\\/perpignan.alfmed.com\\\/en\\\/erasmus\\\/un-sesame-pour-la-mobilite\\\/#breadcrumb\"},\"inLanguage\":\"en-US\",\"potentialAction\":[{\"@type\":\"ReadAction\",\"target\":[\"https:\\\/\\\/perpignan.alfmed.com\\\/en\\\/erasmus\\\/un-sesame-pour-la-mobilite\\\/\"]}]},{\"@type\":\"ImageObject\",\"inLanguage\":\"en-US\",\"@id\":\"https:\\\/\\\/perpignan.alfmed.com\\\/en\\\/erasmus\\\/un-sesame-pour-la-mobilite\\\/#primaryimage\",\"url\":\"https:\\\/\\\/perpignan.alfmed.com\\\/wp-content\\\/uploads\\\/2022\\\/02\\\/PECIE2883-1030x515-1.jpg\",\"contentUrl\":\"https:\\\/\\\/perpignan.alfmed.com\\\/wp-content\\\/uploads\\\/2022\\\/02\\\/PECIE2883-1030x515-1.jpg\",\"width\":1030,\"height\":515},{\"@type\":\"BreadcrumbList\",\"@id\":\"https:\\\/\\\/perpignan.alfmed.com\\\/en\\\/erasmus\\\/un-sesame-pour-la-mobilite\\\/#breadcrumb\",\"itemListElement\":[{\"@type\":\"ListItem\",\"position\":1,\"name\":\"Home\",\"item\":\"https:\\\/\\\/perpignan.alfmed.com\\\/en\\\/\"},{\"@type\":\"ListItem\",\"position\":2,\"name\":\"Un s\u00e9same pour la mobilit\u00e9\"}]},{\"@type\":\"WebSite\",\"@id\":\"https:\\\/\\\/perpignan.alfmed.com\\\/en\\\/#website\",\"url\":\"https:\\\/\\\/perpignan.alfmed.com\\\/en\\\/\",\"name\":\"Alfmed\",\"description\":\"EXPERTS EN LANGUES &amp; PROJETS EUROP\u00c9ENS\",\"potentialAction\":[{\"@type\":\"SearchAction\",\"target\":{\"@type\":\"EntryPoint\",\"urlTemplate\":\"https:\\\/\\\/perpignan.alfmed.com\\\/en\\\/?s={search_term_string}\"},\"query-input\":{\"@type\":\"PropertyValueSpecification\",\"valueRequired\":true,\"valueName\":\"search_term_string\"}}],\"inLanguage\":\"en-US\"},{\"@type\":\"Person\",\"@id\":\"https:\\\/\\\/perpignan.alfmed.com\\\/en\\\/#\\\/schema\\\/person\\\/6718591f6785449d8fc528d9ad3cf52d\",\"name\":\"Alfmed\",\"url\":\"https:\\\/\\\/perpignan.alfmed.com\\\/en\\\/author\\\/admalfmed\\\/\"}]}<\/script>\n<!-- \/ Yoast SEO plugin. -->","yoast_head_json":{"title":"Un s\u00e9same pour la mobilit\u00e9 - Alfmed","robots":{"index":"index","follow":"follow","max-snippet":"max-snippet:-1","max-image-preview":"max-image-preview:large","max-video-preview":"max-video-preview:-1"},"canonical":"https:\/\/perpignan.alfmed.com\/en\/erasmus\/un-sesame-pour-la-mobilite\/","og_locale":"en_US","og_type":"article","og_title":"Un s\u00e9same pour la mobilit\u00e9 - Alfmed","og_description":"Votre centre de formation en langues ALFMED d\u00e9pose aux cot\u00e9s du Lyc\u00e9e Aristide Maillol un dossier de candidature \u00e0 l\u2019accr\u00e9ditation Erasmus +. Cette accr\u00e9ditation permet de faciliter la mobilit\u00e9 des \u00e9l\u00e8ves de l\u2019enseignement professionnel et donne acc\u00e8s aux financements des activit\u00e9s de mobilit\u00e9 sur la nouvelle programmation Erasmus+ 2021- 2027. Depuis 2015, ALFMED coordonne avec [&hellip;]","og_url":"https:\/\/perpignan.alfmed.com\/en\/erasmus\/un-sesame-pour-la-mobilite\/","og_site_name":"Alfmed","article_published_time":"2022-02-24T10:50:24+00:00","og_image":[{"width":1030,"height":515,"url":"https:\/\/perpignan.alfmed.com\/wp-content\/uploads\/2022\/02\/PECIE2883-1030x515-1.jpg","type":"image\/jpeg"}],"author":"Alfmed","twitter_card":"summary_large_image","schema":{"@context":"https:\/\/schema.org","@graph":[{"@type":"Article","@id":"https:\/\/perpignan.alfmed.com\/en\/erasmus\/un-sesame-pour-la-mobilite\/#article","isPartOf":{"@id":"https:\/\/perpignan.alfmed.com\/en\/erasmus\/un-sesame-pour-la-mobilite\/"},"author":{"name":"Alfmed","@id":"https:\/\/perpignan.alfmed.com\/en\/#\/schema\/person\/6718591f6785449d8fc528d9ad3cf52d"},"headline":"Un s\u00e9same pour la mobilit\u00e9","datePublished":"2022-02-24T10:50:24+00:00","mainEntityOfPage":{"@id":"https:\/\/perpignan.alfmed.com\/en\/erasmus\/un-sesame-pour-la-mobilite\/"},"wordCount":83,"image":{"@id":"https:\/\/perpignan.alfmed.com\/en\/erasmus\/un-sesame-pour-la-mobilite\/#primaryimage"},"thumbnailUrl":"https:\/\/perpignan.alfmed.com\/wp-content\/uploads\/2022\/02\/PECIE2883-1030x515-1.jpg","articleSection":["Erasmus"],"inLanguage":"en-US"},{"@type":"WebPage","@id":"https:\/\/perpignan.alfmed.com\/en\/erasmus\/un-sesame-pour-la-mobilite\/","url":"https:\/\/perpignan.alfmed.com\/en\/erasmus\/un-sesame-pour-la-mobilite\/","name":"Un s\u00e9same pour la mobilit\u00e9 - Alfmed","isPartOf":{"@id":"https:\/\/perpignan.alfmed.com\/en\/#website"},"primaryImageOfPage":{"@id":"https:\/\/perpignan.alfmed.com\/en\/erasmus\/un-sesame-pour-la-mobilite\/#primaryimage"},"image":{"@id":"https:\/\/perpignan.alfmed.com\/en\/erasmus\/un-sesame-pour-la-mobilite\/#primaryimage"},"thumbnailUrl":"https:\/\/perpignan.alfmed.com\/wp-content\/uploads\/2022\/02\/PECIE2883-1030x515-1.jpg","datePublished":"2022-02-24T10:50:24+00:00","author":{"@id":"https:\/\/perpignan.alfmed.com\/en\/#\/schema\/person\/6718591f6785449d8fc528d9ad3cf52d"},"breadcrumb":{"@id":"https:\/\/perpignan.alfmed.com\/en\/erasmus\/un-sesame-pour-la-mobilite\/#breadcrumb"},"inLanguage":"en-US","potentialAction":[{"@type":"ReadAction","target":["https:\/\/perpignan.alfmed.com\/en\/erasmus\/un-sesame-pour-la-mobilite\/"]}]},{"@type":"ImageObject","inLanguage":"en-US","@id":"https:\/\/perpignan.alfmed.com\/en\/erasmus\/un-sesame-pour-la-mobilite\/#primaryimage","url":"https:\/\/perpignan.alfmed.com\/wp-content\/uploads\/2022\/02\/PECIE2883-1030x515-1.jpg","contentUrl":"https:\/\/perpignan.alfmed.com\/wp-content\/uploads\/2022\/02\/PECIE2883-1030x515-1.jpg","width":1030,"height":515},{"@type":"BreadcrumbList","@id":"https:\/\/perpignan.alfmed.com\/en\/erasmus\/un-sesame-pour-la-mobilite\/#breadcrumb","itemListElement":[{"@type":"ListItem","position":1,"name":"Home","item":"https:\/\/perpignan.alfmed.com\/en\/"},{"@type":"ListItem","position":2,"name":"Un s\u00e9same pour la mobilit\u00e9"}]},{"@type":"WebSite","@id":"https:\/\/perpignan.alfmed.com\/en\/#website","url":"https:\/\/perpignan.alfmed.com\/en\/","name":"Alfmed","description":"EXPERTS EN LANGUES &amp; PROJETS EUROP\u00c9ENS","potentialAction":[{"@type":"SearchAction","target":{"@type":"EntryPoint","urlTemplate":"https:\/\/perpignan.alfmed.com\/en\/?s={search_term_string}"},"query-input":{"@type":"PropertyValueSpecification","valueRequired":true,"valueName":"search_term_string"}}],"inLanguage":"en-US"},{"@type":"Person","@id":"https:\/\/perpignan.alfmed.com\/en\/#\/schema\/person\/6718591f6785449d8fc528d9ad3cf52d","name":"Alfmed","url":"https:\/\/perpignan.alfmed.com\/en\/author\/admalfmed\/"}]}},"_links":{"self":[{"href":"https:\/\/perpignan.alfmed.com\/en\/wp-json\/wp\/v2\/posts\/3322","targetHints":{"allow":["GET"]}}],"collection":[{"href":"https:\/\/perpignan.alfmed.com\/en\/wp-json\/wp\/v2\/posts"}],"about":[{"href":"https:\/\/perpignan.alfmed.com\/en\/wp-json\/wp\/v2\/types\/post"}],"author":[{"embeddable":true,"href":"https:\/\/perpignan.alfmed.com\/en\/wp-json\/wp\/v2\/users\/3"}],"replies":[{"embeddable":true,"href":"https:\/\/perpignan.alfmed.com\/en\/wp-json\/wp\/v2\/comments?post=3322"}],"version-history":[{"count":1,"href":"https:\/\/perpignan.alfmed.com\/en\/wp-json\/wp\/v2\/posts\/3322\/revisions"}],"predecessor-version":[{"id":3324,"href":"https:\/\/perpignan.alfmed.com\/en\/wp-json\/wp\/v2\/posts\/3322\/revisions\/3324"}],"wp:featuredmedia":[{"embeddable":true,"href":"https:\/\/perpignan.alfmed.com\/en\/wp-json\/wp\/v2\/media\/3323"}],"wp:attachment":[{"href":"https:\/\/perpignan.alfmed.com\/en\/wp-json\/wp\/v2\/media?parent=3322"}],"wp:term":[{"taxonomy":"category","embeddable":true,"href":"https:\/\/perpignan.alfmed.com\/en\/wp-json\/wp\/v2\/categories?post=3322"},{"taxonomy":"post_tag","embeddable":true,"href":"https:\/\/perpignan.alfmed.com\/en\/wp-json\/wp\/v2\/tags?post=3322"}],"curies":[{"name":"wp","href":"https:\/\/api.w.org\/{rel}","templated":true}]}}