{"id":3312,"date":"2022-02-24T10:48:46","date_gmt":"2022-02-24T10:48:46","guid":{"rendered":"https:\/\/perpignan.alfmed.com\/?p=3312"},"modified":"2022-02-24T10:49:10","modified_gmt":"2022-02-24T10:49:10","slug":"erasmus-days-2020","status":"publish","type":"post","link":"https:\/\/perpignan.alfmed.com\/en\/erasmus\/erasmus-days-2020\/","title":{"rendered":"Erasmus Days 2020"},"content":{"rendered":"<p>Vendredi 16 octobre 2020, s\u2019est tenu\u00a0 au\u00a0<strong>Lyc\u00e9e Pablo Picasso de Perpignan<\/strong>\u00a0et au\u00a0<strong>Lyc\u00e9e D\u00e9odat De S\u00e9verac<\/strong>\u00a0de C\u00e9ret les\u00a0<strong>Erasmus Days 2020<\/strong>.<\/p>\n<p>Le\u00a0<strong>COnsortium PROfessionnel pour la MOBilit\u00e9<\/strong>\u00a0va permettre \u00e0 40 \u00e9l\u00e8ves de lyc\u00e9es professionnels de la r\u00e9gion d\u2019effectuer un stage en Italie, Espagne, Pologne au printemps 2021.<\/p>\n<p>Sur cette journ\u00e9e, il y a des t\u00e9moignages sur la mobilit\u00e9 des lyc\u00e9es professionnels depuis 2017, des rencontres avec des \u00e9tudiants\u00a0 Erasmus Europ\u00e9ens qui font actuellement leur stage dans des entreprises \u00e0\u00a0 Perpignan, et une pr\u00e9sentation du projet Erasmus de Mobilit\u00e9\u00a0<strong>CoProMob +\u00a0<\/strong>pour le printemps 2021 devant pr\u00e8s de 180 \u00e9l\u00e8ves.<\/p>\n<p>En 2018 \u2013 2019, ALFMED aura envoy\u00e9 120 \u00e9tudiants fran\u00e7ais Erasmus vers 6 destinations gr\u00e2ce au projet CoProMob 2020.<\/p>\n<p>En 2019, ce sont 400 \u00e9tudiants Erasmus-stage qui ont \u00e9t\u00e9 int\u00e9gr\u00e9s dans les entreprises de la r\u00e9gion. En 2020 en raison du COVID, ce chiffre s\u2019\u00e9l\u00e8ve \u00e0 110.<\/p>\n<p><img loading=\"lazy\" decoding=\"async\" class=\"alignnone size-medium wp-image-3314\" src=\"https:\/\/perpignan.alfmed.com\/wp-content\/uploads\/2022\/02\/ze-scaled-1-225x300.jpg\" alt=\"\" width=\"225\" height=\"300\" \/> \u00a0<img loading=\"lazy\" decoding=\"async\" class=\"alignnone size-medium wp-image-3315\" src=\"https:\/\/perpignan.alfmed.com\/wp-content\/uploads\/2022\/02\/era-scaled-1-300x225.jpg\" alt=\"\" width=\"300\" height=\"225\" \/> \u00a0<img loading=\"lazy\" decoding=\"async\" class=\"alignnone size-medium wp-image-3316\" src=\"https:\/\/perpignan.alfmed.com\/wp-content\/uploads\/2022\/02\/za-300x276.jpg\" alt=\"\" width=\"300\" height=\"276\" \/> \u00a0<img loading=\"lazy\" decoding=\"async\" class=\"alignnone size-medium wp-image-3317\" src=\"https:\/\/perpignan.alfmed.com\/wp-content\/uploads\/2022\/02\/zdz-scaled-1-225x300.jpg\" alt=\"\" width=\"225\" height=\"300\" \/> \u00a0<img loading=\"lazy\" decoding=\"async\" class=\"alignnone size-medium wp-image-3318\" src=\"https:\/\/perpignan.alfmed.com\/wp-content\/uploads\/2022\/02\/zz-225x300.jpg\" alt=\"\" width=\"225\" height=\"300\" \/> \u00a0 <img loading=\"lazy\" decoding=\"async\" class=\"alignnone size-medium wp-image-3319\" src=\"https:\/\/perpignan.alfmed.com\/wp-content\/uploads\/2022\/02\/dsds-scaled-1-225x300.jpg\" alt=\"\" width=\"225\" height=\"300\" \/><\/p>\n","protected":false},"excerpt":{"rendered":"<p>Vendredi 16 octobre 2020, s\u2019est tenu\u00a0 au\u00a0Lyc\u00e9e Pablo Picasso de Perpignan\u00a0et au\u00a0Lyc\u00e9e D\u00e9odat De S\u00e9verac\u00a0de C\u00e9ret les\u00a0Erasmus Days 2020. Le\u00a0COnsortium PROfessionnel pour la MOBilit\u00e9\u00a0va permettre \u00e0 40 \u00e9l\u00e8ves de lyc\u00e9es professionnels de la r\u00e9gion d\u2019effectuer un stage en Italie, Espagne, Pologne au printemps 2021. Sur cette journ\u00e9e, il y a des t\u00e9moignages sur la mobilit\u00e9 [&hellip;]<\/p>\n","protected":false},"author":3,"featured_media":3313,"comment_status":"closed","ping_status":"closed","sticky":false,"template":"","format":"standard","meta":{"_acf_changed":false,"_et_pb_use_builder":"","_et_pb_old_content":"","_et_gb_content_width":"","footnotes":""},"categories":[33],"tags":[],"class_list":["post-3312","post","type-post","status-publish","format-standard","has-post-thumbnail","hentry","category-erasmus"],"acf":[],"yoast_head":"<!-- This site is optimized with the Yoast SEO plugin v27.5 - https:\/\/yoast.com\/product\/yoast-seo-wordpress\/ -->\n<title>Erasmus Days 2020 - Alfmed<\/title>\n<meta name=\"robots\" content=\"index, follow, max-snippet:-1, max-image-preview:large, max-video-preview:-1\" \/>\n<link rel=\"canonical\" href=\"https:\/\/perpignan.alfmed.com\/en\/erasmus\/erasmus-days-2020\/\" \/>\n<meta property=\"og:locale\" content=\"en_US\" \/>\n<meta property=\"og:type\" content=\"article\" \/>\n<meta property=\"og:title\" content=\"Erasmus Days 2020 - Alfmed\" \/>\n<meta property=\"og:description\" content=\"Vendredi 16 octobre 2020, s\u2019est tenu\u00a0 au\u00a0Lyc\u00e9e Pablo Picasso de Perpignan\u00a0et au\u00a0Lyc\u00e9e D\u00e9odat De S\u00e9verac\u00a0de C\u00e9ret les\u00a0Erasmus Days 2020. Le\u00a0COnsortium PROfessionnel pour la MOBilit\u00e9\u00a0va permettre \u00e0 40 \u00e9l\u00e8ves de lyc\u00e9es professionnels de la r\u00e9gion d\u2019effectuer un stage en Italie, Espagne, Pologne au printemps 2021. Sur cette journ\u00e9e, il y a des t\u00e9moignages sur la mobilit\u00e9 [&hellip;]\" \/>\n<meta property=\"og:url\" content=\"https:\/\/perpignan.alfmed.com\/en\/erasmus\/erasmus-days-2020\/\" \/>\n<meta property=\"og:site_name\" content=\"Alfmed\" \/>\n<meta property=\"article:published_time\" content=\"2022-02-24T10:48:46+00:00\" \/>\n<meta property=\"article:modified_time\" content=\"2022-02-24T10:49:10+00:00\" \/>\n<meta property=\"og:image\" content=\"https:\/\/perpignan.alfmed.com\/wp-content\/uploads\/2022\/02\/ERASMUSDAYS_LOGO_2020_FR_BLEU-1-1030x722-1.png\" \/>\n\t<meta property=\"og:image:width\" content=\"1030\" \/>\n\t<meta property=\"og:image:height\" content=\"722\" \/>\n\t<meta property=\"og:image:type\" content=\"image\/png\" \/>\n<meta name=\"author\" content=\"Alfmed\" \/>\n<meta name=\"twitter:card\" content=\"summary_large_image\" \/>\n<script type=\"application\/ld+json\" class=\"yoast-schema-graph\">{\"@context\":\"https:\\\/\\\/schema.org\",\"@graph\":[{\"@type\":\"Article\",\"@id\":\"https:\\\/\\\/perpignan.alfmed.com\\\/en\\\/erasmus\\\/erasmus-days-2020\\\/#article\",\"isPartOf\":{\"@id\":\"https:\\\/\\\/perpignan.alfmed.com\\\/en\\\/erasmus\\\/erasmus-days-2020\\\/\"},\"author\":{\"name\":\"Alfmed\",\"@id\":\"https:\\\/\\\/perpignan.alfmed.com\\\/en\\\/#\\\/schema\\\/person\\\/6718591f6785449d8fc528d9ad3cf52d\"},\"headline\":\"Erasmus Days 2020\",\"datePublished\":\"2022-02-24T10:48:46+00:00\",\"dateModified\":\"2022-02-24T10:49:10+00:00\",\"mainEntityOfPage\":{\"@id\":\"https:\\\/\\\/perpignan.alfmed.com\\\/en\\\/erasmus\\\/erasmus-days-2020\\\/\"},\"wordCount\":154,\"image\":{\"@id\":\"https:\\\/\\\/perpignan.alfmed.com\\\/en\\\/erasmus\\\/erasmus-days-2020\\\/#primaryimage\"},\"thumbnailUrl\":\"https:\\\/\\\/perpignan.alfmed.com\\\/wp-content\\\/uploads\\\/2022\\\/02\\\/ERASMUSDAYS_LOGO_2020_FR_BLEU-1-1030x722-1.png\",\"articleSection\":[\"Erasmus\"],\"inLanguage\":\"en-US\"},{\"@type\":\"WebPage\",\"@id\":\"https:\\\/\\\/perpignan.alfmed.com\\\/en\\\/erasmus\\\/erasmus-days-2020\\\/\",\"url\":\"https:\\\/\\\/perpignan.alfmed.com\\\/en\\\/erasmus\\\/erasmus-days-2020\\\/\",\"name\":\"Erasmus Days 2020 - Alfmed\",\"isPartOf\":{\"@id\":\"https:\\\/\\\/perpignan.alfmed.com\\\/en\\\/#website\"},\"primaryImageOfPage\":{\"@id\":\"https:\\\/\\\/perpignan.alfmed.com\\\/en\\\/erasmus\\\/erasmus-days-2020\\\/#primaryimage\"},\"image\":{\"@id\":\"https:\\\/\\\/perpignan.alfmed.com\\\/en\\\/erasmus\\\/erasmus-days-2020\\\/#primaryimage\"},\"thumbnailUrl\":\"https:\\\/\\\/perpignan.alfmed.com\\\/wp-content\\\/uploads\\\/2022\\\/02\\\/ERASMUSDAYS_LOGO_2020_FR_BLEU-1-1030x722-1.png\",\"datePublished\":\"2022-02-24T10:48:46+00:00\",\"dateModified\":\"2022-02-24T10:49:10+00:00\",\"author\":{\"@id\":\"https:\\\/\\\/perpignan.alfmed.com\\\/en\\\/#\\\/schema\\\/person\\\/6718591f6785449d8fc528d9ad3cf52d\"},\"breadcrumb\":{\"@id\":\"https:\\\/\\\/perpignan.alfmed.com\\\/en\\\/erasmus\\\/erasmus-days-2020\\\/#breadcrumb\"},\"inLanguage\":\"en-US\",\"potentialAction\":[{\"@type\":\"ReadAction\",\"target\":[\"https:\\\/\\\/perpignan.alfmed.com\\\/en\\\/erasmus\\\/erasmus-days-2020\\\/\"]}]},{\"@type\":\"ImageObject\",\"inLanguage\":\"en-US\",\"@id\":\"https:\\\/\\\/perpignan.alfmed.com\\\/en\\\/erasmus\\\/erasmus-days-2020\\\/#primaryimage\",\"url\":\"https:\\\/\\\/perpignan.alfmed.com\\\/wp-content\\\/uploads\\\/2022\\\/02\\\/ERASMUSDAYS_LOGO_2020_FR_BLEU-1-1030x722-1.png\",\"contentUrl\":\"https:\\\/\\\/perpignan.alfmed.com\\\/wp-content\\\/uploads\\\/2022\\\/02\\\/ERASMUSDAYS_LOGO_2020_FR_BLEU-1-1030x722-1.png\",\"width\":1030,\"height\":722},{\"@type\":\"BreadcrumbList\",\"@id\":\"https:\\\/\\\/perpignan.alfmed.com\\\/en\\\/erasmus\\\/erasmus-days-2020\\\/#breadcrumb\",\"itemListElement\":[{\"@type\":\"ListItem\",\"position\":1,\"name\":\"Home\",\"item\":\"https:\\\/\\\/perpignan.alfmed.com\\\/en\\\/\"},{\"@type\":\"ListItem\",\"position\":2,\"name\":\"Erasmus Days 2020\"}]},{\"@type\":\"WebSite\",\"@id\":\"https:\\\/\\\/perpignan.alfmed.com\\\/en\\\/#website\",\"url\":\"https:\\\/\\\/perpignan.alfmed.com\\\/en\\\/\",\"name\":\"Alfmed\",\"description\":\"EXPERTS EN LANGUES &amp; PROJETS EUROP\u00c9ENS\",\"potentialAction\":[{\"@type\":\"SearchAction\",\"target\":{\"@type\":\"EntryPoint\",\"urlTemplate\":\"https:\\\/\\\/perpignan.alfmed.com\\\/en\\\/?s={search_term_string}\"},\"query-input\":{\"@type\":\"PropertyValueSpecification\",\"valueRequired\":true,\"valueName\":\"search_term_string\"}}],\"inLanguage\":\"en-US\"},{\"@type\":\"Person\",\"@id\":\"https:\\\/\\\/perpignan.alfmed.com\\\/en\\\/#\\\/schema\\\/person\\\/6718591f6785449d8fc528d9ad3cf52d\",\"name\":\"Alfmed\",\"url\":\"https:\\\/\\\/perpignan.alfmed.com\\\/en\\\/author\\\/admalfmed\\\/\"}]}<\/script>\n<!-- \/ Yoast SEO plugin. -->","yoast_head_json":{"title":"Erasmus Days 2020 - Alfmed","robots":{"index":"index","follow":"follow","max-snippet":"max-snippet:-1","max-image-preview":"max-image-preview:large","max-video-preview":"max-video-preview:-1"},"canonical":"https:\/\/perpignan.alfmed.com\/en\/erasmus\/erasmus-days-2020\/","og_locale":"en_US","og_type":"article","og_title":"Erasmus Days 2020 - Alfmed","og_description":"Vendredi 16 octobre 2020, s\u2019est tenu\u00a0 au\u00a0Lyc\u00e9e Pablo Picasso de Perpignan\u00a0et au\u00a0Lyc\u00e9e D\u00e9odat De S\u00e9verac\u00a0de C\u00e9ret les\u00a0Erasmus Days 2020. Le\u00a0COnsortium PROfessionnel pour la MOBilit\u00e9\u00a0va permettre \u00e0 40 \u00e9l\u00e8ves de lyc\u00e9es professionnels de la r\u00e9gion d\u2019effectuer un stage en Italie, Espagne, Pologne au printemps 2021. Sur cette journ\u00e9e, il y a des t\u00e9moignages sur la mobilit\u00e9 [&hellip;]","og_url":"https:\/\/perpignan.alfmed.com\/en\/erasmus\/erasmus-days-2020\/","og_site_name":"Alfmed","article_published_time":"2022-02-24T10:48:46+00:00","article_modified_time":"2022-02-24T10:49:10+00:00","og_image":[{"width":1030,"height":722,"url":"https:\/\/perpignan.alfmed.com\/wp-content\/uploads\/2022\/02\/ERASMUSDAYS_LOGO_2020_FR_BLEU-1-1030x722-1.png","type":"image\/png"}],"author":"Alfmed","twitter_card":"summary_large_image","schema":{"@context":"https:\/\/schema.org","@graph":[{"@type":"Article","@id":"https:\/\/perpignan.alfmed.com\/en\/erasmus\/erasmus-days-2020\/#article","isPartOf":{"@id":"https:\/\/perpignan.alfmed.com\/en\/erasmus\/erasmus-days-2020\/"},"author":{"name":"Alfmed","@id":"https:\/\/perpignan.alfmed.com\/en\/#\/schema\/person\/6718591f6785449d8fc528d9ad3cf52d"},"headline":"Erasmus Days 2020","datePublished":"2022-02-24T10:48:46+00:00","dateModified":"2022-02-24T10:49:10+00:00","mainEntityOfPage":{"@id":"https:\/\/perpignan.alfmed.com\/en\/erasmus\/erasmus-days-2020\/"},"wordCount":154,"image":{"@id":"https:\/\/perpignan.alfmed.com\/en\/erasmus\/erasmus-days-2020\/#primaryimage"},"thumbnailUrl":"https:\/\/perpignan.alfmed.com\/wp-content\/uploads\/2022\/02\/ERASMUSDAYS_LOGO_2020_FR_BLEU-1-1030x722-1.png","articleSection":["Erasmus"],"inLanguage":"en-US"},{"@type":"WebPage","@id":"https:\/\/perpignan.alfmed.com\/en\/erasmus\/erasmus-days-2020\/","url":"https:\/\/perpignan.alfmed.com\/en\/erasmus\/erasmus-days-2020\/","name":"Erasmus Days 2020 - Alfmed","isPartOf":{"@id":"https:\/\/perpignan.alfmed.com\/en\/#website"},"primaryImageOfPage":{"@id":"https:\/\/perpignan.alfmed.com\/en\/erasmus\/erasmus-days-2020\/#primaryimage"},"image":{"@id":"https:\/\/perpignan.alfmed.com\/en\/erasmus\/erasmus-days-2020\/#primaryimage"},"thumbnailUrl":"https:\/\/perpignan.alfmed.com\/wp-content\/uploads\/2022\/02\/ERASMUSDAYS_LOGO_2020_FR_BLEU-1-1030x722-1.png","datePublished":"2022-02-24T10:48:46+00:00","dateModified":"2022-02-24T10:49:10+00:00","author":{"@id":"https:\/\/perpignan.alfmed.com\/en\/#\/schema\/person\/6718591f6785449d8fc528d9ad3cf52d"},"breadcrumb":{"@id":"https:\/\/perpignan.alfmed.com\/en\/erasmus\/erasmus-days-2020\/#breadcrumb"},"inLanguage":"en-US","potentialAction":[{"@type":"ReadAction","target":["https:\/\/perpignan.alfmed.com\/en\/erasmus\/erasmus-days-2020\/"]}]},{"@type":"ImageObject","inLanguage":"en-US","@id":"https:\/\/perpignan.alfmed.com\/en\/erasmus\/erasmus-days-2020\/#primaryimage","url":"https:\/\/perpignan.alfmed.com\/wp-content\/uploads\/2022\/02\/ERASMUSDAYS_LOGO_2020_FR_BLEU-1-1030x722-1.png","contentUrl":"https:\/\/perpignan.alfmed.com\/wp-content\/uploads\/2022\/02\/ERASMUSDAYS_LOGO_2020_FR_BLEU-1-1030x722-1.png","width":1030,"height":722},{"@type":"BreadcrumbList","@id":"https:\/\/perpignan.alfmed.com\/en\/erasmus\/erasmus-days-2020\/#breadcrumb","itemListElement":[{"@type":"ListItem","position":1,"name":"Home","item":"https:\/\/perpignan.alfmed.com\/en\/"},{"@type":"ListItem","position":2,"name":"Erasmus Days 2020"}]},{"@type":"WebSite","@id":"https:\/\/perpignan.alfmed.com\/en\/#website","url":"https:\/\/perpignan.alfmed.com\/en\/","name":"Alfmed","description":"EXPERTS EN LANGUES &amp; PROJETS EUROP\u00c9ENS","potentialAction":[{"@type":"SearchAction","target":{"@type":"EntryPoint","urlTemplate":"https:\/\/perpignan.alfmed.com\/en\/?s={search_term_string}"},"query-input":{"@type":"PropertyValueSpecification","valueRequired":true,"valueName":"search_term_string"}}],"inLanguage":"en-US"},{"@type":"Person","@id":"https:\/\/perpignan.alfmed.com\/en\/#\/schema\/person\/6718591f6785449d8fc528d9ad3cf52d","name":"Alfmed","url":"https:\/\/perpignan.alfmed.com\/en\/author\/admalfmed\/"}]}},"_links":{"self":[{"href":"https:\/\/perpignan.alfmed.com\/en\/wp-json\/wp\/v2\/posts\/3312","targetHints":{"allow":["GET"]}}],"collection":[{"href":"https:\/\/perpignan.alfmed.com\/en\/wp-json\/wp\/v2\/posts"}],"about":[{"href":"https:\/\/perpignan.alfmed.com\/en\/wp-json\/wp\/v2\/types\/post"}],"author":[{"embeddable":true,"href":"https:\/\/perpignan.alfmed.com\/en\/wp-json\/wp\/v2\/users\/3"}],"replies":[{"embeddable":true,"href":"https:\/\/perpignan.alfmed.com\/en\/wp-json\/wp\/v2\/comments?post=3312"}],"version-history":[{"count":2,"href":"https:\/\/perpignan.alfmed.com\/en\/wp-json\/wp\/v2\/posts\/3312\/revisions"}],"predecessor-version":[{"id":3321,"href":"https:\/\/perpignan.alfmed.com\/en\/wp-json\/wp\/v2\/posts\/3312\/revisions\/3321"}],"wp:featuredmedia":[{"embeddable":true,"href":"https:\/\/perpignan.alfmed.com\/en\/wp-json\/wp\/v2\/media\/3313"}],"wp:attachment":[{"href":"https:\/\/perpignan.alfmed.com\/en\/wp-json\/wp\/v2\/media?parent=3312"}],"wp:term":[{"taxonomy":"category","embeddable":true,"href":"https:\/\/perpignan.alfmed.com\/en\/wp-json\/wp\/v2\/categories?post=3312"},{"taxonomy":"post_tag","embeddable":true,"href":"https:\/\/perpignan.alfmed.com\/en\/wp-json\/wp\/v2\/tags?post=3312"}],"curies":[{"name":"wp","href":"https:\/\/api.w.org\/{rel}","templated":true}]}}