{"id":3294,"date":"2022-02-24T10:39:09","date_gmt":"2022-02-24T10:39:09","guid":{"rendered":"https:\/\/perpignan.alfmed.com\/?p=3294"},"modified":"2022-02-24T10:39:31","modified_gmt":"2022-02-24T10:39:31","slug":"semestre-fle-2022","status":"publish","type":"post","link":"https:\/\/perpignan.alfmed.com\/en\/francais-pour-les-etrangers\/semestre-fle-2022\/","title":{"rendered":"Semestre FLE 2022"},"content":{"rendered":"<p>Ce lundi a d\u00e9but\u00e9 le semestre FLE qui se finira au mois de janvier 2022. Les cours peuvent se faire\u00a0<strong>en pr\u00e9sentiel \u00e0 ALFMED ou en Visio<\/strong>.<\/p>\n<p>Ce programme se compose de\u00a0<strong>15 semaines de cours de Fran\u00e7ais<\/strong>\u00a0et contient :<\/p>\n<ul>\n<li><strong>un module intensif de 4 semaines : 4h de cours tous les matins<\/strong><\/li>\n<li><strong>un module extensif de 11 semaines : 4h de cours par semaine<\/strong><\/li>\n<\/ul>\n<p>Durant ce semestre nos groupes d\u2019\u00e9tudiants vont avoir\u00a0<strong>des sorties culturelles dans la ville de Perpignan et aux alentours<\/strong>\u00a0:<\/p>\n<ul>\n<li>Perpignan et de son centre ville<\/li>\n<li>Mus\u00e9e Rigaud<\/li>\n<li>Palais des Rois de Majorque<\/li>\n<li>Collioure<\/li>\n<li>Caves Byrrh<\/li>\n<li>Salses le Ch\u00e2teau<\/li>\n<li>Orgues d\u2019Ille sur T\u00eat<\/li>\n<\/ul>\n<p>Les \u00e9l\u00e8ves ont \u00e9galement acc\u00e8s \u00e0 la\u00a0<strong>Plateforme \u201ce-learning KEEPSCHOOL\u201d<\/strong>, pour s\u2019exercer depuis leur tablette, leur ordinateur ou leur smartphone \u00e0 tout moment. Cette interface propose 16 langues d\u2019apprentissage, avec des exercices personnalis\u00e9s en fonction du niveau et des progr\u00e8s des apprenants. Diverses activit\u00e9s et modules pour pratiquer l\u2019expression ainsi que la compr\u00e9hension \u00e9crite et orale, de fa\u00e7on ludique avec un acc\u00e8s illimit\u00e9 pendant 3 mois !<\/p>\n<p>\u00c0 la fin du semestre, se d\u00e9roule une\u00a0<strong>\u00e9valuation linguistique<\/strong>\u00a0:<\/p>\n<ul>\n<li><strong>Pr\u00e9paration et passation du TCF<\/strong>\u00a0(4h de pr\u00e9paration pendant le module extensif)<\/li>\n<li><strong>Passation d\u2019un Examen blanc et du Dipl\u00f4me\u00a0fran\u00e7ais\u00a0TCF TP<\/strong>\u00a0(Test\u00a0de\u00a0Connaissance\u00a0du\u00a0Fran\u00e7ais Tout Public)\u00a0\u00e0\u00a0ALFMED en janvier 2022<\/li>\n<\/ul>\n<p><em>Dipl\u00f4me\u00a0d\u00e9livr\u00e9\u00a0par\u00a0France \u00c9ducation International conform\u00e9ment\u00a0au\u00a0Cadre\u00a0Europ\u00e9en\u00a0des\u00a0Langues\u00a0et\u00a0reconnu\u00a0dans le monde entier<\/em><\/p>\n<p><img loading=\"lazy\" decoding=\"async\" class=\"aligncenter wp-image-3296 size-large\" src=\"https:\/\/perpignan.alfmed.com\/wp-content\/uploads\/2022\/02\/WhatsApp-Image-2021-09-07-at-16.02.00-1-1030x773-1-1024x768.jpeg\" alt=\"\" width=\"1024\" height=\"768\" srcset=\"https:\/\/perpignan.alfmed.com\/wp-content\/uploads\/2022\/02\/WhatsApp-Image-2021-09-07-at-16.02.00-1-1030x773-1-1024x768.jpeg 1024w, https:\/\/perpignan.alfmed.com\/wp-content\/uploads\/2022\/02\/WhatsApp-Image-2021-09-07-at-16.02.00-1-1030x773-1-980x735.jpeg 980w, https:\/\/perpignan.alfmed.com\/wp-content\/uploads\/2022\/02\/WhatsApp-Image-2021-09-07-at-16.02.00-1-1030x773-1-480x360.jpeg 480w\" sizes=\"(min-width: 0px) and (max-width: 480px) 480px, (min-width: 481px) and (max-width: 980px) 980px, (min-width: 981px) 1024px, 100vw\" \/><\/p>\n","protected":false},"excerpt":{"rendered":"<p>Ce lundi a d\u00e9but\u00e9 le semestre FLE qui se finira au mois de janvier 2022. Les cours peuvent se faire\u00a0en pr\u00e9sentiel \u00e0 ALFMED ou en Visio. Ce programme se compose de\u00a015 semaines de cours de Fran\u00e7ais\u00a0et contient : un module intensif de 4 semaines : 4h de cours tous les matins un module extensif de [&hellip;]<\/p>\n","protected":false},"author":3,"featured_media":3295,"comment_status":"closed","ping_status":"closed","sticky":false,"template":"","format":"standard","meta":{"_acf_changed":false,"_et_pb_use_builder":"","_et_pb_old_content":"","_et_gb_content_width":"","footnotes":""},"categories":[36],"tags":[],"class_list":["post-3294","post","type-post","status-publish","format-standard","has-post-thumbnail","hentry","category-francais-pour-les-etrangers"],"acf":[],"yoast_head":"<!-- This site is optimized with the Yoast SEO plugin v27.5 - https:\/\/yoast.com\/product\/yoast-seo-wordpress\/ -->\n<title>Semestre FLE 2022 - Alfmed<\/title>\n<meta name=\"robots\" content=\"index, follow, max-snippet:-1, max-image-preview:large, max-video-preview:-1\" \/>\n<link rel=\"canonical\" href=\"https:\/\/perpignan.alfmed.com\/en\/francais-pour-les-etrangers\/semestre-fle-2022\/\" \/>\n<meta property=\"og:locale\" content=\"en_US\" \/>\n<meta property=\"og:type\" content=\"article\" \/>\n<meta property=\"og:title\" content=\"Semestre FLE 2022 - Alfmed\" \/>\n<meta property=\"og:description\" content=\"Ce lundi a d\u00e9but\u00e9 le semestre FLE qui se finira au mois de janvier 2022. Les cours peuvent se faire\u00a0en pr\u00e9sentiel \u00e0 ALFMED ou en Visio. Ce programme se compose de\u00a015 semaines de cours de Fran\u00e7ais\u00a0et contient : un module intensif de 4 semaines : 4h de cours tous les matins un module extensif de [&hellip;]\" \/>\n<meta property=\"og:url\" content=\"https:\/\/perpignan.alfmed.com\/en\/francais-pour-les-etrangers\/semestre-fle-2022\/\" \/>\n<meta property=\"og:site_name\" content=\"Alfmed\" \/>\n<meta property=\"article:published_time\" content=\"2022-02-24T10:39:09+00:00\" \/>\n<meta property=\"article:modified_time\" content=\"2022-02-24T10:39:31+00:00\" \/>\n<meta property=\"og:image\" content=\"https:\/\/perpignan.alfmed.com\/wp-content\/uploads\/2022\/02\/WhatsApp-Image-2021-09-07-at-16.01.58-1030x773-1.jpeg\" \/>\n\t<meta property=\"og:image:width\" content=\"1030\" \/>\n\t<meta property=\"og:image:height\" content=\"773\" \/>\n\t<meta property=\"og:image:type\" content=\"image\/jpeg\" \/>\n<meta name=\"author\" content=\"Alfmed\" \/>\n<meta name=\"twitter:card\" content=\"summary_large_image\" \/>\n<script type=\"application\/ld+json\" class=\"yoast-schema-graph\">{\"@context\":\"https:\\\/\\\/schema.org\",\"@graph\":[{\"@type\":\"Article\",\"@id\":\"https:\\\/\\\/perpignan.alfmed.com\\\/en\\\/francais-pour-les-etrangers\\\/semestre-fle-2022\\\/#article\",\"isPartOf\":{\"@id\":\"https:\\\/\\\/perpignan.alfmed.com\\\/en\\\/francais-pour-les-etrangers\\\/semestre-fle-2022\\\/\"},\"author\":{\"name\":\"Alfmed\",\"@id\":\"https:\\\/\\\/perpignan.alfmed.com\\\/en\\\/#\\\/schema\\\/person\\\/6718591f6785449d8fc528d9ad3cf52d\"},\"headline\":\"Semestre FLE 2022\",\"datePublished\":\"2022-02-24T10:39:09+00:00\",\"dateModified\":\"2022-02-24T10:39:31+00:00\",\"mainEntityOfPage\":{\"@id\":\"https:\\\/\\\/perpignan.alfmed.com\\\/en\\\/francais-pour-les-etrangers\\\/semestre-fle-2022\\\/\"},\"wordCount\":253,\"image\":{\"@id\":\"https:\\\/\\\/perpignan.alfmed.com\\\/en\\\/francais-pour-les-etrangers\\\/semestre-fle-2022\\\/#primaryimage\"},\"thumbnailUrl\":\"https:\\\/\\\/perpignan.alfmed.com\\\/wp-content\\\/uploads\\\/2022\\\/02\\\/WhatsApp-Image-2021-09-07-at-16.01.58-1030x773-1.jpeg\",\"articleSection\":[\"Fran\u00e7ais pour les \u00e9trangers\"],\"inLanguage\":\"en-US\"},{\"@type\":\"WebPage\",\"@id\":\"https:\\\/\\\/perpignan.alfmed.com\\\/en\\\/francais-pour-les-etrangers\\\/semestre-fle-2022\\\/\",\"url\":\"https:\\\/\\\/perpignan.alfmed.com\\\/en\\\/francais-pour-les-etrangers\\\/semestre-fle-2022\\\/\",\"name\":\"Semestre FLE 2022 - Alfmed\",\"isPartOf\":{\"@id\":\"https:\\\/\\\/perpignan.alfmed.com\\\/en\\\/#website\"},\"primaryImageOfPage\":{\"@id\":\"https:\\\/\\\/perpignan.alfmed.com\\\/en\\\/francais-pour-les-etrangers\\\/semestre-fle-2022\\\/#primaryimage\"},\"image\":{\"@id\":\"https:\\\/\\\/perpignan.alfmed.com\\\/en\\\/francais-pour-les-etrangers\\\/semestre-fle-2022\\\/#primaryimage\"},\"thumbnailUrl\":\"https:\\\/\\\/perpignan.alfmed.com\\\/wp-content\\\/uploads\\\/2022\\\/02\\\/WhatsApp-Image-2021-09-07-at-16.01.58-1030x773-1.jpeg\",\"datePublished\":\"2022-02-24T10:39:09+00:00\",\"dateModified\":\"2022-02-24T10:39:31+00:00\",\"author\":{\"@id\":\"https:\\\/\\\/perpignan.alfmed.com\\\/en\\\/#\\\/schema\\\/person\\\/6718591f6785449d8fc528d9ad3cf52d\"},\"breadcrumb\":{\"@id\":\"https:\\\/\\\/perpignan.alfmed.com\\\/en\\\/francais-pour-les-etrangers\\\/semestre-fle-2022\\\/#breadcrumb\"},\"inLanguage\":\"en-US\",\"potentialAction\":[{\"@type\":\"ReadAction\",\"target\":[\"https:\\\/\\\/perpignan.alfmed.com\\\/en\\\/francais-pour-les-etrangers\\\/semestre-fle-2022\\\/\"]}]},{\"@type\":\"ImageObject\",\"inLanguage\":\"en-US\",\"@id\":\"https:\\\/\\\/perpignan.alfmed.com\\\/en\\\/francais-pour-les-etrangers\\\/semestre-fle-2022\\\/#primaryimage\",\"url\":\"https:\\\/\\\/perpignan.alfmed.com\\\/wp-content\\\/uploads\\\/2022\\\/02\\\/WhatsApp-Image-2021-09-07-at-16.01.58-1030x773-1.jpeg\",\"contentUrl\":\"https:\\\/\\\/perpignan.alfmed.com\\\/wp-content\\\/uploads\\\/2022\\\/02\\\/WhatsApp-Image-2021-09-07-at-16.01.58-1030x773-1.jpeg\",\"width\":1030,\"height\":773},{\"@type\":\"BreadcrumbList\",\"@id\":\"https:\\\/\\\/perpignan.alfmed.com\\\/en\\\/francais-pour-les-etrangers\\\/semestre-fle-2022\\\/#breadcrumb\",\"itemListElement\":[{\"@type\":\"ListItem\",\"position\":1,\"name\":\"Home\",\"item\":\"https:\\\/\\\/perpignan.alfmed.com\\\/en\\\/\"},{\"@type\":\"ListItem\",\"position\":2,\"name\":\"Semestre FLE 2022\"}]},{\"@type\":\"WebSite\",\"@id\":\"https:\\\/\\\/perpignan.alfmed.com\\\/en\\\/#website\",\"url\":\"https:\\\/\\\/perpignan.alfmed.com\\\/en\\\/\",\"name\":\"Alfmed\",\"description\":\"EXPERTS EN LANGUES &amp; PROJETS EUROP\u00c9ENS\",\"potentialAction\":[{\"@type\":\"SearchAction\",\"target\":{\"@type\":\"EntryPoint\",\"urlTemplate\":\"https:\\\/\\\/perpignan.alfmed.com\\\/en\\\/?s={search_term_string}\"},\"query-input\":{\"@type\":\"PropertyValueSpecification\",\"valueRequired\":true,\"valueName\":\"search_term_string\"}}],\"inLanguage\":\"en-US\"},{\"@type\":\"Person\",\"@id\":\"https:\\\/\\\/perpignan.alfmed.com\\\/en\\\/#\\\/schema\\\/person\\\/6718591f6785449d8fc528d9ad3cf52d\",\"name\":\"Alfmed\",\"url\":\"https:\\\/\\\/perpignan.alfmed.com\\\/en\\\/author\\\/admalfmed\\\/\"}]}<\/script>\n<!-- \/ Yoast SEO plugin. -->","yoast_head_json":{"title":"Semestre FLE 2022 - Alfmed","robots":{"index":"index","follow":"follow","max-snippet":"max-snippet:-1","max-image-preview":"max-image-preview:large","max-video-preview":"max-video-preview:-1"},"canonical":"https:\/\/perpignan.alfmed.com\/en\/francais-pour-les-etrangers\/semestre-fle-2022\/","og_locale":"en_US","og_type":"article","og_title":"Semestre FLE 2022 - Alfmed","og_description":"Ce lundi a d\u00e9but\u00e9 le semestre FLE qui se finira au mois de janvier 2022. Les cours peuvent se faire\u00a0en pr\u00e9sentiel \u00e0 ALFMED ou en Visio. Ce programme se compose de\u00a015 semaines de cours de Fran\u00e7ais\u00a0et contient : un module intensif de 4 semaines : 4h de cours tous les matins un module extensif de [&hellip;]","og_url":"https:\/\/perpignan.alfmed.com\/en\/francais-pour-les-etrangers\/semestre-fle-2022\/","og_site_name":"Alfmed","article_published_time":"2022-02-24T10:39:09+00:00","article_modified_time":"2022-02-24T10:39:31+00:00","og_image":[{"width":1030,"height":773,"url":"https:\/\/perpignan.alfmed.com\/wp-content\/uploads\/2022\/02\/WhatsApp-Image-2021-09-07-at-16.01.58-1030x773-1.jpeg","type":"image\/jpeg"}],"author":"Alfmed","twitter_card":"summary_large_image","schema":{"@context":"https:\/\/schema.org","@graph":[{"@type":"Article","@id":"https:\/\/perpignan.alfmed.com\/en\/francais-pour-les-etrangers\/semestre-fle-2022\/#article","isPartOf":{"@id":"https:\/\/perpignan.alfmed.com\/en\/francais-pour-les-etrangers\/semestre-fle-2022\/"},"author":{"name":"Alfmed","@id":"https:\/\/perpignan.alfmed.com\/en\/#\/schema\/person\/6718591f6785449d8fc528d9ad3cf52d"},"headline":"Semestre FLE 2022","datePublished":"2022-02-24T10:39:09+00:00","dateModified":"2022-02-24T10:39:31+00:00","mainEntityOfPage":{"@id":"https:\/\/perpignan.alfmed.com\/en\/francais-pour-les-etrangers\/semestre-fle-2022\/"},"wordCount":253,"image":{"@id":"https:\/\/perpignan.alfmed.com\/en\/francais-pour-les-etrangers\/semestre-fle-2022\/#primaryimage"},"thumbnailUrl":"https:\/\/perpignan.alfmed.com\/wp-content\/uploads\/2022\/02\/WhatsApp-Image-2021-09-07-at-16.01.58-1030x773-1.jpeg","articleSection":["Fran\u00e7ais pour les \u00e9trangers"],"inLanguage":"en-US"},{"@type":"WebPage","@id":"https:\/\/perpignan.alfmed.com\/en\/francais-pour-les-etrangers\/semestre-fle-2022\/","url":"https:\/\/perpignan.alfmed.com\/en\/francais-pour-les-etrangers\/semestre-fle-2022\/","name":"Semestre FLE 2022 - Alfmed","isPartOf":{"@id":"https:\/\/perpignan.alfmed.com\/en\/#website"},"primaryImageOfPage":{"@id":"https:\/\/perpignan.alfmed.com\/en\/francais-pour-les-etrangers\/semestre-fle-2022\/#primaryimage"},"image":{"@id":"https:\/\/perpignan.alfmed.com\/en\/francais-pour-les-etrangers\/semestre-fle-2022\/#primaryimage"},"thumbnailUrl":"https:\/\/perpignan.alfmed.com\/wp-content\/uploads\/2022\/02\/WhatsApp-Image-2021-09-07-at-16.01.58-1030x773-1.jpeg","datePublished":"2022-02-24T10:39:09+00:00","dateModified":"2022-02-24T10:39:31+00:00","author":{"@id":"https:\/\/perpignan.alfmed.com\/en\/#\/schema\/person\/6718591f6785449d8fc528d9ad3cf52d"},"breadcrumb":{"@id":"https:\/\/perpignan.alfmed.com\/en\/francais-pour-les-etrangers\/semestre-fle-2022\/#breadcrumb"},"inLanguage":"en-US","potentialAction":[{"@type":"ReadAction","target":["https:\/\/perpignan.alfmed.com\/en\/francais-pour-les-etrangers\/semestre-fle-2022\/"]}]},{"@type":"ImageObject","inLanguage":"en-US","@id":"https:\/\/perpignan.alfmed.com\/en\/francais-pour-les-etrangers\/semestre-fle-2022\/#primaryimage","url":"https:\/\/perpignan.alfmed.com\/wp-content\/uploads\/2022\/02\/WhatsApp-Image-2021-09-07-at-16.01.58-1030x773-1.jpeg","contentUrl":"https:\/\/perpignan.alfmed.com\/wp-content\/uploads\/2022\/02\/WhatsApp-Image-2021-09-07-at-16.01.58-1030x773-1.jpeg","width":1030,"height":773},{"@type":"BreadcrumbList","@id":"https:\/\/perpignan.alfmed.com\/en\/francais-pour-les-etrangers\/semestre-fle-2022\/#breadcrumb","itemListElement":[{"@type":"ListItem","position":1,"name":"Home","item":"https:\/\/perpignan.alfmed.com\/en\/"},{"@type":"ListItem","position":2,"name":"Semestre FLE 2022"}]},{"@type":"WebSite","@id":"https:\/\/perpignan.alfmed.com\/en\/#website","url":"https:\/\/perpignan.alfmed.com\/en\/","name":"Alfmed","description":"EXPERTS EN LANGUES &amp; PROJETS EUROP\u00c9ENS","potentialAction":[{"@type":"SearchAction","target":{"@type":"EntryPoint","urlTemplate":"https:\/\/perpignan.alfmed.com\/en\/?s={search_term_string}"},"query-input":{"@type":"PropertyValueSpecification","valueRequired":true,"valueName":"search_term_string"}}],"inLanguage":"en-US"},{"@type":"Person","@id":"https:\/\/perpignan.alfmed.com\/en\/#\/schema\/person\/6718591f6785449d8fc528d9ad3cf52d","name":"Alfmed","url":"https:\/\/perpignan.alfmed.com\/en\/author\/admalfmed\/"}]}},"_links":{"self":[{"href":"https:\/\/perpignan.alfmed.com\/en\/wp-json\/wp\/v2\/posts\/3294","targetHints":{"allow":["GET"]}}],"collection":[{"href":"https:\/\/perpignan.alfmed.com\/en\/wp-json\/wp\/v2\/posts"}],"about":[{"href":"https:\/\/perpignan.alfmed.com\/en\/wp-json\/wp\/v2\/types\/post"}],"author":[{"embeddable":true,"href":"https:\/\/perpignan.alfmed.com\/en\/wp-json\/wp\/v2\/users\/3"}],"replies":[{"embeddable":true,"href":"https:\/\/perpignan.alfmed.com\/en\/wp-json\/wp\/v2\/comments?post=3294"}],"version-history":[{"count":2,"href":"https:\/\/perpignan.alfmed.com\/en\/wp-json\/wp\/v2\/posts\/3294\/revisions"}],"predecessor-version":[{"id":3298,"href":"https:\/\/perpignan.alfmed.com\/en\/wp-json\/wp\/v2\/posts\/3294\/revisions\/3298"}],"wp:featuredmedia":[{"embeddable":true,"href":"https:\/\/perpignan.alfmed.com\/en\/wp-json\/wp\/v2\/media\/3295"}],"wp:attachment":[{"href":"https:\/\/perpignan.alfmed.com\/en\/wp-json\/wp\/v2\/media?parent=3294"}],"wp:term":[{"taxonomy":"category","embeddable":true,"href":"https:\/\/perpignan.alfmed.com\/en\/wp-json\/wp\/v2\/categories?post=3294"},{"taxonomy":"post_tag","embeddable":true,"href":"https:\/\/perpignan.alfmed.com\/en\/wp-json\/wp\/v2\/tags?post=3294"}],"curies":[{"name":"wp","href":"https:\/\/api.w.org\/{rel}","templated":true}]}}