{"id":15612,"date":"2023-09-26T13:48:48","date_gmt":"2023-09-26T13:48:48","guid":{"rendered":"https:\/\/perpignan.alfmed.com\/?p=15612"},"modified":"2023-09-26T14:07:22","modified_gmt":"2023-09-26T14:07:22","slug":"journee-europeenne-des-langues","status":"publish","type":"post","link":"https:\/\/perpignan.alfmed.com\/en\/actualites\/journee-europeenne-des-langues\/","title":{"rendered":"Journ\u00e9e europ\u00e9enne des langues"},"content":{"rendered":"<p>Le 26 septembre marque la <a href=\"https:\/\/www.education.gouv.fr\/journee-europeenne-des-langues-9845\">Journ\u00e9e Europ\u00e9enne des Langues<\/a>, une opportunit\u00e9 privil\u00e9gi\u00e9e pour mettre en lumi\u00e8re la riche mosa\u00efque des langues en Europe.<\/p>\n<p>C\u2019est tous les jours comme cela \u00e0 ALFMED car nos formateurs sont natifs et que l\u2019international est notre c\u0153ur de m\u00e9tier. Mais cette journ\u00e9e a une importance toute particuli\u00e8re car elle s&#8217;inscrit parfaitement dans notre engagement envers l&#8217;enseignement des langues et la c\u00e9l\u00e9bration de la diversit\u00e9 linguistique.<\/p>\n<p><strong>POUR QUI\u00a0? <\/strong><\/p>\n<p>\ud83d\udcc8 200 SALARIES chaque ann\u00e9e se forment en 10 langues<br \/>\n\ud83d\udcc8 350 \u00e9tudiants SCOLAIRES<br \/>\n\ud83d\udcc8 160 candidats pour les DIPLOMES<br \/>\n\ud83d\udcc8 400 ERASMUS-stage<\/p>\n<p>La diversit\u00e9 linguistique <strong>POURQUOI\u00a0FAIRE ? <\/strong><\/p>\n<p>\ud83d\udcc8une force ind\u00e9niable qui ouvre des OPPORTUNITES d\u2019\u00e9tudes sup\u00e9rieure, de job partout dans le monde<br \/>\n\ud83d\ude4c une valeur ajout\u00e9e qui ouvre l\u2019INTELLECT et la CURIOSITE vers de nouvelles cultures<\/p>\n<p>Nous incarnons cet esprit en proposant :<\/p>\n<p>\ud83d\udd0a une gamme compl\u00e8te de langues, allant du Fran\u00e7ais anglais \u00e0 l&#8217;espagnol, en passant par le catalan, l&#8217;allemand, l\u2019italien et bien d&#8217;autres encore<br \/>\n\ud83e\udde9 des programmes pour les SALARIES les SCOLAIRES les ETUDIANTS les ERASMUS-stages<br \/>\n\ud83e\udded des cours particuliers \/ objectif m\u00e9tier pour les SALARIES<br \/>\n\ud83d\udc4c des dipl\u00f4mes linguistiques<br \/>\n\ud83c\udfaa des s\u00e9jours linguistiques \u2013 des stages en entreprise<\/p>\n<p><a href=\"https:\/\/perpignan.alfmed.com\/utiliser-le-cpf\/\">Formations pour les adultes financ\u00e9es Plan de Formation et CPF \u2013 z\u00e9ro \u00e0 charge<\/a><\/p>\n<p><a href=\"https:\/\/perpignan.alfmed.com\/actualites\/erasmus-days-2023\/\">Nous vous donnons rendez-vous les 11, 12 et 13 octobre 2023 pour venir c\u00e9l\u00e9brer les Erasmus Days avec nous !\u00a0<\/a><\/p>\n","protected":false},"excerpt":{"rendered":"<p>Le 26 septembre marque la Journ\u00e9e Europ\u00e9enne des Langues, une opportunit\u00e9 privil\u00e9gi\u00e9e pour mettre en lumi\u00e8re la riche mosa\u00efque des langues en Europe. C\u2019est tous les jours comme cela \u00e0 ALFMED car nos formateurs sont natifs et que l\u2019international est notre c\u0153ur de m\u00e9tier. Mais cette journ\u00e9e a une importance toute particuli\u00e8re car elle s&#8217;inscrit [&hellip;]<\/p>\n","protected":false},"author":3,"featured_media":15613,"comment_status":"closed","ping_status":"closed","sticky":false,"template":"","format":"standard","meta":{"_acf_changed":false,"_et_pb_use_builder":"","_et_pb_old_content":"","_et_gb_content_width":"","footnotes":""},"categories":[130],"tags":[],"class_list":["post-15612","post","type-post","status-publish","format-standard","has-post-thumbnail","hentry","category-actualites"],"acf":[],"yoast_head":"<!-- This site is optimized with the Yoast SEO plugin v27.5 - https:\/\/yoast.com\/product\/yoast-seo-wordpress\/ -->\n<title>Journ\u00e9e europ\u00e9enne des langues - Alfmed<\/title>\n<meta name=\"description\" content=\"Le 26 septembre marque la Journ\u00e9e Europ\u00e9enne des Langues, une opportunit\u00e9 privil\u00e9gi\u00e9e pour mettre en lumi\u00e8re la riche mosa\u00efque des langues en Europe.\" \/>\n<meta name=\"robots\" content=\"index, follow, max-snippet:-1, max-image-preview:large, max-video-preview:-1\" \/>\n<link rel=\"canonical\" href=\"https:\/\/perpignan.alfmed.com\/en\/actualites\/journee-europeenne-des-langues\/\" \/>\n<meta property=\"og:locale\" content=\"en_US\" \/>\n<meta property=\"og:type\" content=\"article\" \/>\n<meta property=\"og:title\" content=\"Journ\u00e9e europ\u00e9enne des langues - Alfmed\" \/>\n<meta property=\"og:description\" content=\"Le 26 septembre marque la Journ\u00e9e Europ\u00e9enne des Langues, une opportunit\u00e9 privil\u00e9gi\u00e9e pour mettre en lumi\u00e8re la riche mosa\u00efque des langues en Europe.\" \/>\n<meta property=\"og:url\" content=\"https:\/\/perpignan.alfmed.com\/en\/actualites\/journee-europeenne-des-langues\/\" \/>\n<meta property=\"og:site_name\" content=\"Alfmed\" \/>\n<meta property=\"article:published_time\" content=\"2023-09-26T13:48:48+00:00\" \/>\n<meta property=\"article:modified_time\" content=\"2023-09-26T14:07:22+00:00\" \/>\n<meta property=\"og:image\" content=\"https:\/\/perpignan.alfmed.com\/wp-content\/uploads\/2023\/09\/JEDL-FR.jpg\" \/>\n\t<meta property=\"og:image:width\" content=\"870\" \/>\n\t<meta property=\"og:image:height\" content=\"489\" \/>\n\t<meta property=\"og:image:type\" content=\"image\/jpeg\" \/>\n<meta name=\"author\" content=\"Alfmed\" \/>\n<meta name=\"twitter:card\" content=\"summary_large_image\" \/>\n<script type=\"application\/ld+json\" class=\"yoast-schema-graph\">{\"@context\":\"https:\\\/\\\/schema.org\",\"@graph\":[{\"@type\":\"Article\",\"@id\":\"https:\\\/\\\/perpignan.alfmed.com\\\/en\\\/actualites\\\/journee-europeenne-des-langues\\\/#article\",\"isPartOf\":{\"@id\":\"https:\\\/\\\/perpignan.alfmed.com\\\/en\\\/actualites\\\/journee-europeenne-des-langues\\\/\"},\"author\":{\"name\":\"Alfmed\",\"@id\":\"https:\\\/\\\/perpignan.alfmed.com\\\/en\\\/#\\\/schema\\\/person\\\/6718591f6785449d8fc528d9ad3cf52d\"},\"headline\":\"Journ\u00e9e europ\u00e9enne des langues\",\"datePublished\":\"2023-09-26T13:48:48+00:00\",\"dateModified\":\"2023-09-26T14:07:22+00:00\",\"mainEntityOfPage\":{\"@id\":\"https:\\\/\\\/perpignan.alfmed.com\\\/en\\\/actualites\\\/journee-europeenne-des-langues\\\/\"},\"wordCount\":241,\"image\":{\"@id\":\"https:\\\/\\\/perpignan.alfmed.com\\\/en\\\/actualites\\\/journee-europeenne-des-langues\\\/#primaryimage\"},\"thumbnailUrl\":\"https:\\\/\\\/perpignan.alfmed.com\\\/wp-content\\\/uploads\\\/2023\\\/09\\\/JEDL-FR.jpg\",\"articleSection\":[\"Actualit\u00e9s\"],\"inLanguage\":\"en-US\"},{\"@type\":\"WebPage\",\"@id\":\"https:\\\/\\\/perpignan.alfmed.com\\\/en\\\/actualites\\\/journee-europeenne-des-langues\\\/\",\"url\":\"https:\\\/\\\/perpignan.alfmed.com\\\/en\\\/actualites\\\/journee-europeenne-des-langues\\\/\",\"name\":\"Journ\u00e9e europ\u00e9enne des langues - Alfmed\",\"isPartOf\":{\"@id\":\"https:\\\/\\\/perpignan.alfmed.com\\\/en\\\/#website\"},\"primaryImageOfPage\":{\"@id\":\"https:\\\/\\\/perpignan.alfmed.com\\\/en\\\/actualites\\\/journee-europeenne-des-langues\\\/#primaryimage\"},\"image\":{\"@id\":\"https:\\\/\\\/perpignan.alfmed.com\\\/en\\\/actualites\\\/journee-europeenne-des-langues\\\/#primaryimage\"},\"thumbnailUrl\":\"https:\\\/\\\/perpignan.alfmed.com\\\/wp-content\\\/uploads\\\/2023\\\/09\\\/JEDL-FR.jpg\",\"datePublished\":\"2023-09-26T13:48:48+00:00\",\"dateModified\":\"2023-09-26T14:07:22+00:00\",\"author\":{\"@id\":\"https:\\\/\\\/perpignan.alfmed.com\\\/en\\\/#\\\/schema\\\/person\\\/6718591f6785449d8fc528d9ad3cf52d\"},\"description\":\"Le 26 septembre marque la Journ\u00e9e Europ\u00e9enne des Langues, une opportunit\u00e9 privil\u00e9gi\u00e9e pour mettre en lumi\u00e8re la riche mosa\u00efque des langues en Europe.\",\"breadcrumb\":{\"@id\":\"https:\\\/\\\/perpignan.alfmed.com\\\/en\\\/actualites\\\/journee-europeenne-des-langues\\\/#breadcrumb\"},\"inLanguage\":\"en-US\",\"potentialAction\":[{\"@type\":\"ReadAction\",\"target\":[\"https:\\\/\\\/perpignan.alfmed.com\\\/en\\\/actualites\\\/journee-europeenne-des-langues\\\/\"]}]},{\"@type\":\"ImageObject\",\"inLanguage\":\"en-US\",\"@id\":\"https:\\\/\\\/perpignan.alfmed.com\\\/en\\\/actualites\\\/journee-europeenne-des-langues\\\/#primaryimage\",\"url\":\"https:\\\/\\\/perpignan.alfmed.com\\\/wp-content\\\/uploads\\\/2023\\\/09\\\/JEDL-FR.jpg\",\"contentUrl\":\"https:\\\/\\\/perpignan.alfmed.com\\\/wp-content\\\/uploads\\\/2023\\\/09\\\/JEDL-FR.jpg\",\"width\":870,\"height\":489},{\"@type\":\"BreadcrumbList\",\"@id\":\"https:\\\/\\\/perpignan.alfmed.com\\\/en\\\/actualites\\\/journee-europeenne-des-langues\\\/#breadcrumb\",\"itemListElement\":[{\"@type\":\"ListItem\",\"position\":1,\"name\":\"Home\",\"item\":\"https:\\\/\\\/perpignan.alfmed.com\\\/en\\\/\"},{\"@type\":\"ListItem\",\"position\":2,\"name\":\"Journ\u00e9e europ\u00e9enne des langues\"}]},{\"@type\":\"WebSite\",\"@id\":\"https:\\\/\\\/perpignan.alfmed.com\\\/en\\\/#website\",\"url\":\"https:\\\/\\\/perpignan.alfmed.com\\\/en\\\/\",\"name\":\"Alfmed\",\"description\":\"EXPERTS EN LANGUES &amp; PROJETS EUROP\u00c9ENS\",\"potentialAction\":[{\"@type\":\"SearchAction\",\"target\":{\"@type\":\"EntryPoint\",\"urlTemplate\":\"https:\\\/\\\/perpignan.alfmed.com\\\/en\\\/?s={search_term_string}\"},\"query-input\":{\"@type\":\"PropertyValueSpecification\",\"valueRequired\":true,\"valueName\":\"search_term_string\"}}],\"inLanguage\":\"en-US\"},{\"@type\":\"Person\",\"@id\":\"https:\\\/\\\/perpignan.alfmed.com\\\/en\\\/#\\\/schema\\\/person\\\/6718591f6785449d8fc528d9ad3cf52d\",\"name\":\"Alfmed\",\"url\":\"https:\\\/\\\/perpignan.alfmed.com\\\/en\\\/author\\\/admalfmed\\\/\"}]}<\/script>\n<!-- \/ Yoast SEO plugin. -->","yoast_head_json":{"title":"Journ\u00e9e europ\u00e9enne des langues - Alfmed","description":"Le 26 septembre marque la Journ\u00e9e Europ\u00e9enne des Langues, une opportunit\u00e9 privil\u00e9gi\u00e9e pour mettre en lumi\u00e8re la riche mosa\u00efque des langues en Europe.","robots":{"index":"index","follow":"follow","max-snippet":"max-snippet:-1","max-image-preview":"max-image-preview:large","max-video-preview":"max-video-preview:-1"},"canonical":"https:\/\/perpignan.alfmed.com\/en\/actualites\/journee-europeenne-des-langues\/","og_locale":"en_US","og_type":"article","og_title":"Journ\u00e9e europ\u00e9enne des langues - Alfmed","og_description":"Le 26 septembre marque la Journ\u00e9e Europ\u00e9enne des Langues, une opportunit\u00e9 privil\u00e9gi\u00e9e pour mettre en lumi\u00e8re la riche mosa\u00efque des langues en Europe.","og_url":"https:\/\/perpignan.alfmed.com\/en\/actualites\/journee-europeenne-des-langues\/","og_site_name":"Alfmed","article_published_time":"2023-09-26T13:48:48+00:00","article_modified_time":"2023-09-26T14:07:22+00:00","og_image":[{"width":870,"height":489,"url":"https:\/\/perpignan.alfmed.com\/wp-content\/uploads\/2023\/09\/JEDL-FR.jpg","type":"image\/jpeg"}],"author":"Alfmed","twitter_card":"summary_large_image","schema":{"@context":"https:\/\/schema.org","@graph":[{"@type":"Article","@id":"https:\/\/perpignan.alfmed.com\/en\/actualites\/journee-europeenne-des-langues\/#article","isPartOf":{"@id":"https:\/\/perpignan.alfmed.com\/en\/actualites\/journee-europeenne-des-langues\/"},"author":{"name":"Alfmed","@id":"https:\/\/perpignan.alfmed.com\/en\/#\/schema\/person\/6718591f6785449d8fc528d9ad3cf52d"},"headline":"Journ\u00e9e europ\u00e9enne des langues","datePublished":"2023-09-26T13:48:48+00:00","dateModified":"2023-09-26T14:07:22+00:00","mainEntityOfPage":{"@id":"https:\/\/perpignan.alfmed.com\/en\/actualites\/journee-europeenne-des-langues\/"},"wordCount":241,"image":{"@id":"https:\/\/perpignan.alfmed.com\/en\/actualites\/journee-europeenne-des-langues\/#primaryimage"},"thumbnailUrl":"https:\/\/perpignan.alfmed.com\/wp-content\/uploads\/2023\/09\/JEDL-FR.jpg","articleSection":["Actualit\u00e9s"],"inLanguage":"en-US"},{"@type":"WebPage","@id":"https:\/\/perpignan.alfmed.com\/en\/actualites\/journee-europeenne-des-langues\/","url":"https:\/\/perpignan.alfmed.com\/en\/actualites\/journee-europeenne-des-langues\/","name":"Journ\u00e9e europ\u00e9enne des langues - Alfmed","isPartOf":{"@id":"https:\/\/perpignan.alfmed.com\/en\/#website"},"primaryImageOfPage":{"@id":"https:\/\/perpignan.alfmed.com\/en\/actualites\/journee-europeenne-des-langues\/#primaryimage"},"image":{"@id":"https:\/\/perpignan.alfmed.com\/en\/actualites\/journee-europeenne-des-langues\/#primaryimage"},"thumbnailUrl":"https:\/\/perpignan.alfmed.com\/wp-content\/uploads\/2023\/09\/JEDL-FR.jpg","datePublished":"2023-09-26T13:48:48+00:00","dateModified":"2023-09-26T14:07:22+00:00","author":{"@id":"https:\/\/perpignan.alfmed.com\/en\/#\/schema\/person\/6718591f6785449d8fc528d9ad3cf52d"},"description":"Le 26 septembre marque la Journ\u00e9e Europ\u00e9enne des Langues, une opportunit\u00e9 privil\u00e9gi\u00e9e pour mettre en lumi\u00e8re la riche mosa\u00efque des langues en Europe.","breadcrumb":{"@id":"https:\/\/perpignan.alfmed.com\/en\/actualites\/journee-europeenne-des-langues\/#breadcrumb"},"inLanguage":"en-US","potentialAction":[{"@type":"ReadAction","target":["https:\/\/perpignan.alfmed.com\/en\/actualites\/journee-europeenne-des-langues\/"]}]},{"@type":"ImageObject","inLanguage":"en-US","@id":"https:\/\/perpignan.alfmed.com\/en\/actualites\/journee-europeenne-des-langues\/#primaryimage","url":"https:\/\/perpignan.alfmed.com\/wp-content\/uploads\/2023\/09\/JEDL-FR.jpg","contentUrl":"https:\/\/perpignan.alfmed.com\/wp-content\/uploads\/2023\/09\/JEDL-FR.jpg","width":870,"height":489},{"@type":"BreadcrumbList","@id":"https:\/\/perpignan.alfmed.com\/en\/actualites\/journee-europeenne-des-langues\/#breadcrumb","itemListElement":[{"@type":"ListItem","position":1,"name":"Home","item":"https:\/\/perpignan.alfmed.com\/en\/"},{"@type":"ListItem","position":2,"name":"Journ\u00e9e europ\u00e9enne des langues"}]},{"@type":"WebSite","@id":"https:\/\/perpignan.alfmed.com\/en\/#website","url":"https:\/\/perpignan.alfmed.com\/en\/","name":"Alfmed","description":"EXPERTS EN LANGUES &amp; PROJETS EUROP\u00c9ENS","potentialAction":[{"@type":"SearchAction","target":{"@type":"EntryPoint","urlTemplate":"https:\/\/perpignan.alfmed.com\/en\/?s={search_term_string}"},"query-input":{"@type":"PropertyValueSpecification","valueRequired":true,"valueName":"search_term_string"}}],"inLanguage":"en-US"},{"@type":"Person","@id":"https:\/\/perpignan.alfmed.com\/en\/#\/schema\/person\/6718591f6785449d8fc528d9ad3cf52d","name":"Alfmed","url":"https:\/\/perpignan.alfmed.com\/en\/author\/admalfmed\/"}]}},"_links":{"self":[{"href":"https:\/\/perpignan.alfmed.com\/en\/wp-json\/wp\/v2\/posts\/15612","targetHints":{"allow":["GET"]}}],"collection":[{"href":"https:\/\/perpignan.alfmed.com\/en\/wp-json\/wp\/v2\/posts"}],"about":[{"href":"https:\/\/perpignan.alfmed.com\/en\/wp-json\/wp\/v2\/types\/post"}],"author":[{"embeddable":true,"href":"https:\/\/perpignan.alfmed.com\/en\/wp-json\/wp\/v2\/users\/3"}],"replies":[{"embeddable":true,"href":"https:\/\/perpignan.alfmed.com\/en\/wp-json\/wp\/v2\/comments?post=15612"}],"version-history":[{"count":3,"href":"https:\/\/perpignan.alfmed.com\/en\/wp-json\/wp\/v2\/posts\/15612\/revisions"}],"predecessor-version":[{"id":15620,"href":"https:\/\/perpignan.alfmed.com\/en\/wp-json\/wp\/v2\/posts\/15612\/revisions\/15620"}],"wp:featuredmedia":[{"embeddable":true,"href":"https:\/\/perpignan.alfmed.com\/en\/wp-json\/wp\/v2\/media\/15613"}],"wp:attachment":[{"href":"https:\/\/perpignan.alfmed.com\/en\/wp-json\/wp\/v2\/media?parent=15612"}],"wp:term":[{"taxonomy":"category","embeddable":true,"href":"https:\/\/perpignan.alfmed.com\/en\/wp-json\/wp\/v2\/categories?post=15612"},{"taxonomy":"post_tag","embeddable":true,"href":"https:\/\/perpignan.alfmed.com\/en\/wp-json\/wp\/v2\/tags?post=15612"}],"curies":[{"name":"wp","href":"https:\/\/api.w.org\/{rel}","templated":true}]}}