{"id":14580,"date":"2024-09-03T10:49:56","date_gmt":"2024-09-03T09:49:56","guid":{"rendered":"https:\/\/perpignan.alfmed.com\/?p=14580"},"modified":"2024-10-22T14:53:32","modified_gmt":"2024-10-22T13:53:32","slug":"alfmed-principale-destination-des-etudiants-europeens","status":"publish","type":"post","link":"https:\/\/perpignan.alfmed.com\/en\/erasmus\/alfmed-principale-destination-des-etudiants-europeens\/","title":{"rendered":"ALFMED leader pour l&#8217;accueil d&#8217;ERASMUS &#8211; stages en France"},"content":{"rendered":"<p><span lang=\"fr\">ALFMED accueille des Erasmus de toute l\u2019Europe \u00e0 Perpignan depuis 2006.<strong>\u00a0ALFMED est devenu le leader en France pour l\u2019accueil de participants EFP (Enseignement et Formation Professionnels).<\/strong>\u00a0Ceci a \u00e9t\u00e9 possible g<\/span><span lang=\"fr\">r\u00e2ce \u00e0 notre collaboration de long terme avec les organisations d\u2019envoi Europ\u00e9ennes et \u00e0 notre vaste r\u00e9seau d\u2019entreprises d\u2019accueil.<br \/>\n<em>Source Observatoire Ag Erasmus France Dec 2019.<\/em><\/span><\/p>\n<p>Vous souhaitez accueillir un \u00e9tudiant Erasmus en stage ? Contactez nous!<\/p>\n<p><strong><span lang=\"fr\">Nos ato\u00fbts :\u00a0<\/span><\/strong><\/p>\n<ul>\n<li>une\u00a0<strong>\u00e9quipe multilingue ultra professionnelle<\/strong>\u00a0qui s\u2019implique \u00e0 toutes les \u00e9tapes de la mobilit\u00e9 dans le strict respect de la Charte Qualit\u00e9 Erasmus<\/li>\n<li>une\u00a0<strong>offre compl\u00e8te d\u2019accueil et d\u2019assistance<\/strong>\u00a0qui int\u00e8gre des interviews de pr\u00e9-d\u00e9part, un dispositif \u00e9prouv\u00e9 de \u201c<strong>matching \u00e9tudiant-entreprise<\/strong>\u201d afin d\u2019optimiser l\u2019exp\u00e9rience professionnelle, l\u2019accueil en r\u00e9sidences Erasmus, un module complet d\u2019int\u00e9gration socio-culturel \u00e0 l\u2019arriv\u00e9e, un suivi des participants 24\/7, l\u2019application stricte de la proc\u00e9dure de validation des acquis d\u2019apprentissage en fin de Mobilit\u00e9<\/li>\n<li>une\u00a0<strong>philosophie \u2018gagnant-gagnant\u2019<\/strong>\u00a0que nous mettons en \u0153uvre \u00e0 chaque \u00e9tape des s\u00e9lections de stage afin que, tant l\u2019Entreprise d\u2019accueil que le participant, puisse r\u00e9pondre \u00e0 ses propres attentes<\/li>\n<li>des\u00a0<strong>stages non r\u00e9mun\u00e9r\u00e9s de 3 \u00e0 8 semaines<\/strong>\u00a0 : nous nous occupons de toute la partie administrative et suivi<\/li>\n<\/ul>\n<p>95% de nos entreprises d\u2019accueil sont fid\u00e8les et accueillent r\u00e9guli\u00e8rement nos Erasmus, chaque ann\u00e9e notre r\u00e9seau s\u2019\u00e9toffe et s\u2019\u00e9largit sur de nouveaux secteurs<\/p>\n<p>100% de nos partenaires Europ\u00e9ens nous sont fid\u00e8les depuis 15 ans et malgr\u00e9 la perte de vitesse de la langue fran\u00e7aise en Europe, ils continuent la promotion de la\u00a0<strong>Destination France\/Perpignan<\/strong><\/p>\n<p>La barri\u00e8re de la Langue ? Comment une Entreprise Fran\u00e7aise peut-elle revoir un \u00e9tudiant qui ne parle pas le Fran\u00e7ais ou qui ne le ma\u00eetrise pas compl\u00e8tement ? Selon les secteurs\u00a0 c\u2019est le \u2018geste professionnel\u2019 qui pr\u00e9vaut, pour d\u2019autres secteurs l\u2019utilisation de la langue anglaise\/espagnole permet de communiquer avec les stagiaires.\u00a0<strong>Les points forts de nos stagiaires Europ\u00e9ens : la motivation \/ l\u2019envie d\u2019apprendre\/l\u2019adaptabilit\u00e9\u00a0 car ils font acte de candidature pour obtenir cette bourse Erasmus.\u00a0 \u00a0<\/strong><\/p>\n<p>&nbsp;<\/p>\n<p><strong>ALFMED \/ PERPIGNAN: MAIN DESTINATION FOR EUROPEAN STUDENTS<\/strong><\/p>\n<p>ALFMED has been hosting Erasmus students from all over Europe in Perpignan since 2006. ALFMED has become\u00a0<strong>the leader in France for hosting VET (Vocational Education and Training)<\/strong>\u00a0participants. This has been possible thanks to our long-term collaboration with European sending organizations and our extensive network of host companies.<\/p>\n<p><a href=\"https:\/\/perpignan.alfmed.com\/alfmed-perpignan-contact\/\">Do you want to welcome an Erasmus student for an internship? Contact us!\u00a0<\/a><\/p>\n<p><strong>Our strengths :<\/strong><\/p>\n<ul>\n<li>an\u00a0<strong>ultra-professional multilingual team<\/strong>\u00a0involved in all stages of mobility in strict compliance with the Erasmus Quality Charter<\/li>\n<li>a\u00a0<strong>complete welcome and assistance<\/strong>\u00a0offer that includes pre-departure interviews, a proven\u00a0<strong>\u201cstudent-company matching\u201d<\/strong>\u00a0system in order to optimize the professional experience, accommodation in Erasmus residences, a complete socio-cultural integration on arrival, follow-up of participants 24\/7, strict application of the validation procedure for learning outcomes at the end of Mobilityv<\/li>\n<li>a\u00a0<strong>\u201cwin-win\u201d philosophy<\/strong>\u00a0that we implement at each stage of the internship selection so that both the host company and the participant can meet their own expectations<\/li>\n<li><strong>unpaid internships of 3 to 8 weeks<\/strong>: we take care of all the administrative and follow-up part<\/li>\n<\/ul>\n<p>95% of our host companies are loyal and regularly host our Erasmus students, each year our network expands and expands into new sectors<\/p>\n<p>100% of our European partners have been loyal to us for 15 years and despite the loss of speed of the French language in Europe, they continue to promote<strong>\u00a0the Destination France \/ Perpignan<\/strong><\/p>\n<p>The language barrier ? How can a French company see a student who does not speak French or who does not master it completely? Depending on the sector, the \u201cprofessional gesture\u201d prevails, for other sectors the use of the English \/ Spanish language makes it possible to communicate with the trainees.\u00a0<strong>The strengths of our European interns: motivation \/ desire to learn \/ adaptability because they are applying for this Erasmus grant.<\/strong><\/p>\n<p><a href=\"https:\/\/www.pluricite.fr\/wp-content\/uploads\/2021\/02\/1611655927515.pdf\"><em>Informations issues des Notes #15 de l\u2019Observatoire Erasmus+ en partenariat avec Pluricit\u00e9 Groupe<\/em><\/a><\/p>\n<p><img loading=\"lazy\" decoding=\"async\" class=\"alignnone size-full wp-image-3336\" src=\"https:\/\/perpignan.alfmed.com\/wp-content\/uploads\/2022\/02\/agence-erasmus-300x179-1.jpg\" alt=\"\" width=\"300\" height=\"179\" \/> <img loading=\"lazy\" decoding=\"async\" class=\"alignnone size-full wp-image-3337\" src=\"https:\/\/perpignan.alfmed.com\/wp-content\/uploads\/2022\/02\/te\u0301le\u0301chargement-300x99-1.png\" alt=\"\" width=\"300\" height=\"99\" \/><\/p>\n","protected":false},"excerpt":{"rendered":"<p>ALFMED accueille des Erasmus de toute l\u2019Europe \u00e0 Perpignan depuis 2006.\u00a0ALFMED est devenu le leader en France pour l\u2019accueil de participants EFP (Enseignement et Formation Professionnels).\u00a0Ceci a \u00e9t\u00e9 possible gr\u00e2ce \u00e0 notre collaboration de long terme avec les organisations d\u2019envoi Europ\u00e9ennes et \u00e0 notre vaste r\u00e9seau d\u2019entreprises d\u2019accueil. Source Observatoire Ag Erasmus France Dec 2019. [&hellip;]<\/p>\n","protected":false},"author":3,"featured_media":3338,"comment_status":"closed","ping_status":"closed","sticky":false,"template":"","format":"standard","meta":{"_acf_changed":false,"_et_pb_use_builder":"","_et_pb_old_content":"","_et_gb_content_width":"","footnotes":""},"categories":[33],"tags":[],"class_list":["post-14580","post","type-post","status-publish","format-standard","has-post-thumbnail","hentry","category-erasmus"],"acf":[],"yoast_head":"<!-- This site is optimized with the Yoast SEO plugin v27.5 - https:\/\/yoast.com\/product\/yoast-seo-wordpress\/ -->\n<title>ALFMED leader pour l&#039;accueil d&#039;ERASMUS - stages en France - Alfmed<\/title>\n<meta name=\"robots\" content=\"index, follow, max-snippet:-1, max-image-preview:large, max-video-preview:-1\" \/>\n<link rel=\"canonical\" href=\"https:\/\/perpignan.alfmed.com\/en\/erasmus\/alfmed-principale-destination-des-etudiants-europeens\/\" \/>\n<meta property=\"og:locale\" content=\"en_US\" \/>\n<meta property=\"og:type\" content=\"article\" \/>\n<meta property=\"og:title\" content=\"ALFMED leader pour l&#039;accueil d&#039;ERASMUS - stages en France - Alfmed\" \/>\n<meta property=\"og:description\" content=\"ALFMED accueille des Erasmus de toute l\u2019Europe \u00e0 Perpignan depuis 2006.\u00a0ALFMED est devenu le leader en France pour l\u2019accueil de participants EFP (Enseignement et Formation Professionnels).\u00a0Ceci a \u00e9t\u00e9 possible gr\u00e2ce \u00e0 notre collaboration de long terme avec les organisations d\u2019envoi Europ\u00e9ennes et \u00e0 notre vaste r\u00e9seau d\u2019entreprises d\u2019accueil. Source Observatoire Ag Erasmus France Dec 2019. [&hellip;]\" \/>\n<meta property=\"og:url\" content=\"https:\/\/perpignan.alfmed.com\/en\/erasmus\/alfmed-principale-destination-des-etudiants-europeens\/\" \/>\n<meta property=\"og:site_name\" content=\"Alfmed\" \/>\n<meta property=\"article:published_time\" content=\"2024-09-03T09:49:56+00:00\" \/>\n<meta property=\"article:modified_time\" content=\"2024-10-22T13:53:32+00:00\" \/>\n<meta property=\"og:image\" content=\"https:\/\/perpignan.alfmed.com\/wp-content\/uploads\/2022\/02\/visuel-carte-AN-2021-VET-modifie\u0301-1030x1030-1.png\" \/>\n\t<meta property=\"og:image:width\" content=\"1030\" \/>\n\t<meta property=\"og:image:height\" content=\"1030\" \/>\n\t<meta property=\"og:image:type\" content=\"image\/png\" \/>\n<meta name=\"author\" content=\"Alfmed\" \/>\n<meta name=\"twitter:card\" content=\"summary_large_image\" \/>\n<script type=\"application\/ld+json\" class=\"yoast-schema-graph\">{\"@context\":\"https:\\\/\\\/schema.org\",\"@graph\":[{\"@type\":\"Article\",\"@id\":\"https:\\\/\\\/perpignan.alfmed.com\\\/en\\\/erasmus\\\/alfmed-principale-destination-des-etudiants-europeens\\\/#article\",\"isPartOf\":{\"@id\":\"https:\\\/\\\/perpignan.alfmed.com\\\/en\\\/erasmus\\\/alfmed-principale-destination-des-etudiants-europeens\\\/\"},\"author\":{\"name\":\"Alfmed\",\"@id\":\"https:\\\/\\\/perpignan.alfmed.com\\\/en\\\/#\\\/schema\\\/person\\\/6718591f6785449d8fc528d9ad3cf52d\"},\"headline\":\"ALFMED leader pour l&#8217;accueil d&#8217;ERASMUS &#8211; stages en France\",\"datePublished\":\"2024-09-03T09:49:56+00:00\",\"dateModified\":\"2024-10-22T13:53:32+00:00\",\"mainEntityOfPage\":{\"@id\":\"https:\\\/\\\/perpignan.alfmed.com\\\/en\\\/erasmus\\\/alfmed-principale-destination-des-etudiants-europeens\\\/\"},\"wordCount\":689,\"image\":{\"@id\":\"https:\\\/\\\/perpignan.alfmed.com\\\/en\\\/erasmus\\\/alfmed-principale-destination-des-etudiants-europeens\\\/#primaryimage\"},\"thumbnailUrl\":\"https:\\\/\\\/perpignan.alfmed.com\\\/wp-content\\\/uploads\\\/2022\\\/02\\\/visuel-carte-AN-2021-VET-modifie\u0301-1030x1030-1.png\",\"articleSection\":[\"Erasmus\"],\"inLanguage\":\"en-US\"},{\"@type\":\"WebPage\",\"@id\":\"https:\\\/\\\/perpignan.alfmed.com\\\/en\\\/erasmus\\\/alfmed-principale-destination-des-etudiants-europeens\\\/\",\"url\":\"https:\\\/\\\/perpignan.alfmed.com\\\/en\\\/erasmus\\\/alfmed-principale-destination-des-etudiants-europeens\\\/\",\"name\":\"ALFMED leader pour l'accueil d'ERASMUS - stages en France - Alfmed\",\"isPartOf\":{\"@id\":\"https:\\\/\\\/perpignan.alfmed.com\\\/en\\\/#website\"},\"primaryImageOfPage\":{\"@id\":\"https:\\\/\\\/perpignan.alfmed.com\\\/en\\\/erasmus\\\/alfmed-principale-destination-des-etudiants-europeens\\\/#primaryimage\"},\"image\":{\"@id\":\"https:\\\/\\\/perpignan.alfmed.com\\\/en\\\/erasmus\\\/alfmed-principale-destination-des-etudiants-europeens\\\/#primaryimage\"},\"thumbnailUrl\":\"https:\\\/\\\/perpignan.alfmed.com\\\/wp-content\\\/uploads\\\/2022\\\/02\\\/visuel-carte-AN-2021-VET-modifie\u0301-1030x1030-1.png\",\"datePublished\":\"2024-09-03T09:49:56+00:00\",\"dateModified\":\"2024-10-22T13:53:32+00:00\",\"author\":{\"@id\":\"https:\\\/\\\/perpignan.alfmed.com\\\/en\\\/#\\\/schema\\\/person\\\/6718591f6785449d8fc528d9ad3cf52d\"},\"breadcrumb\":{\"@id\":\"https:\\\/\\\/perpignan.alfmed.com\\\/en\\\/erasmus\\\/alfmed-principale-destination-des-etudiants-europeens\\\/#breadcrumb\"},\"inLanguage\":\"en-US\",\"potentialAction\":[{\"@type\":\"ReadAction\",\"target\":[\"https:\\\/\\\/perpignan.alfmed.com\\\/en\\\/erasmus\\\/alfmed-principale-destination-des-etudiants-europeens\\\/\"]}]},{\"@type\":\"ImageObject\",\"inLanguage\":\"en-US\",\"@id\":\"https:\\\/\\\/perpignan.alfmed.com\\\/en\\\/erasmus\\\/alfmed-principale-destination-des-etudiants-europeens\\\/#primaryimage\",\"url\":\"https:\\\/\\\/perpignan.alfmed.com\\\/wp-content\\\/uploads\\\/2022\\\/02\\\/visuel-carte-AN-2021-VET-modifie\u0301-1030x1030-1.png\",\"contentUrl\":\"https:\\\/\\\/perpignan.alfmed.com\\\/wp-content\\\/uploads\\\/2022\\\/02\\\/visuel-carte-AN-2021-VET-modifie\u0301-1030x1030-1.png\",\"width\":1030,\"height\":1030},{\"@type\":\"BreadcrumbList\",\"@id\":\"https:\\\/\\\/perpignan.alfmed.com\\\/en\\\/erasmus\\\/alfmed-principale-destination-des-etudiants-europeens\\\/#breadcrumb\",\"itemListElement\":[{\"@type\":\"ListItem\",\"position\":1,\"name\":\"Home\",\"item\":\"https:\\\/\\\/perpignan.alfmed.com\\\/en\\\/\"},{\"@type\":\"ListItem\",\"position\":2,\"name\":\"ALFMED leader pour l&#8217;accueil d&#8217;ERASMUS &#8211; stages en France\"}]},{\"@type\":\"WebSite\",\"@id\":\"https:\\\/\\\/perpignan.alfmed.com\\\/en\\\/#website\",\"url\":\"https:\\\/\\\/perpignan.alfmed.com\\\/en\\\/\",\"name\":\"Alfmed\",\"description\":\"EXPERTS EN LANGUES &amp; PROJETS EUROP\u00c9ENS\",\"potentialAction\":[{\"@type\":\"SearchAction\",\"target\":{\"@type\":\"EntryPoint\",\"urlTemplate\":\"https:\\\/\\\/perpignan.alfmed.com\\\/en\\\/?s={search_term_string}\"},\"query-input\":{\"@type\":\"PropertyValueSpecification\",\"valueRequired\":true,\"valueName\":\"search_term_string\"}}],\"inLanguage\":\"en-US\"},{\"@type\":\"Person\",\"@id\":\"https:\\\/\\\/perpignan.alfmed.com\\\/en\\\/#\\\/schema\\\/person\\\/6718591f6785449d8fc528d9ad3cf52d\",\"name\":\"Alfmed\",\"url\":\"https:\\\/\\\/perpignan.alfmed.com\\\/en\\\/author\\\/admalfmed\\\/\"}]}<\/script>\n<!-- \/ Yoast SEO plugin. -->","yoast_head_json":{"title":"ALFMED leader pour l'accueil d'ERASMUS - stages en France - Alfmed","robots":{"index":"index","follow":"follow","max-snippet":"max-snippet:-1","max-image-preview":"max-image-preview:large","max-video-preview":"max-video-preview:-1"},"canonical":"https:\/\/perpignan.alfmed.com\/en\/erasmus\/alfmed-principale-destination-des-etudiants-europeens\/","og_locale":"en_US","og_type":"article","og_title":"ALFMED leader pour l'accueil d'ERASMUS - stages en France - Alfmed","og_description":"ALFMED accueille des Erasmus de toute l\u2019Europe \u00e0 Perpignan depuis 2006.\u00a0ALFMED est devenu le leader en France pour l\u2019accueil de participants EFP (Enseignement et Formation Professionnels).\u00a0Ceci a \u00e9t\u00e9 possible gr\u00e2ce \u00e0 notre collaboration de long terme avec les organisations d\u2019envoi Europ\u00e9ennes et \u00e0 notre vaste r\u00e9seau d\u2019entreprises d\u2019accueil. Source Observatoire Ag Erasmus France Dec 2019. [&hellip;]","og_url":"https:\/\/perpignan.alfmed.com\/en\/erasmus\/alfmed-principale-destination-des-etudiants-europeens\/","og_site_name":"Alfmed","article_published_time":"2024-09-03T09:49:56+00:00","article_modified_time":"2024-10-22T13:53:32+00:00","og_image":[{"width":1030,"height":1030,"url":"https:\/\/perpignan.alfmed.com\/wp-content\/uploads\/2022\/02\/visuel-carte-AN-2021-VET-modifie\u0301-1030x1030-1.png","type":"image\/png"}],"author":"Alfmed","twitter_card":"summary_large_image","schema":{"@context":"https:\/\/schema.org","@graph":[{"@type":"Article","@id":"https:\/\/perpignan.alfmed.com\/en\/erasmus\/alfmed-principale-destination-des-etudiants-europeens\/#article","isPartOf":{"@id":"https:\/\/perpignan.alfmed.com\/en\/erasmus\/alfmed-principale-destination-des-etudiants-europeens\/"},"author":{"name":"Alfmed","@id":"https:\/\/perpignan.alfmed.com\/en\/#\/schema\/person\/6718591f6785449d8fc528d9ad3cf52d"},"headline":"ALFMED leader pour l&#8217;accueil d&#8217;ERASMUS &#8211; stages en France","datePublished":"2024-09-03T09:49:56+00:00","dateModified":"2024-10-22T13:53:32+00:00","mainEntityOfPage":{"@id":"https:\/\/perpignan.alfmed.com\/en\/erasmus\/alfmed-principale-destination-des-etudiants-europeens\/"},"wordCount":689,"image":{"@id":"https:\/\/perpignan.alfmed.com\/en\/erasmus\/alfmed-principale-destination-des-etudiants-europeens\/#primaryimage"},"thumbnailUrl":"https:\/\/perpignan.alfmed.com\/wp-content\/uploads\/2022\/02\/visuel-carte-AN-2021-VET-modifie\u0301-1030x1030-1.png","articleSection":["Erasmus"],"inLanguage":"en-US"},{"@type":"WebPage","@id":"https:\/\/perpignan.alfmed.com\/en\/erasmus\/alfmed-principale-destination-des-etudiants-europeens\/","url":"https:\/\/perpignan.alfmed.com\/en\/erasmus\/alfmed-principale-destination-des-etudiants-europeens\/","name":"ALFMED leader pour l'accueil d'ERASMUS - stages en France - Alfmed","isPartOf":{"@id":"https:\/\/perpignan.alfmed.com\/en\/#website"},"primaryImageOfPage":{"@id":"https:\/\/perpignan.alfmed.com\/en\/erasmus\/alfmed-principale-destination-des-etudiants-europeens\/#primaryimage"},"image":{"@id":"https:\/\/perpignan.alfmed.com\/en\/erasmus\/alfmed-principale-destination-des-etudiants-europeens\/#primaryimage"},"thumbnailUrl":"https:\/\/perpignan.alfmed.com\/wp-content\/uploads\/2022\/02\/visuel-carte-AN-2021-VET-modifie\u0301-1030x1030-1.png","datePublished":"2024-09-03T09:49:56+00:00","dateModified":"2024-10-22T13:53:32+00:00","author":{"@id":"https:\/\/perpignan.alfmed.com\/en\/#\/schema\/person\/6718591f6785449d8fc528d9ad3cf52d"},"breadcrumb":{"@id":"https:\/\/perpignan.alfmed.com\/en\/erasmus\/alfmed-principale-destination-des-etudiants-europeens\/#breadcrumb"},"inLanguage":"en-US","potentialAction":[{"@type":"ReadAction","target":["https:\/\/perpignan.alfmed.com\/en\/erasmus\/alfmed-principale-destination-des-etudiants-europeens\/"]}]},{"@type":"ImageObject","inLanguage":"en-US","@id":"https:\/\/perpignan.alfmed.com\/en\/erasmus\/alfmed-principale-destination-des-etudiants-europeens\/#primaryimage","url":"https:\/\/perpignan.alfmed.com\/wp-content\/uploads\/2022\/02\/visuel-carte-AN-2021-VET-modifie\u0301-1030x1030-1.png","contentUrl":"https:\/\/perpignan.alfmed.com\/wp-content\/uploads\/2022\/02\/visuel-carte-AN-2021-VET-modifie\u0301-1030x1030-1.png","width":1030,"height":1030},{"@type":"BreadcrumbList","@id":"https:\/\/perpignan.alfmed.com\/en\/erasmus\/alfmed-principale-destination-des-etudiants-europeens\/#breadcrumb","itemListElement":[{"@type":"ListItem","position":1,"name":"Home","item":"https:\/\/perpignan.alfmed.com\/en\/"},{"@type":"ListItem","position":2,"name":"ALFMED leader pour l&#8217;accueil d&#8217;ERASMUS &#8211; stages en France"}]},{"@type":"WebSite","@id":"https:\/\/perpignan.alfmed.com\/en\/#website","url":"https:\/\/perpignan.alfmed.com\/en\/","name":"Alfmed","description":"EXPERTS EN LANGUES &amp; PROJETS EUROP\u00c9ENS","potentialAction":[{"@type":"SearchAction","target":{"@type":"EntryPoint","urlTemplate":"https:\/\/perpignan.alfmed.com\/en\/?s={search_term_string}"},"query-input":{"@type":"PropertyValueSpecification","valueRequired":true,"valueName":"search_term_string"}}],"inLanguage":"en-US"},{"@type":"Person","@id":"https:\/\/perpignan.alfmed.com\/en\/#\/schema\/person\/6718591f6785449d8fc528d9ad3cf52d","name":"Alfmed","url":"https:\/\/perpignan.alfmed.com\/en\/author\/admalfmed\/"}]}},"_links":{"self":[{"href":"https:\/\/perpignan.alfmed.com\/en\/wp-json\/wp\/v2\/posts\/14580","targetHints":{"allow":["GET"]}}],"collection":[{"href":"https:\/\/perpignan.alfmed.com\/en\/wp-json\/wp\/v2\/posts"}],"about":[{"href":"https:\/\/perpignan.alfmed.com\/en\/wp-json\/wp\/v2\/types\/post"}],"author":[{"embeddable":true,"href":"https:\/\/perpignan.alfmed.com\/en\/wp-json\/wp\/v2\/users\/3"}],"replies":[{"embeddable":true,"href":"https:\/\/perpignan.alfmed.com\/en\/wp-json\/wp\/v2\/comments?post=14580"}],"version-history":[{"count":3,"href":"https:\/\/perpignan.alfmed.com\/en\/wp-json\/wp\/v2\/posts\/14580\/revisions"}],"predecessor-version":[{"id":15971,"href":"https:\/\/perpignan.alfmed.com\/en\/wp-json\/wp\/v2\/posts\/14580\/revisions\/15971"}],"wp:featuredmedia":[{"embeddable":true,"href":"https:\/\/perpignan.alfmed.com\/en\/wp-json\/wp\/v2\/media\/3338"}],"wp:attachment":[{"href":"https:\/\/perpignan.alfmed.com\/en\/wp-json\/wp\/v2\/media?parent=14580"}],"wp:term":[{"taxonomy":"category","embeddable":true,"href":"https:\/\/perpignan.alfmed.com\/en\/wp-json\/wp\/v2\/categories?post=14580"},{"taxonomy":"post_tag","embeddable":true,"href":"https:\/\/perpignan.alfmed.com\/en\/wp-json\/wp\/v2\/tags?post=14580"}],"curies":[{"name":"wp","href":"https:\/\/api.w.org\/{rel}","templated":true}]}}