{"id":13979,"date":"2023-07-13T09:56:54","date_gmt":"2023-07-13T09:56:54","guid":{"rendered":"https:\/\/perpignan.alfmed.com\/?p=13979"},"modified":"2023-07-13T09:56:54","modified_gmt":"2023-07-13T09:56:54","slug":"ce-quil-sest-passe-en-juin-a-alfmed","status":"publish","type":"post","link":"https:\/\/perpignan.alfmed.com\/en\/actualites\/ce-quil-sest-passe-en-juin-a-alfmed\/","title":{"rendered":"Ce qu&#8217;il s&#8217;est pass\u00e9 en Juin \u00e0 ALFMED"},"content":{"rendered":"<div class=\"\" data-block=\"true\" data-editor=\"9mej1\" data-offset-key=\"dhr24-0-0\">\n<div class=\"_1mf _1mj\" data-offset-key=\"dhr24-0-0\"><strong>\ud83e\udd29 Voici le r\u00e9cap\u2019 de ce qu\u2019il s\u2019est pass\u00e9 \u00e0 ALFMED au mois de juin 2023 :<\/strong><\/div>\n<div data-offset-key=\"dhr24-0-0\"><\/div>\n<\/div>\n<div data-offset-key=\"leum-0-0\"><\/div>\n<div class=\"\" data-block=\"true\" data-editor=\"9mej1\" data-offset-key=\"19p2f-0-0\">\n<div class=\"_1mf _1mj\" data-offset-key=\"19p2f-0-0\"><span data-offset-key=\"19p2f-0-0\">&gt;&gt; \ud83c\udf44 nos \u00e9tudiants Erasmus+ en maintenance industrielle ont eu l\u2019opportunit\u00e9 de<strong> visiter la champignonni\u00e8re Maison Vialade<\/strong> seulement 4 usines de ce type ont \u00e9t\u00e9 construites en Union Europ\u00e9enne, c\u2019\u00e9tait donc pour eux une chance unique d\u2019en apprendre plus sur les innovations technologiques pr\u00e9sentes. La visite a donn\u00e9 lieu a beaucoup de questions techniques. Nous remercions encore une fois toute l\u2019\u00e9quipe <\/span><span class=\"_247o\" data-offset-key=\"19p2f-1-0\"><span data-offset-key=\"19p2f-1-0\">Maison Vialade<\/span><\/span><span data-offset-key=\"19p2f-2-0\"> pour cette opportunit\u00e9 unique<\/span><\/div>\n<div data-offset-key=\"19p2f-0-0\"><\/div>\n<div data-offset-key=\"19p2f-0-0\"><img loading=\"lazy\" decoding=\"async\" class=\"aligncenter wp-image-13984 size-large\" src=\"https:\/\/perpignan.alfmed.com\/wp-content\/uploads\/2023\/07\/2-819x1024.png\" alt=\"visite champignonni\u00e8re maison vialade\" width=\"819\" height=\"1024\" \/><\/div>\n<\/div>\n<div class=\"\" data-block=\"true\" data-editor=\"9mej1\" data-offset-key=\"dpkij-0-0\">\n<div class=\"_1mf _1mj\" data-offset-key=\"dpkij-0-0\"><span data-offset-key=\"dpkij-0-0\">\u00a0<\/span><\/div>\n<\/div>\n<div class=\"\" data-block=\"true\" data-editor=\"9mej1\" data-offset-key=\"cjp6a-0-0\">\n<div class=\"_1mf _1mj\" data-offset-key=\"cjp6a-0-0\"><span data-offset-key=\"cjp6a-0-0\">&gt;&gt; \u2728 nous avons accueillis des <strong>groupes Erasmus-stage<\/strong> : <\/span><\/div>\n<\/div>\n<div class=\"\" data-block=\"true\" data-editor=\"9mej1\" data-offset-key=\"2o3rm-0-0\">\n<div class=\"_1mf _1mj\" data-offset-key=\"2o3rm-0-0\"><span data-offset-key=\"2o3rm-0-0\">D\u2019Italie avec le groupe <\/span><span class=\"_247o\" data-offset-key=\"2o3rm-1-0\"><span data-offset-key=\"2o3rm-1-0\">ENAC Emilia Romagna<\/span><\/span><span data-offset-key=\"2o3rm-2-0\"> qui reste 3 semaines <\/span><\/div>\n<\/div>\n<div class=\"\" data-block=\"true\" data-editor=\"9mej1\" data-offset-key=\"9s18k-0-0\">\n<div class=\"_1mf _1mj\" data-offset-key=\"9s18k-0-0\"><span data-offset-key=\"9s18k-0-0\">De Belgique avec le groupe<\/span><span class=\"_247o\" data-offset-key=\"9s18k-1-0\"><span data-offset-key=\"9s18k-1-0\">\u00a0IFAPME<\/span><\/span><span data-offset-key=\"9s18k-2-0\"> : ils sont ici pour 4, 8 ou 12 semaines<\/span><\/div>\n<div data-offset-key=\"9s18k-0-0\"><\/div>\n<div data-offset-key=\"9s18k-0-0\"><img loading=\"lazy\" decoding=\"async\" class=\"aligncenter wp-image-13988 size-large\" src=\"https:\/\/perpignan.alfmed.com\/wp-content\/uploads\/2023\/07\/3-819x1024.png\" alt=\"\" width=\"819\" height=\"1024\" \/><\/div>\n<\/div>\n<div class=\"\" data-block=\"true\" data-editor=\"9mej1\" data-offset-key=\"5kekf-0-0\">\n<div class=\"_1mf _1mj\" data-offset-key=\"5kekf-0-0\"><span data-offset-key=\"5kekf-0-0\">\u00a0<\/span><\/div>\n<\/div>\n<div class=\"\" data-block=\"true\" data-editor=\"9mej1\" data-offset-key=\"70ncd-0-0\">\n<div class=\"_1mf _1mj\" data-offset-key=\"70ncd-0-0\"><span data-offset-key=\"70ncd-0-0\">&gt;&gt; \ud83c\udf34 les \u00e9l\u00e8ves du <strong>Lyc\u00e9e Jean Lur\u00e7at<\/strong> ont pu partir en mobilit\u00e9 \u00e0 Malte (Gateway Europa Malte) pour effectuer leur stage professionnel dans le cadre du projet LML. Le groupe est revenu en France en juin, tr\u00e8s enthousiaste de cette exp\u00e9rience<\/span><\/div>\n<div data-offset-key=\"70ncd-0-0\"><\/div>\n<div data-offset-key=\"70ncd-0-0\"><img loading=\"lazy\" decoding=\"async\" class=\"aligncenter wp-image-13992 size-large\" src=\"https:\/\/perpignan.alfmed.com\/wp-content\/uploads\/2023\/07\/4-819x1024.png\" alt=\"\" width=\"819\" height=\"1024\" \/><\/div>\n<\/div>\n<div class=\"\" data-block=\"true\" data-editor=\"9mej1\" data-offset-key=\"chvg3-0-0\">\n<div class=\"_1mf _1mj\" data-offset-key=\"chvg3-0-0\"><span data-offset-key=\"chvg3-0-0\">\u00a0<\/span><\/div>\n<\/div>\n<div class=\"\" data-block=\"true\" data-editor=\"9mej1\" data-offset-key=\"2rp41-0-0\">\n<div class=\"_1mf _1mj\" data-offset-key=\"2rp41-0-0\"><span data-offset-key=\"2rp41-0-0\">&gt;&gt; \ud83d\udc68\u200d\ud83c\udf93\ud83d\udc69\u200d\ud83c\udf93 nos 216 \u00e9l\u00e8ves Cambridge ont pass\u00e9 leurs <strong>dipl\u00f4mes Cambridge Young Learners<\/strong> les 17, 27 et 28 juin 2023 dernier. Au programme de cet examen &gt;&gt; 3 \u00e9preuves : Reading &amp; Writing, Listening &amp; Speaking. <\/span><\/div>\n<\/div>\n<div class=\"\" data-block=\"true\" data-editor=\"9mej1\" data-offset-key=\"2v3bt-0-0\">\n<div class=\"_1mf _1mj\" data-offset-key=\"2v3bt-0-0\"><span data-offset-key=\"2v3bt-0-0\">RDV en septembre pour conna\u00eetre les r\u00e9sultats<\/span><\/div>\n<div data-offset-key=\"2v3bt-0-0\"><\/div>\n<div data-offset-key=\"2v3bt-0-0\"><img loading=\"lazy\" decoding=\"async\" class=\"aligncenter wp-image-13996 size-large\" src=\"https:\/\/perpignan.alfmed.com\/wp-content\/uploads\/2023\/07\/5-819x1024.png\" alt=\"\" width=\"819\" height=\"1024\" \/><\/div>\n<\/div>\n<div class=\"\" data-block=\"true\" data-editor=\"9mej1\" data-offset-key=\"1vrc-0-0\">\n<div class=\"_1mf _1mj\" data-offset-key=\"1vrc-0-0\"><span data-offset-key=\"1vrc-0-0\">\u00a0<\/span><\/div>\n<\/div>\n<div class=\"\" data-block=\"true\" data-editor=\"9mej1\" data-offset-key=\"e1o5t-0-0\">\n<div class=\"_1mf _1mj\" data-offset-key=\"e1o5t-0-0\"><span data-offset-key=\"e1o5t-0-0\">&gt;&gt; \ud83c\udf89 un nouvel \u00e9v\u00e8nement <strong>SKILLS#EU<\/strong> organis\u00e9 pour favoriser la rencontre entre nos diff\u00e9rents groupes d\u2019\u00e9tudiants Erasmus<\/span><\/div>\n<div data-offset-key=\"e1o5t-0-0\"><\/div>\n<p><img loading=\"lazy\" decoding=\"async\" class=\"aligncenter wp-image-14000 size-large\" src=\"https:\/\/perpignan.alfmed.com\/wp-content\/uploads\/2023\/07\/6-819x1024.png\" alt=\"evenement skills erasmus\" width=\"819\" height=\"1024\" \/><\/p>\n<\/div>\n<div class=\"\" data-block=\"true\" data-editor=\"9mej1\" data-offset-key=\"4ljbn-0-0\">\n<div class=\"_1mf _1mj\" data-offset-key=\"4ljbn-0-0\"><span data-offset-key=\"4ljbn-0-0\">\u00a0<\/span><\/div>\n<\/div>\n<div class=\"\" data-block=\"true\" data-editor=\"9mej1\" data-offset-key=\"41alf-0-0\">\n<div class=\"_1mf _1mj\" data-offset-key=\"41alf-0-0\"><em>Merci aux entreprises qui accueillent nos \u00e9tudiants Erasmus-stage : <span class=\"_247o\" data-offset-key=\"3lbc6-0-0\">Coworking Coffee<\/span> <span class=\"_247o\" data-offset-key=\"3lbc6-2-0\">dubble kiosk perpignan<\/span> <span class=\"_247o\" data-offset-key=\"3lbc6-4-0\">Villa Duflot Perpignan<\/span> <span class=\"_247o\" data-offset-key=\"3lbc6-6-0\">Les Halles Vauban Perpignan<\/span> <span class=\"_247o\" data-offset-key=\"3lbc6-8-0\">LE YUCCA<\/span> Casa Sansa <span class=\"_247o\" data-offset-key=\"3lbc6-10-0\">lesujetresto<\/span> <span class=\"_247o\" data-offset-key=\"3lbc6-12-0\">Restaurant le Vauban<\/span> <span class=\"_247o\" data-offset-key=\"3lbc6-14-0\">Restaurant-Jean Perpignan<\/span> <span class=\"_247o\" data-offset-key=\"3lbc6-16-0\">Grand H\u00f4tel du Lido Argeles sur Mer<\/span> <span class=\"_247o\" data-offset-key=\"3lbc6-18-0\">Restaurant l&#8217;Alto<\/span> <span class=\"_247o\" data-offset-key=\"3lbc6-20-0\">Restaurant La Mamma<\/span> <span class=\"_247o\" data-offset-key=\"3lbc6-22-0\">L&#8217;atelier Couture de Mina<\/span> <span class=\"_247o\" data-offset-key=\"3lbc6-24-0\">Malibu Village<\/span> <span class=\"_247o\" data-offset-key=\"3lbc6-26-0\">B\u00e9atrice Soul\u00e9-Roig<\/span> <span class=\"_247o\" data-offset-key=\"3lbc6-28-0\">La Grigne Des Fr\u00e8res Lafont<\/span> <span class=\"_247o\" data-offset-key=\"3lbc6-30-0\">Castor et Pollux<\/span> <span class=\"_247o\" data-offset-key=\"3lbc6-32-0\">Le Levain d&#8217;H\u00e9lios<\/span> <span class=\"_247o\" data-offset-key=\"3lbc6-34-0\">LE FANAL<\/span> <span class=\"_247o\" data-offset-key=\"3lbc6-36-0\">Cap d&#8217;Ona l&#8217;officiel<\/span> <span class=\"_247o\" data-offset-key=\"3lbc6-38-0\">TERRA_nova paysage<\/span> <span class=\"_247o\" data-offset-key=\"3lbc6-40-0\">L&#8217;Atelier Sucr\u00e9<\/span> <span class=\"_247o\" data-offset-key=\"3lbc6-42-0\">Boucherie Mele Langlois<\/span><\/em><\/div>\n<\/div>\n","protected":false},"excerpt":{"rendered":"<p>\ud83e\udd29 Voici le r\u00e9cap\u2019 de ce qu\u2019il s\u2019est pass\u00e9 \u00e0 ALFMED au mois de juin 2023 : &gt;&gt; \ud83c\udf44 nos \u00e9tudiants Erasmus+ en maintenance industrielle ont eu l\u2019opportunit\u00e9 de visiter la champignonni\u00e8re Maison Vialade seulement 4 usines de ce type ont \u00e9t\u00e9 construites en Union Europ\u00e9enne, c\u2019\u00e9tait donc pour eux une chance unique d\u2019en apprendre [&hellip;]<\/p>\n","protected":false},"author":3,"featured_media":13980,"comment_status":"closed","ping_status":"closed","sticky":false,"template":"","format":"standard","meta":{"_acf_changed":false,"_et_pb_use_builder":"","_et_pb_old_content":"","_et_gb_content_width":"","footnotes":""},"categories":[130],"tags":[],"class_list":["post-13979","post","type-post","status-publish","format-standard","has-post-thumbnail","hentry","category-actualites"],"acf":[],"yoast_head":"<!-- This site is optimized with the Yoast SEO plugin v27.5 - https:\/\/yoast.com\/product\/yoast-seo-wordpress\/ -->\n<title>Ce qu&#039;il s&#039;est pass\u00e9 en Juin \u00e0 ALFMED - Alfmed<\/title>\n<meta name=\"description\" content=\"Visite de la champignonni\u00e8re pour nos \u00e9tudiants Erasmus, dipl\u00f4mes cambridge, accueil de groupes, cours de langues...\" \/>\n<meta name=\"robots\" content=\"index, follow, max-snippet:-1, max-image-preview:large, max-video-preview:-1\" \/>\n<link rel=\"canonical\" href=\"https:\/\/perpignan.alfmed.com\/en\/actualites\/ce-quil-sest-passe-en-juin-a-alfmed\/\" \/>\n<meta property=\"og:locale\" content=\"en_US\" \/>\n<meta property=\"og:type\" content=\"article\" \/>\n<meta property=\"og:title\" content=\"Ce qu&#039;il s&#039;est pass\u00e9 en Juin \u00e0 ALFMED - Alfmed\" \/>\n<meta property=\"og:description\" content=\"Visite de la champignonni\u00e8re pour nos \u00e9tudiants Erasmus, dipl\u00f4mes cambridge, accueil de groupes, cours de langues...\" \/>\n<meta property=\"og:url\" content=\"https:\/\/perpignan.alfmed.com\/en\/actualites\/ce-quil-sest-passe-en-juin-a-alfmed\/\" \/>\n<meta property=\"og:site_name\" content=\"Alfmed\" \/>\n<meta property=\"article:published_time\" content=\"2023-07-13T09:56:54+00:00\" \/>\n<meta property=\"og:image\" content=\"https:\/\/perpignan.alfmed.com\/wp-content\/uploads\/2023\/07\/1.png\" \/>\n\t<meta property=\"og:image:width\" content=\"1200\" \/>\n\t<meta property=\"og:image:height\" content=\"1500\" \/>\n\t<meta property=\"og:image:type\" content=\"image\/png\" \/>\n<meta name=\"author\" content=\"Alfmed\" \/>\n<meta name=\"twitter:card\" content=\"summary_large_image\" \/>\n<script type=\"application\/ld+json\" class=\"yoast-schema-graph\">{\"@context\":\"https:\\\/\\\/schema.org\",\"@graph\":[{\"@type\":\"Article\",\"@id\":\"https:\\\/\\\/perpignan.alfmed.com\\\/en\\\/actualites\\\/ce-quil-sest-passe-en-juin-a-alfmed\\\/#article\",\"isPartOf\":{\"@id\":\"https:\\\/\\\/perpignan.alfmed.com\\\/en\\\/actualites\\\/ce-quil-sest-passe-en-juin-a-alfmed\\\/\"},\"author\":{\"name\":\"Alfmed\",\"@id\":\"https:\\\/\\\/perpignan.alfmed.com\\\/en\\\/#\\\/schema\\\/person\\\/6718591f6785449d8fc528d9ad3cf52d\"},\"headline\":\"Ce qu&#8217;il s&#8217;est pass\u00e9 en Juin \u00e0 ALFMED\",\"datePublished\":\"2023-07-13T09:56:54+00:00\",\"mainEntityOfPage\":{\"@id\":\"https:\\\/\\\/perpignan.alfmed.com\\\/en\\\/actualites\\\/ce-quil-sest-passe-en-juin-a-alfmed\\\/\"},\"wordCount\":322,\"image\":{\"@id\":\"https:\\\/\\\/perpignan.alfmed.com\\\/en\\\/actualites\\\/ce-quil-sest-passe-en-juin-a-alfmed\\\/#primaryimage\"},\"thumbnailUrl\":\"https:\\\/\\\/perpignan.alfmed.com\\\/wp-content\\\/uploads\\\/2023\\\/07\\\/1.png\",\"articleSection\":[\"Actualit\u00e9s\"],\"inLanguage\":\"en-US\"},{\"@type\":\"WebPage\",\"@id\":\"https:\\\/\\\/perpignan.alfmed.com\\\/en\\\/actualites\\\/ce-quil-sest-passe-en-juin-a-alfmed\\\/\",\"url\":\"https:\\\/\\\/perpignan.alfmed.com\\\/en\\\/actualites\\\/ce-quil-sest-passe-en-juin-a-alfmed\\\/\",\"name\":\"Ce qu'il s'est pass\u00e9 en Juin \u00e0 ALFMED - Alfmed\",\"isPartOf\":{\"@id\":\"https:\\\/\\\/perpignan.alfmed.com\\\/en\\\/#website\"},\"primaryImageOfPage\":{\"@id\":\"https:\\\/\\\/perpignan.alfmed.com\\\/en\\\/actualites\\\/ce-quil-sest-passe-en-juin-a-alfmed\\\/#primaryimage\"},\"image\":{\"@id\":\"https:\\\/\\\/perpignan.alfmed.com\\\/en\\\/actualites\\\/ce-quil-sest-passe-en-juin-a-alfmed\\\/#primaryimage\"},\"thumbnailUrl\":\"https:\\\/\\\/perpignan.alfmed.com\\\/wp-content\\\/uploads\\\/2023\\\/07\\\/1.png\",\"datePublished\":\"2023-07-13T09:56:54+00:00\",\"author\":{\"@id\":\"https:\\\/\\\/perpignan.alfmed.com\\\/en\\\/#\\\/schema\\\/person\\\/6718591f6785449d8fc528d9ad3cf52d\"},\"description\":\"Visite de la champignonni\u00e8re pour nos \u00e9tudiants Erasmus, dipl\u00f4mes cambridge, accueil de groupes, cours de langues...\",\"breadcrumb\":{\"@id\":\"https:\\\/\\\/perpignan.alfmed.com\\\/en\\\/actualites\\\/ce-quil-sest-passe-en-juin-a-alfmed\\\/#breadcrumb\"},\"inLanguage\":\"en-US\",\"potentialAction\":[{\"@type\":\"ReadAction\",\"target\":[\"https:\\\/\\\/perpignan.alfmed.com\\\/en\\\/actualites\\\/ce-quil-sest-passe-en-juin-a-alfmed\\\/\"]}]},{\"@type\":\"ImageObject\",\"inLanguage\":\"en-US\",\"@id\":\"https:\\\/\\\/perpignan.alfmed.com\\\/en\\\/actualites\\\/ce-quil-sest-passe-en-juin-a-alfmed\\\/#primaryimage\",\"url\":\"https:\\\/\\\/perpignan.alfmed.com\\\/wp-content\\\/uploads\\\/2023\\\/07\\\/1.png\",\"contentUrl\":\"https:\\\/\\\/perpignan.alfmed.com\\\/wp-content\\\/uploads\\\/2023\\\/07\\\/1.png\",\"width\":1200,\"height\":1500},{\"@type\":\"BreadcrumbList\",\"@id\":\"https:\\\/\\\/perpignan.alfmed.com\\\/en\\\/actualites\\\/ce-quil-sest-passe-en-juin-a-alfmed\\\/#breadcrumb\",\"itemListElement\":[{\"@type\":\"ListItem\",\"position\":1,\"name\":\"Home\",\"item\":\"https:\\\/\\\/perpignan.alfmed.com\\\/en\\\/\"},{\"@type\":\"ListItem\",\"position\":2,\"name\":\"Ce qu&#8217;il s&#8217;est pass\u00e9 en Juin \u00e0 ALFMED\"}]},{\"@type\":\"WebSite\",\"@id\":\"https:\\\/\\\/perpignan.alfmed.com\\\/en\\\/#website\",\"url\":\"https:\\\/\\\/perpignan.alfmed.com\\\/en\\\/\",\"name\":\"Alfmed\",\"description\":\"EXPERTS EN LANGUES &amp; PROJETS EUROP\u00c9ENS\",\"potentialAction\":[{\"@type\":\"SearchAction\",\"target\":{\"@type\":\"EntryPoint\",\"urlTemplate\":\"https:\\\/\\\/perpignan.alfmed.com\\\/en\\\/?s={search_term_string}\"},\"query-input\":{\"@type\":\"PropertyValueSpecification\",\"valueRequired\":true,\"valueName\":\"search_term_string\"}}],\"inLanguage\":\"en-US\"},{\"@type\":\"Person\",\"@id\":\"https:\\\/\\\/perpignan.alfmed.com\\\/en\\\/#\\\/schema\\\/person\\\/6718591f6785449d8fc528d9ad3cf52d\",\"name\":\"Alfmed\",\"url\":\"https:\\\/\\\/perpignan.alfmed.com\\\/en\\\/author\\\/admalfmed\\\/\"}]}<\/script>\n<!-- \/ Yoast SEO plugin. -->","yoast_head_json":{"title":"Ce qu'il s'est pass\u00e9 en Juin \u00e0 ALFMED - Alfmed","description":"Visite de la champignonni\u00e8re pour nos \u00e9tudiants Erasmus, dipl\u00f4mes cambridge, accueil de groupes, cours de langues...","robots":{"index":"index","follow":"follow","max-snippet":"max-snippet:-1","max-image-preview":"max-image-preview:large","max-video-preview":"max-video-preview:-1"},"canonical":"https:\/\/perpignan.alfmed.com\/en\/actualites\/ce-quil-sest-passe-en-juin-a-alfmed\/","og_locale":"en_US","og_type":"article","og_title":"Ce qu'il s'est pass\u00e9 en Juin \u00e0 ALFMED - Alfmed","og_description":"Visite de la champignonni\u00e8re pour nos \u00e9tudiants Erasmus, dipl\u00f4mes cambridge, accueil de groupes, cours de langues...","og_url":"https:\/\/perpignan.alfmed.com\/en\/actualites\/ce-quil-sest-passe-en-juin-a-alfmed\/","og_site_name":"Alfmed","article_published_time":"2023-07-13T09:56:54+00:00","og_image":[{"width":1200,"height":1500,"url":"https:\/\/perpignan.alfmed.com\/wp-content\/uploads\/2023\/07\/1.png","type":"image\/png"}],"author":"Alfmed","twitter_card":"summary_large_image","schema":{"@context":"https:\/\/schema.org","@graph":[{"@type":"Article","@id":"https:\/\/perpignan.alfmed.com\/en\/actualites\/ce-quil-sest-passe-en-juin-a-alfmed\/#article","isPartOf":{"@id":"https:\/\/perpignan.alfmed.com\/en\/actualites\/ce-quil-sest-passe-en-juin-a-alfmed\/"},"author":{"name":"Alfmed","@id":"https:\/\/perpignan.alfmed.com\/en\/#\/schema\/person\/6718591f6785449d8fc528d9ad3cf52d"},"headline":"Ce qu&#8217;il s&#8217;est pass\u00e9 en Juin \u00e0 ALFMED","datePublished":"2023-07-13T09:56:54+00:00","mainEntityOfPage":{"@id":"https:\/\/perpignan.alfmed.com\/en\/actualites\/ce-quil-sest-passe-en-juin-a-alfmed\/"},"wordCount":322,"image":{"@id":"https:\/\/perpignan.alfmed.com\/en\/actualites\/ce-quil-sest-passe-en-juin-a-alfmed\/#primaryimage"},"thumbnailUrl":"https:\/\/perpignan.alfmed.com\/wp-content\/uploads\/2023\/07\/1.png","articleSection":["Actualit\u00e9s"],"inLanguage":"en-US"},{"@type":"WebPage","@id":"https:\/\/perpignan.alfmed.com\/en\/actualites\/ce-quil-sest-passe-en-juin-a-alfmed\/","url":"https:\/\/perpignan.alfmed.com\/en\/actualites\/ce-quil-sest-passe-en-juin-a-alfmed\/","name":"Ce qu'il s'est pass\u00e9 en Juin \u00e0 ALFMED - Alfmed","isPartOf":{"@id":"https:\/\/perpignan.alfmed.com\/en\/#website"},"primaryImageOfPage":{"@id":"https:\/\/perpignan.alfmed.com\/en\/actualites\/ce-quil-sest-passe-en-juin-a-alfmed\/#primaryimage"},"image":{"@id":"https:\/\/perpignan.alfmed.com\/en\/actualites\/ce-quil-sest-passe-en-juin-a-alfmed\/#primaryimage"},"thumbnailUrl":"https:\/\/perpignan.alfmed.com\/wp-content\/uploads\/2023\/07\/1.png","datePublished":"2023-07-13T09:56:54+00:00","author":{"@id":"https:\/\/perpignan.alfmed.com\/en\/#\/schema\/person\/6718591f6785449d8fc528d9ad3cf52d"},"description":"Visite de la champignonni\u00e8re pour nos \u00e9tudiants Erasmus, dipl\u00f4mes cambridge, accueil de groupes, cours de langues...","breadcrumb":{"@id":"https:\/\/perpignan.alfmed.com\/en\/actualites\/ce-quil-sest-passe-en-juin-a-alfmed\/#breadcrumb"},"inLanguage":"en-US","potentialAction":[{"@type":"ReadAction","target":["https:\/\/perpignan.alfmed.com\/en\/actualites\/ce-quil-sest-passe-en-juin-a-alfmed\/"]}]},{"@type":"ImageObject","inLanguage":"en-US","@id":"https:\/\/perpignan.alfmed.com\/en\/actualites\/ce-quil-sest-passe-en-juin-a-alfmed\/#primaryimage","url":"https:\/\/perpignan.alfmed.com\/wp-content\/uploads\/2023\/07\/1.png","contentUrl":"https:\/\/perpignan.alfmed.com\/wp-content\/uploads\/2023\/07\/1.png","width":1200,"height":1500},{"@type":"BreadcrumbList","@id":"https:\/\/perpignan.alfmed.com\/en\/actualites\/ce-quil-sest-passe-en-juin-a-alfmed\/#breadcrumb","itemListElement":[{"@type":"ListItem","position":1,"name":"Home","item":"https:\/\/perpignan.alfmed.com\/en\/"},{"@type":"ListItem","position":2,"name":"Ce qu&#8217;il s&#8217;est pass\u00e9 en Juin \u00e0 ALFMED"}]},{"@type":"WebSite","@id":"https:\/\/perpignan.alfmed.com\/en\/#website","url":"https:\/\/perpignan.alfmed.com\/en\/","name":"Alfmed","description":"EXPERTS EN LANGUES &amp; PROJETS EUROP\u00c9ENS","potentialAction":[{"@type":"SearchAction","target":{"@type":"EntryPoint","urlTemplate":"https:\/\/perpignan.alfmed.com\/en\/?s={search_term_string}"},"query-input":{"@type":"PropertyValueSpecification","valueRequired":true,"valueName":"search_term_string"}}],"inLanguage":"en-US"},{"@type":"Person","@id":"https:\/\/perpignan.alfmed.com\/en\/#\/schema\/person\/6718591f6785449d8fc528d9ad3cf52d","name":"Alfmed","url":"https:\/\/perpignan.alfmed.com\/en\/author\/admalfmed\/"}]}},"_links":{"self":[{"href":"https:\/\/perpignan.alfmed.com\/en\/wp-json\/wp\/v2\/posts\/13979","targetHints":{"allow":["GET"]}}],"collection":[{"href":"https:\/\/perpignan.alfmed.com\/en\/wp-json\/wp\/v2\/posts"}],"about":[{"href":"https:\/\/perpignan.alfmed.com\/en\/wp-json\/wp\/v2\/types\/post"}],"author":[{"embeddable":true,"href":"https:\/\/perpignan.alfmed.com\/en\/wp-json\/wp\/v2\/users\/3"}],"replies":[{"embeddable":true,"href":"https:\/\/perpignan.alfmed.com\/en\/wp-json\/wp\/v2\/comments?post=13979"}],"version-history":[{"count":3,"href":"https:\/\/perpignan.alfmed.com\/en\/wp-json\/wp\/v2\/posts\/13979\/revisions"}],"predecessor-version":[{"id":14007,"href":"https:\/\/perpignan.alfmed.com\/en\/wp-json\/wp\/v2\/posts\/13979\/revisions\/14007"}],"wp:featuredmedia":[{"embeddable":true,"href":"https:\/\/perpignan.alfmed.com\/en\/wp-json\/wp\/v2\/media\/13980"}],"wp:attachment":[{"href":"https:\/\/perpignan.alfmed.com\/en\/wp-json\/wp\/v2\/media?parent=13979"}],"wp:term":[{"taxonomy":"category","embeddable":true,"href":"https:\/\/perpignan.alfmed.com\/en\/wp-json\/wp\/v2\/categories?post=13979"},{"taxonomy":"post_tag","embeddable":true,"href":"https:\/\/perpignan.alfmed.com\/en\/wp-json\/wp\/v2\/tags?post=13979"}],"curies":[{"name":"wp","href":"https:\/\/api.w.org\/{rel}","templated":true}]}}