{"id":13499,"date":"2023-06-12T10:29:57","date_gmt":"2023-06-12T10:29:57","guid":{"rendered":"https:\/\/perpignan.alfmed.com\/?p=13499"},"modified":"2023-06-12T10:37:28","modified_gmt":"2023-06-12T10:37:28","slug":"groupe-irlandais-de-tribe-a-alfmed-perpignan-france","status":"publish","type":"post","link":"https:\/\/perpignan.alfmed.com\/en\/actualites\/groupe-irlandais-de-tribe-a-alfmed-perpignan-france\/","title":{"rendered":"Groupe Irlandais de TRIBE \u00e0 ALFMED Perpignan FRANCE"},"content":{"rendered":"<div class=\"\" data-block=\"true\" data-editor=\"e9s49\" data-offset-key=\"io34-0-0\">\n<div class=\"_1mf _1mj\" data-offset-key=\"io34-0-0\"><span data-offset-key=\"io34-0-0\">Pour ALFMED sp\u00e9cialiste des programmes Erasmus, accueillir pendant 6 semaines un groupe de jeunes Irlandais de <a href=\"https:\/\/tribestudy.com\/\">Tribe Study Abroad<\/a> repr\u00e9sente beaucoup de choses :<\/span><\/div>\n<div data-offset-key=\"io34-0-0\"><\/div>\n<\/div>\n<div class=\"\" data-block=\"true\" data-editor=\"e9s49\" data-offset-key=\"pnnu-0-0\">\n<div class=\"_1mf _1mj\" data-offset-key=\"pnnu-0-0\"><span data-offset-key=\"pnnu-0-0\">\ud83d\udfe2 D\u00e9montrer les talents et l\u2019attractivit\u00e9 de notre territoire<\/span><\/div>\n<div data-offset-key=\"pnnu-0-0\"><\/div>\n<\/div>\n<div class=\"\" data-block=\"true\" data-editor=\"e9s49\" data-offset-key=\"a05va-0-0\">\n<div class=\"_1mf _1mj\" data-offset-key=\"a05va-0-0\"><span data-offset-key=\"a05va-0-0\">\u26aa Proposer des cours de fran\u00e7ais au sein de notre \u00e9cole<\/span><\/div>\n<div data-offset-key=\"a05va-0-0\"><\/div>\n<\/div>\n<div class=\"\" data-block=\"true\" data-editor=\"e9s49\" data-offset-key=\"2sgt7-0-0\">\n<div class=\"_1mf _1mj\" data-offset-key=\"2sgt7-0-0\"><span data-offset-key=\"2sgt7-0-0\">\ud83d\udfe0 Accueillir au sein d\u2019un \u00e9tablissement de formation Lyc\u00e9e Jean Lur\u00e7at de jeunes \u00e9tudiants pendant 3 semaines<\/span><\/div>\n<div data-offset-key=\"2sgt7-0-0\"><\/div>\n<\/div>\n<div class=\"\" data-block=\"true\" data-editor=\"e9s49\" data-offset-key=\"1o3el-0-0\">\n<div class=\"_1mf _1mj\" data-offset-key=\"1o3el-0-0\"><span data-offset-key=\"1o3el-0-0\">\ud83d\udfe2 Rencontrer des familles d\u2019accueil pr\u00eatent \u00e0 les accueillir<\/span><\/div>\n<div data-offset-key=\"1o3el-0-0\"><\/div>\n<\/div>\n<div class=\"\" data-block=\"true\" data-editor=\"e9s49\" data-offset-key=\"fhstb-0-0\">\n<div class=\"_1mf _1mj\" data-offset-key=\"fhstb-0-0\"><span data-offset-key=\"fhstb-0-0\">\u26aa Proposer des activit\u00e9s touristiques pour les jeunes : <a href=\"https:\/\/perpignan.sensas.top\/\">SENSAS Perpignan<\/a>, <a href=\"https:\/\/ekoland.fr\/\">E-KO Land<\/a>, <a href=\"https:\/\/www.bowling-canet.fr\/activites-tarifs\/lasermaxx\/\">Bowling Laser Maxx Canet<\/a>&#8230;<\/span><\/div>\n<div data-offset-key=\"fhstb-0-0\"><\/div>\n<\/div>\n<div class=\"\" data-block=\"true\" data-editor=\"e9s49\" data-offset-key=\"9e82q-0-0\">\n<div class=\"_1mf _1mj\" data-offset-key=\"9e82q-0-0\"><span data-offset-key=\"9e82q-0-0\">\ud83d\udfe0 Illustrer tout ce qui anime notre \u00e9quipe ALFMED<\/span><\/div>\n<\/div>\n<div class=\"\" data-block=\"true\" data-editor=\"e9s49\" data-offset-key=\"501k-0-0\"><\/div>\n<div data-block=\"true\" data-editor=\"e9s49\" data-offset-key=\"501k-0-0\"><\/div>\n<div data-block=\"true\" data-editor=\"e9s49\" data-offset-key=\"501k-0-0\"><a href=\"https:\/\/youtu.be\/T18V99gLlCU\">Voici la vid\u00e9o de leur s\u00e9jour de 6 semaines \u00e0 ALFMED Perpignan<\/a><\/div>\n","protected":false},"excerpt":{"rendered":"<p>Pour ALFMED sp\u00e9cialiste des programmes Erasmus, accueillir pendant 6 semaines un groupe de jeunes Irlandais de Tribe Study Abroad repr\u00e9sente beaucoup de choses : \ud83d\udfe2 D\u00e9montrer les talents et l\u2019attractivit\u00e9 de notre territoire \u26aa Proposer des cours de fran\u00e7ais au sein de notre \u00e9cole \ud83d\udfe0 Accueillir au sein d\u2019un \u00e9tablissement de formation Lyc\u00e9e Jean Lur\u00e7at [&hellip;]<\/p>\n","protected":false},"author":3,"featured_media":13506,"comment_status":"closed","ping_status":"closed","sticky":false,"template":"","format":"standard","meta":{"_acf_changed":false,"_et_pb_use_builder":"","_et_pb_old_content":"","_et_gb_content_width":"","footnotes":""},"categories":[130,36],"tags":[],"class_list":["post-13499","post","type-post","status-publish","format-standard","has-post-thumbnail","hentry","category-actualites","category-francais-pour-les-etrangers"],"acf":[],"yoast_head":"<!-- This site is optimized with the Yoast SEO plugin v27.5 - https:\/\/yoast.com\/product\/yoast-seo-wordpress\/ -->\n<title>Groupe Irlandais de TRIBE \u00e0 ALFMED Perpignan FRANCE - Alfmed<\/title>\n<meta name=\"description\" content=\"Pour ALFMED sp\u00e9cialiste des programmes Erasmus, accueillir pendant 6 semaines un groupe de jeunes Irlandais de Tribe Study Abroad repr\u00e9sente beaucoup de choses\" \/>\n<meta name=\"robots\" content=\"index, follow, max-snippet:-1, max-image-preview:large, max-video-preview:-1\" \/>\n<link rel=\"canonical\" href=\"https:\/\/perpignan.alfmed.com\/en\/actualites\/groupe-irlandais-de-tribe-a-alfmed-perpignan-france\/\" \/>\n<meta property=\"og:locale\" content=\"en_US\" \/>\n<meta property=\"og:type\" content=\"article\" \/>\n<meta property=\"og:title\" content=\"Groupe Irlandais de TRIBE \u00e0 ALFMED Perpignan FRANCE - Alfmed\" \/>\n<meta property=\"og:description\" content=\"Pour ALFMED sp\u00e9cialiste des programmes Erasmus, accueillir pendant 6 semaines un groupe de jeunes Irlandais de Tribe Study Abroad repr\u00e9sente beaucoup de choses\" \/>\n<meta property=\"og:url\" content=\"https:\/\/perpignan.alfmed.com\/en\/actualites\/groupe-irlandais-de-tribe-a-alfmed-perpignan-france\/\" \/>\n<meta property=\"og:site_name\" content=\"Alfmed\" \/>\n<meta property=\"article:published_time\" content=\"2023-06-12T10:29:57+00:00\" \/>\n<meta property=\"article:modified_time\" content=\"2023-06-12T10:37:28+00:00\" \/>\n<meta property=\"og:image\" content=\"https:\/\/perpignan.alfmed.com\/wp-content\/uploads\/2023\/06\/WhatsApp-Image-2023-04-24-a-17.15.31-1.jpg\" \/>\n\t<meta property=\"og:image:width\" content=\"900\" \/>\n\t<meta property=\"og:image:height\" content=\"1044\" \/>\n\t<meta property=\"og:image:type\" content=\"image\/jpeg\" \/>\n<meta name=\"author\" content=\"Alfmed\" \/>\n<meta name=\"twitter:card\" content=\"summary_large_image\" \/>\n<script type=\"application\/ld+json\" class=\"yoast-schema-graph\">{\"@context\":\"https:\\\/\\\/schema.org\",\"@graph\":[{\"@type\":\"Article\",\"@id\":\"https:\\\/\\\/perpignan.alfmed.com\\\/en\\\/actualites\\\/groupe-irlandais-de-tribe-a-alfmed-perpignan-france\\\/#article\",\"isPartOf\":{\"@id\":\"https:\\\/\\\/perpignan.alfmed.com\\\/en\\\/actualites\\\/groupe-irlandais-de-tribe-a-alfmed-perpignan-france\\\/\"},\"author\":{\"name\":\"Alfmed\",\"@id\":\"https:\\\/\\\/perpignan.alfmed.com\\\/en\\\/#\\\/schema\\\/person\\\/6718591f6785449d8fc528d9ad3cf52d\"},\"headline\":\"Groupe Irlandais de TRIBE \u00e0 ALFMED Perpignan FRANCE\",\"datePublished\":\"2023-06-12T10:29:57+00:00\",\"dateModified\":\"2023-06-12T10:37:28+00:00\",\"mainEntityOfPage\":{\"@id\":\"https:\\\/\\\/perpignan.alfmed.com\\\/en\\\/actualites\\\/groupe-irlandais-de-tribe-a-alfmed-perpignan-france\\\/\"},\"wordCount\":115,\"image\":{\"@id\":\"https:\\\/\\\/perpignan.alfmed.com\\\/en\\\/actualites\\\/groupe-irlandais-de-tribe-a-alfmed-perpignan-france\\\/#primaryimage\"},\"thumbnailUrl\":\"https:\\\/\\\/perpignan.alfmed.com\\\/wp-content\\\/uploads\\\/2023\\\/06\\\/WhatsApp-Image-2023-04-24-a-17.15.31-1.jpg\",\"articleSection\":[\"Actualit\u00e9s\",\"Fran\u00e7ais pour les \u00e9trangers\"],\"inLanguage\":\"en-US\"},{\"@type\":\"WebPage\",\"@id\":\"https:\\\/\\\/perpignan.alfmed.com\\\/en\\\/actualites\\\/groupe-irlandais-de-tribe-a-alfmed-perpignan-france\\\/\",\"url\":\"https:\\\/\\\/perpignan.alfmed.com\\\/en\\\/actualites\\\/groupe-irlandais-de-tribe-a-alfmed-perpignan-france\\\/\",\"name\":\"Groupe Irlandais de TRIBE \u00e0 ALFMED Perpignan FRANCE - Alfmed\",\"isPartOf\":{\"@id\":\"https:\\\/\\\/perpignan.alfmed.com\\\/en\\\/#website\"},\"primaryImageOfPage\":{\"@id\":\"https:\\\/\\\/perpignan.alfmed.com\\\/en\\\/actualites\\\/groupe-irlandais-de-tribe-a-alfmed-perpignan-france\\\/#primaryimage\"},\"image\":{\"@id\":\"https:\\\/\\\/perpignan.alfmed.com\\\/en\\\/actualites\\\/groupe-irlandais-de-tribe-a-alfmed-perpignan-france\\\/#primaryimage\"},\"thumbnailUrl\":\"https:\\\/\\\/perpignan.alfmed.com\\\/wp-content\\\/uploads\\\/2023\\\/06\\\/WhatsApp-Image-2023-04-24-a-17.15.31-1.jpg\",\"datePublished\":\"2023-06-12T10:29:57+00:00\",\"dateModified\":\"2023-06-12T10:37:28+00:00\",\"author\":{\"@id\":\"https:\\\/\\\/perpignan.alfmed.com\\\/en\\\/#\\\/schema\\\/person\\\/6718591f6785449d8fc528d9ad3cf52d\"},\"description\":\"Pour ALFMED sp\u00e9cialiste des programmes Erasmus, accueillir pendant 6 semaines un groupe de jeunes Irlandais de Tribe Study Abroad repr\u00e9sente beaucoup de choses\",\"breadcrumb\":{\"@id\":\"https:\\\/\\\/perpignan.alfmed.com\\\/en\\\/actualites\\\/groupe-irlandais-de-tribe-a-alfmed-perpignan-france\\\/#breadcrumb\"},\"inLanguage\":\"en-US\",\"potentialAction\":[{\"@type\":\"ReadAction\",\"target\":[\"https:\\\/\\\/perpignan.alfmed.com\\\/en\\\/actualites\\\/groupe-irlandais-de-tribe-a-alfmed-perpignan-france\\\/\"]}]},{\"@type\":\"ImageObject\",\"inLanguage\":\"en-US\",\"@id\":\"https:\\\/\\\/perpignan.alfmed.com\\\/en\\\/actualites\\\/groupe-irlandais-de-tribe-a-alfmed-perpignan-france\\\/#primaryimage\",\"url\":\"https:\\\/\\\/perpignan.alfmed.com\\\/wp-content\\\/uploads\\\/2023\\\/06\\\/WhatsApp-Image-2023-04-24-a-17.15.31-1.jpg\",\"contentUrl\":\"https:\\\/\\\/perpignan.alfmed.com\\\/wp-content\\\/uploads\\\/2023\\\/06\\\/WhatsApp-Image-2023-04-24-a-17.15.31-1.jpg\",\"width\":900,\"height\":1044},{\"@type\":\"BreadcrumbList\",\"@id\":\"https:\\\/\\\/perpignan.alfmed.com\\\/en\\\/actualites\\\/groupe-irlandais-de-tribe-a-alfmed-perpignan-france\\\/#breadcrumb\",\"itemListElement\":[{\"@type\":\"ListItem\",\"position\":1,\"name\":\"Home\",\"item\":\"https:\\\/\\\/perpignan.alfmed.com\\\/en\\\/\"},{\"@type\":\"ListItem\",\"position\":2,\"name\":\"Groupe Irlandais de TRIBE \u00e0 ALFMED Perpignan FRANCE\"}]},{\"@type\":\"WebSite\",\"@id\":\"https:\\\/\\\/perpignan.alfmed.com\\\/en\\\/#website\",\"url\":\"https:\\\/\\\/perpignan.alfmed.com\\\/en\\\/\",\"name\":\"Alfmed\",\"description\":\"EXPERTS EN LANGUES &amp; PROJETS EUROP\u00c9ENS\",\"potentialAction\":[{\"@type\":\"SearchAction\",\"target\":{\"@type\":\"EntryPoint\",\"urlTemplate\":\"https:\\\/\\\/perpignan.alfmed.com\\\/en\\\/?s={search_term_string}\"},\"query-input\":{\"@type\":\"PropertyValueSpecification\",\"valueRequired\":true,\"valueName\":\"search_term_string\"}}],\"inLanguage\":\"en-US\"},{\"@type\":\"Person\",\"@id\":\"https:\\\/\\\/perpignan.alfmed.com\\\/en\\\/#\\\/schema\\\/person\\\/6718591f6785449d8fc528d9ad3cf52d\",\"name\":\"Alfmed\",\"url\":\"https:\\\/\\\/perpignan.alfmed.com\\\/en\\\/author\\\/admalfmed\\\/\"}]}<\/script>\n<!-- \/ Yoast SEO plugin. -->","yoast_head_json":{"title":"Groupe Irlandais de TRIBE \u00e0 ALFMED Perpignan FRANCE - Alfmed","description":"Pour ALFMED sp\u00e9cialiste des programmes Erasmus, accueillir pendant 6 semaines un groupe de jeunes Irlandais de Tribe Study Abroad repr\u00e9sente beaucoup de choses","robots":{"index":"index","follow":"follow","max-snippet":"max-snippet:-1","max-image-preview":"max-image-preview:large","max-video-preview":"max-video-preview:-1"},"canonical":"https:\/\/perpignan.alfmed.com\/en\/actualites\/groupe-irlandais-de-tribe-a-alfmed-perpignan-france\/","og_locale":"en_US","og_type":"article","og_title":"Groupe Irlandais de TRIBE \u00e0 ALFMED Perpignan FRANCE - Alfmed","og_description":"Pour ALFMED sp\u00e9cialiste des programmes Erasmus, accueillir pendant 6 semaines un groupe de jeunes Irlandais de Tribe Study Abroad repr\u00e9sente beaucoup de choses","og_url":"https:\/\/perpignan.alfmed.com\/en\/actualites\/groupe-irlandais-de-tribe-a-alfmed-perpignan-france\/","og_site_name":"Alfmed","article_published_time":"2023-06-12T10:29:57+00:00","article_modified_time":"2023-06-12T10:37:28+00:00","og_image":[{"width":900,"height":1044,"url":"https:\/\/perpignan.alfmed.com\/wp-content\/uploads\/2023\/06\/WhatsApp-Image-2023-04-24-a-17.15.31-1.jpg","type":"image\/jpeg"}],"author":"Alfmed","twitter_card":"summary_large_image","schema":{"@context":"https:\/\/schema.org","@graph":[{"@type":"Article","@id":"https:\/\/perpignan.alfmed.com\/en\/actualites\/groupe-irlandais-de-tribe-a-alfmed-perpignan-france\/#article","isPartOf":{"@id":"https:\/\/perpignan.alfmed.com\/en\/actualites\/groupe-irlandais-de-tribe-a-alfmed-perpignan-france\/"},"author":{"name":"Alfmed","@id":"https:\/\/perpignan.alfmed.com\/en\/#\/schema\/person\/6718591f6785449d8fc528d9ad3cf52d"},"headline":"Groupe Irlandais de TRIBE \u00e0 ALFMED Perpignan FRANCE","datePublished":"2023-06-12T10:29:57+00:00","dateModified":"2023-06-12T10:37:28+00:00","mainEntityOfPage":{"@id":"https:\/\/perpignan.alfmed.com\/en\/actualites\/groupe-irlandais-de-tribe-a-alfmed-perpignan-france\/"},"wordCount":115,"image":{"@id":"https:\/\/perpignan.alfmed.com\/en\/actualites\/groupe-irlandais-de-tribe-a-alfmed-perpignan-france\/#primaryimage"},"thumbnailUrl":"https:\/\/perpignan.alfmed.com\/wp-content\/uploads\/2023\/06\/WhatsApp-Image-2023-04-24-a-17.15.31-1.jpg","articleSection":["Actualit\u00e9s","Fran\u00e7ais pour les \u00e9trangers"],"inLanguage":"en-US"},{"@type":"WebPage","@id":"https:\/\/perpignan.alfmed.com\/en\/actualites\/groupe-irlandais-de-tribe-a-alfmed-perpignan-france\/","url":"https:\/\/perpignan.alfmed.com\/en\/actualites\/groupe-irlandais-de-tribe-a-alfmed-perpignan-france\/","name":"Groupe Irlandais de TRIBE \u00e0 ALFMED Perpignan FRANCE - Alfmed","isPartOf":{"@id":"https:\/\/perpignan.alfmed.com\/en\/#website"},"primaryImageOfPage":{"@id":"https:\/\/perpignan.alfmed.com\/en\/actualites\/groupe-irlandais-de-tribe-a-alfmed-perpignan-france\/#primaryimage"},"image":{"@id":"https:\/\/perpignan.alfmed.com\/en\/actualites\/groupe-irlandais-de-tribe-a-alfmed-perpignan-france\/#primaryimage"},"thumbnailUrl":"https:\/\/perpignan.alfmed.com\/wp-content\/uploads\/2023\/06\/WhatsApp-Image-2023-04-24-a-17.15.31-1.jpg","datePublished":"2023-06-12T10:29:57+00:00","dateModified":"2023-06-12T10:37:28+00:00","author":{"@id":"https:\/\/perpignan.alfmed.com\/en\/#\/schema\/person\/6718591f6785449d8fc528d9ad3cf52d"},"description":"Pour ALFMED sp\u00e9cialiste des programmes Erasmus, accueillir pendant 6 semaines un groupe de jeunes Irlandais de Tribe Study Abroad repr\u00e9sente beaucoup de choses","breadcrumb":{"@id":"https:\/\/perpignan.alfmed.com\/en\/actualites\/groupe-irlandais-de-tribe-a-alfmed-perpignan-france\/#breadcrumb"},"inLanguage":"en-US","potentialAction":[{"@type":"ReadAction","target":["https:\/\/perpignan.alfmed.com\/en\/actualites\/groupe-irlandais-de-tribe-a-alfmed-perpignan-france\/"]}]},{"@type":"ImageObject","inLanguage":"en-US","@id":"https:\/\/perpignan.alfmed.com\/en\/actualites\/groupe-irlandais-de-tribe-a-alfmed-perpignan-france\/#primaryimage","url":"https:\/\/perpignan.alfmed.com\/wp-content\/uploads\/2023\/06\/WhatsApp-Image-2023-04-24-a-17.15.31-1.jpg","contentUrl":"https:\/\/perpignan.alfmed.com\/wp-content\/uploads\/2023\/06\/WhatsApp-Image-2023-04-24-a-17.15.31-1.jpg","width":900,"height":1044},{"@type":"BreadcrumbList","@id":"https:\/\/perpignan.alfmed.com\/en\/actualites\/groupe-irlandais-de-tribe-a-alfmed-perpignan-france\/#breadcrumb","itemListElement":[{"@type":"ListItem","position":1,"name":"Home","item":"https:\/\/perpignan.alfmed.com\/en\/"},{"@type":"ListItem","position":2,"name":"Groupe Irlandais de TRIBE \u00e0 ALFMED Perpignan FRANCE"}]},{"@type":"WebSite","@id":"https:\/\/perpignan.alfmed.com\/en\/#website","url":"https:\/\/perpignan.alfmed.com\/en\/","name":"Alfmed","description":"EXPERTS EN LANGUES &amp; PROJETS EUROP\u00c9ENS","potentialAction":[{"@type":"SearchAction","target":{"@type":"EntryPoint","urlTemplate":"https:\/\/perpignan.alfmed.com\/en\/?s={search_term_string}"},"query-input":{"@type":"PropertyValueSpecification","valueRequired":true,"valueName":"search_term_string"}}],"inLanguage":"en-US"},{"@type":"Person","@id":"https:\/\/perpignan.alfmed.com\/en\/#\/schema\/person\/6718591f6785449d8fc528d9ad3cf52d","name":"Alfmed","url":"https:\/\/perpignan.alfmed.com\/en\/author\/admalfmed\/"}]}},"_links":{"self":[{"href":"https:\/\/perpignan.alfmed.com\/en\/wp-json\/wp\/v2\/posts\/13499","targetHints":{"allow":["GET"]}}],"collection":[{"href":"https:\/\/perpignan.alfmed.com\/en\/wp-json\/wp\/v2\/posts"}],"about":[{"href":"https:\/\/perpignan.alfmed.com\/en\/wp-json\/wp\/v2\/types\/post"}],"author":[{"embeddable":true,"href":"https:\/\/perpignan.alfmed.com\/en\/wp-json\/wp\/v2\/users\/3"}],"replies":[{"embeddable":true,"href":"https:\/\/perpignan.alfmed.com\/en\/wp-json\/wp\/v2\/comments?post=13499"}],"version-history":[{"count":2,"href":"https:\/\/perpignan.alfmed.com\/en\/wp-json\/wp\/v2\/posts\/13499\/revisions"}],"predecessor-version":[{"id":13505,"href":"https:\/\/perpignan.alfmed.com\/en\/wp-json\/wp\/v2\/posts\/13499\/revisions\/13505"}],"wp:featuredmedia":[{"embeddable":true,"href":"https:\/\/perpignan.alfmed.com\/en\/wp-json\/wp\/v2\/media\/13506"}],"wp:attachment":[{"href":"https:\/\/perpignan.alfmed.com\/en\/wp-json\/wp\/v2\/media?parent=13499"}],"wp:term":[{"taxonomy":"category","embeddable":true,"href":"https:\/\/perpignan.alfmed.com\/en\/wp-json\/wp\/v2\/categories?post=13499"},{"taxonomy":"post_tag","embeddable":true,"href":"https:\/\/perpignan.alfmed.com\/en\/wp-json\/wp\/v2\/tags?post=13499"}],"curies":[{"name":"wp","href":"https:\/\/api.w.org\/{rel}","templated":true}]}}