{"id":13243,"date":"2023-05-15T14:09:30","date_gmt":"2023-05-15T14:09:30","guid":{"rendered":"https:\/\/perpignan.alfmed.com\/?p=13243"},"modified":"2023-05-15T14:11:19","modified_gmt":"2023-05-15T14:11:19","slug":"uniser-teacher-week","status":"publish","type":"post","link":"https:\/\/perpignan.alfmed.com\/en\/actualites\/uniser-teacher-week\/","title":{"rendered":"UNISER teacher week"},"content":{"rendered":"<p>UNISER TEACHER WEEK un \u00e9v\u00e9nement unique sur 3 jours avec<br \/>\n\u26a1 focus &#8220;Formation des formateurs et des r\u00e9f\u00e9rents #ERASMUS+ afin de favoriser la mobilit\u00e9 et l\u2019\u00e9ducation \u00e0 une \u00e9chelle EUROP\u00c9ENNE&#8221;<br \/>\n\u26a1objectif : &#8220;collective dreaming&#8221; &amp; \u00ab sustainable excellence in internationalisation \u00bb : exactement ce qui nous anime \u00e0 Alfmed Perpignan<\/p>\n<p>\ud83d\ude4c Merci Uniser et \u00e0 la Fondazione Golinelli<br \/>\n\ud83d\udce3 une quinzaine de pays repr\u00e9sent\u00e9s<br \/>\n\ud83d\udea9 l\u2019opportunit\u00e9 de revoir tous nos partenaires R\u00e9f\u00e9rents Erasmus et formateurs EFP\/VET<br \/>\n\ud83c\udfaa Workshops sur l&#8217;\u00e9ducation du futur : green, smart, bas\u00e9 sur les comp\u00e9tences internationales<br \/>\n\ud83e\udde9 Intervenants sur le #d\u00e9veloppement durable dans l&#8217;\u00e9ducation, le futur #smart des \u00e9coles VET, #inclusion<br \/>\n\ud83c\udf81 Partager des best practices &amp; id\u00e9es sur le futur de l&#8217;\u00e9ducation #successtories<\/p>\n","protected":false},"excerpt":{"rendered":"<p>UNISER TEACHER WEEK un \u00e9v\u00e9nement unique sur 3 jours avec \u26a1 focus &#8220;Formation des formateurs et des r\u00e9f\u00e9rents #ERASMUS+ afin de favoriser la mobilit\u00e9 et l\u2019\u00e9ducation \u00e0 une \u00e9chelle EUROP\u00c9ENNE&#8221; \u26a1objectif : &#8220;collective dreaming&#8221; &amp; \u00ab sustainable excellence in internationalisation \u00bb : exactement ce qui nous anime \u00e0 Alfmed Perpignan \ud83d\ude4c Merci Uniser et \u00e0 [&hellip;]<\/p>\n","protected":false},"author":3,"featured_media":13244,"comment_status":"closed","ping_status":"closed","sticky":false,"template":"","format":"standard","meta":{"_acf_changed":false,"_et_pb_use_builder":"","_et_pb_old_content":"","_et_gb_content_width":"","footnotes":""},"categories":[130,33],"tags":[],"class_list":["post-13243","post","type-post","status-publish","format-standard","has-post-thumbnail","hentry","category-actualites","category-erasmus"],"acf":[],"yoast_head":"<!-- This site is optimized with the Yoast SEO plugin v27.5 - https:\/\/yoast.com\/product\/yoast-seo-wordpress\/ -->\n<title>UNISER Teacher week \u00e0 Bologne - ALFMED<\/title>\n<meta name=\"description\" content=\"UNISER TEACHER WEEK un \u00e9v\u00e9nement unique sur 3 jours avec un focus &quot;Formation des formateurs et des r\u00e9f\u00e9rents #ERASMUS+ afin de favoriser la mobilit\u00e9 et l\u2019\u00e9ducation \u00e0 une \u00e9chelle EUROP\u00c9ENNE&quot;\" \/>\n<meta name=\"robots\" content=\"index, follow, max-snippet:-1, max-image-preview:large, max-video-preview:-1\" \/>\n<link rel=\"canonical\" href=\"https:\/\/perpignan.alfmed.com\/en\/actualites\/uniser-teacher-week\/\" \/>\n<meta property=\"og:locale\" content=\"en_US\" \/>\n<meta property=\"og:type\" content=\"article\" \/>\n<meta property=\"og:title\" content=\"UNISER Teacher week \u00e0 Bologne - ALFMED\" \/>\n<meta property=\"og:description\" content=\"UNISER TEACHER WEEK un \u00e9v\u00e9nement unique sur 3 jours avec un focus &quot;Formation des formateurs et des r\u00e9f\u00e9rents #ERASMUS+ afin de favoriser la mobilit\u00e9 et l\u2019\u00e9ducation \u00e0 une \u00e9chelle EUROP\u00c9ENNE&quot;\" \/>\n<meta property=\"og:url\" content=\"https:\/\/perpignan.alfmed.com\/en\/actualites\/uniser-teacher-week\/\" \/>\n<meta property=\"og:site_name\" content=\"Alfmed\" \/>\n<meta property=\"article:published_time\" content=\"2023-05-15T14:09:30+00:00\" \/>\n<meta property=\"article:modified_time\" content=\"2023-05-15T14:11:19+00:00\" \/>\n<meta property=\"og:image\" content=\"https:\/\/perpignan.alfmed.com\/wp-content\/uploads\/2023\/05\/WhatsApp-Image-2023-05-13-at-12.55.41-4.jpeg\" \/>\n\t<meta property=\"og:image:width\" content=\"768\" \/>\n\t<meta property=\"og:image:height\" content=\"1024\" \/>\n\t<meta property=\"og:image:type\" content=\"image\/jpeg\" \/>\n<meta name=\"author\" content=\"Alfmed\" \/>\n<meta name=\"twitter:card\" content=\"summary_large_image\" \/>\n<script type=\"application\/ld+json\" class=\"yoast-schema-graph\">{\"@context\":\"https:\\\/\\\/schema.org\",\"@graph\":[{\"@type\":\"Article\",\"@id\":\"https:\\\/\\\/perpignan.alfmed.com\\\/en\\\/actualites\\\/uniser-teacher-week\\\/#article\",\"isPartOf\":{\"@id\":\"https:\\\/\\\/perpignan.alfmed.com\\\/en\\\/actualites\\\/uniser-teacher-week\\\/\"},\"author\":{\"name\":\"Alfmed\",\"@id\":\"https:\\\/\\\/perpignan.alfmed.com\\\/en\\\/#\\\/schema\\\/person\\\/6718591f6785449d8fc528d9ad3cf52d\"},\"headline\":\"UNISER teacher week\",\"datePublished\":\"2023-05-15T14:09:30+00:00\",\"dateModified\":\"2023-05-15T14:11:19+00:00\",\"mainEntityOfPage\":{\"@id\":\"https:\\\/\\\/perpignan.alfmed.com\\\/en\\\/actualites\\\/uniser-teacher-week\\\/\"},\"wordCount\":122,\"image\":{\"@id\":\"https:\\\/\\\/perpignan.alfmed.com\\\/en\\\/actualites\\\/uniser-teacher-week\\\/#primaryimage\"},\"thumbnailUrl\":\"https:\\\/\\\/perpignan.alfmed.com\\\/wp-content\\\/uploads\\\/2023\\\/05\\\/WhatsApp-Image-2023-05-13-at-12.55.41-4.jpeg\",\"articleSection\":[\"Actualit\u00e9s\",\"Erasmus\"],\"inLanguage\":\"en-US\"},{\"@type\":\"WebPage\",\"@id\":\"https:\\\/\\\/perpignan.alfmed.com\\\/en\\\/actualites\\\/uniser-teacher-week\\\/\",\"url\":\"https:\\\/\\\/perpignan.alfmed.com\\\/en\\\/actualites\\\/uniser-teacher-week\\\/\",\"name\":\"UNISER Teacher week \u00e0 Bologne - ALFMED\",\"isPartOf\":{\"@id\":\"https:\\\/\\\/perpignan.alfmed.com\\\/en\\\/#website\"},\"primaryImageOfPage\":{\"@id\":\"https:\\\/\\\/perpignan.alfmed.com\\\/en\\\/actualites\\\/uniser-teacher-week\\\/#primaryimage\"},\"image\":{\"@id\":\"https:\\\/\\\/perpignan.alfmed.com\\\/en\\\/actualites\\\/uniser-teacher-week\\\/#primaryimage\"},\"thumbnailUrl\":\"https:\\\/\\\/perpignan.alfmed.com\\\/wp-content\\\/uploads\\\/2023\\\/05\\\/WhatsApp-Image-2023-05-13-at-12.55.41-4.jpeg\",\"datePublished\":\"2023-05-15T14:09:30+00:00\",\"dateModified\":\"2023-05-15T14:11:19+00:00\",\"author\":{\"@id\":\"https:\\\/\\\/perpignan.alfmed.com\\\/en\\\/#\\\/schema\\\/person\\\/6718591f6785449d8fc528d9ad3cf52d\"},\"description\":\"UNISER TEACHER WEEK un \u00e9v\u00e9nement unique sur 3 jours avec un focus \\\"Formation des formateurs et des r\u00e9f\u00e9rents #ERASMUS+ afin de favoriser la mobilit\u00e9 et l\u2019\u00e9ducation \u00e0 une \u00e9chelle EUROP\u00c9ENNE\\\"\",\"breadcrumb\":{\"@id\":\"https:\\\/\\\/perpignan.alfmed.com\\\/en\\\/actualites\\\/uniser-teacher-week\\\/#breadcrumb\"},\"inLanguage\":\"en-US\",\"potentialAction\":[{\"@type\":\"ReadAction\",\"target\":[\"https:\\\/\\\/perpignan.alfmed.com\\\/en\\\/actualites\\\/uniser-teacher-week\\\/\"]}]},{\"@type\":\"ImageObject\",\"inLanguage\":\"en-US\",\"@id\":\"https:\\\/\\\/perpignan.alfmed.com\\\/en\\\/actualites\\\/uniser-teacher-week\\\/#primaryimage\",\"url\":\"https:\\\/\\\/perpignan.alfmed.com\\\/wp-content\\\/uploads\\\/2023\\\/05\\\/WhatsApp-Image-2023-05-13-at-12.55.41-4.jpeg\",\"contentUrl\":\"https:\\\/\\\/perpignan.alfmed.com\\\/wp-content\\\/uploads\\\/2023\\\/05\\\/WhatsApp-Image-2023-05-13-at-12.55.41-4.jpeg\",\"width\":768,\"height\":1024},{\"@type\":\"BreadcrumbList\",\"@id\":\"https:\\\/\\\/perpignan.alfmed.com\\\/en\\\/actualites\\\/uniser-teacher-week\\\/#breadcrumb\",\"itemListElement\":[{\"@type\":\"ListItem\",\"position\":1,\"name\":\"Home\",\"item\":\"https:\\\/\\\/perpignan.alfmed.com\\\/en\\\/\"},{\"@type\":\"ListItem\",\"position\":2,\"name\":\"UNISER teacher week\"}]},{\"@type\":\"WebSite\",\"@id\":\"https:\\\/\\\/perpignan.alfmed.com\\\/en\\\/#website\",\"url\":\"https:\\\/\\\/perpignan.alfmed.com\\\/en\\\/\",\"name\":\"Alfmed\",\"description\":\"EXPERTS EN LANGUES &amp; PROJETS EUROP\u00c9ENS\",\"potentialAction\":[{\"@type\":\"SearchAction\",\"target\":{\"@type\":\"EntryPoint\",\"urlTemplate\":\"https:\\\/\\\/perpignan.alfmed.com\\\/en\\\/?s={search_term_string}\"},\"query-input\":{\"@type\":\"PropertyValueSpecification\",\"valueRequired\":true,\"valueName\":\"search_term_string\"}}],\"inLanguage\":\"en-US\"},{\"@type\":\"Person\",\"@id\":\"https:\\\/\\\/perpignan.alfmed.com\\\/en\\\/#\\\/schema\\\/person\\\/6718591f6785449d8fc528d9ad3cf52d\",\"name\":\"Alfmed\",\"url\":\"https:\\\/\\\/perpignan.alfmed.com\\\/en\\\/author\\\/admalfmed\\\/\"}]}<\/script>\n<!-- \/ Yoast SEO plugin. -->","yoast_head_json":{"title":"UNISER Teacher week \u00e0 Bologne - ALFMED","description":"UNISER TEACHER WEEK un \u00e9v\u00e9nement unique sur 3 jours avec un focus \"Formation des formateurs et des r\u00e9f\u00e9rents #ERASMUS+ afin de favoriser la mobilit\u00e9 et l\u2019\u00e9ducation \u00e0 une \u00e9chelle EUROP\u00c9ENNE\"","robots":{"index":"index","follow":"follow","max-snippet":"max-snippet:-1","max-image-preview":"max-image-preview:large","max-video-preview":"max-video-preview:-1"},"canonical":"https:\/\/perpignan.alfmed.com\/en\/actualites\/uniser-teacher-week\/","og_locale":"en_US","og_type":"article","og_title":"UNISER Teacher week \u00e0 Bologne - ALFMED","og_description":"UNISER TEACHER WEEK un \u00e9v\u00e9nement unique sur 3 jours avec un focus \"Formation des formateurs et des r\u00e9f\u00e9rents #ERASMUS+ afin de favoriser la mobilit\u00e9 et l\u2019\u00e9ducation \u00e0 une \u00e9chelle EUROP\u00c9ENNE\"","og_url":"https:\/\/perpignan.alfmed.com\/en\/actualites\/uniser-teacher-week\/","og_site_name":"Alfmed","article_published_time":"2023-05-15T14:09:30+00:00","article_modified_time":"2023-05-15T14:11:19+00:00","og_image":[{"width":768,"height":1024,"url":"https:\/\/perpignan.alfmed.com\/wp-content\/uploads\/2023\/05\/WhatsApp-Image-2023-05-13-at-12.55.41-4.jpeg","type":"image\/jpeg"}],"author":"Alfmed","twitter_card":"summary_large_image","schema":{"@context":"https:\/\/schema.org","@graph":[{"@type":"Article","@id":"https:\/\/perpignan.alfmed.com\/en\/actualites\/uniser-teacher-week\/#article","isPartOf":{"@id":"https:\/\/perpignan.alfmed.com\/en\/actualites\/uniser-teacher-week\/"},"author":{"name":"Alfmed","@id":"https:\/\/perpignan.alfmed.com\/en\/#\/schema\/person\/6718591f6785449d8fc528d9ad3cf52d"},"headline":"UNISER teacher week","datePublished":"2023-05-15T14:09:30+00:00","dateModified":"2023-05-15T14:11:19+00:00","mainEntityOfPage":{"@id":"https:\/\/perpignan.alfmed.com\/en\/actualites\/uniser-teacher-week\/"},"wordCount":122,"image":{"@id":"https:\/\/perpignan.alfmed.com\/en\/actualites\/uniser-teacher-week\/#primaryimage"},"thumbnailUrl":"https:\/\/perpignan.alfmed.com\/wp-content\/uploads\/2023\/05\/WhatsApp-Image-2023-05-13-at-12.55.41-4.jpeg","articleSection":["Actualit\u00e9s","Erasmus"],"inLanguage":"en-US"},{"@type":"WebPage","@id":"https:\/\/perpignan.alfmed.com\/en\/actualites\/uniser-teacher-week\/","url":"https:\/\/perpignan.alfmed.com\/en\/actualites\/uniser-teacher-week\/","name":"UNISER Teacher week \u00e0 Bologne - ALFMED","isPartOf":{"@id":"https:\/\/perpignan.alfmed.com\/en\/#website"},"primaryImageOfPage":{"@id":"https:\/\/perpignan.alfmed.com\/en\/actualites\/uniser-teacher-week\/#primaryimage"},"image":{"@id":"https:\/\/perpignan.alfmed.com\/en\/actualites\/uniser-teacher-week\/#primaryimage"},"thumbnailUrl":"https:\/\/perpignan.alfmed.com\/wp-content\/uploads\/2023\/05\/WhatsApp-Image-2023-05-13-at-12.55.41-4.jpeg","datePublished":"2023-05-15T14:09:30+00:00","dateModified":"2023-05-15T14:11:19+00:00","author":{"@id":"https:\/\/perpignan.alfmed.com\/en\/#\/schema\/person\/6718591f6785449d8fc528d9ad3cf52d"},"description":"UNISER TEACHER WEEK un \u00e9v\u00e9nement unique sur 3 jours avec un focus \"Formation des formateurs et des r\u00e9f\u00e9rents #ERASMUS+ afin de favoriser la mobilit\u00e9 et l\u2019\u00e9ducation \u00e0 une \u00e9chelle EUROP\u00c9ENNE\"","breadcrumb":{"@id":"https:\/\/perpignan.alfmed.com\/en\/actualites\/uniser-teacher-week\/#breadcrumb"},"inLanguage":"en-US","potentialAction":[{"@type":"ReadAction","target":["https:\/\/perpignan.alfmed.com\/en\/actualites\/uniser-teacher-week\/"]}]},{"@type":"ImageObject","inLanguage":"en-US","@id":"https:\/\/perpignan.alfmed.com\/en\/actualites\/uniser-teacher-week\/#primaryimage","url":"https:\/\/perpignan.alfmed.com\/wp-content\/uploads\/2023\/05\/WhatsApp-Image-2023-05-13-at-12.55.41-4.jpeg","contentUrl":"https:\/\/perpignan.alfmed.com\/wp-content\/uploads\/2023\/05\/WhatsApp-Image-2023-05-13-at-12.55.41-4.jpeg","width":768,"height":1024},{"@type":"BreadcrumbList","@id":"https:\/\/perpignan.alfmed.com\/en\/actualites\/uniser-teacher-week\/#breadcrumb","itemListElement":[{"@type":"ListItem","position":1,"name":"Home","item":"https:\/\/perpignan.alfmed.com\/en\/"},{"@type":"ListItem","position":2,"name":"UNISER teacher week"}]},{"@type":"WebSite","@id":"https:\/\/perpignan.alfmed.com\/en\/#website","url":"https:\/\/perpignan.alfmed.com\/en\/","name":"Alfmed","description":"EXPERTS EN LANGUES &amp; PROJETS EUROP\u00c9ENS","potentialAction":[{"@type":"SearchAction","target":{"@type":"EntryPoint","urlTemplate":"https:\/\/perpignan.alfmed.com\/en\/?s={search_term_string}"},"query-input":{"@type":"PropertyValueSpecification","valueRequired":true,"valueName":"search_term_string"}}],"inLanguage":"en-US"},{"@type":"Person","@id":"https:\/\/perpignan.alfmed.com\/en\/#\/schema\/person\/6718591f6785449d8fc528d9ad3cf52d","name":"Alfmed","url":"https:\/\/perpignan.alfmed.com\/en\/author\/admalfmed\/"}]}},"_links":{"self":[{"href":"https:\/\/perpignan.alfmed.com\/en\/wp-json\/wp\/v2\/posts\/13243","targetHints":{"allow":["GET"]}}],"collection":[{"href":"https:\/\/perpignan.alfmed.com\/en\/wp-json\/wp\/v2\/posts"}],"about":[{"href":"https:\/\/perpignan.alfmed.com\/en\/wp-json\/wp\/v2\/types\/post"}],"author":[{"embeddable":true,"href":"https:\/\/perpignan.alfmed.com\/en\/wp-json\/wp\/v2\/users\/3"}],"replies":[{"embeddable":true,"href":"https:\/\/perpignan.alfmed.com\/en\/wp-json\/wp\/v2\/comments?post=13243"}],"version-history":[{"count":1,"href":"https:\/\/perpignan.alfmed.com\/en\/wp-json\/wp\/v2\/posts\/13243\/revisions"}],"predecessor-version":[{"id":13248,"href":"https:\/\/perpignan.alfmed.com\/en\/wp-json\/wp\/v2\/posts\/13243\/revisions\/13248"}],"wp:featuredmedia":[{"embeddable":true,"href":"https:\/\/perpignan.alfmed.com\/en\/wp-json\/wp\/v2\/media\/13244"}],"wp:attachment":[{"href":"https:\/\/perpignan.alfmed.com\/en\/wp-json\/wp\/v2\/media?parent=13243"}],"wp:term":[{"taxonomy":"category","embeddable":true,"href":"https:\/\/perpignan.alfmed.com\/en\/wp-json\/wp\/v2\/categories?post=13243"},{"taxonomy":"post_tag","embeddable":true,"href":"https:\/\/perpignan.alfmed.com\/en\/wp-json\/wp\/v2\/tags?post=13243"}],"curies":[{"name":"wp","href":"https:\/\/api.w.org\/{rel}","templated":true}]}}