{"id":12022,"date":"2023-01-31T14:00:02","date_gmt":"2023-01-31T14:00:02","guid":{"rendered":"https:\/\/perpignan.alfmed.com\/?p=12022"},"modified":"2023-01-31T14:19:48","modified_gmt":"2023-01-31T14:19:48","slug":"semaine-du-roussillon-mag-formation-2023","status":"publish","type":"post","link":"https:\/\/perpignan.alfmed.com\/en\/actualites\/semaine-du-roussillon-mag-formation-2023\/","title":{"rendered":"Semaine du Roussillon &#8211; Mag Formation 2023"},"content":{"rendered":"<p><a href=\"https:\/\/www.lasemaineduroussillon.com\/wp-content\/uploads\/2023\/01\/MAGFORMATIONS-2023.pdf\">Retrouvez l&#8217;int\u00e9gralit\u00e9 du Mag de la Formation \u00c9dition 2023 ici<\/a><\/p>\n<p><strong>Le centre de langues incontournable pour tous<\/strong><br \/>\nEcole de langues sp\u00e9cialis\u00e9e dans l\u2019enseignement du Fran\u00e7ais et des langues \u00e9trang\u00e8res, ALFMED propose pas moins de 9 formations \u00e0 l\u2019anglais, l\u2019espagnol, l&#8217;allemand, l\u2019italien, le russe, le chinois, le catalan, le n\u00e9erlandais et le fran\u00e7ais langue \u00e9trang\u00e8re (comp\u00e9tences orales, \u00e9crites et alphab\u00e9tisation). Les formations sont ouvertes \u00e0 tous, de l\u2019\u00e9tudiant au dirigeant et salari\u00e9 en passant par le particulier. Les professions lib\u00e9rales et demandeurs d\u2019emploi sont \u00e9galement les bienvenus. Les formations, accessibles en formation continue et formations scolaires (6-18 ans), sont \u00e9ligibles aux CPF (Compte Personnel de Formation), sauf le catalan. Le centre forme chaque ann\u00e9e pr\u00e8s de 450 personnes et est habilit\u00e9 \u00e0 d\u00e9livrer des certifications linguistiques. Il est centre d\u2019examens TOEIC, Bright Cambridge et TCF et centre de pr\u00e9paration TOEFL. ALFMED a obtenu le label qualit\u00e9 Qualiopi en 2020, qui permet le financement 100 % du CPF et plans de formation. Depuis 2010, ALFMED propose des s\u00e9jours linguistiques en partenariat avec ces \u00e9coles. Irlande, USA et Espagne sont autant de destinations possibles.<\/p>\n<p><strong>ALFMED \u00ab goes Irish \u00bb en 2023<\/strong><br \/>\nEn 2023, l\u2019\u00e9cole s\u2019inscrit dans une th\u00e9matique irlandaise. \u00ab A la demande des clients et des partenaires ERASMUS, nous renfor\u00e7ons notre accueil et nos \u00e9changes avec nos amis irlandais \u00bb, explique Florence Delseny-Sobra, directrice d\u2019ALMED. \u00ab Nous accueillons par exemple 7 jeunes venus de Dublin pour un stage immersif au sein du lyc\u00e9e Jean Lur\u00e7at. Nous proposons aussi de nouveaux stages pour les \u00e9l\u00e8ves des coll\u00e8ges et lyc\u00e9es, comme le programme &#8220;English Inside Out&#8221; pendant les vacances scolaires, permettant aux Fran\u00e7ais de se familiariser avec la langue, toujours sur le th\u00e8me de l\u2019Irlande. \u00bb Les adultes irlandais souhaitant apprendre ou perfectionner leur fran\u00e7ais sont aussi au c\u0153ur du programme d\u2019accueil. \u00ab Plusieurs de nos clients ont opt\u00e9 pour une vie s\u00e9dentaire dans les P.O. ou en t\u00e9l\u00e9travail. Nous les accompagnons dans leur \u00e9tude et pratique de la langue de Moli\u00e8re \u00bb.<\/p>\n<p><strong>Collaborations avec les coll\u00e8ges et lyc\u00e9es<\/strong><br \/>\nALFMED tisse des partenariats avec plusieurs \u00e9tablissements du d\u00e9partement. Avec le Lyc\u00e9e Bon Secours, l\u2019accueil s&#8217;organise autour d\u2019\u00e9tudiantes italiennes de V\u00e9n\u00e9tie ou pour des professeurs danois venus en observation. A Jean Lur\u00e7at, 7 Irlandais sont int\u00e9gr\u00e9s dans une classe de 2nd. \u00ab On a aussi d\u00e9velopp\u00e9 depuis 8 ans une collaboration avec l&#8217;Institution Jeanne D\u2019arc pour pr\u00e9parer et faire passer le dipl\u00f4me Cambridge dans les classes primaires et coll\u00e8ges \u00bb, souligne la directrice. Au lyc\u00e9e Picasso comme \u00e0 Lur\u00e7at, des stages ERASMUS sont organis\u00e9s \u00e0 Malte, S\u00e9ville et Vicenza pour les \u00e9l\u00e8ves de la section formation pro. Les \u00e9coles bilingues du Jardin enchant\u00e9 et de Louis Legrand travaillent \u00e9galement de pair avec ALFMED pour accueillir des stagiaires ERASMUS anglophones.<\/p>\n<p><strong>Faits marquants 2022<\/strong><br \/>\n\u00ab Nous avons eu de plus en plus de programmes de formation au TOEIC. Beaucoup d\u2019\u00e9tudiants de l\u2019enseignement sup\u00e9rieur ont l\u2019obligation de valider leurs dipl\u00f4mes pour obtenir le niveau B2 en anglais avec la certification TOEIC \u00bb. Autre point notable : le d\u00e9veloppement croissant des formations financ\u00e9es par le CPF. \u00ab Ce dispositif est accessible \u00e0 tous et pour toutes les langues (sauf le catalan). Face aux arnaques courantes via ce syst\u00e8me, nous sommes encore plus rigoureux sur la qualit\u00e9 de nos services. Il est essentiel d\u2019accompagner nos clients et de proposer des formations dispens\u00e9es par des professionnels \u00bb. Enfin, l\u2019acad\u00e9mie a proc\u00e9d\u00e9 \u00e0 la r\u00e9novation compl\u00e8te de son magnifique h\u00f4tel particulier, situ\u00e9 sur l\u2019avenue de la gare \u00e0 Perpignan.<\/p>\n","protected":false},"excerpt":{"rendered":"<p>Retrouvez l&#8217;int\u00e9gralit\u00e9 du Mag de la Formation \u00c9dition 2023 ici Le centre de langues incontournable pour tous Ecole de langues sp\u00e9cialis\u00e9e dans l\u2019enseignement du Fran\u00e7ais et des langues \u00e9trang\u00e8res, ALFMED propose pas moins de 9 formations \u00e0 l\u2019anglais, l\u2019espagnol, l&#8217;allemand, l\u2019italien, le russe, le chinois, le catalan, le n\u00e9erlandais et le fran\u00e7ais langue \u00e9trang\u00e8re (comp\u00e9tences [&hellip;]<\/p>\n","protected":false},"author":3,"featured_media":12023,"comment_status":"closed","ping_status":"closed","sticky":false,"template":"","format":"standard","meta":{"_acf_changed":false,"_et_pb_use_builder":"","_et_pb_old_content":"","_et_gb_content_width":"","footnotes":""},"categories":[130,34],"tags":[],"class_list":["post-12022","post","type-post","status-publish","format-standard","has-post-thumbnail","hentry","category-actualites","category-presse-et-media"],"acf":[],"yoast_head":"<!-- This site is optimized with the Yoast SEO plugin v27.5 - https:\/\/yoast.com\/product\/yoast-seo-wordpress\/ -->\n<title>Mag de la Formation | ALFMED Perpignan<\/title>\n<meta name=\"description\" content=\"Le centre de langues incontournable pour tousEcole de langues sp\u00e9cialis\u00e9e dans l\u2019enseignement du Fran\u00e7ais et des langues \u00e9trang\u00e8res, ALFMED propose pas moins de 9 formations\" \/>\n<meta name=\"robots\" content=\"index, follow, max-snippet:-1, max-image-preview:large, max-video-preview:-1\" \/>\n<link rel=\"canonical\" href=\"https:\/\/perpignan.alfmed.com\/en\/actualites\/semaine-du-roussillon-mag-formation-2023\/\" \/>\n<meta property=\"og:locale\" content=\"en_US\" \/>\n<meta property=\"og:type\" content=\"article\" \/>\n<meta property=\"og:title\" content=\"Mag de la Formation | ALFMED Perpignan\" \/>\n<meta property=\"og:description\" content=\"Le centre de langues incontournable pour tousEcole de langues sp\u00e9cialis\u00e9e dans l\u2019enseignement du Fran\u00e7ais et des langues \u00e9trang\u00e8res, ALFMED propose pas moins de 9 formations\" \/>\n<meta property=\"og:url\" content=\"https:\/\/perpignan.alfmed.com\/en\/actualites\/semaine-du-roussillon-mag-formation-2023\/\" \/>\n<meta property=\"og:site_name\" content=\"Alfmed\" \/>\n<meta property=\"article:published_time\" content=\"2023-01-31T14:00:02+00:00\" \/>\n<meta property=\"article:modified_time\" content=\"2023-01-31T14:19:48+00:00\" \/>\n<meta property=\"og:image\" content=\"https:\/\/perpignan.alfmed.com\/wp-content\/uploads\/2023\/01\/MAGFORMATIONS-2023-23_page-0001.jpg\" \/>\n\t<meta property=\"og:image:width\" content=\"1241\" \/>\n\t<meta property=\"og:image:height\" content=\"1754\" \/>\n\t<meta property=\"og:image:type\" content=\"image\/jpeg\" \/>\n<meta name=\"author\" content=\"Alfmed\" \/>\n<meta name=\"twitter:card\" content=\"summary_large_image\" \/>\n<script type=\"application\/ld+json\" class=\"yoast-schema-graph\">{\"@context\":\"https:\\\/\\\/schema.org\",\"@graph\":[{\"@type\":\"Article\",\"@id\":\"https:\\\/\\\/perpignan.alfmed.com\\\/en\\\/actualites\\\/semaine-du-roussillon-mag-formation-2023\\\/#article\",\"isPartOf\":{\"@id\":\"https:\\\/\\\/perpignan.alfmed.com\\\/en\\\/actualites\\\/semaine-du-roussillon-mag-formation-2023\\\/\"},\"author\":{\"name\":\"Alfmed\",\"@id\":\"https:\\\/\\\/perpignan.alfmed.com\\\/en\\\/#\\\/schema\\\/person\\\/6718591f6785449d8fc528d9ad3cf52d\"},\"headline\":\"Semaine du Roussillon &#8211; Mag Formation 2023\",\"datePublished\":\"2023-01-31T14:00:02+00:00\",\"dateModified\":\"2023-01-31T14:19:48+00:00\",\"mainEntityOfPage\":{\"@id\":\"https:\\\/\\\/perpignan.alfmed.com\\\/en\\\/actualites\\\/semaine-du-roussillon-mag-formation-2023\\\/\"},\"wordCount\":633,\"image\":{\"@id\":\"https:\\\/\\\/perpignan.alfmed.com\\\/en\\\/actualites\\\/semaine-du-roussillon-mag-formation-2023\\\/#primaryimage\"},\"thumbnailUrl\":\"https:\\\/\\\/perpignan.alfmed.com\\\/wp-content\\\/uploads\\\/2023\\\/01\\\/MAGFORMATIONS-2023-23_page-0001.jpg\",\"articleSection\":[\"Actualit\u00e9s\",\"Presse et M\u00e9dia\"],\"inLanguage\":\"en-US\"},{\"@type\":\"WebPage\",\"@id\":\"https:\\\/\\\/perpignan.alfmed.com\\\/en\\\/actualites\\\/semaine-du-roussillon-mag-formation-2023\\\/\",\"url\":\"https:\\\/\\\/perpignan.alfmed.com\\\/en\\\/actualites\\\/semaine-du-roussillon-mag-formation-2023\\\/\",\"name\":\"Mag de la Formation | ALFMED Perpignan\",\"isPartOf\":{\"@id\":\"https:\\\/\\\/perpignan.alfmed.com\\\/en\\\/#website\"},\"primaryImageOfPage\":{\"@id\":\"https:\\\/\\\/perpignan.alfmed.com\\\/en\\\/actualites\\\/semaine-du-roussillon-mag-formation-2023\\\/#primaryimage\"},\"image\":{\"@id\":\"https:\\\/\\\/perpignan.alfmed.com\\\/en\\\/actualites\\\/semaine-du-roussillon-mag-formation-2023\\\/#primaryimage\"},\"thumbnailUrl\":\"https:\\\/\\\/perpignan.alfmed.com\\\/wp-content\\\/uploads\\\/2023\\\/01\\\/MAGFORMATIONS-2023-23_page-0001.jpg\",\"datePublished\":\"2023-01-31T14:00:02+00:00\",\"dateModified\":\"2023-01-31T14:19:48+00:00\",\"author\":{\"@id\":\"https:\\\/\\\/perpignan.alfmed.com\\\/en\\\/#\\\/schema\\\/person\\\/6718591f6785449d8fc528d9ad3cf52d\"},\"description\":\"Le centre de langues incontournable pour tousEcole de langues sp\u00e9cialis\u00e9e dans l\u2019enseignement du Fran\u00e7ais et des langues \u00e9trang\u00e8res, ALFMED propose pas moins de 9 formations\",\"breadcrumb\":{\"@id\":\"https:\\\/\\\/perpignan.alfmed.com\\\/en\\\/actualites\\\/semaine-du-roussillon-mag-formation-2023\\\/#breadcrumb\"},\"inLanguage\":\"en-US\",\"potentialAction\":[{\"@type\":\"ReadAction\",\"target\":[\"https:\\\/\\\/perpignan.alfmed.com\\\/en\\\/actualites\\\/semaine-du-roussillon-mag-formation-2023\\\/\"]}]},{\"@type\":\"ImageObject\",\"inLanguage\":\"en-US\",\"@id\":\"https:\\\/\\\/perpignan.alfmed.com\\\/en\\\/actualites\\\/semaine-du-roussillon-mag-formation-2023\\\/#primaryimage\",\"url\":\"https:\\\/\\\/perpignan.alfmed.com\\\/wp-content\\\/uploads\\\/2023\\\/01\\\/MAGFORMATIONS-2023-23_page-0001.jpg\",\"contentUrl\":\"https:\\\/\\\/perpignan.alfmed.com\\\/wp-content\\\/uploads\\\/2023\\\/01\\\/MAGFORMATIONS-2023-23_page-0001.jpg\",\"width\":1241,\"height\":1754},{\"@type\":\"BreadcrumbList\",\"@id\":\"https:\\\/\\\/perpignan.alfmed.com\\\/en\\\/actualites\\\/semaine-du-roussillon-mag-formation-2023\\\/#breadcrumb\",\"itemListElement\":[{\"@type\":\"ListItem\",\"position\":1,\"name\":\"Home\",\"item\":\"https:\\\/\\\/perpignan.alfmed.com\\\/en\\\/\"},{\"@type\":\"ListItem\",\"position\":2,\"name\":\"Semaine du Roussillon &#8211; Mag Formation 2023\"}]},{\"@type\":\"WebSite\",\"@id\":\"https:\\\/\\\/perpignan.alfmed.com\\\/en\\\/#website\",\"url\":\"https:\\\/\\\/perpignan.alfmed.com\\\/en\\\/\",\"name\":\"Alfmed\",\"description\":\"EXPERTS EN LANGUES &amp; PROJETS EUROP\u00c9ENS\",\"potentialAction\":[{\"@type\":\"SearchAction\",\"target\":{\"@type\":\"EntryPoint\",\"urlTemplate\":\"https:\\\/\\\/perpignan.alfmed.com\\\/en\\\/?s={search_term_string}\"},\"query-input\":{\"@type\":\"PropertyValueSpecification\",\"valueRequired\":true,\"valueName\":\"search_term_string\"}}],\"inLanguage\":\"en-US\"},{\"@type\":\"Person\",\"@id\":\"https:\\\/\\\/perpignan.alfmed.com\\\/en\\\/#\\\/schema\\\/person\\\/6718591f6785449d8fc528d9ad3cf52d\",\"name\":\"Alfmed\",\"url\":\"https:\\\/\\\/perpignan.alfmed.com\\\/en\\\/author\\\/admalfmed\\\/\"}]}<\/script>\n<!-- \/ Yoast SEO plugin. -->","yoast_head_json":{"title":"Mag de la Formation | ALFMED Perpignan","description":"Le centre de langues incontournable pour tousEcole de langues sp\u00e9cialis\u00e9e dans l\u2019enseignement du Fran\u00e7ais et des langues \u00e9trang\u00e8res, ALFMED propose pas moins de 9 formations","robots":{"index":"index","follow":"follow","max-snippet":"max-snippet:-1","max-image-preview":"max-image-preview:large","max-video-preview":"max-video-preview:-1"},"canonical":"https:\/\/perpignan.alfmed.com\/en\/actualites\/semaine-du-roussillon-mag-formation-2023\/","og_locale":"en_US","og_type":"article","og_title":"Mag de la Formation | ALFMED Perpignan","og_description":"Le centre de langues incontournable pour tousEcole de langues sp\u00e9cialis\u00e9e dans l\u2019enseignement du Fran\u00e7ais et des langues \u00e9trang\u00e8res, ALFMED propose pas moins de 9 formations","og_url":"https:\/\/perpignan.alfmed.com\/en\/actualites\/semaine-du-roussillon-mag-formation-2023\/","og_site_name":"Alfmed","article_published_time":"2023-01-31T14:00:02+00:00","article_modified_time":"2023-01-31T14:19:48+00:00","og_image":[{"width":1241,"height":1754,"url":"https:\/\/perpignan.alfmed.com\/wp-content\/uploads\/2023\/01\/MAGFORMATIONS-2023-23_page-0001.jpg","type":"image\/jpeg"}],"author":"Alfmed","twitter_card":"summary_large_image","schema":{"@context":"https:\/\/schema.org","@graph":[{"@type":"Article","@id":"https:\/\/perpignan.alfmed.com\/en\/actualites\/semaine-du-roussillon-mag-formation-2023\/#article","isPartOf":{"@id":"https:\/\/perpignan.alfmed.com\/en\/actualites\/semaine-du-roussillon-mag-formation-2023\/"},"author":{"name":"Alfmed","@id":"https:\/\/perpignan.alfmed.com\/en\/#\/schema\/person\/6718591f6785449d8fc528d9ad3cf52d"},"headline":"Semaine du Roussillon &#8211; Mag Formation 2023","datePublished":"2023-01-31T14:00:02+00:00","dateModified":"2023-01-31T14:19:48+00:00","mainEntityOfPage":{"@id":"https:\/\/perpignan.alfmed.com\/en\/actualites\/semaine-du-roussillon-mag-formation-2023\/"},"wordCount":633,"image":{"@id":"https:\/\/perpignan.alfmed.com\/en\/actualites\/semaine-du-roussillon-mag-formation-2023\/#primaryimage"},"thumbnailUrl":"https:\/\/perpignan.alfmed.com\/wp-content\/uploads\/2023\/01\/MAGFORMATIONS-2023-23_page-0001.jpg","articleSection":["Actualit\u00e9s","Presse et M\u00e9dia"],"inLanguage":"en-US"},{"@type":"WebPage","@id":"https:\/\/perpignan.alfmed.com\/en\/actualites\/semaine-du-roussillon-mag-formation-2023\/","url":"https:\/\/perpignan.alfmed.com\/en\/actualites\/semaine-du-roussillon-mag-formation-2023\/","name":"Mag de la Formation | ALFMED Perpignan","isPartOf":{"@id":"https:\/\/perpignan.alfmed.com\/en\/#website"},"primaryImageOfPage":{"@id":"https:\/\/perpignan.alfmed.com\/en\/actualites\/semaine-du-roussillon-mag-formation-2023\/#primaryimage"},"image":{"@id":"https:\/\/perpignan.alfmed.com\/en\/actualites\/semaine-du-roussillon-mag-formation-2023\/#primaryimage"},"thumbnailUrl":"https:\/\/perpignan.alfmed.com\/wp-content\/uploads\/2023\/01\/MAGFORMATIONS-2023-23_page-0001.jpg","datePublished":"2023-01-31T14:00:02+00:00","dateModified":"2023-01-31T14:19:48+00:00","author":{"@id":"https:\/\/perpignan.alfmed.com\/en\/#\/schema\/person\/6718591f6785449d8fc528d9ad3cf52d"},"description":"Le centre de langues incontournable pour tousEcole de langues sp\u00e9cialis\u00e9e dans l\u2019enseignement du Fran\u00e7ais et des langues \u00e9trang\u00e8res, ALFMED propose pas moins de 9 formations","breadcrumb":{"@id":"https:\/\/perpignan.alfmed.com\/en\/actualites\/semaine-du-roussillon-mag-formation-2023\/#breadcrumb"},"inLanguage":"en-US","potentialAction":[{"@type":"ReadAction","target":["https:\/\/perpignan.alfmed.com\/en\/actualites\/semaine-du-roussillon-mag-formation-2023\/"]}]},{"@type":"ImageObject","inLanguage":"en-US","@id":"https:\/\/perpignan.alfmed.com\/en\/actualites\/semaine-du-roussillon-mag-formation-2023\/#primaryimage","url":"https:\/\/perpignan.alfmed.com\/wp-content\/uploads\/2023\/01\/MAGFORMATIONS-2023-23_page-0001.jpg","contentUrl":"https:\/\/perpignan.alfmed.com\/wp-content\/uploads\/2023\/01\/MAGFORMATIONS-2023-23_page-0001.jpg","width":1241,"height":1754},{"@type":"BreadcrumbList","@id":"https:\/\/perpignan.alfmed.com\/en\/actualites\/semaine-du-roussillon-mag-formation-2023\/#breadcrumb","itemListElement":[{"@type":"ListItem","position":1,"name":"Home","item":"https:\/\/perpignan.alfmed.com\/en\/"},{"@type":"ListItem","position":2,"name":"Semaine du Roussillon &#8211; Mag Formation 2023"}]},{"@type":"WebSite","@id":"https:\/\/perpignan.alfmed.com\/en\/#website","url":"https:\/\/perpignan.alfmed.com\/en\/","name":"Alfmed","description":"EXPERTS EN LANGUES &amp; PROJETS EUROP\u00c9ENS","potentialAction":[{"@type":"SearchAction","target":{"@type":"EntryPoint","urlTemplate":"https:\/\/perpignan.alfmed.com\/en\/?s={search_term_string}"},"query-input":{"@type":"PropertyValueSpecification","valueRequired":true,"valueName":"search_term_string"}}],"inLanguage":"en-US"},{"@type":"Person","@id":"https:\/\/perpignan.alfmed.com\/en\/#\/schema\/person\/6718591f6785449d8fc528d9ad3cf52d","name":"Alfmed","url":"https:\/\/perpignan.alfmed.com\/en\/author\/admalfmed\/"}]}},"_links":{"self":[{"href":"https:\/\/perpignan.alfmed.com\/en\/wp-json\/wp\/v2\/posts\/12022","targetHints":{"allow":["GET"]}}],"collection":[{"href":"https:\/\/perpignan.alfmed.com\/en\/wp-json\/wp\/v2\/posts"}],"about":[{"href":"https:\/\/perpignan.alfmed.com\/en\/wp-json\/wp\/v2\/types\/post"}],"author":[{"embeddable":true,"href":"https:\/\/perpignan.alfmed.com\/en\/wp-json\/wp\/v2\/users\/3"}],"replies":[{"embeddable":true,"href":"https:\/\/perpignan.alfmed.com\/en\/wp-json\/wp\/v2\/comments?post=12022"}],"version-history":[{"count":1,"href":"https:\/\/perpignan.alfmed.com\/en\/wp-json\/wp\/v2\/posts\/12022\/revisions"}],"predecessor-version":[{"id":12027,"href":"https:\/\/perpignan.alfmed.com\/en\/wp-json\/wp\/v2\/posts\/12022\/revisions\/12027"}],"wp:featuredmedia":[{"embeddable":true,"href":"https:\/\/perpignan.alfmed.com\/en\/wp-json\/wp\/v2\/media\/12023"}],"wp:attachment":[{"href":"https:\/\/perpignan.alfmed.com\/en\/wp-json\/wp\/v2\/media?parent=12022"}],"wp:term":[{"taxonomy":"category","embeddable":true,"href":"https:\/\/perpignan.alfmed.com\/en\/wp-json\/wp\/v2\/categories?post=12022"},{"taxonomy":"post_tag","embeddable":true,"href":"https:\/\/perpignan.alfmed.com\/en\/wp-json\/wp\/v2\/tags?post=12022"}],"curies":[{"name":"wp","href":"https:\/\/api.w.org\/{rel}","templated":true}]}}