{"id":11361,"date":"2023-01-23T13:21:42","date_gmt":"2023-01-23T13:21:42","guid":{"rendered":"https:\/\/perpignan.alfmed.com\/?p=11361"},"modified":"2023-01-23T14:30:29","modified_gmt":"2023-01-23T14:30:29","slug":"nouveau-semestre-de-francais","status":"publish","type":"post","link":"https:\/\/perpignan.alfmed.com\/en\/actualites\/nouveau-semestre-de-francais\/","title":{"rendered":"Nouveau semestre de Fran\u00e7ais"},"content":{"rendered":"<p>Depuis le d\u00e9but du mois de janvier 2023, un nouveau <a href=\"https:\/\/perpignan.alfmed.com\/francais-pour-les-etrangers\/semestre-de-francais\/semestres-de-francais\/\">semestre de Fran\u00e7ais Langue \u00c9trang\u00e8re<\/a> a d\u00e9but\u00e9 avec des \u00e9l\u00e8ves du <strong>monde entier<\/strong> : Cuba, Bolivie, Espagne, Irlande, P\u00e9rou, Arm\u00e9nie&#8230; avec notre<strong> professeur natif et dipl\u00f4m\u00e9<\/strong> Fr\u00e9d\u00e9ric.<br \/>\nLes cours (du lundi au vendredi de 9h \u00e0 12h pendant 4 semaines) comprennent des le\u00e7ons de grammaire, de vocabulaire et de prononciation. Pendant ce semestre, diff\u00e9rentes activit\u00e9s sont propos\u00e9es de fa\u00e7on\u00a0<strong>ludique et interactive<\/strong> au sein de nos petits groupes afin de donner \u00e0 chacun l\u2019opportunit\u00e9 de pratique le Fran\u00e7ais et de d\u00e9couvrir la culture fran\u00e7aise.<br \/>\n4\u00a0<strong>sorties culturelles<\/strong> dans la ville de Perpignan et aux alentours sont pr\u00e9vues durant ces 4 semaines intensives.<br \/>\nLe semestre de fran\u00e7ais est une excellente opportunit\u00e9 pour les \u00e9tudiants de d\u00e9velopper leurs comp\u00e9tences en communication en fran\u00e7ais tout en apprenant sur la culture fran\u00e7aise.<br \/>\n<a href=\"https:\/\/perpignan.alfmed.com\/\">ALFMED<\/a> est fier de pr\u00e9parer ses \u00e9l\u00e8ves \u00e0 leur avenir professionnel et personnel en France !<\/p>\n<p>&nbsp;<\/p>\n","protected":false},"excerpt":{"rendered":"<p>Depuis le d\u00e9but du mois de janvier 2023, un nouveau semestre de Fran\u00e7ais Langue \u00c9trang\u00e8re a d\u00e9but\u00e9 avec des \u00e9l\u00e8ves du monde entier : Cuba, Bolivie, Espagne, Irlande, P\u00e9rou, Arm\u00e9nie&#8230; avec notre professeur natif et dipl\u00f4m\u00e9 Fr\u00e9d\u00e9ric. Les cours (du lundi au vendredi de 9h \u00e0 12h pendant 4 semaines) comprennent des le\u00e7ons de grammaire, [&hellip;]<\/p>\n","protected":false},"author":3,"featured_media":11362,"comment_status":"closed","ping_status":"closed","sticky":false,"template":"","format":"standard","meta":{"_acf_changed":false,"_et_pb_use_builder":"","_et_pb_old_content":"","_et_gb_content_width":"","footnotes":""},"categories":[130,36],"tags":[],"class_list":["post-11361","post","type-post","status-publish","format-standard","has-post-thumbnail","hentry","category-actualites","category-francais-pour-les-etrangers"],"acf":[],"yoast_head":"<!-- This site is optimized with the Yoast SEO plugin v27.5 - https:\/\/yoast.com\/product\/yoast-seo-wordpress\/ -->\n<title>Semestre de fran\u00e7ais langue \u00e9trang\u00e8re \u00e0 ALFMED Peprignan<\/title>\n<meta name=\"description\" content=\"Depuis le d\u00e9but du mois de janvier 2023, un nouveau semestre de Fran\u00e7ais Langue \u00c9trang\u00e8re a d\u00e9but\u00e9 avec des \u00e9l\u00e8ves du monde entier !\" \/>\n<meta name=\"robots\" content=\"index, follow, max-snippet:-1, max-image-preview:large, max-video-preview:-1\" \/>\n<link rel=\"canonical\" href=\"https:\/\/perpignan.alfmed.com\/en\/actualites\/nouveau-semestre-de-francais\/\" \/>\n<meta property=\"og:locale\" content=\"en_US\" \/>\n<meta property=\"og:type\" content=\"article\" \/>\n<meta property=\"og:title\" content=\"Semestre de fran\u00e7ais langue \u00e9trang\u00e8re \u00e0 ALFMED Peprignan\" \/>\n<meta property=\"og:description\" content=\"Depuis le d\u00e9but du mois de janvier 2023, un nouveau semestre de Fran\u00e7ais Langue \u00c9trang\u00e8re a d\u00e9but\u00e9 avec des \u00e9l\u00e8ves du monde entier !\" \/>\n<meta property=\"og:url\" content=\"https:\/\/perpignan.alfmed.com\/en\/actualites\/nouveau-semestre-de-francais\/\" \/>\n<meta property=\"og:site_name\" content=\"Alfmed\" \/>\n<meta property=\"article:published_time\" content=\"2023-01-23T13:21:42+00:00\" \/>\n<meta property=\"article:modified_time\" content=\"2023-01-23T14:30:29+00:00\" \/>\n<meta property=\"og:image\" content=\"https:\/\/perpignan.alfmed.com\/wp-content\/uploads\/2023\/01\/WhatsApp-Image-2023-01-20-at-13.01.23-1.jpeg\" \/>\n\t<meta property=\"og:image:width\" content=\"1024\" \/>\n\t<meta property=\"og:image:height\" content=\"576\" \/>\n\t<meta property=\"og:image:type\" content=\"image\/jpeg\" \/>\n<meta name=\"author\" content=\"Alfmed\" \/>\n<meta name=\"twitter:card\" content=\"summary_large_image\" \/>\n<script type=\"application\/ld+json\" class=\"yoast-schema-graph\">{\"@context\":\"https:\\\/\\\/schema.org\",\"@graph\":[{\"@type\":\"Article\",\"@id\":\"https:\\\/\\\/perpignan.alfmed.com\\\/en\\\/actualites\\\/nouveau-semestre-de-francais\\\/#article\",\"isPartOf\":{\"@id\":\"https:\\\/\\\/perpignan.alfmed.com\\\/en\\\/actualites\\\/nouveau-semestre-de-francais\\\/\"},\"author\":{\"name\":\"Alfmed\",\"@id\":\"https:\\\/\\\/perpignan.alfmed.com\\\/en\\\/#\\\/schema\\\/person\\\/6718591f6785449d8fc528d9ad3cf52d\"},\"headline\":\"Nouveau semestre de Fran\u00e7ais\",\"datePublished\":\"2023-01-23T13:21:42+00:00\",\"dateModified\":\"2023-01-23T14:30:29+00:00\",\"mainEntityOfPage\":{\"@id\":\"https:\\\/\\\/perpignan.alfmed.com\\\/en\\\/actualites\\\/nouveau-semestre-de-francais\\\/\"},\"wordCount\":178,\"image\":{\"@id\":\"https:\\\/\\\/perpignan.alfmed.com\\\/en\\\/actualites\\\/nouveau-semestre-de-francais\\\/#primaryimage\"},\"thumbnailUrl\":\"https:\\\/\\\/perpignan.alfmed.com\\\/wp-content\\\/uploads\\\/2023\\\/01\\\/WhatsApp-Image-2023-01-20-at-13.01.23-1.jpeg\",\"articleSection\":[\"Actualit\u00e9s\",\"Fran\u00e7ais pour les \u00e9trangers\"],\"inLanguage\":\"en-US\"},{\"@type\":\"WebPage\",\"@id\":\"https:\\\/\\\/perpignan.alfmed.com\\\/en\\\/actualites\\\/nouveau-semestre-de-francais\\\/\",\"url\":\"https:\\\/\\\/perpignan.alfmed.com\\\/en\\\/actualites\\\/nouveau-semestre-de-francais\\\/\",\"name\":\"Semestre de fran\u00e7ais langue \u00e9trang\u00e8re \u00e0 ALFMED Peprignan\",\"isPartOf\":{\"@id\":\"https:\\\/\\\/perpignan.alfmed.com\\\/en\\\/#website\"},\"primaryImageOfPage\":{\"@id\":\"https:\\\/\\\/perpignan.alfmed.com\\\/en\\\/actualites\\\/nouveau-semestre-de-francais\\\/#primaryimage\"},\"image\":{\"@id\":\"https:\\\/\\\/perpignan.alfmed.com\\\/en\\\/actualites\\\/nouveau-semestre-de-francais\\\/#primaryimage\"},\"thumbnailUrl\":\"https:\\\/\\\/perpignan.alfmed.com\\\/wp-content\\\/uploads\\\/2023\\\/01\\\/WhatsApp-Image-2023-01-20-at-13.01.23-1.jpeg\",\"datePublished\":\"2023-01-23T13:21:42+00:00\",\"dateModified\":\"2023-01-23T14:30:29+00:00\",\"author\":{\"@id\":\"https:\\\/\\\/perpignan.alfmed.com\\\/en\\\/#\\\/schema\\\/person\\\/6718591f6785449d8fc528d9ad3cf52d\"},\"description\":\"Depuis le d\u00e9but du mois de janvier 2023, un nouveau semestre de Fran\u00e7ais Langue \u00c9trang\u00e8re a d\u00e9but\u00e9 avec des \u00e9l\u00e8ves du monde entier !\",\"breadcrumb\":{\"@id\":\"https:\\\/\\\/perpignan.alfmed.com\\\/en\\\/actualites\\\/nouveau-semestre-de-francais\\\/#breadcrumb\"},\"inLanguage\":\"en-US\",\"potentialAction\":[{\"@type\":\"ReadAction\",\"target\":[\"https:\\\/\\\/perpignan.alfmed.com\\\/en\\\/actualites\\\/nouveau-semestre-de-francais\\\/\"]}]},{\"@type\":\"ImageObject\",\"inLanguage\":\"en-US\",\"@id\":\"https:\\\/\\\/perpignan.alfmed.com\\\/en\\\/actualites\\\/nouveau-semestre-de-francais\\\/#primaryimage\",\"url\":\"https:\\\/\\\/perpignan.alfmed.com\\\/wp-content\\\/uploads\\\/2023\\\/01\\\/WhatsApp-Image-2023-01-20-at-13.01.23-1.jpeg\",\"contentUrl\":\"https:\\\/\\\/perpignan.alfmed.com\\\/wp-content\\\/uploads\\\/2023\\\/01\\\/WhatsApp-Image-2023-01-20-at-13.01.23-1.jpeg\",\"width\":1024,\"height\":576},{\"@type\":\"BreadcrumbList\",\"@id\":\"https:\\\/\\\/perpignan.alfmed.com\\\/en\\\/actualites\\\/nouveau-semestre-de-francais\\\/#breadcrumb\",\"itemListElement\":[{\"@type\":\"ListItem\",\"position\":1,\"name\":\"Home\",\"item\":\"https:\\\/\\\/perpignan.alfmed.com\\\/en\\\/\"},{\"@type\":\"ListItem\",\"position\":2,\"name\":\"Nouveau semestre de Fran\u00e7ais\"}]},{\"@type\":\"WebSite\",\"@id\":\"https:\\\/\\\/perpignan.alfmed.com\\\/en\\\/#website\",\"url\":\"https:\\\/\\\/perpignan.alfmed.com\\\/en\\\/\",\"name\":\"Alfmed\",\"description\":\"EXPERTS EN LANGUES &amp; PROJETS EUROP\u00c9ENS\",\"potentialAction\":[{\"@type\":\"SearchAction\",\"target\":{\"@type\":\"EntryPoint\",\"urlTemplate\":\"https:\\\/\\\/perpignan.alfmed.com\\\/en\\\/?s={search_term_string}\"},\"query-input\":{\"@type\":\"PropertyValueSpecification\",\"valueRequired\":true,\"valueName\":\"search_term_string\"}}],\"inLanguage\":\"en-US\"},{\"@type\":\"Person\",\"@id\":\"https:\\\/\\\/perpignan.alfmed.com\\\/en\\\/#\\\/schema\\\/person\\\/6718591f6785449d8fc528d9ad3cf52d\",\"name\":\"Alfmed\",\"url\":\"https:\\\/\\\/perpignan.alfmed.com\\\/en\\\/author\\\/admalfmed\\\/\"}]}<\/script>\n<!-- \/ Yoast SEO plugin. -->","yoast_head_json":{"title":"Semestre de fran\u00e7ais langue \u00e9trang\u00e8re \u00e0 ALFMED Peprignan","description":"Depuis le d\u00e9but du mois de janvier 2023, un nouveau semestre de Fran\u00e7ais Langue \u00c9trang\u00e8re a d\u00e9but\u00e9 avec des \u00e9l\u00e8ves du monde entier !","robots":{"index":"index","follow":"follow","max-snippet":"max-snippet:-1","max-image-preview":"max-image-preview:large","max-video-preview":"max-video-preview:-1"},"canonical":"https:\/\/perpignan.alfmed.com\/en\/actualites\/nouveau-semestre-de-francais\/","og_locale":"en_US","og_type":"article","og_title":"Semestre de fran\u00e7ais langue \u00e9trang\u00e8re \u00e0 ALFMED Peprignan","og_description":"Depuis le d\u00e9but du mois de janvier 2023, un nouveau semestre de Fran\u00e7ais Langue \u00c9trang\u00e8re a d\u00e9but\u00e9 avec des \u00e9l\u00e8ves du monde entier !","og_url":"https:\/\/perpignan.alfmed.com\/en\/actualites\/nouveau-semestre-de-francais\/","og_site_name":"Alfmed","article_published_time":"2023-01-23T13:21:42+00:00","article_modified_time":"2023-01-23T14:30:29+00:00","og_image":[{"width":1024,"height":576,"url":"https:\/\/perpignan.alfmed.com\/wp-content\/uploads\/2023\/01\/WhatsApp-Image-2023-01-20-at-13.01.23-1.jpeg","type":"image\/jpeg"}],"author":"Alfmed","twitter_card":"summary_large_image","schema":{"@context":"https:\/\/schema.org","@graph":[{"@type":"Article","@id":"https:\/\/perpignan.alfmed.com\/en\/actualites\/nouveau-semestre-de-francais\/#article","isPartOf":{"@id":"https:\/\/perpignan.alfmed.com\/en\/actualites\/nouveau-semestre-de-francais\/"},"author":{"name":"Alfmed","@id":"https:\/\/perpignan.alfmed.com\/en\/#\/schema\/person\/6718591f6785449d8fc528d9ad3cf52d"},"headline":"Nouveau semestre de Fran\u00e7ais","datePublished":"2023-01-23T13:21:42+00:00","dateModified":"2023-01-23T14:30:29+00:00","mainEntityOfPage":{"@id":"https:\/\/perpignan.alfmed.com\/en\/actualites\/nouveau-semestre-de-francais\/"},"wordCount":178,"image":{"@id":"https:\/\/perpignan.alfmed.com\/en\/actualites\/nouveau-semestre-de-francais\/#primaryimage"},"thumbnailUrl":"https:\/\/perpignan.alfmed.com\/wp-content\/uploads\/2023\/01\/WhatsApp-Image-2023-01-20-at-13.01.23-1.jpeg","articleSection":["Actualit\u00e9s","Fran\u00e7ais pour les \u00e9trangers"],"inLanguage":"en-US"},{"@type":"WebPage","@id":"https:\/\/perpignan.alfmed.com\/en\/actualites\/nouveau-semestre-de-francais\/","url":"https:\/\/perpignan.alfmed.com\/en\/actualites\/nouveau-semestre-de-francais\/","name":"Semestre de fran\u00e7ais langue \u00e9trang\u00e8re \u00e0 ALFMED Peprignan","isPartOf":{"@id":"https:\/\/perpignan.alfmed.com\/en\/#website"},"primaryImageOfPage":{"@id":"https:\/\/perpignan.alfmed.com\/en\/actualites\/nouveau-semestre-de-francais\/#primaryimage"},"image":{"@id":"https:\/\/perpignan.alfmed.com\/en\/actualites\/nouveau-semestre-de-francais\/#primaryimage"},"thumbnailUrl":"https:\/\/perpignan.alfmed.com\/wp-content\/uploads\/2023\/01\/WhatsApp-Image-2023-01-20-at-13.01.23-1.jpeg","datePublished":"2023-01-23T13:21:42+00:00","dateModified":"2023-01-23T14:30:29+00:00","author":{"@id":"https:\/\/perpignan.alfmed.com\/en\/#\/schema\/person\/6718591f6785449d8fc528d9ad3cf52d"},"description":"Depuis le d\u00e9but du mois de janvier 2023, un nouveau semestre de Fran\u00e7ais Langue \u00c9trang\u00e8re a d\u00e9but\u00e9 avec des \u00e9l\u00e8ves du monde entier !","breadcrumb":{"@id":"https:\/\/perpignan.alfmed.com\/en\/actualites\/nouveau-semestre-de-francais\/#breadcrumb"},"inLanguage":"en-US","potentialAction":[{"@type":"ReadAction","target":["https:\/\/perpignan.alfmed.com\/en\/actualites\/nouveau-semestre-de-francais\/"]}]},{"@type":"ImageObject","inLanguage":"en-US","@id":"https:\/\/perpignan.alfmed.com\/en\/actualites\/nouveau-semestre-de-francais\/#primaryimage","url":"https:\/\/perpignan.alfmed.com\/wp-content\/uploads\/2023\/01\/WhatsApp-Image-2023-01-20-at-13.01.23-1.jpeg","contentUrl":"https:\/\/perpignan.alfmed.com\/wp-content\/uploads\/2023\/01\/WhatsApp-Image-2023-01-20-at-13.01.23-1.jpeg","width":1024,"height":576},{"@type":"BreadcrumbList","@id":"https:\/\/perpignan.alfmed.com\/en\/actualites\/nouveau-semestre-de-francais\/#breadcrumb","itemListElement":[{"@type":"ListItem","position":1,"name":"Home","item":"https:\/\/perpignan.alfmed.com\/en\/"},{"@type":"ListItem","position":2,"name":"Nouveau semestre de Fran\u00e7ais"}]},{"@type":"WebSite","@id":"https:\/\/perpignan.alfmed.com\/en\/#website","url":"https:\/\/perpignan.alfmed.com\/en\/","name":"Alfmed","description":"EXPERTS EN LANGUES &amp; PROJETS EUROP\u00c9ENS","potentialAction":[{"@type":"SearchAction","target":{"@type":"EntryPoint","urlTemplate":"https:\/\/perpignan.alfmed.com\/en\/?s={search_term_string}"},"query-input":{"@type":"PropertyValueSpecification","valueRequired":true,"valueName":"search_term_string"}}],"inLanguage":"en-US"},{"@type":"Person","@id":"https:\/\/perpignan.alfmed.com\/en\/#\/schema\/person\/6718591f6785449d8fc528d9ad3cf52d","name":"Alfmed","url":"https:\/\/perpignan.alfmed.com\/en\/author\/admalfmed\/"}]}},"_links":{"self":[{"href":"https:\/\/perpignan.alfmed.com\/en\/wp-json\/wp\/v2\/posts\/11361","targetHints":{"allow":["GET"]}}],"collection":[{"href":"https:\/\/perpignan.alfmed.com\/en\/wp-json\/wp\/v2\/posts"}],"about":[{"href":"https:\/\/perpignan.alfmed.com\/en\/wp-json\/wp\/v2\/types\/post"}],"author":[{"embeddable":true,"href":"https:\/\/perpignan.alfmed.com\/en\/wp-json\/wp\/v2\/users\/3"}],"replies":[{"embeddable":true,"href":"https:\/\/perpignan.alfmed.com\/en\/wp-json\/wp\/v2\/comments?post=11361"}],"version-history":[{"count":3,"href":"https:\/\/perpignan.alfmed.com\/en\/wp-json\/wp\/v2\/posts\/11361\/revisions"}],"predecessor-version":[{"id":11368,"href":"https:\/\/perpignan.alfmed.com\/en\/wp-json\/wp\/v2\/posts\/11361\/revisions\/11368"}],"wp:featuredmedia":[{"embeddable":true,"href":"https:\/\/perpignan.alfmed.com\/en\/wp-json\/wp\/v2\/media\/11362"}],"wp:attachment":[{"href":"https:\/\/perpignan.alfmed.com\/en\/wp-json\/wp\/v2\/media?parent=11361"}],"wp:term":[{"taxonomy":"category","embeddable":true,"href":"https:\/\/perpignan.alfmed.com\/en\/wp-json\/wp\/v2\/categories?post=11361"},{"taxonomy":"post_tag","embeddable":true,"href":"https:\/\/perpignan.alfmed.com\/en\/wp-json\/wp\/v2\/tags?post=11361"}],"curies":[{"name":"wp","href":"https:\/\/api.w.org\/{rel}","templated":true}]}}